{"id":7759,"date":"2018-07-24T10:36:20","date_gmt":"2018-07-24T13:36:20","guid":{"rendered":"http:\/\/www.mundoagropecuario.cl\/new\/?p=7759"},"modified":"2018-07-24T11:10:45","modified_gmt":"2018-07-24T14:10:45","slug":"potencian-trabajo-conjunto-con-investigadores-de-usa-en-plagas-primarias-de-frutales","status":"publish","type":"post","link":"https:\/\/www.mundoagropecuario.cl\/new\/potencian-trabajo-conjunto-con-investigadores-de-usa-en-plagas-primarias-de-frutales\/","title":{"rendered":"Potencian trabajo conjunto con investigadores de USA en plagas primarias de frutales"},"content":{"rendered":"<p style=\"padding-left: 30px;\"><em>Con el prop\u00f3sito de profundizar aspectos del monitoreo y control de Tortricidos en huertos frutales, plagas primarias de diversos frutales que causan da\u00f1os a nivel mundial, el Dr. Esteban Basoalto, acad\u00e9mico de la Universidad Austral de Chile viaj\u00f3 a Estados Unidos. (UACh).<\/em><\/p>\n<p>El Prof. Basoalto, docente del Instituto de Producci\u00f3n y Sanidad Vegetal, explic\u00f3 que el objetivo de su estad\u00eda fue efectuar trabajo conjunto, sobre el tema mencionado, con el United States Department of Agriculture (USDA) y la Universidad de Oregon (OSU) en Wapato, Wenatchee, Kennewick, en el Estado de Washington, as\u00ed como tambi\u00e9n en Ashland y Medford, en el Estado de Oreg\u00f3n. Sus actividades tambi\u00e9n incluyeron visitas a huertos de ese pa\u00eds.<\/p>\n<p>El docente de la UACh se reuni\u00f3 con el Dr. Alan Knight (USDA) y Richard Hilton (OSU), con quienes ejecut\u00f3 evaluaciones y visitas de campo a los proyectos que actualmente est\u00e1n realizando. Del mismo modo, programaron los posibles trabajos para las pr\u00f3ximas temporadas.<\/p>\n<p>\u201cMe parece que esta relaci\u00f3n cient\u00edfica es muy valiosa y se ha consolidado, permitiendo efectuar estudios colaborativos, entre nuestra universidad con el USDA con la OSU, por varios a\u00f1os. Estas instituciones son l\u00edderes mundiales en investigaci\u00f3n agr\u00edcola y la zona visitada es una de las m\u00e1s importantes en producci\u00f3n frut\u00edcola en USA, por lo que estas instancias son a\u00fan m\u00e1s valorables\u201d, recalc\u00f3 el Dr. Basoalto.<\/p>\n<p>Esta pasant\u00eda se desarroll\u00f3 durante la primera quincena de junio y cont\u00f3 con los financiamientos de Washington Tree Fruit Research Commission y USDA-YARL, Wapato, Washington.<\/p>\n","protected":false},"excerpt":{"rendered":"<p>Con el prop\u00f3sito de profundizar aspectos del monitoreo y control de Tortricidos en huertos frutales, plagas primarias de diversos frutales que causan da\u00f1os a nivel mundial, el Dr. Esteban Basoalto,&#8230;<\/p>\n","protected":false},"author":3,"featured_media":7760,"comment_status":"closed","ping_status":"closed","sticky":false,"template":"","format":"standard","meta":{"footnotes":""},"categories":[126],"tags":[516,578],"class_list":["post-7759","post","type-post","status-publish","format-standard","has-post-thumbnail","hentry","category-noticias","tag-estados-unidos","tag-uach"],"yoast_head":"<!-- This site is optimized with the Yoast SEO plugin v26.6 - https:\/\/yoast.com\/wordpress\/plugins\/seo\/ -->\n<title>Potencian trabajo conjunto con investigadores de USA en plagas primarias de frutales - Mundoagropecuario<\/title>\n<meta name=\"robots\" content=\"index, follow, max-snippet:-1, max-image-preview:large, max-video-preview:-1\" \/>\n<link rel=\"canonical\" href=\"https:\/\/www.mundoagropecuario.cl\/new\/potencian-trabajo-conjunto-con-investigadores-de-usa-en-plagas-primarias-de-frutales\/\" \/>\n<meta property=\"og:locale\" content=\"es_ES\" \/>\n<meta property=\"og:type\" content=\"article\" \/>\n<meta property=\"og:title\" content=\"Potencian trabajo conjunto con investigadores de USA en plagas primarias de frutales - Mundoagropecuario\" \/>\n<meta property=\"og:description\" content=\"Con el prop\u00f3sito de profundizar aspectos del monitoreo y control de Tortricidos en huertos frutales, plagas primarias de diversos frutales que causan da\u00f1os a nivel mundial, el Dr. Esteban Basoalto,...\" \/>\n<meta property=\"og:url\" content=\"https:\/\/www.mundoagropecuario.cl\/new\/potencian-trabajo-conjunto-con-investigadores-de-usa-en-plagas-primarias-de-frutales\/\" \/>\n<meta property=\"og:site_name\" content=\"Mundoagropecuario\" \/>\n<meta property=\"article:publisher\" content=\"https:\/\/www.facebook.com\/mundo.agropecuario.3\" \/>\n<meta property=\"article:published_time\" content=\"2018-07-24T13:36:20+00:00\" \/>\n<meta property=\"article:modified_time\" content=\"2018-07-24T14:10:45+00:00\" \/>\n<meta property=\"og:image\" content=\"https:\/\/www.mundoagropecuario.cl\/new\/wp-content\/uploads\/2018\/07\/uacheeu.jpg\" \/>\n\t<meta property=\"og:image:width\" content=\"900\" \/>\n\t<meta property=\"og:image:height\" content=\"830\" \/>\n\t<meta property=\"og:image:type\" content=\"image\/jpeg\" \/>\n<meta name=\"author\" content=\"periodista\" \/>\n<meta name=\"twitter:card\" content=\"summary_large_image\" \/>\n<meta name=\"twitter:creator\" content=\"@MundoAgropecuar\" \/>\n<meta name=\"twitter:site\" content=\"@MundoAgropecuar\" \/>\n<meta name=\"twitter:label1\" content=\"Escrito por\" \/>\n\t<meta name=\"twitter:data1\" content=\"periodista\" \/>\n\t<meta name=\"twitter:label2\" content=\"Tiempo de lectura\" \/>\n\t<meta name=\"twitter:data2\" content=\"1 minuto\" \/>\n<script type=\"application\/ld+json\" class=\"yoast-schema-graph\">{\"@context\":\"https:\/\/schema.org\",\"@graph\":[{\"@type\":\"Article\",\"@id\":\"https:\/\/www.mundoagropecuario.cl\/new\/potencian-trabajo-conjunto-con-investigadores-de-usa-en-plagas-primarias-de-frutales\/#article\",\"isPartOf\":{\"@id\":\"https:\/\/www.mundoagropecuario.cl\/new\/potencian-trabajo-conjunto-con-investigadores-de-usa-en-plagas-primarias-de-frutales\/\"},\"author\":{\"name\":\"periodista\",\"@id\":\"https:\/\/www.mundoagropecuario.cl\/new\/#\/schema\/person\/0c221050801c74e45256a7a9a1ff0803\"},\"headline\":\"Potencian trabajo conjunto con investigadores de USA en plagas primarias de frutales\",\"datePublished\":\"2018-07-24T13:36:20+00:00\",\"dateModified\":\"2018-07-24T14:10:45+00:00\",\"mainEntityOfPage\":{\"@id\":\"https:\/\/www.mundoagropecuario.cl\/new\/potencian-trabajo-conjunto-con-investigadores-de-usa-en-plagas-primarias-de-frutales\/\"},\"wordCount\":281,\"publisher\":{\"@id\":\"https:\/\/www.mundoagropecuario.cl\/new\/#organization\"},\"image\":{\"@id\":\"https:\/\/www.mundoagropecuario.cl\/new\/potencian-trabajo-conjunto-con-investigadores-de-usa-en-plagas-primarias-de-frutales\/#primaryimage\"},\"thumbnailUrl\":\"https:\/\/www.mundoagropecuario.cl\/new\/wp-content\/uploads\/2018\/07\/uacheeu.jpg\",\"keywords\":[\"Estados Unidos\",\"UACh\"],\"articleSection\":[\"Noticias\"],\"inLanguage\":\"es\"},{\"@type\":\"WebPage\",\"@id\":\"https:\/\/www.mundoagropecuario.cl\/new\/potencian-trabajo-conjunto-con-investigadores-de-usa-en-plagas-primarias-de-frutales\/\",\"url\":\"https:\/\/www.mundoagropecuario.cl\/new\/potencian-trabajo-conjunto-con-investigadores-de-usa-en-plagas-primarias-de-frutales\/\",\"name\":\"Potencian trabajo conjunto con investigadores de USA en plagas primarias de frutales - Mundoagropecuario\",\"isPartOf\":{\"@id\":\"https:\/\/www.mundoagropecuario.cl\/new\/#website\"},\"primaryImageOfPage\":{\"@id\":\"https:\/\/www.mundoagropecuario.cl\/new\/potencian-trabajo-conjunto-con-investigadores-de-usa-en-plagas-primarias-de-frutales\/#primaryimage\"},\"image\":{\"@id\":\"https:\/\/www.mundoagropecuario.cl\/new\/potencian-trabajo-conjunto-con-investigadores-de-usa-en-plagas-primarias-de-frutales\/#primaryimage\"},\"thumbnailUrl\":\"https:\/\/www.mundoagropecuario.cl\/new\/wp-content\/uploads\/2018\/07\/uacheeu.jpg\",\"datePublished\":\"2018-07-24T13:36:20+00:00\",\"dateModified\":\"2018-07-24T14:10:45+00:00\",\"breadcrumb\":{\"@id\":\"https:\/\/www.mundoagropecuario.cl\/new\/potencian-trabajo-conjunto-con-investigadores-de-usa-en-plagas-primarias-de-frutales\/#breadcrumb\"},\"inLanguage\":\"es\",\"potentialAction\":[{\"@type\":\"ReadAction\",\"target\":[\"https:\/\/www.mundoagropecuario.cl\/new\/potencian-trabajo-conjunto-con-investigadores-de-usa-en-plagas-primarias-de-frutales\/\"]}]},{\"@type\":\"ImageObject\",\"inLanguage\":\"es\",\"@id\":\"https:\/\/www.mundoagropecuario.cl\/new\/potencian-trabajo-conjunto-con-investigadores-de-usa-en-plagas-primarias-de-frutales\/#primaryimage\",\"url\":\"https:\/\/www.mundoagropecuario.cl\/new\/wp-content\/uploads\/2018\/07\/uacheeu.jpg\",\"contentUrl\":\"https:\/\/www.mundoagropecuario.cl\/new\/wp-content\/uploads\/2018\/07\/uacheeu.jpg\",\"width\":434,\"height\":400},{\"@type\":\"BreadcrumbList\",\"@id\":\"https:\/\/www.mundoagropecuario.cl\/new\/potencian-trabajo-conjunto-con-investigadores-de-usa-en-plagas-primarias-de-frutales\/#breadcrumb\",\"itemListElement\":[{\"@type\":\"ListItem\",\"position\":1,\"name\":\"Portada\",\"item\":\"https:\/\/www.mundoagropecuario.cl\/new\/\"},{\"@type\":\"ListItem\",\"position\":2,\"name\":\"Potencian trabajo conjunto con investigadores de USA en plagas primarias de frutales\"}]},{\"@type\":\"WebSite\",\"@id\":\"https:\/\/www.mundoagropecuario.cl\/new\/#website\",\"url\":\"https:\/\/www.mundoagropecuario.cl\/new\/\",\"name\":\"Mundoagropecuario\",\"description\":\"Mundo Agropecuario\",\"publisher\":{\"@id\":\"https:\/\/www.mundoagropecuario.cl\/new\/#organization\"},\"potentialAction\":[{\"@type\":\"SearchAction\",\"target\":{\"@type\":\"EntryPoint\",\"urlTemplate\":\"https:\/\/www.mundoagropecuario.cl\/new\/?s={search_term_string}\"},\"query-input\":{\"@type\":\"PropertyValueSpecification\",\"valueRequired\":true,\"valueName\":\"search_term_string\"}}],\"inLanguage\":\"es\"},{\"@type\":\"Organization\",\"@id\":\"https:\/\/www.mundoagropecuario.cl\/new\/#organization\",\"name\":\"Revista de Agricultura\",\"url\":\"https:\/\/www.mundoagropecuario.cl\/new\/\",\"logo\":{\"@type\":\"ImageObject\",\"inLanguage\":\"es\",\"@id\":\"https:\/\/www.mundoagropecuario.cl\/new\/#\/schema\/logo\/image\/\",\"url\":\"https:\/\/www.mundoagropecuario.cl\/new\/wp-content\/uploads\/2020\/11\/PORTAL-1-1.png\",\"contentUrl\":\"https:\/\/www.mundoagropecuario.cl\/new\/wp-content\/uploads\/2020\/11\/PORTAL-1-1.png\",\"width\":1026,\"height\":100,\"caption\":\"Revista de Agricultura\"},\"image\":{\"@id\":\"https:\/\/www.mundoagropecuario.cl\/new\/#\/schema\/logo\/image\/\"},\"sameAs\":[\"https:\/\/www.facebook.com\/mundo.agropecuario.3\",\"https:\/\/x.com\/MundoAgropecuar\",\"https:\/\/www.linkedin.com\/in\/mundo-agropecuario-934009201\/\"]},{\"@type\":\"Person\",\"@id\":\"https:\/\/www.mundoagropecuario.cl\/new\/#\/schema\/person\/0c221050801c74e45256a7a9a1ff0803\",\"name\":\"periodista\",\"url\":\"https:\/\/www.mundoagropecuario.cl\/new\/author\/periodista\/\"}]}<\/script>\n<!-- \/ Yoast SEO plugin. -->","yoast_head_json":{"title":"Potencian trabajo conjunto con investigadores de USA en plagas primarias de frutales - Mundoagropecuario","robots":{"index":"index","follow":"follow","max-snippet":"max-snippet:-1","max-image-preview":"max-image-preview:large","max-video-preview":"max-video-preview:-1"},"canonical":"https:\/\/www.mundoagropecuario.cl\/new\/potencian-trabajo-conjunto-con-investigadores-de-usa-en-plagas-primarias-de-frutales\/","og_locale":"es_ES","og_type":"article","og_title":"Potencian trabajo conjunto con investigadores de USA en plagas primarias de frutales - Mundoagropecuario","og_description":"Con el prop\u00f3sito de profundizar aspectos del monitoreo y control de Tortricidos en huertos frutales, plagas primarias de diversos frutales que causan da\u00f1os a nivel mundial, el Dr. Esteban Basoalto,...","og_url":"https:\/\/www.mundoagropecuario.cl\/new\/potencian-trabajo-conjunto-con-investigadores-de-usa-en-plagas-primarias-de-frutales\/","og_site_name":"Mundoagropecuario","article_publisher":"https:\/\/www.facebook.com\/mundo.agropecuario.3","article_published_time":"2018-07-24T13:36:20+00:00","article_modified_time":"2018-07-24T14:10:45+00:00","og_image":[{"width":900,"height":830,"url":"https:\/\/www.mundoagropecuario.cl\/new\/wp-content\/uploads\/2018\/07\/uacheeu.jpg","type":"image\/jpeg"}],"author":"periodista","twitter_card":"summary_large_image","twitter_creator":"@MundoAgropecuar","twitter_site":"@MundoAgropecuar","twitter_misc":{"Escrito por":"periodista","Tiempo de lectura":"1 minuto"},"schema":{"@context":"https:\/\/schema.org","@graph":[{"@type":"Article","@id":"https:\/\/www.mundoagropecuario.cl\/new\/potencian-trabajo-conjunto-con-investigadores-de-usa-en-plagas-primarias-de-frutales\/#article","isPartOf":{"@id":"https:\/\/www.mundoagropecuario.cl\/new\/potencian-trabajo-conjunto-con-investigadores-de-usa-en-plagas-primarias-de-frutales\/"},"author":{"name":"periodista","@id":"https:\/\/www.mundoagropecuario.cl\/new\/#\/schema\/person\/0c221050801c74e45256a7a9a1ff0803"},"headline":"Potencian trabajo conjunto con investigadores de USA en plagas primarias de frutales","datePublished":"2018-07-24T13:36:20+00:00","dateModified":"2018-07-24T14:10:45+00:00","mainEntityOfPage":{"@id":"https:\/\/www.mundoagropecuario.cl\/new\/potencian-trabajo-conjunto-con-investigadores-de-usa-en-plagas-primarias-de-frutales\/"},"wordCount":281,"publisher":{"@id":"https:\/\/www.mundoagropecuario.cl\/new\/#organization"},"image":{"@id":"https:\/\/www.mundoagropecuario.cl\/new\/potencian-trabajo-conjunto-con-investigadores-de-usa-en-plagas-primarias-de-frutales\/#primaryimage"},"thumbnailUrl":"https:\/\/www.mundoagropecuario.cl\/new\/wp-content\/uploads\/2018\/07\/uacheeu.jpg","keywords":["Estados Unidos","UACh"],"articleSection":["Noticias"],"inLanguage":"es"},{"@type":"WebPage","@id":"https:\/\/www.mundoagropecuario.cl\/new\/potencian-trabajo-conjunto-con-investigadores-de-usa-en-plagas-primarias-de-frutales\/","url":"https:\/\/www.mundoagropecuario.cl\/new\/potencian-trabajo-conjunto-con-investigadores-de-usa-en-plagas-primarias-de-frutales\/","name":"Potencian trabajo conjunto con investigadores de USA en plagas primarias de frutales - Mundoagropecuario","isPartOf":{"@id":"https:\/\/www.mundoagropecuario.cl\/new\/#website"},"primaryImageOfPage":{"@id":"https:\/\/www.mundoagropecuario.cl\/new\/potencian-trabajo-conjunto-con-investigadores-de-usa-en-plagas-primarias-de-frutales\/#primaryimage"},"image":{"@id":"https:\/\/www.mundoagropecuario.cl\/new\/potencian-trabajo-conjunto-con-investigadores-de-usa-en-plagas-primarias-de-frutales\/#primaryimage"},"thumbnailUrl":"https:\/\/www.mundoagropecuario.cl\/new\/wp-content\/uploads\/2018\/07\/uacheeu.jpg","datePublished":"2018-07-24T13:36:20+00:00","dateModified":"2018-07-24T14:10:45+00:00","breadcrumb":{"@id":"https:\/\/www.mundoagropecuario.cl\/new\/potencian-trabajo-conjunto-con-investigadores-de-usa-en-plagas-primarias-de-frutales\/#breadcrumb"},"inLanguage":"es","potentialAction":[{"@type":"ReadAction","target":["https:\/\/www.mundoagropecuario.cl\/new\/potencian-trabajo-conjunto-con-investigadores-de-usa-en-plagas-primarias-de-frutales\/"]}]},{"@type":"ImageObject","inLanguage":"es","@id":"https:\/\/www.mundoagropecuario.cl\/new\/potencian-trabajo-conjunto-con-investigadores-de-usa-en-plagas-primarias-de-frutales\/#primaryimage","url":"https:\/\/www.mundoagropecuario.cl\/new\/wp-content\/uploads\/2018\/07\/uacheeu.jpg","contentUrl":"https:\/\/www.mundoagropecuario.cl\/new\/wp-content\/uploads\/2018\/07\/uacheeu.jpg","width":434,"height":400},{"@type":"BreadcrumbList","@id":"https:\/\/www.mundoagropecuario.cl\/new\/potencian-trabajo-conjunto-con-investigadores-de-usa-en-plagas-primarias-de-frutales\/#breadcrumb","itemListElement":[{"@type":"ListItem","position":1,"name":"Portada","item":"https:\/\/www.mundoagropecuario.cl\/new\/"},{"@type":"ListItem","position":2,"name":"Potencian trabajo conjunto con investigadores de USA en plagas primarias de frutales"}]},{"@type":"WebSite","@id":"https:\/\/www.mundoagropecuario.cl\/new\/#website","url":"https:\/\/www.mundoagropecuario.cl\/new\/","name":"Mundoagropecuario","description":"Mundo Agropecuario","publisher":{"@id":"https:\/\/www.mundoagropecuario.cl\/new\/#organization"},"potentialAction":[{"@type":"SearchAction","target":{"@type":"EntryPoint","urlTemplate":"https:\/\/www.mundoagropecuario.cl\/new\/?s={search_term_string}"},"query-input":{"@type":"PropertyValueSpecification","valueRequired":true,"valueName":"search_term_string"}}],"inLanguage":"es"},{"@type":"Organization","@id":"https:\/\/www.mundoagropecuario.cl\/new\/#organization","name":"Revista de Agricultura","url":"https:\/\/www.mundoagropecuario.cl\/new\/","logo":{"@type":"ImageObject","inLanguage":"es","@id":"https:\/\/www.mundoagropecuario.cl\/new\/#\/schema\/logo\/image\/","url":"https:\/\/www.mundoagropecuario.cl\/new\/wp-content\/uploads\/2020\/11\/PORTAL-1-1.png","contentUrl":"https:\/\/www.mundoagropecuario.cl\/new\/wp-content\/uploads\/2020\/11\/PORTAL-1-1.png","width":1026,"height":100,"caption":"Revista de Agricultura"},"image":{"@id":"https:\/\/www.mundoagropecuario.cl\/new\/#\/schema\/logo\/image\/"},"sameAs":["https:\/\/www.facebook.com\/mundo.agropecuario.3","https:\/\/x.com\/MundoAgropecuar","https:\/\/www.linkedin.com\/in\/mundo-agropecuario-934009201\/"]},{"@type":"Person","@id":"https:\/\/www.mundoagropecuario.cl\/new\/#\/schema\/person\/0c221050801c74e45256a7a9a1ff0803","name":"periodista","url":"https:\/\/www.mundoagropecuario.cl\/new\/author\/periodista\/"}]}},"_links":{"self":[{"href":"https:\/\/www.mundoagropecuario.cl\/new\/wp-json\/wp\/v2\/posts\/7759","targetHints":{"allow":["GET"]}}],"collection":[{"href":"https:\/\/www.mundoagropecuario.cl\/new\/wp-json\/wp\/v2\/posts"}],"about":[{"href":"https:\/\/www.mundoagropecuario.cl\/new\/wp-json\/wp\/v2\/types\/post"}],"author":[{"embeddable":true,"href":"https:\/\/www.mundoagropecuario.cl\/new\/wp-json\/wp\/v2\/users\/3"}],"replies":[{"embeddable":true,"href":"https:\/\/www.mundoagropecuario.cl\/new\/wp-json\/wp\/v2\/comments?post=7759"}],"version-history":[{"count":1,"href":"https:\/\/www.mundoagropecuario.cl\/new\/wp-json\/wp\/v2\/posts\/7759\/revisions"}],"predecessor-version":[{"id":7761,"href":"https:\/\/www.mundoagropecuario.cl\/new\/wp-json\/wp\/v2\/posts\/7759\/revisions\/7761"}],"wp:featuredmedia":[{"embeddable":true,"href":"https:\/\/www.mundoagropecuario.cl\/new\/wp-json\/wp\/v2\/media\/7760"}],"wp:attachment":[{"href":"https:\/\/www.mundoagropecuario.cl\/new\/wp-json\/wp\/v2\/media?parent=7759"}],"wp:term":[{"taxonomy":"category","embeddable":true,"href":"https:\/\/www.mundoagropecuario.cl\/new\/wp-json\/wp\/v2\/categories?post=7759"},{"taxonomy":"post_tag","embeddable":true,"href":"https:\/\/www.mundoagropecuario.cl\/new\/wp-json\/wp\/v2\/tags?post=7759"}],"curies":[{"name":"wp","href":"https:\/\/api.w.org\/{rel}","templated":true}]}}