{"id":7751,"date":"2018-07-24T10:04:38","date_gmt":"2018-07-24T13:04:38","guid":{"rendered":"http:\/\/www.mundoagropecuario.cl\/new\/?p=7751"},"modified":"2018-07-24T10:04:38","modified_gmt":"2018-07-24T13:04:38","slug":"ministro-walker-acuso-una-mala-administracion-y-desprolijidad-del-gobierno-anterior-por-situacion-de-conaf","status":"publish","type":"post","link":"https:\/\/www.mundoagropecuario.cl\/new\/ministro-walker-acuso-una-mala-administracion-y-desprolijidad-del-gobierno-anterior-por-situacion-de-conaf\/","title":{"rendered":"Ministro Walker acus\u00f3 una mala administraci\u00f3n y desprolijidad del gobierno anterior por situaci\u00f3n de Conaf"},"content":{"rendered":"<blockquote><p><em>El secretario de Estado destac\u00f3 que el ministerio est\u00e1 preocupado porque estamos en un a\u00f1o con altos pron\u00f3sticos de incendios. (Mundo Agropecuario).<\/em><\/p><\/blockquote>\n<p>El ministro de Agricultura, Antonio Walker, enfatiz\u00f3 hoy que, a pesar de las irregularidades y gastos sin financiamiento descubiertos tras una auditoria interna en la Conaf, la instituci\u00f3n va a estar preparada para combatir los incendios forestales.<\/p>\n<p>\u201cNos hemos encontrado con una muy mala administraci\u00f3n y desprolijidad del gobierno anterior, pero Conaf debe estar preparado para combatir los incendios (\u2026) nos hemos encontrado con que ten\u00edamos un presupuesto de $90.000 millones y hemos detectado que tenemos $26.500 millones que est\u00e1n fuera de ese presupuesto. Estamos preocupados porque tenemos un a\u00f1o donde hay un alto pron\u00f3stico de incendios y necesitamos una Conaf 2.0 muy preparada para combatirlos\u201d.<\/p>\n<p>La autoridad detall\u00f3 que \u201chemos visto una muy mala administraci\u00f3n y desprolijidad en la mano del gobierno anterior, eso nosotros lo tenemos que denunciar, no lo vamos a aceptar, vamos a llegar hasta las \u00faltimas consecuencias para aclarar absolutamente todo respecto de la mala administraci\u00f3n\u201d,<\/p>\n<p>El secretario de Estado tambi\u00e9n explic\u00f3 que la auditor\u00eda internar tambi\u00e9n detect\u00f3 que hasta el 10 de marzo se hicieron vinculaciones de personas, se desvincularon otros funcionarios, se indemniz\u00f3 gente, gastos que no estaban dentro del presupuesto marco para el a\u00f1o 2018 y \u201ceso es lo que nos preocupa\u201d. La autoridad adem\u00e1s confirm\u00f3 que se realizar\u00e1 una investigaci\u00f3n seria, \u201cse realiz\u00f3 una indagaci\u00f3n interna y lo que necesitamos es una auditoria externa de un organismo que venga de afuera, que sea objetivo\u201d, se\u00f1al\u00f3.<\/p>\n<p>Respecto de los gastos objetados por el Ministerio del Interior, el ministro Walker explic\u00f3 que son $2.800 millones que no est\u00e1n debidamente identificados ni justificados. \u201cHay que comprobar que el gasto fue en emergencia y cuando hay una boleta por publicidad o cuando no hay una boleta o el giro de ese gasto es otro y no emergencia, Interior le dice que no se puede devolver ese dinero\u201d.<\/p>\n<p>Finalmente, el ministro Walker anunci\u00f3 que se tomar\u00e1n todas las acciones legales que correspondan para aclarar esta situaci\u00f3n. \u201cTenemos la obligaci\u00f3n de dar cuenta de lo que est\u00e1 ocurriendo\u201d, puntualiz\u00f3.<\/p>\n","protected":false},"excerpt":{"rendered":"<p>El secretario de Estado destac\u00f3 que el ministerio est\u00e1 preocupado porque estamos en un a\u00f1o con altos pron\u00f3sticos de incendios. (Mundo Agropecuario). El ministro de Agricultura, Antonio Walker, enfatiz\u00f3 hoy&#8230;<\/p>\n","protected":false},"author":3,"featured_media":7752,"comment_status":"closed","ping_status":"closed","sticky":false,"template":"","format":"standard","meta":{"footnotes":""},"categories":[1987],"tags":[2035],"class_list":["post-7751","post","type-post","status-publish","format-standard","has-post-thumbnail","hentry","category-instituciones","tag-minagri"],"yoast_head":"<!-- This site is optimized with the Yoast SEO plugin v26.6 - https:\/\/yoast.com\/wordpress\/plugins\/seo\/ -->\n<title>Ministro Walker acus\u00f3 una mala administraci\u00f3n y desprolijidad del gobierno anterior por situaci\u00f3n de Conaf - Mundoagropecuario<\/title>\n<meta name=\"robots\" content=\"index, follow, max-snippet:-1, max-image-preview:large, max-video-preview:-1\" \/>\n<link rel=\"canonical\" href=\"https:\/\/www.mundoagropecuario.cl\/new\/ministro-walker-acuso-una-mala-administracion-y-desprolijidad-del-gobierno-anterior-por-situacion-de-conaf\/\" \/>\n<meta property=\"og:locale\" content=\"es_ES\" \/>\n<meta property=\"og:type\" content=\"article\" \/>\n<meta property=\"og:title\" content=\"Ministro Walker acus\u00f3 una mala administraci\u00f3n y desprolijidad del gobierno anterior por situaci\u00f3n de Conaf - Mundoagropecuario\" \/>\n<meta property=\"og:description\" content=\"El secretario de Estado destac\u00f3 que el ministerio est\u00e1 preocupado porque estamos en un a\u00f1o con altos pron\u00f3sticos de incendios. (Mundo Agropecuario). El ministro de Agricultura, Antonio Walker, enfatiz\u00f3 hoy...\" \/>\n<meta property=\"og:url\" content=\"https:\/\/www.mundoagropecuario.cl\/new\/ministro-walker-acuso-una-mala-administracion-y-desprolijidad-del-gobierno-anterior-por-situacion-de-conaf\/\" \/>\n<meta property=\"og:site_name\" content=\"Mundoagropecuario\" \/>\n<meta property=\"article:publisher\" content=\"https:\/\/www.facebook.com\/mundo.agropecuario.3\" \/>\n<meta property=\"article:published_time\" content=\"2018-07-24T13:04:38+00:00\" \/>\n<meta property=\"og:image\" content=\"https:\/\/www.mundoagropecuario.cl\/new\/wp-content\/uploads\/2018\/07\/Ministro-Walker-1.jpg\" \/>\n\t<meta property=\"og:image:width\" content=\"1000\" \/>\n\t<meta property=\"og:image:height\" content=\"666\" \/>\n\t<meta property=\"og:image:type\" content=\"image\/jpeg\" \/>\n<meta name=\"author\" content=\"periodista\" \/>\n<meta name=\"twitter:card\" content=\"summary_large_image\" \/>\n<meta name=\"twitter:creator\" content=\"@MundoAgropecuar\" \/>\n<meta name=\"twitter:site\" content=\"@MundoAgropecuar\" \/>\n<meta name=\"twitter:label1\" content=\"Escrito por\" \/>\n\t<meta name=\"twitter:data1\" content=\"periodista\" \/>\n\t<meta name=\"twitter:label2\" content=\"Tiempo de lectura\" \/>\n\t<meta name=\"twitter:data2\" content=\"2 minutos\" \/>\n<script type=\"application\/ld+json\" class=\"yoast-schema-graph\">{\"@context\":\"https:\/\/schema.org\",\"@graph\":[{\"@type\":\"Article\",\"@id\":\"https:\/\/www.mundoagropecuario.cl\/new\/ministro-walker-acuso-una-mala-administracion-y-desprolijidad-del-gobierno-anterior-por-situacion-de-conaf\/#article\",\"isPartOf\":{\"@id\":\"https:\/\/www.mundoagropecuario.cl\/new\/ministro-walker-acuso-una-mala-administracion-y-desprolijidad-del-gobierno-anterior-por-situacion-de-conaf\/\"},\"author\":{\"name\":\"periodista\",\"@id\":\"https:\/\/www.mundoagropecuario.cl\/new\/#\/schema\/person\/0c221050801c74e45256a7a9a1ff0803\"},\"headline\":\"Ministro Walker acus\u00f3 una mala administraci\u00f3n y desprolijidad del gobierno anterior por situaci\u00f3n de Conaf\",\"datePublished\":\"2018-07-24T13:04:38+00:00\",\"mainEntityOfPage\":{\"@id\":\"https:\/\/www.mundoagropecuario.cl\/new\/ministro-walker-acuso-una-mala-administracion-y-desprolijidad-del-gobierno-anterior-por-situacion-de-conaf\/\"},\"wordCount\":386,\"publisher\":{\"@id\":\"https:\/\/www.mundoagropecuario.cl\/new\/#organization\"},\"image\":{\"@id\":\"https:\/\/www.mundoagropecuario.cl\/new\/ministro-walker-acuso-una-mala-administracion-y-desprolijidad-del-gobierno-anterior-por-situacion-de-conaf\/#primaryimage\"},\"thumbnailUrl\":\"https:\/\/www.mundoagropecuario.cl\/new\/wp-content\/uploads\/2018\/07\/Ministro-Walker-1.jpg\",\"keywords\":[\"Minagri\"],\"articleSection\":[\"Instituciones\"],\"inLanguage\":\"es\"},{\"@type\":\"WebPage\",\"@id\":\"https:\/\/www.mundoagropecuario.cl\/new\/ministro-walker-acuso-una-mala-administracion-y-desprolijidad-del-gobierno-anterior-por-situacion-de-conaf\/\",\"url\":\"https:\/\/www.mundoagropecuario.cl\/new\/ministro-walker-acuso-una-mala-administracion-y-desprolijidad-del-gobierno-anterior-por-situacion-de-conaf\/\",\"name\":\"Ministro Walker acus\u00f3 una mala administraci\u00f3n y desprolijidad del gobierno anterior por situaci\u00f3n de Conaf - Mundoagropecuario\",\"isPartOf\":{\"@id\":\"https:\/\/www.mundoagropecuario.cl\/new\/#website\"},\"primaryImageOfPage\":{\"@id\":\"https:\/\/www.mundoagropecuario.cl\/new\/ministro-walker-acuso-una-mala-administracion-y-desprolijidad-del-gobierno-anterior-por-situacion-de-conaf\/#primaryimage\"},\"image\":{\"@id\":\"https:\/\/www.mundoagropecuario.cl\/new\/ministro-walker-acuso-una-mala-administracion-y-desprolijidad-del-gobierno-anterior-por-situacion-de-conaf\/#primaryimage\"},\"thumbnailUrl\":\"https:\/\/www.mundoagropecuario.cl\/new\/wp-content\/uploads\/2018\/07\/Ministro-Walker-1.jpg\",\"datePublished\":\"2018-07-24T13:04:38+00:00\",\"breadcrumb\":{\"@id\":\"https:\/\/www.mundoagropecuario.cl\/new\/ministro-walker-acuso-una-mala-administracion-y-desprolijidad-del-gobierno-anterior-por-situacion-de-conaf\/#breadcrumb\"},\"inLanguage\":\"es\",\"potentialAction\":[{\"@type\":\"ReadAction\",\"target\":[\"https:\/\/www.mundoagropecuario.cl\/new\/ministro-walker-acuso-una-mala-administracion-y-desprolijidad-del-gobierno-anterior-por-situacion-de-conaf\/\"]}]},{\"@type\":\"ImageObject\",\"inLanguage\":\"es\",\"@id\":\"https:\/\/www.mundoagropecuario.cl\/new\/ministro-walker-acuso-una-mala-administracion-y-desprolijidad-del-gobierno-anterior-por-situacion-de-conaf\/#primaryimage\",\"url\":\"https:\/\/www.mundoagropecuario.cl\/new\/wp-content\/uploads\/2018\/07\/Ministro-Walker-1.jpg\",\"contentUrl\":\"https:\/\/www.mundoagropecuario.cl\/new\/wp-content\/uploads\/2018\/07\/Ministro-Walker-1.jpg\",\"width\":601,\"height\":400},{\"@type\":\"BreadcrumbList\",\"@id\":\"https:\/\/www.mundoagropecuario.cl\/new\/ministro-walker-acuso-una-mala-administracion-y-desprolijidad-del-gobierno-anterior-por-situacion-de-conaf\/#breadcrumb\",\"itemListElement\":[{\"@type\":\"ListItem\",\"position\":1,\"name\":\"Portada\",\"item\":\"https:\/\/www.mundoagropecuario.cl\/new\/\"},{\"@type\":\"ListItem\",\"position\":2,\"name\":\"Ministro Walker acus\u00f3 una mala administraci\u00f3n y desprolijidad del gobierno anterior por situaci\u00f3n de Conaf\"}]},{\"@type\":\"WebSite\",\"@id\":\"https:\/\/www.mundoagropecuario.cl\/new\/#website\",\"url\":\"https:\/\/www.mundoagropecuario.cl\/new\/\",\"name\":\"Mundoagropecuario\",\"description\":\"Mundo Agropecuario\",\"publisher\":{\"@id\":\"https:\/\/www.mundoagropecuario.cl\/new\/#organization\"},\"potentialAction\":[{\"@type\":\"SearchAction\",\"target\":{\"@type\":\"EntryPoint\",\"urlTemplate\":\"https:\/\/www.mundoagropecuario.cl\/new\/?s={search_term_string}\"},\"query-input\":{\"@type\":\"PropertyValueSpecification\",\"valueRequired\":true,\"valueName\":\"search_term_string\"}}],\"inLanguage\":\"es\"},{\"@type\":\"Organization\",\"@id\":\"https:\/\/www.mundoagropecuario.cl\/new\/#organization\",\"name\":\"Revista de Agricultura\",\"url\":\"https:\/\/www.mundoagropecuario.cl\/new\/\",\"logo\":{\"@type\":\"ImageObject\",\"inLanguage\":\"es\",\"@id\":\"https:\/\/www.mundoagropecuario.cl\/new\/#\/schema\/logo\/image\/\",\"url\":\"https:\/\/www.mundoagropecuario.cl\/new\/wp-content\/uploads\/2020\/11\/PORTAL-1-1.png\",\"contentUrl\":\"https:\/\/www.mundoagropecuario.cl\/new\/wp-content\/uploads\/2020\/11\/PORTAL-1-1.png\",\"width\":1026,\"height\":100,\"caption\":\"Revista de Agricultura\"},\"image\":{\"@id\":\"https:\/\/www.mundoagropecuario.cl\/new\/#\/schema\/logo\/image\/\"},\"sameAs\":[\"https:\/\/www.facebook.com\/mundo.agropecuario.3\",\"https:\/\/x.com\/MundoAgropecuar\",\"https:\/\/www.linkedin.com\/in\/mundo-agropecuario-934009201\/\"]},{\"@type\":\"Person\",\"@id\":\"https:\/\/www.mundoagropecuario.cl\/new\/#\/schema\/person\/0c221050801c74e45256a7a9a1ff0803\",\"name\":\"periodista\",\"url\":\"https:\/\/www.mundoagropecuario.cl\/new\/author\/periodista\/\"}]}<\/script>\n<!-- \/ Yoast SEO plugin. -->","yoast_head_json":{"title":"Ministro Walker acus\u00f3 una mala administraci\u00f3n y desprolijidad del gobierno anterior por situaci\u00f3n de Conaf - Mundoagropecuario","robots":{"index":"index","follow":"follow","max-snippet":"max-snippet:-1","max-image-preview":"max-image-preview:large","max-video-preview":"max-video-preview:-1"},"canonical":"https:\/\/www.mundoagropecuario.cl\/new\/ministro-walker-acuso-una-mala-administracion-y-desprolijidad-del-gobierno-anterior-por-situacion-de-conaf\/","og_locale":"es_ES","og_type":"article","og_title":"Ministro Walker acus\u00f3 una mala administraci\u00f3n y desprolijidad del gobierno anterior por situaci\u00f3n de Conaf - Mundoagropecuario","og_description":"El secretario de Estado destac\u00f3 que el ministerio est\u00e1 preocupado porque estamos en un a\u00f1o con altos pron\u00f3sticos de incendios. (Mundo Agropecuario). El ministro de Agricultura, Antonio Walker, enfatiz\u00f3 hoy...","og_url":"https:\/\/www.mundoagropecuario.cl\/new\/ministro-walker-acuso-una-mala-administracion-y-desprolijidad-del-gobierno-anterior-por-situacion-de-conaf\/","og_site_name":"Mundoagropecuario","article_publisher":"https:\/\/www.facebook.com\/mundo.agropecuario.3","article_published_time":"2018-07-24T13:04:38+00:00","og_image":[{"width":1000,"height":666,"url":"https:\/\/www.mundoagropecuario.cl\/new\/wp-content\/uploads\/2018\/07\/Ministro-Walker-1.jpg","type":"image\/jpeg"}],"author":"periodista","twitter_card":"summary_large_image","twitter_creator":"@MundoAgropecuar","twitter_site":"@MundoAgropecuar","twitter_misc":{"Escrito por":"periodista","Tiempo de lectura":"2 minutos"},"schema":{"@context":"https:\/\/schema.org","@graph":[{"@type":"Article","@id":"https:\/\/www.mundoagropecuario.cl\/new\/ministro-walker-acuso-una-mala-administracion-y-desprolijidad-del-gobierno-anterior-por-situacion-de-conaf\/#article","isPartOf":{"@id":"https:\/\/www.mundoagropecuario.cl\/new\/ministro-walker-acuso-una-mala-administracion-y-desprolijidad-del-gobierno-anterior-por-situacion-de-conaf\/"},"author":{"name":"periodista","@id":"https:\/\/www.mundoagropecuario.cl\/new\/#\/schema\/person\/0c221050801c74e45256a7a9a1ff0803"},"headline":"Ministro Walker acus\u00f3 una mala administraci\u00f3n y desprolijidad del gobierno anterior por situaci\u00f3n de Conaf","datePublished":"2018-07-24T13:04:38+00:00","mainEntityOfPage":{"@id":"https:\/\/www.mundoagropecuario.cl\/new\/ministro-walker-acuso-una-mala-administracion-y-desprolijidad-del-gobierno-anterior-por-situacion-de-conaf\/"},"wordCount":386,"publisher":{"@id":"https:\/\/www.mundoagropecuario.cl\/new\/#organization"},"image":{"@id":"https:\/\/www.mundoagropecuario.cl\/new\/ministro-walker-acuso-una-mala-administracion-y-desprolijidad-del-gobierno-anterior-por-situacion-de-conaf\/#primaryimage"},"thumbnailUrl":"https:\/\/www.mundoagropecuario.cl\/new\/wp-content\/uploads\/2018\/07\/Ministro-Walker-1.jpg","keywords":["Minagri"],"articleSection":["Instituciones"],"inLanguage":"es"},{"@type":"WebPage","@id":"https:\/\/www.mundoagropecuario.cl\/new\/ministro-walker-acuso-una-mala-administracion-y-desprolijidad-del-gobierno-anterior-por-situacion-de-conaf\/","url":"https:\/\/www.mundoagropecuario.cl\/new\/ministro-walker-acuso-una-mala-administracion-y-desprolijidad-del-gobierno-anterior-por-situacion-de-conaf\/","name":"Ministro Walker acus\u00f3 una mala administraci\u00f3n y desprolijidad del gobierno anterior por situaci\u00f3n de Conaf - Mundoagropecuario","isPartOf":{"@id":"https:\/\/www.mundoagropecuario.cl\/new\/#website"},"primaryImageOfPage":{"@id":"https:\/\/www.mundoagropecuario.cl\/new\/ministro-walker-acuso-una-mala-administracion-y-desprolijidad-del-gobierno-anterior-por-situacion-de-conaf\/#primaryimage"},"image":{"@id":"https:\/\/www.mundoagropecuario.cl\/new\/ministro-walker-acuso-una-mala-administracion-y-desprolijidad-del-gobierno-anterior-por-situacion-de-conaf\/#primaryimage"},"thumbnailUrl":"https:\/\/www.mundoagropecuario.cl\/new\/wp-content\/uploads\/2018\/07\/Ministro-Walker-1.jpg","datePublished":"2018-07-24T13:04:38+00:00","breadcrumb":{"@id":"https:\/\/www.mundoagropecuario.cl\/new\/ministro-walker-acuso-una-mala-administracion-y-desprolijidad-del-gobierno-anterior-por-situacion-de-conaf\/#breadcrumb"},"inLanguage":"es","potentialAction":[{"@type":"ReadAction","target":["https:\/\/www.mundoagropecuario.cl\/new\/ministro-walker-acuso-una-mala-administracion-y-desprolijidad-del-gobierno-anterior-por-situacion-de-conaf\/"]}]},{"@type":"ImageObject","inLanguage":"es","@id":"https:\/\/www.mundoagropecuario.cl\/new\/ministro-walker-acuso-una-mala-administracion-y-desprolijidad-del-gobierno-anterior-por-situacion-de-conaf\/#primaryimage","url":"https:\/\/www.mundoagropecuario.cl\/new\/wp-content\/uploads\/2018\/07\/Ministro-Walker-1.jpg","contentUrl":"https:\/\/www.mundoagropecuario.cl\/new\/wp-content\/uploads\/2018\/07\/Ministro-Walker-1.jpg","width":601,"height":400},{"@type":"BreadcrumbList","@id":"https:\/\/www.mundoagropecuario.cl\/new\/ministro-walker-acuso-una-mala-administracion-y-desprolijidad-del-gobierno-anterior-por-situacion-de-conaf\/#breadcrumb","itemListElement":[{"@type":"ListItem","position":1,"name":"Portada","item":"https:\/\/www.mundoagropecuario.cl\/new\/"},{"@type":"ListItem","position":2,"name":"Ministro Walker acus\u00f3 una mala administraci\u00f3n y desprolijidad del gobierno anterior por situaci\u00f3n de Conaf"}]},{"@type":"WebSite","@id":"https:\/\/www.mundoagropecuario.cl\/new\/#website","url":"https:\/\/www.mundoagropecuario.cl\/new\/","name":"Mundoagropecuario","description":"Mundo Agropecuario","publisher":{"@id":"https:\/\/www.mundoagropecuario.cl\/new\/#organization"},"potentialAction":[{"@type":"SearchAction","target":{"@type":"EntryPoint","urlTemplate":"https:\/\/www.mundoagropecuario.cl\/new\/?s={search_term_string}"},"query-input":{"@type":"PropertyValueSpecification","valueRequired":true,"valueName":"search_term_string"}}],"inLanguage":"es"},{"@type":"Organization","@id":"https:\/\/www.mundoagropecuario.cl\/new\/#organization","name":"Revista de Agricultura","url":"https:\/\/www.mundoagropecuario.cl\/new\/","logo":{"@type":"ImageObject","inLanguage":"es","@id":"https:\/\/www.mundoagropecuario.cl\/new\/#\/schema\/logo\/image\/","url":"https:\/\/www.mundoagropecuario.cl\/new\/wp-content\/uploads\/2020\/11\/PORTAL-1-1.png","contentUrl":"https:\/\/www.mundoagropecuario.cl\/new\/wp-content\/uploads\/2020\/11\/PORTAL-1-1.png","width":1026,"height":100,"caption":"Revista de Agricultura"},"image":{"@id":"https:\/\/www.mundoagropecuario.cl\/new\/#\/schema\/logo\/image\/"},"sameAs":["https:\/\/www.facebook.com\/mundo.agropecuario.3","https:\/\/x.com\/MundoAgropecuar","https:\/\/www.linkedin.com\/in\/mundo-agropecuario-934009201\/"]},{"@type":"Person","@id":"https:\/\/www.mundoagropecuario.cl\/new\/#\/schema\/person\/0c221050801c74e45256a7a9a1ff0803","name":"periodista","url":"https:\/\/www.mundoagropecuario.cl\/new\/author\/periodista\/"}]}},"_links":{"self":[{"href":"https:\/\/www.mundoagropecuario.cl\/new\/wp-json\/wp\/v2\/posts\/7751","targetHints":{"allow":["GET"]}}],"collection":[{"href":"https:\/\/www.mundoagropecuario.cl\/new\/wp-json\/wp\/v2\/posts"}],"about":[{"href":"https:\/\/www.mundoagropecuario.cl\/new\/wp-json\/wp\/v2\/types\/post"}],"author":[{"embeddable":true,"href":"https:\/\/www.mundoagropecuario.cl\/new\/wp-json\/wp\/v2\/users\/3"}],"replies":[{"embeddable":true,"href":"https:\/\/www.mundoagropecuario.cl\/new\/wp-json\/wp\/v2\/comments?post=7751"}],"version-history":[{"count":1,"href":"https:\/\/www.mundoagropecuario.cl\/new\/wp-json\/wp\/v2\/posts\/7751\/revisions"}],"predecessor-version":[{"id":7753,"href":"https:\/\/www.mundoagropecuario.cl\/new\/wp-json\/wp\/v2\/posts\/7751\/revisions\/7753"}],"wp:featuredmedia":[{"embeddable":true,"href":"https:\/\/www.mundoagropecuario.cl\/new\/wp-json\/wp\/v2\/media\/7752"}],"wp:attachment":[{"href":"https:\/\/www.mundoagropecuario.cl\/new\/wp-json\/wp\/v2\/media?parent=7751"}],"wp:term":[{"taxonomy":"category","embeddable":true,"href":"https:\/\/www.mundoagropecuario.cl\/new\/wp-json\/wp\/v2\/categories?post=7751"},{"taxonomy":"post_tag","embeddable":true,"href":"https:\/\/www.mundoagropecuario.cl\/new\/wp-json\/wp\/v2\/tags?post=7751"}],"curies":[{"name":"wp","href":"https:\/\/api.w.org\/{rel}","templated":true}]}}