{"id":7733,"date":"2018-07-23T09:42:24","date_gmt":"2018-07-23T12:42:24","guid":{"rendered":"http:\/\/www.mundoagropecuario.cl\/new\/?p=7733"},"modified":"2018-07-23T09:48:40","modified_gmt":"2018-07-23T12:48:40","slug":"ministro-walker-por-situacion-de-conaf-vamos-a-llegar-hasta-las-ultimas-consecuencias-porque-estos-son-recursos-de-todos-los-chilenos","status":"publish","type":"post","link":"https:\/\/www.mundoagropecuario.cl\/new\/ministro-walker-por-situacion-de-conaf-vamos-a-llegar-hasta-las-ultimas-consecuencias-porque-estos-son-recursos-de-todos-los-chilenos\/","title":{"rendered":"Ministro Walker por situaci\u00f3n de Conaf: \u201cVamos a llegar hasta las \u00faltimas consecuencias porque estos son recursos de todos los chilenos&#8221;"},"content":{"rendered":"<blockquote><p><em>El titular del agro destac\u00f3 que el gobierno \u201cva a hacer todo lo posible, para en un tiempo r\u00e9cord ordenar Conaf, tal como nos ha pedido el presidente Pi\u00f1era\u201d. (Mundo Agropecuario).<\/em><\/p><\/blockquote>\n<p>Despu\u00e9s del informe interno entregado por la Corporaci\u00f3n Nacional Forestal (Conaf), que tiene por objetivo dar a conocer sus resultados para conocimiento del Gobierno, de la Contralor\u00eda General de la Rep\u00fablica, de los propios trabajadores de Conaf y de la ciudadan\u00eda en general, con total transparencia, el ministro de Agricultura, Antonio Walker, insisti\u00f3 en la necesidad de trabajar para mejorar la situaci\u00f3n de este servicio.<\/p>\n<p>El ministro Walker fue enf\u00e1tico en se\u00f1alar que el Gobierno va a seguir investigando todas las situaciones de la Corporaci\u00f3n. \u201cVamos a llegar hasta las \u00faltimas consecuencias, porque esta plata mal manejada es de todos los chilenos, y porque tenemos que cuidar a Conaf como se merece\u201d, recalc\u00f3.<\/p>\n<p>Adem\u00e1s, la autoridad dijo que \u201cEsto es un manejo poco responsable de miles de millones de pesos, en una instituci\u00f3n clave en los incendios forestales y que ahora debe combatir su propia emergencia interna, porque eso hizo la administraci\u00f3n anterior: incendi\u00f3 a Conaf por dentro\u201d, agreg\u00f3.<\/p>\n<p>Respecto de la situaci\u00f3n de los contratos con empresas cuestionadas, el ministro Walker dijo que \u201ces ins\u00f3lito que se hayan dejado amarrados contratos por 8 mil millones de pesos con una empresa que est\u00e1 siendo investigada en Chile y Europa por colusi\u00f3n. Un asunto tan vital como el combate a los incendios forestales requiere de la mayor seriedad\u201d, enfatiz\u00f3.<\/p>\n<p>El ministro Walker destac\u00f3 que desde que comenz\u00f3 el gobierno del Presidente Sebasti\u00e1n Pi\u00f1era, se ha puesto un especial inter\u00e9s en la situaci\u00f3n que ha vivido en los \u00faltimos a\u00f1os la Corporaci\u00f3n Nacional Forestal y por eso se ha elaborado este informe, que tiene como objeto describir el estado y situaci\u00f3n financiera, de personal y administrativa en que la nueva administraci\u00f3n encontr\u00f3 a la Corporaci\u00f3n Nacional Forestal.<\/p>\n<p>Seg\u00fan la direcci\u00f3n ejecutiva de la Conaf, los antecedentes expuestos en el informe fueron recopilados y entregados cada uno de los gerentes de las \u00e1reas involucradas, luego de un proceso de recopilaci\u00f3n de antecedentes exhaustiva, donde se les instruy\u00f3 informaran solo aquello que fuera relevante y tuviera su debido respaldo, lo que se cumpli\u00f3 a cabalidad.<\/p>\n","protected":false},"excerpt":{"rendered":"<p>El titular del agro destac\u00f3 que el gobierno \u201cva a hacer todo lo posible, para en un tiempo r\u00e9cord ordenar Conaf, tal como nos ha pedido el presidente Pi\u00f1era\u201d. (Mundo&#8230;<\/p>\n","protected":false},"author":3,"featured_media":7734,"comment_status":"closed","ping_status":"closed","sticky":false,"template":"","format":"standard","meta":{"footnotes":""},"categories":[404],"tags":[1525,2035],"class_list":["post-7733","post","type-post","status-publish","format-standard","has-post-thumbnail","hentry","category-titular-2","tag-antonio-walker","tag-minagri"],"yoast_head":"<!-- This site is optimized with the Yoast SEO plugin v26.6 - https:\/\/yoast.com\/wordpress\/plugins\/seo\/ -->\n<title>Ministro Walker por situaci\u00f3n de Conaf: \u201cVamos a llegar hasta las \u00faltimas consecuencias porque estos son recursos de todos los chilenos&quot; - Mundoagropecuario<\/title>\n<meta name=\"robots\" content=\"index, follow, max-snippet:-1, max-image-preview:large, max-video-preview:-1\" \/>\n<link rel=\"canonical\" href=\"https:\/\/www.mundoagropecuario.cl\/new\/ministro-walker-por-situacion-de-conaf-vamos-a-llegar-hasta-las-ultimas-consecuencias-porque-estos-son-recursos-de-todos-los-chilenos\/\" \/>\n<meta property=\"og:locale\" content=\"es_ES\" \/>\n<meta property=\"og:type\" content=\"article\" \/>\n<meta property=\"og:title\" content=\"Ministro Walker por situaci\u00f3n de Conaf: \u201cVamos a llegar hasta las \u00faltimas consecuencias porque estos son recursos de todos los chilenos&quot; - Mundoagropecuario\" \/>\n<meta property=\"og:description\" content=\"El titular del agro destac\u00f3 que el gobierno \u201cva a hacer todo lo posible, para en un tiempo r\u00e9cord ordenar Conaf, tal como nos ha pedido el presidente Pi\u00f1era\u201d. (Mundo...\" \/>\n<meta property=\"og:url\" content=\"https:\/\/www.mundoagropecuario.cl\/new\/ministro-walker-por-situacion-de-conaf-vamos-a-llegar-hasta-las-ultimas-consecuencias-porque-estos-son-recursos-de-todos-los-chilenos\/\" \/>\n<meta property=\"og:site_name\" content=\"Mundoagropecuario\" \/>\n<meta property=\"article:publisher\" content=\"https:\/\/www.facebook.com\/mundo.agropecuario.3\" \/>\n<meta property=\"article:published_time\" content=\"2018-07-23T12:42:24+00:00\" \/>\n<meta property=\"article:modified_time\" content=\"2018-07-23T12:48:40+00:00\" \/>\n<meta property=\"og:image\" content=\"https:\/\/www.mundoagropecuario.cl\/new\/wp-content\/uploads\/2018\/07\/ministroawalker.jpg\" \/>\n\t<meta property=\"og:image:width\" content=\"1024\" \/>\n\t<meta property=\"og:image:height\" content=\"683\" \/>\n\t<meta property=\"og:image:type\" content=\"image\/jpeg\" \/>\n<meta name=\"author\" content=\"periodista\" \/>\n<meta name=\"twitter:card\" content=\"summary_large_image\" \/>\n<meta name=\"twitter:creator\" content=\"@MundoAgropecuar\" \/>\n<meta name=\"twitter:site\" content=\"@MundoAgropecuar\" \/>\n<meta name=\"twitter:label1\" content=\"Escrito por\" \/>\n\t<meta name=\"twitter:data1\" content=\"periodista\" \/>\n\t<meta name=\"twitter:label2\" content=\"Tiempo de lectura\" \/>\n\t<meta name=\"twitter:data2\" content=\"2 minutos\" \/>\n<script type=\"application\/ld+json\" class=\"yoast-schema-graph\">{\"@context\":\"https:\/\/schema.org\",\"@graph\":[{\"@type\":\"Article\",\"@id\":\"https:\/\/www.mundoagropecuario.cl\/new\/ministro-walker-por-situacion-de-conaf-vamos-a-llegar-hasta-las-ultimas-consecuencias-porque-estos-son-recursos-de-todos-los-chilenos\/#article\",\"isPartOf\":{\"@id\":\"https:\/\/www.mundoagropecuario.cl\/new\/ministro-walker-por-situacion-de-conaf-vamos-a-llegar-hasta-las-ultimas-consecuencias-porque-estos-son-recursos-de-todos-los-chilenos\/\"},\"author\":{\"name\":\"periodista\",\"@id\":\"https:\/\/www.mundoagropecuario.cl\/new\/#\/schema\/person\/0c221050801c74e45256a7a9a1ff0803\"},\"headline\":\"Ministro Walker por situaci\u00f3n de Conaf: \u201cVamos a llegar hasta las \u00faltimas consecuencias porque estos son recursos de todos los chilenos&#8221;\",\"datePublished\":\"2018-07-23T12:42:24+00:00\",\"dateModified\":\"2018-07-23T12:48:40+00:00\",\"mainEntityOfPage\":{\"@id\":\"https:\/\/www.mundoagropecuario.cl\/new\/ministro-walker-por-situacion-de-conaf-vamos-a-llegar-hasta-las-ultimas-consecuencias-porque-estos-son-recursos-de-todos-los-chilenos\/\"},\"wordCount\":422,\"publisher\":{\"@id\":\"https:\/\/www.mundoagropecuario.cl\/new\/#organization\"},\"image\":{\"@id\":\"https:\/\/www.mundoagropecuario.cl\/new\/ministro-walker-por-situacion-de-conaf-vamos-a-llegar-hasta-las-ultimas-consecuencias-porque-estos-son-recursos-de-todos-los-chilenos\/#primaryimage\"},\"thumbnailUrl\":\"https:\/\/www.mundoagropecuario.cl\/new\/wp-content\/uploads\/2018\/07\/ministroawalker.jpg\",\"keywords\":[\"Antonio Walker\",\"Minagri\"],\"articleSection\":[\"Titular 2\"],\"inLanguage\":\"es\"},{\"@type\":\"WebPage\",\"@id\":\"https:\/\/www.mundoagropecuario.cl\/new\/ministro-walker-por-situacion-de-conaf-vamos-a-llegar-hasta-las-ultimas-consecuencias-porque-estos-son-recursos-de-todos-los-chilenos\/\",\"url\":\"https:\/\/www.mundoagropecuario.cl\/new\/ministro-walker-por-situacion-de-conaf-vamos-a-llegar-hasta-las-ultimas-consecuencias-porque-estos-son-recursos-de-todos-los-chilenos\/\",\"name\":\"Ministro Walker por situaci\u00f3n de Conaf: \u201cVamos a llegar hasta las \u00faltimas consecuencias porque estos son recursos de todos los chilenos\\\" - Mundoagropecuario\",\"isPartOf\":{\"@id\":\"https:\/\/www.mundoagropecuario.cl\/new\/#website\"},\"primaryImageOfPage\":{\"@id\":\"https:\/\/www.mundoagropecuario.cl\/new\/ministro-walker-por-situacion-de-conaf-vamos-a-llegar-hasta-las-ultimas-consecuencias-porque-estos-son-recursos-de-todos-los-chilenos\/#primaryimage\"},\"image\":{\"@id\":\"https:\/\/www.mundoagropecuario.cl\/new\/ministro-walker-por-situacion-de-conaf-vamos-a-llegar-hasta-las-ultimas-consecuencias-porque-estos-son-recursos-de-todos-los-chilenos\/#primaryimage\"},\"thumbnailUrl\":\"https:\/\/www.mundoagropecuario.cl\/new\/wp-content\/uploads\/2018\/07\/ministroawalker.jpg\",\"datePublished\":\"2018-07-23T12:42:24+00:00\",\"dateModified\":\"2018-07-23T12:48:40+00:00\",\"breadcrumb\":{\"@id\":\"https:\/\/www.mundoagropecuario.cl\/new\/ministro-walker-por-situacion-de-conaf-vamos-a-llegar-hasta-las-ultimas-consecuencias-porque-estos-son-recursos-de-todos-los-chilenos\/#breadcrumb\"},\"inLanguage\":\"es\",\"potentialAction\":[{\"@type\":\"ReadAction\",\"target\":[\"https:\/\/www.mundoagropecuario.cl\/new\/ministro-walker-por-situacion-de-conaf-vamos-a-llegar-hasta-las-ultimas-consecuencias-porque-estos-son-recursos-de-todos-los-chilenos\/\"]}]},{\"@type\":\"ImageObject\",\"inLanguage\":\"es\",\"@id\":\"https:\/\/www.mundoagropecuario.cl\/new\/ministro-walker-por-situacion-de-conaf-vamos-a-llegar-hasta-las-ultimas-consecuencias-porque-estos-son-recursos-de-todos-los-chilenos\/#primaryimage\",\"url\":\"https:\/\/www.mundoagropecuario.cl\/new\/wp-content\/uploads\/2018\/07\/ministroawalker.jpg\",\"contentUrl\":\"https:\/\/www.mundoagropecuario.cl\/new\/wp-content\/uploads\/2018\/07\/ministroawalker.jpg\",\"width\":600,\"height\":400},{\"@type\":\"BreadcrumbList\",\"@id\":\"https:\/\/www.mundoagropecuario.cl\/new\/ministro-walker-por-situacion-de-conaf-vamos-a-llegar-hasta-las-ultimas-consecuencias-porque-estos-son-recursos-de-todos-los-chilenos\/#breadcrumb\",\"itemListElement\":[{\"@type\":\"ListItem\",\"position\":1,\"name\":\"Portada\",\"item\":\"https:\/\/www.mundoagropecuario.cl\/new\/\"},{\"@type\":\"ListItem\",\"position\":2,\"name\":\"Ministro Walker por situaci\u00f3n de Conaf: \u201cVamos a llegar hasta las \u00faltimas consecuencias porque estos son recursos de todos los chilenos&#8221;\"}]},{\"@type\":\"WebSite\",\"@id\":\"https:\/\/www.mundoagropecuario.cl\/new\/#website\",\"url\":\"https:\/\/www.mundoagropecuario.cl\/new\/\",\"name\":\"Mundoagropecuario\",\"description\":\"Mundo Agropecuario\",\"publisher\":{\"@id\":\"https:\/\/www.mundoagropecuario.cl\/new\/#organization\"},\"potentialAction\":[{\"@type\":\"SearchAction\",\"target\":{\"@type\":\"EntryPoint\",\"urlTemplate\":\"https:\/\/www.mundoagropecuario.cl\/new\/?s={search_term_string}\"},\"query-input\":{\"@type\":\"PropertyValueSpecification\",\"valueRequired\":true,\"valueName\":\"search_term_string\"}}],\"inLanguage\":\"es\"},{\"@type\":\"Organization\",\"@id\":\"https:\/\/www.mundoagropecuario.cl\/new\/#organization\",\"name\":\"Revista de Agricultura\",\"url\":\"https:\/\/www.mundoagropecuario.cl\/new\/\",\"logo\":{\"@type\":\"ImageObject\",\"inLanguage\":\"es\",\"@id\":\"https:\/\/www.mundoagropecuario.cl\/new\/#\/schema\/logo\/image\/\",\"url\":\"https:\/\/www.mundoagropecuario.cl\/new\/wp-content\/uploads\/2020\/11\/PORTAL-1-1.png\",\"contentUrl\":\"https:\/\/www.mundoagropecuario.cl\/new\/wp-content\/uploads\/2020\/11\/PORTAL-1-1.png\",\"width\":1026,\"height\":100,\"caption\":\"Revista de Agricultura\"},\"image\":{\"@id\":\"https:\/\/www.mundoagropecuario.cl\/new\/#\/schema\/logo\/image\/\"},\"sameAs\":[\"https:\/\/www.facebook.com\/mundo.agropecuario.3\",\"https:\/\/x.com\/MundoAgropecuar\",\"https:\/\/www.linkedin.com\/in\/mundo-agropecuario-934009201\/\"]},{\"@type\":\"Person\",\"@id\":\"https:\/\/www.mundoagropecuario.cl\/new\/#\/schema\/person\/0c221050801c74e45256a7a9a1ff0803\",\"name\":\"periodista\",\"url\":\"https:\/\/www.mundoagropecuario.cl\/new\/author\/periodista\/\"}]}<\/script>\n<!-- \/ Yoast SEO plugin. -->","yoast_head_json":{"title":"Ministro Walker por situaci\u00f3n de Conaf: \u201cVamos a llegar hasta las \u00faltimas consecuencias porque estos son recursos de todos los chilenos\" - Mundoagropecuario","robots":{"index":"index","follow":"follow","max-snippet":"max-snippet:-1","max-image-preview":"max-image-preview:large","max-video-preview":"max-video-preview:-1"},"canonical":"https:\/\/www.mundoagropecuario.cl\/new\/ministro-walker-por-situacion-de-conaf-vamos-a-llegar-hasta-las-ultimas-consecuencias-porque-estos-son-recursos-de-todos-los-chilenos\/","og_locale":"es_ES","og_type":"article","og_title":"Ministro Walker por situaci\u00f3n de Conaf: \u201cVamos a llegar hasta las \u00faltimas consecuencias porque estos son recursos de todos los chilenos\" - Mundoagropecuario","og_description":"El titular del agro destac\u00f3 que el gobierno \u201cva a hacer todo lo posible, para en un tiempo r\u00e9cord ordenar Conaf, tal como nos ha pedido el presidente Pi\u00f1era\u201d. (Mundo...","og_url":"https:\/\/www.mundoagropecuario.cl\/new\/ministro-walker-por-situacion-de-conaf-vamos-a-llegar-hasta-las-ultimas-consecuencias-porque-estos-son-recursos-de-todos-los-chilenos\/","og_site_name":"Mundoagropecuario","article_publisher":"https:\/\/www.facebook.com\/mundo.agropecuario.3","article_published_time":"2018-07-23T12:42:24+00:00","article_modified_time":"2018-07-23T12:48:40+00:00","og_image":[{"width":1024,"height":683,"url":"https:\/\/www.mundoagropecuario.cl\/new\/wp-content\/uploads\/2018\/07\/ministroawalker.jpg","type":"image\/jpeg"}],"author":"periodista","twitter_card":"summary_large_image","twitter_creator":"@MundoAgropecuar","twitter_site":"@MundoAgropecuar","twitter_misc":{"Escrito por":"periodista","Tiempo de lectura":"2 minutos"},"schema":{"@context":"https:\/\/schema.org","@graph":[{"@type":"Article","@id":"https:\/\/www.mundoagropecuario.cl\/new\/ministro-walker-por-situacion-de-conaf-vamos-a-llegar-hasta-las-ultimas-consecuencias-porque-estos-son-recursos-de-todos-los-chilenos\/#article","isPartOf":{"@id":"https:\/\/www.mundoagropecuario.cl\/new\/ministro-walker-por-situacion-de-conaf-vamos-a-llegar-hasta-las-ultimas-consecuencias-porque-estos-son-recursos-de-todos-los-chilenos\/"},"author":{"name":"periodista","@id":"https:\/\/www.mundoagropecuario.cl\/new\/#\/schema\/person\/0c221050801c74e45256a7a9a1ff0803"},"headline":"Ministro Walker por situaci\u00f3n de Conaf: \u201cVamos a llegar hasta las \u00faltimas consecuencias porque estos son recursos de todos los chilenos&#8221;","datePublished":"2018-07-23T12:42:24+00:00","dateModified":"2018-07-23T12:48:40+00:00","mainEntityOfPage":{"@id":"https:\/\/www.mundoagropecuario.cl\/new\/ministro-walker-por-situacion-de-conaf-vamos-a-llegar-hasta-las-ultimas-consecuencias-porque-estos-son-recursos-de-todos-los-chilenos\/"},"wordCount":422,"publisher":{"@id":"https:\/\/www.mundoagropecuario.cl\/new\/#organization"},"image":{"@id":"https:\/\/www.mundoagropecuario.cl\/new\/ministro-walker-por-situacion-de-conaf-vamos-a-llegar-hasta-las-ultimas-consecuencias-porque-estos-son-recursos-de-todos-los-chilenos\/#primaryimage"},"thumbnailUrl":"https:\/\/www.mundoagropecuario.cl\/new\/wp-content\/uploads\/2018\/07\/ministroawalker.jpg","keywords":["Antonio Walker","Minagri"],"articleSection":["Titular 2"],"inLanguage":"es"},{"@type":"WebPage","@id":"https:\/\/www.mundoagropecuario.cl\/new\/ministro-walker-por-situacion-de-conaf-vamos-a-llegar-hasta-las-ultimas-consecuencias-porque-estos-son-recursos-de-todos-los-chilenos\/","url":"https:\/\/www.mundoagropecuario.cl\/new\/ministro-walker-por-situacion-de-conaf-vamos-a-llegar-hasta-las-ultimas-consecuencias-porque-estos-son-recursos-de-todos-los-chilenos\/","name":"Ministro Walker por situaci\u00f3n de Conaf: \u201cVamos a llegar hasta las \u00faltimas consecuencias porque estos son recursos de todos los chilenos\" - Mundoagropecuario","isPartOf":{"@id":"https:\/\/www.mundoagropecuario.cl\/new\/#website"},"primaryImageOfPage":{"@id":"https:\/\/www.mundoagropecuario.cl\/new\/ministro-walker-por-situacion-de-conaf-vamos-a-llegar-hasta-las-ultimas-consecuencias-porque-estos-son-recursos-de-todos-los-chilenos\/#primaryimage"},"image":{"@id":"https:\/\/www.mundoagropecuario.cl\/new\/ministro-walker-por-situacion-de-conaf-vamos-a-llegar-hasta-las-ultimas-consecuencias-porque-estos-son-recursos-de-todos-los-chilenos\/#primaryimage"},"thumbnailUrl":"https:\/\/www.mundoagropecuario.cl\/new\/wp-content\/uploads\/2018\/07\/ministroawalker.jpg","datePublished":"2018-07-23T12:42:24+00:00","dateModified":"2018-07-23T12:48:40+00:00","breadcrumb":{"@id":"https:\/\/www.mundoagropecuario.cl\/new\/ministro-walker-por-situacion-de-conaf-vamos-a-llegar-hasta-las-ultimas-consecuencias-porque-estos-son-recursos-de-todos-los-chilenos\/#breadcrumb"},"inLanguage":"es","potentialAction":[{"@type":"ReadAction","target":["https:\/\/www.mundoagropecuario.cl\/new\/ministro-walker-por-situacion-de-conaf-vamos-a-llegar-hasta-las-ultimas-consecuencias-porque-estos-son-recursos-de-todos-los-chilenos\/"]}]},{"@type":"ImageObject","inLanguage":"es","@id":"https:\/\/www.mundoagropecuario.cl\/new\/ministro-walker-por-situacion-de-conaf-vamos-a-llegar-hasta-las-ultimas-consecuencias-porque-estos-son-recursos-de-todos-los-chilenos\/#primaryimage","url":"https:\/\/www.mundoagropecuario.cl\/new\/wp-content\/uploads\/2018\/07\/ministroawalker.jpg","contentUrl":"https:\/\/www.mundoagropecuario.cl\/new\/wp-content\/uploads\/2018\/07\/ministroawalker.jpg","width":600,"height":400},{"@type":"BreadcrumbList","@id":"https:\/\/www.mundoagropecuario.cl\/new\/ministro-walker-por-situacion-de-conaf-vamos-a-llegar-hasta-las-ultimas-consecuencias-porque-estos-son-recursos-de-todos-los-chilenos\/#breadcrumb","itemListElement":[{"@type":"ListItem","position":1,"name":"Portada","item":"https:\/\/www.mundoagropecuario.cl\/new\/"},{"@type":"ListItem","position":2,"name":"Ministro Walker por situaci\u00f3n de Conaf: \u201cVamos a llegar hasta las \u00faltimas consecuencias porque estos son recursos de todos los chilenos&#8221;"}]},{"@type":"WebSite","@id":"https:\/\/www.mundoagropecuario.cl\/new\/#website","url":"https:\/\/www.mundoagropecuario.cl\/new\/","name":"Mundoagropecuario","description":"Mundo Agropecuario","publisher":{"@id":"https:\/\/www.mundoagropecuario.cl\/new\/#organization"},"potentialAction":[{"@type":"SearchAction","target":{"@type":"EntryPoint","urlTemplate":"https:\/\/www.mundoagropecuario.cl\/new\/?s={search_term_string}"},"query-input":{"@type":"PropertyValueSpecification","valueRequired":true,"valueName":"search_term_string"}}],"inLanguage":"es"},{"@type":"Organization","@id":"https:\/\/www.mundoagropecuario.cl\/new\/#organization","name":"Revista de Agricultura","url":"https:\/\/www.mundoagropecuario.cl\/new\/","logo":{"@type":"ImageObject","inLanguage":"es","@id":"https:\/\/www.mundoagropecuario.cl\/new\/#\/schema\/logo\/image\/","url":"https:\/\/www.mundoagropecuario.cl\/new\/wp-content\/uploads\/2020\/11\/PORTAL-1-1.png","contentUrl":"https:\/\/www.mundoagropecuario.cl\/new\/wp-content\/uploads\/2020\/11\/PORTAL-1-1.png","width":1026,"height":100,"caption":"Revista de Agricultura"},"image":{"@id":"https:\/\/www.mundoagropecuario.cl\/new\/#\/schema\/logo\/image\/"},"sameAs":["https:\/\/www.facebook.com\/mundo.agropecuario.3","https:\/\/x.com\/MundoAgropecuar","https:\/\/www.linkedin.com\/in\/mundo-agropecuario-934009201\/"]},{"@type":"Person","@id":"https:\/\/www.mundoagropecuario.cl\/new\/#\/schema\/person\/0c221050801c74e45256a7a9a1ff0803","name":"periodista","url":"https:\/\/www.mundoagropecuario.cl\/new\/author\/periodista\/"}]}},"_links":{"self":[{"href":"https:\/\/www.mundoagropecuario.cl\/new\/wp-json\/wp\/v2\/posts\/7733","targetHints":{"allow":["GET"]}}],"collection":[{"href":"https:\/\/www.mundoagropecuario.cl\/new\/wp-json\/wp\/v2\/posts"}],"about":[{"href":"https:\/\/www.mundoagropecuario.cl\/new\/wp-json\/wp\/v2\/types\/post"}],"author":[{"embeddable":true,"href":"https:\/\/www.mundoagropecuario.cl\/new\/wp-json\/wp\/v2\/users\/3"}],"replies":[{"embeddable":true,"href":"https:\/\/www.mundoagropecuario.cl\/new\/wp-json\/wp\/v2\/comments?post=7733"}],"version-history":[{"count":1,"href":"https:\/\/www.mundoagropecuario.cl\/new\/wp-json\/wp\/v2\/posts\/7733\/revisions"}],"predecessor-version":[{"id":7735,"href":"https:\/\/www.mundoagropecuario.cl\/new\/wp-json\/wp\/v2\/posts\/7733\/revisions\/7735"}],"wp:featuredmedia":[{"embeddable":true,"href":"https:\/\/www.mundoagropecuario.cl\/new\/wp-json\/wp\/v2\/media\/7734"}],"wp:attachment":[{"href":"https:\/\/www.mundoagropecuario.cl\/new\/wp-json\/wp\/v2\/media?parent=7733"}],"wp:term":[{"taxonomy":"category","embeddable":true,"href":"https:\/\/www.mundoagropecuario.cl\/new\/wp-json\/wp\/v2\/categories?post=7733"},{"taxonomy":"post_tag","embeddable":true,"href":"https:\/\/www.mundoagropecuario.cl\/new\/wp-json\/wp\/v2\/tags?post=7733"}],"curies":[{"name":"wp","href":"https:\/\/api.w.org\/{rel}","templated":true}]}}