{"id":7707,"date":"2018-07-20T10:00:47","date_gmt":"2018-07-20T13:00:47","guid":{"rendered":"http:\/\/www.mundoagropecuario.cl\/new\/?p=7707"},"modified":"2018-07-20T10:03:16","modified_gmt":"2018-07-20T13:03:16","slug":"agricultura-impulsa-campana-de-sensibilizacion-para-el-uso-de-lena-seca","status":"publish","type":"post","link":"https:\/\/www.mundoagropecuario.cl\/new\/agricultura-impulsa-campana-de-sensibilizacion-para-el-uso-de-lena-seca\/","title":{"rendered":"Agricultura impulsa campa\u00f1a de sensibilizaci\u00f3n para el uso de le\u00f1a seca"},"content":{"rendered":"<blockquote><p><em>El Ministerio de Agricultura en la regi\u00f3n de Ays\u00e9n est\u00e1 promoviendo generar conciencia del uso correcto de la le\u00f1a en la ciudad, sumado a generar mayor producci\u00f3n de le\u00f1a seca. (Mundo Agropecuario).<\/em><\/p><\/blockquote>\n<p>Con el objetivo de promover el uso y producci\u00f3n de le\u00f1a seca en los hogares en la ciudad de Coyhaique, con el fin de reducir la contaminaci\u00f3n del aire y evitar enfermedades, es que la Seremi de Agricultura ha realizado durante toda esta semana una campa\u00f1a de sensibilizaci\u00f3n, con el apoyo de los distintos servicios del agro, Seremi de Energ\u00eda y Carabineros de Chile.<\/p>\n<p>Marcos Sandoval, secretario regional ministerial de Agricultura, manifest\u00f3 que \u201cdurante esta semana hemos estado trabajando en una campa\u00f1a de sensibilizaci\u00f3n para el uso correcto de la le\u00f1a seca, en el contexto de la descontaminaci\u00f3n de la ciudad de Coyhaique. Nosotros como ministerio de Agricultura tenemos directa incidencia en el manejo de este combustible, por lo que estamos haciendo los esfuerzos de manera de contar con le\u00f1a seca, gener\u00e1ndola a trav\u00e9s de la entrega de galpones de secado, entre otros\u201d.<\/p>\n<p>Es importante se\u00f1alar \u2013agreg\u00f3 Sandoval- que alrededor de mil familias que dependen directamente del negocio de la le\u00f1a, y vemos que la tendencia es que este combustible tienda a disminuir su consumo en la ciudad, por lo que debemos reconvertir a nuestros productores, y hacer m\u00e1s eficiente el uso de los recursos.<\/p>\n<p>Asimismo, Tatiana Fontecha, seremi de Gobierno, se\u00f1al\u00f3 que \u201cestas acciones est\u00e1n dentro de las 19 medidas que como Gobierno presentamos a corto plazo para la descontaminaci\u00f3n y que buscan principalmente educar a la poblaci\u00f3n y sensibilizar sobre los tipos de energ\u00eda que son eficientes, sumado a la entrega de tips que tienen relaci\u00f3n de los momentos de compra, el mejor almacenamiento y el uso de le\u00f1a que puede entregar mejor calor\u201d.<\/p>\n<p>Otro de los puntos importantes en que profundizar\u00e1 el Ministerio de Agricultura en la regi\u00f3n de Ays\u00e9n tiene relaci\u00f3n con reforzar el proceso de fiscalizaci\u00f3n de la le\u00f1a, de manera de hacer cumplir la legislaci\u00f3n forestal vigente frente a cortas no autorizadas y transporte de productos forestales provenientes del bosque nativo. Adem\u00e1s, de apoyar en reconvertir la producci\u00f3n de le\u00f1a por parte de los le\u00f1eros regionales.<\/p>\n<p>Por su parte, el teniente coronel Jorge Duarth, prefecto (s) de Ays\u00e9n, indic\u00f3 que \u201ceste tipo de actividades tienen por objetivo que la comunidad tome conciencia sobre la contaminaci\u00f3n que nos afecta, y como instituci\u00f3n apoyaremos en los que sea necesario, continuando adem\u00e1s con los controles que realizamos en diferentes puntos de la regi\u00f3n en torno al tema de la le\u00f1a\u201d.<\/p>\n<p>Cabe destacar, que el Ministerio de Agricultura en la regi\u00f3n de Ays\u00e9n a financiado m\u00e1s de 133 galpones de secado, con capacidad de 500 metros c\u00fabicos cada uno, sumado a los cerca de 70 galpones que ha ejecutado el Ministerio de Energ\u00eda.<\/p>\n<p><strong>\u00bfC\u00f3mo disminuir la contaminaci\u00f3n?<\/strong><\/p>\n<p>La contaminaci\u00f3n atmosf\u00e9rica es el principal problema ambiental de nuestra regi\u00f3n, la que causa graves problemas a la salud de las personas por la gran cantidad de material particulado que proviene del humo de las chimeneas.<\/p>\n<p>Para disminuir la contaminaci\u00f3n es necesario la utilizaci\u00f3n de le\u00f1a seca inferior al 25% de humedad, la que se reconoce porque posee la corteza un poco desprendida, agrietada y colores opacos. Los colores vivos indican le\u00f1a mojada y no debe tener manchas de color gris o blanco producto de los hongos.<\/p>\n<p>Igualmente, es importante secar le\u00f1a en la temporada de verano, dej\u00e1ndola en lugares protegidos. Adem\u00e1s, no se debe encender le\u00f1a con parafina, cera, basura o pl\u00e1sticos.<\/p>\n<p>Se debe preferir adquirir le\u00f1a certificada, sumado a la utilizaci\u00f3n de calefactores eficientes y d\u00e1ndoles una buena mantenci\u00f3n.<\/p>\n","protected":false},"excerpt":{"rendered":"<p>El Ministerio de Agricultura en la regi\u00f3n de Ays\u00e9n est\u00e1 promoviendo generar conciencia del uso correcto de la le\u00f1a en la ciudad, sumado a generar mayor producci\u00f3n de le\u00f1a seca&#8230;.<\/p>\n","protected":false},"author":3,"featured_media":7708,"comment_status":"closed","ping_status":"closed","sticky":false,"template":"","format":"standard","meta":{"footnotes":""},"categories":[1987],"tags":[434],"class_list":["post-7707","post","type-post","status-publish","format-standard","has-post-thumbnail","hentry","category-instituciones","tag-region-de-aysen"],"yoast_head":"<!-- This site is optimized with the Yoast SEO plugin v26.6 - https:\/\/yoast.com\/wordpress\/plugins\/seo\/ -->\n<title>Agricultura impulsa campa\u00f1a de sensibilizaci\u00f3n para el uso de le\u00f1a seca - Mundoagropecuario<\/title>\n<meta name=\"robots\" content=\"index, follow, max-snippet:-1, max-image-preview:large, max-video-preview:-1\" \/>\n<link rel=\"canonical\" href=\"https:\/\/www.mundoagropecuario.cl\/new\/agricultura-impulsa-campana-de-sensibilizacion-para-el-uso-de-lena-seca\/\" \/>\n<meta property=\"og:locale\" content=\"es_ES\" \/>\n<meta property=\"og:type\" content=\"article\" \/>\n<meta property=\"og:title\" content=\"Agricultura impulsa campa\u00f1a de sensibilizaci\u00f3n para el uso de le\u00f1a seca - Mundoagropecuario\" \/>\n<meta property=\"og:description\" content=\"El Ministerio de Agricultura en la regi\u00f3n de Ays\u00e9n est\u00e1 promoviendo generar conciencia del uso correcto de la le\u00f1a en la ciudad, sumado a generar mayor producci\u00f3n de le\u00f1a seca....\" \/>\n<meta property=\"og:url\" content=\"https:\/\/www.mundoagropecuario.cl\/new\/agricultura-impulsa-campana-de-sensibilizacion-para-el-uso-de-lena-seca\/\" \/>\n<meta property=\"og:site_name\" content=\"Mundoagropecuario\" \/>\n<meta property=\"article:publisher\" content=\"https:\/\/www.facebook.com\/mundo.agropecuario.3\" \/>\n<meta property=\"article:published_time\" content=\"2018-07-20T13:00:47+00:00\" \/>\n<meta property=\"article:modified_time\" content=\"2018-07-20T13:03:16+00:00\" \/>\n<meta property=\"og:image\" content=\"https:\/\/www.mundoagropecuario.cl\/new\/wp-content\/uploads\/2018\/07\/prensa1.jpg\" \/>\n\t<meta property=\"og:image:width\" content=\"1000\" \/>\n\t<meta property=\"og:image:height\" content=\"666\" \/>\n\t<meta property=\"og:image:type\" content=\"image\/jpeg\" \/>\n<meta name=\"author\" content=\"periodista\" \/>\n<meta name=\"twitter:card\" content=\"summary_large_image\" \/>\n<meta name=\"twitter:creator\" content=\"@MundoAgropecuar\" \/>\n<meta name=\"twitter:site\" content=\"@MundoAgropecuar\" \/>\n<meta name=\"twitter:label1\" content=\"Escrito por\" \/>\n\t<meta name=\"twitter:data1\" content=\"periodista\" \/>\n\t<meta name=\"twitter:label2\" content=\"Tiempo de lectura\" \/>\n\t<meta name=\"twitter:data2\" content=\"3 minutos\" \/>\n<script type=\"application\/ld+json\" class=\"yoast-schema-graph\">{\"@context\":\"https:\/\/schema.org\",\"@graph\":[{\"@type\":\"Article\",\"@id\":\"https:\/\/www.mundoagropecuario.cl\/new\/agricultura-impulsa-campana-de-sensibilizacion-para-el-uso-de-lena-seca\/#article\",\"isPartOf\":{\"@id\":\"https:\/\/www.mundoagropecuario.cl\/new\/agricultura-impulsa-campana-de-sensibilizacion-para-el-uso-de-lena-seca\/\"},\"author\":{\"name\":\"periodista\",\"@id\":\"https:\/\/www.mundoagropecuario.cl\/new\/#\/schema\/person\/0c221050801c74e45256a7a9a1ff0803\"},\"headline\":\"Agricultura impulsa campa\u00f1a de sensibilizaci\u00f3n para el uso de le\u00f1a seca\",\"datePublished\":\"2018-07-20T13:00:47+00:00\",\"dateModified\":\"2018-07-20T13:03:16+00:00\",\"mainEntityOfPage\":{\"@id\":\"https:\/\/www.mundoagropecuario.cl\/new\/agricultura-impulsa-campana-de-sensibilizacion-para-el-uso-de-lena-seca\/\"},\"wordCount\":678,\"publisher\":{\"@id\":\"https:\/\/www.mundoagropecuario.cl\/new\/#organization\"},\"image\":{\"@id\":\"https:\/\/www.mundoagropecuario.cl\/new\/agricultura-impulsa-campana-de-sensibilizacion-para-el-uso-de-lena-seca\/#primaryimage\"},\"thumbnailUrl\":\"https:\/\/www.mundoagropecuario.cl\/new\/wp-content\/uploads\/2018\/07\/prensa1.jpg\",\"keywords\":[\"Regi\u00f3n de Ays\u00e9n\"],\"articleSection\":[\"Instituciones\"],\"inLanguage\":\"es\"},{\"@type\":\"WebPage\",\"@id\":\"https:\/\/www.mundoagropecuario.cl\/new\/agricultura-impulsa-campana-de-sensibilizacion-para-el-uso-de-lena-seca\/\",\"url\":\"https:\/\/www.mundoagropecuario.cl\/new\/agricultura-impulsa-campana-de-sensibilizacion-para-el-uso-de-lena-seca\/\",\"name\":\"Agricultura impulsa campa\u00f1a de sensibilizaci\u00f3n para el uso de le\u00f1a seca - Mundoagropecuario\",\"isPartOf\":{\"@id\":\"https:\/\/www.mundoagropecuario.cl\/new\/#website\"},\"primaryImageOfPage\":{\"@id\":\"https:\/\/www.mundoagropecuario.cl\/new\/agricultura-impulsa-campana-de-sensibilizacion-para-el-uso-de-lena-seca\/#primaryimage\"},\"image\":{\"@id\":\"https:\/\/www.mundoagropecuario.cl\/new\/agricultura-impulsa-campana-de-sensibilizacion-para-el-uso-de-lena-seca\/#primaryimage\"},\"thumbnailUrl\":\"https:\/\/www.mundoagropecuario.cl\/new\/wp-content\/uploads\/2018\/07\/prensa1.jpg\",\"datePublished\":\"2018-07-20T13:00:47+00:00\",\"dateModified\":\"2018-07-20T13:03:16+00:00\",\"breadcrumb\":{\"@id\":\"https:\/\/www.mundoagropecuario.cl\/new\/agricultura-impulsa-campana-de-sensibilizacion-para-el-uso-de-lena-seca\/#breadcrumb\"},\"inLanguage\":\"es\",\"potentialAction\":[{\"@type\":\"ReadAction\",\"target\":[\"https:\/\/www.mundoagropecuario.cl\/new\/agricultura-impulsa-campana-de-sensibilizacion-para-el-uso-de-lena-seca\/\"]}]},{\"@type\":\"ImageObject\",\"inLanguage\":\"es\",\"@id\":\"https:\/\/www.mundoagropecuario.cl\/new\/agricultura-impulsa-campana-de-sensibilizacion-para-el-uso-de-lena-seca\/#primaryimage\",\"url\":\"https:\/\/www.mundoagropecuario.cl\/new\/wp-content\/uploads\/2018\/07\/prensa1.jpg\",\"contentUrl\":\"https:\/\/www.mundoagropecuario.cl\/new\/wp-content\/uploads\/2018\/07\/prensa1.jpg\",\"width\":601,\"height\":400},{\"@type\":\"BreadcrumbList\",\"@id\":\"https:\/\/www.mundoagropecuario.cl\/new\/agricultura-impulsa-campana-de-sensibilizacion-para-el-uso-de-lena-seca\/#breadcrumb\",\"itemListElement\":[{\"@type\":\"ListItem\",\"position\":1,\"name\":\"Portada\",\"item\":\"https:\/\/www.mundoagropecuario.cl\/new\/\"},{\"@type\":\"ListItem\",\"position\":2,\"name\":\"Agricultura impulsa campa\u00f1a de sensibilizaci\u00f3n para el uso de le\u00f1a seca\"}]},{\"@type\":\"WebSite\",\"@id\":\"https:\/\/www.mundoagropecuario.cl\/new\/#website\",\"url\":\"https:\/\/www.mundoagropecuario.cl\/new\/\",\"name\":\"Mundoagropecuario\",\"description\":\"Mundo Agropecuario\",\"publisher\":{\"@id\":\"https:\/\/www.mundoagropecuario.cl\/new\/#organization\"},\"potentialAction\":[{\"@type\":\"SearchAction\",\"target\":{\"@type\":\"EntryPoint\",\"urlTemplate\":\"https:\/\/www.mundoagropecuario.cl\/new\/?s={search_term_string}\"},\"query-input\":{\"@type\":\"PropertyValueSpecification\",\"valueRequired\":true,\"valueName\":\"search_term_string\"}}],\"inLanguage\":\"es\"},{\"@type\":\"Organization\",\"@id\":\"https:\/\/www.mundoagropecuario.cl\/new\/#organization\",\"name\":\"Revista de Agricultura\",\"url\":\"https:\/\/www.mundoagropecuario.cl\/new\/\",\"logo\":{\"@type\":\"ImageObject\",\"inLanguage\":\"es\",\"@id\":\"https:\/\/www.mundoagropecuario.cl\/new\/#\/schema\/logo\/image\/\",\"url\":\"https:\/\/www.mundoagropecuario.cl\/new\/wp-content\/uploads\/2020\/11\/PORTAL-1-1.png\",\"contentUrl\":\"https:\/\/www.mundoagropecuario.cl\/new\/wp-content\/uploads\/2020\/11\/PORTAL-1-1.png\",\"width\":1026,\"height\":100,\"caption\":\"Revista de Agricultura\"},\"image\":{\"@id\":\"https:\/\/www.mundoagropecuario.cl\/new\/#\/schema\/logo\/image\/\"},\"sameAs\":[\"https:\/\/www.facebook.com\/mundo.agropecuario.3\",\"https:\/\/x.com\/MundoAgropecuar\",\"https:\/\/www.linkedin.com\/in\/mundo-agropecuario-934009201\/\"]},{\"@type\":\"Person\",\"@id\":\"https:\/\/www.mundoagropecuario.cl\/new\/#\/schema\/person\/0c221050801c74e45256a7a9a1ff0803\",\"name\":\"periodista\",\"url\":\"https:\/\/www.mundoagropecuario.cl\/new\/author\/periodista\/\"}]}<\/script>\n<!-- \/ Yoast SEO plugin. -->","yoast_head_json":{"title":"Agricultura impulsa campa\u00f1a de sensibilizaci\u00f3n para el uso de le\u00f1a seca - Mundoagropecuario","robots":{"index":"index","follow":"follow","max-snippet":"max-snippet:-1","max-image-preview":"max-image-preview:large","max-video-preview":"max-video-preview:-1"},"canonical":"https:\/\/www.mundoagropecuario.cl\/new\/agricultura-impulsa-campana-de-sensibilizacion-para-el-uso-de-lena-seca\/","og_locale":"es_ES","og_type":"article","og_title":"Agricultura impulsa campa\u00f1a de sensibilizaci\u00f3n para el uso de le\u00f1a seca - Mundoagropecuario","og_description":"El Ministerio de Agricultura en la regi\u00f3n de Ays\u00e9n est\u00e1 promoviendo generar conciencia del uso correcto de la le\u00f1a en la ciudad, sumado a generar mayor producci\u00f3n de le\u00f1a seca....","og_url":"https:\/\/www.mundoagropecuario.cl\/new\/agricultura-impulsa-campana-de-sensibilizacion-para-el-uso-de-lena-seca\/","og_site_name":"Mundoagropecuario","article_publisher":"https:\/\/www.facebook.com\/mundo.agropecuario.3","article_published_time":"2018-07-20T13:00:47+00:00","article_modified_time":"2018-07-20T13:03:16+00:00","og_image":[{"width":1000,"height":666,"url":"https:\/\/www.mundoagropecuario.cl\/new\/wp-content\/uploads\/2018\/07\/prensa1.jpg","type":"image\/jpeg"}],"author":"periodista","twitter_card":"summary_large_image","twitter_creator":"@MundoAgropecuar","twitter_site":"@MundoAgropecuar","twitter_misc":{"Escrito por":"periodista","Tiempo de lectura":"3 minutos"},"schema":{"@context":"https:\/\/schema.org","@graph":[{"@type":"Article","@id":"https:\/\/www.mundoagropecuario.cl\/new\/agricultura-impulsa-campana-de-sensibilizacion-para-el-uso-de-lena-seca\/#article","isPartOf":{"@id":"https:\/\/www.mundoagropecuario.cl\/new\/agricultura-impulsa-campana-de-sensibilizacion-para-el-uso-de-lena-seca\/"},"author":{"name":"periodista","@id":"https:\/\/www.mundoagropecuario.cl\/new\/#\/schema\/person\/0c221050801c74e45256a7a9a1ff0803"},"headline":"Agricultura impulsa campa\u00f1a de sensibilizaci\u00f3n para el uso de le\u00f1a seca","datePublished":"2018-07-20T13:00:47+00:00","dateModified":"2018-07-20T13:03:16+00:00","mainEntityOfPage":{"@id":"https:\/\/www.mundoagropecuario.cl\/new\/agricultura-impulsa-campana-de-sensibilizacion-para-el-uso-de-lena-seca\/"},"wordCount":678,"publisher":{"@id":"https:\/\/www.mundoagropecuario.cl\/new\/#organization"},"image":{"@id":"https:\/\/www.mundoagropecuario.cl\/new\/agricultura-impulsa-campana-de-sensibilizacion-para-el-uso-de-lena-seca\/#primaryimage"},"thumbnailUrl":"https:\/\/www.mundoagropecuario.cl\/new\/wp-content\/uploads\/2018\/07\/prensa1.jpg","keywords":["Regi\u00f3n de Ays\u00e9n"],"articleSection":["Instituciones"],"inLanguage":"es"},{"@type":"WebPage","@id":"https:\/\/www.mundoagropecuario.cl\/new\/agricultura-impulsa-campana-de-sensibilizacion-para-el-uso-de-lena-seca\/","url":"https:\/\/www.mundoagropecuario.cl\/new\/agricultura-impulsa-campana-de-sensibilizacion-para-el-uso-de-lena-seca\/","name":"Agricultura impulsa campa\u00f1a de sensibilizaci\u00f3n para el uso de le\u00f1a seca - Mundoagropecuario","isPartOf":{"@id":"https:\/\/www.mundoagropecuario.cl\/new\/#website"},"primaryImageOfPage":{"@id":"https:\/\/www.mundoagropecuario.cl\/new\/agricultura-impulsa-campana-de-sensibilizacion-para-el-uso-de-lena-seca\/#primaryimage"},"image":{"@id":"https:\/\/www.mundoagropecuario.cl\/new\/agricultura-impulsa-campana-de-sensibilizacion-para-el-uso-de-lena-seca\/#primaryimage"},"thumbnailUrl":"https:\/\/www.mundoagropecuario.cl\/new\/wp-content\/uploads\/2018\/07\/prensa1.jpg","datePublished":"2018-07-20T13:00:47+00:00","dateModified":"2018-07-20T13:03:16+00:00","breadcrumb":{"@id":"https:\/\/www.mundoagropecuario.cl\/new\/agricultura-impulsa-campana-de-sensibilizacion-para-el-uso-de-lena-seca\/#breadcrumb"},"inLanguage":"es","potentialAction":[{"@type":"ReadAction","target":["https:\/\/www.mundoagropecuario.cl\/new\/agricultura-impulsa-campana-de-sensibilizacion-para-el-uso-de-lena-seca\/"]}]},{"@type":"ImageObject","inLanguage":"es","@id":"https:\/\/www.mundoagropecuario.cl\/new\/agricultura-impulsa-campana-de-sensibilizacion-para-el-uso-de-lena-seca\/#primaryimage","url":"https:\/\/www.mundoagropecuario.cl\/new\/wp-content\/uploads\/2018\/07\/prensa1.jpg","contentUrl":"https:\/\/www.mundoagropecuario.cl\/new\/wp-content\/uploads\/2018\/07\/prensa1.jpg","width":601,"height":400},{"@type":"BreadcrumbList","@id":"https:\/\/www.mundoagropecuario.cl\/new\/agricultura-impulsa-campana-de-sensibilizacion-para-el-uso-de-lena-seca\/#breadcrumb","itemListElement":[{"@type":"ListItem","position":1,"name":"Portada","item":"https:\/\/www.mundoagropecuario.cl\/new\/"},{"@type":"ListItem","position":2,"name":"Agricultura impulsa campa\u00f1a de sensibilizaci\u00f3n para el uso de le\u00f1a seca"}]},{"@type":"WebSite","@id":"https:\/\/www.mundoagropecuario.cl\/new\/#website","url":"https:\/\/www.mundoagropecuario.cl\/new\/","name":"Mundoagropecuario","description":"Mundo Agropecuario","publisher":{"@id":"https:\/\/www.mundoagropecuario.cl\/new\/#organization"},"potentialAction":[{"@type":"SearchAction","target":{"@type":"EntryPoint","urlTemplate":"https:\/\/www.mundoagropecuario.cl\/new\/?s={search_term_string}"},"query-input":{"@type":"PropertyValueSpecification","valueRequired":true,"valueName":"search_term_string"}}],"inLanguage":"es"},{"@type":"Organization","@id":"https:\/\/www.mundoagropecuario.cl\/new\/#organization","name":"Revista de Agricultura","url":"https:\/\/www.mundoagropecuario.cl\/new\/","logo":{"@type":"ImageObject","inLanguage":"es","@id":"https:\/\/www.mundoagropecuario.cl\/new\/#\/schema\/logo\/image\/","url":"https:\/\/www.mundoagropecuario.cl\/new\/wp-content\/uploads\/2020\/11\/PORTAL-1-1.png","contentUrl":"https:\/\/www.mundoagropecuario.cl\/new\/wp-content\/uploads\/2020\/11\/PORTAL-1-1.png","width":1026,"height":100,"caption":"Revista de Agricultura"},"image":{"@id":"https:\/\/www.mundoagropecuario.cl\/new\/#\/schema\/logo\/image\/"},"sameAs":["https:\/\/www.facebook.com\/mundo.agropecuario.3","https:\/\/x.com\/MundoAgropecuar","https:\/\/www.linkedin.com\/in\/mundo-agropecuario-934009201\/"]},{"@type":"Person","@id":"https:\/\/www.mundoagropecuario.cl\/new\/#\/schema\/person\/0c221050801c74e45256a7a9a1ff0803","name":"periodista","url":"https:\/\/www.mundoagropecuario.cl\/new\/author\/periodista\/"}]}},"_links":{"self":[{"href":"https:\/\/www.mundoagropecuario.cl\/new\/wp-json\/wp\/v2\/posts\/7707","targetHints":{"allow":["GET"]}}],"collection":[{"href":"https:\/\/www.mundoagropecuario.cl\/new\/wp-json\/wp\/v2\/posts"}],"about":[{"href":"https:\/\/www.mundoagropecuario.cl\/new\/wp-json\/wp\/v2\/types\/post"}],"author":[{"embeddable":true,"href":"https:\/\/www.mundoagropecuario.cl\/new\/wp-json\/wp\/v2\/users\/3"}],"replies":[{"embeddable":true,"href":"https:\/\/www.mundoagropecuario.cl\/new\/wp-json\/wp\/v2\/comments?post=7707"}],"version-history":[{"count":1,"href":"https:\/\/www.mundoagropecuario.cl\/new\/wp-json\/wp\/v2\/posts\/7707\/revisions"}],"predecessor-version":[{"id":7709,"href":"https:\/\/www.mundoagropecuario.cl\/new\/wp-json\/wp\/v2\/posts\/7707\/revisions\/7709"}],"wp:featuredmedia":[{"embeddable":true,"href":"https:\/\/www.mundoagropecuario.cl\/new\/wp-json\/wp\/v2\/media\/7708"}],"wp:attachment":[{"href":"https:\/\/www.mundoagropecuario.cl\/new\/wp-json\/wp\/v2\/media?parent=7707"}],"wp:term":[{"taxonomy":"category","embeddable":true,"href":"https:\/\/www.mundoagropecuario.cl\/new\/wp-json\/wp\/v2\/categories?post=7707"},{"taxonomy":"post_tag","embeddable":true,"href":"https:\/\/www.mundoagropecuario.cl\/new\/wp-json\/wp\/v2\/tags?post=7707"}],"curies":[{"name":"wp","href":"https:\/\/api.w.org\/{rel}","templated":true}]}}