{"id":7667,"date":"2018-07-18T09:44:36","date_gmt":"2018-07-18T12:44:36","guid":{"rendered":"http:\/\/www.mundoagropecuario.cl\/new\/?p=7667"},"modified":"2018-07-18T09:55:41","modified_gmt":"2018-07-18T12:55:41","slug":"graneleros-alertan-sobre-menor-competitividad-a-causa-de-altos-precios","status":"publish","type":"post","link":"https:\/\/www.mundoagropecuario.cl\/new\/graneleros-alertan-sobre-menor-competitividad-a-causa-de-altos-precios\/","title":{"rendered":"Graneleros alertan sobre menor competitividad a causa de altos precios"},"content":{"rendered":"<blockquote><p><em>Exportadores vitivin\u00edcolas sostuvieron que hay clientes que han dejado Chile por Argentina, donde el valor ha disminuido. (El Mercurio).<\/em><\/p><\/blockquote>\n<p>El mercado del vino a granel contin\u00faa siendo s\u00f3lido y robusto para la industria vitivin\u00edcola nacional. Sin embargo, su principal riesgo radica en su alta dependencia de la disponibilidad del producto en los mercados externos y de las variaciones de la demanda internacional.<\/p>\n<p>En el per\u00edodo enero-mayo se exportaron 140,7 millones de litros de vino a granel, lo que signific\u00f3 una ca\u00edda de 19,3% en comparaci\u00f3n con los primeros cinco meses del a\u00f1o pasado. Sin embargo, los env\u00edos en valor acumularon ventas por US$ 140,7 millones, monto que se tradujo en apenas una lev\u00edsima baja de 0,1% respecto de igual lapso de 2017. \u00bfA qu\u00e9 se debe que el sector haya registrado un descenso tan fuerte en volumen, pero no as\u00ed en valor? La respuesta est\u00e1 en el alza del precio que ha anotado el vino a granel. En el lapso enero-mayo, el valor promedio del producto fue de US$ 1 por litro, lo que revela un aumento de 23,5% frente a los US$ 0,81 de igual per\u00edodo del a\u00f1o pasado.<\/p>\n<p>Ahora bien, la escasa disponibilidad del producto no es privativa de Chile, pa\u00eds afectado por las d\u00e9biles vendimias del a\u00f1o pasado y antepasado. La situaci\u00f3n en el mundo tambi\u00e9n es compleja. El gerente comercial de Patricio Butr\u00f3n Vi\u00f1edos, Patricio Butr\u00f3n, sostuvo eso s\u00ed que con la cosecha de este a\u00f1o hay m\u00e1s vino disponible. Pese a ello, debido al aumento en el precio del vino, asegur\u00f3 que la industria local ha visto la fuga de muchos compradores, quienes se han volcado hacia Argentina, donde el vino ha comenzado a bajar. &#8220;El problema de un producto caro es que la industria chilena del granel se torna menos competitiva. Eso siempre complica&#8221;, se\u00f1al\u00f3.<\/p>\n<p>Otro exportador importante asegur\u00f3 que el vino a granel ha incrementado su valor por varios factores. Uno de ellos est\u00e1 ligado a Europa, que sufri\u00f3 su peor cosecha en 50 a\u00f1os. Adem\u00e1s, Sud\u00e1frica registr\u00f3 una sequ\u00eda de grandes proporciones. Australia, otro pa\u00eds importante en el segmento, tambi\u00e9n vio un encarecimiento en su producto. &#8220;En el caso de Argentina el precio del granel ha bajado, pero tiene un serio problema de imagen. A diferencia de Chile, no es un exportador reconocido&#8221;, sostuvo.<\/p>\n<p>Del total de exportaciones entre enero y mayo, a Estados Unidos se vendieron casi US$ 38 millones (26,8% de la participaci\u00f3n), a China se comercializaron US$ 36 millones (represent\u00f3 un 25,7% del total) y a Reino Unido m\u00e1s de US$ 19 millones (signific\u00f3 13,9% de la comercializaci\u00f3n). Dada la escasez de vino a granel en Europa y otros pa\u00edses, pr\u00e1cticamente todos los principales importadores han registrado un aumento en las compras a Chile. De hecho, China ha visto crecer sus importaciones desde Chile en m\u00e1s de 60%, Francia en un 53,5% y M\u00e9xico en un 38,2%.<\/p>\n<p>Un exportador relevante de vinos a granel asegur\u00f3 que &#8220;Chile sigue siendo m\u00e1s reconocido por sus vinos a granel que por los embotellados. La relevancia de los vinos a granel para Chile es una realidad&#8221;, se\u00f1al\u00f3.<\/p>\n<p>En cuanto a las ventas en volumen que tuvieron las principales vitivin\u00edcolas en 2017, RR Wine, ligada al empresario Raimundo Valenzuela, export\u00f3 106 millones de litros, solo por detr\u00e1s de Concha y Toro. Entre las m\u00e1s relevantes tambi\u00e9n figuran Lourdes, Urcelay y Patricio Butr\u00f3n, todas ellas graneleras.<\/p>\n","protected":false},"excerpt":{"rendered":"<p>Exportadores vitivin\u00edcolas sostuvieron que hay clientes que han dejado Chile por Argentina, donde el valor ha disminuido. (El Mercurio). El mercado del vino a granel contin\u00faa siendo s\u00f3lido y robusto&#8230;<\/p>\n","protected":false},"author":3,"featured_media":7669,"comment_status":"closed","ping_status":"closed","sticky":false,"template":"","format":"standard","meta":{"footnotes":""},"categories":[1950],"tags":[2207],"class_list":["post-7667","post","type-post","status-publish","format-standard","has-post-thumbnail","hentry","category-empresa","tag-vino"],"yoast_head":"<!-- This site is optimized with the Yoast SEO plugin v26.6 - https:\/\/yoast.com\/wordpress\/plugins\/seo\/ -->\n<title>Graneleros alertan sobre menor competitividad a causa de altos precios - Mundoagropecuario<\/title>\n<meta name=\"robots\" content=\"index, follow, max-snippet:-1, max-image-preview:large, max-video-preview:-1\" \/>\n<link rel=\"canonical\" href=\"https:\/\/www.mundoagropecuario.cl\/new\/graneleros-alertan-sobre-menor-competitividad-a-causa-de-altos-precios\/\" \/>\n<meta property=\"og:locale\" content=\"es_ES\" \/>\n<meta property=\"og:type\" content=\"article\" \/>\n<meta property=\"og:title\" content=\"Graneleros alertan sobre menor competitividad a causa de altos precios - Mundoagropecuario\" \/>\n<meta property=\"og:description\" content=\"Exportadores vitivin\u00edcolas sostuvieron que hay clientes que han dejado Chile por Argentina, donde el valor ha disminuido. (El Mercurio). El mercado del vino a granel contin\u00faa siendo s\u00f3lido y robusto...\" \/>\n<meta property=\"og:url\" content=\"https:\/\/www.mundoagropecuario.cl\/new\/graneleros-alertan-sobre-menor-competitividad-a-causa-de-altos-precios\/\" \/>\n<meta property=\"og:site_name\" content=\"Mundoagropecuario\" \/>\n<meta property=\"article:publisher\" content=\"https:\/\/www.facebook.com\/mundo.agropecuario.3\" \/>\n<meta property=\"article:published_time\" content=\"2018-07-18T12:44:36+00:00\" \/>\n<meta property=\"article:modified_time\" content=\"2018-07-18T12:55:41+00:00\" \/>\n<meta property=\"og:image\" content=\"https:\/\/www.mundoagropecuario.cl\/new\/wp-content\/uploads\/2018\/07\/vinogranel-1.jpg\" \/>\n\t<meta property=\"og:image:width\" content=\"900\" \/>\n\t<meta property=\"og:image:height\" content=\"506\" \/>\n\t<meta property=\"og:image:type\" content=\"image\/jpeg\" \/>\n<meta name=\"author\" content=\"periodista\" \/>\n<meta name=\"twitter:card\" content=\"summary_large_image\" \/>\n<meta name=\"twitter:creator\" content=\"@MundoAgropecuar\" \/>\n<meta name=\"twitter:site\" content=\"@MundoAgropecuar\" \/>\n<meta name=\"twitter:label1\" content=\"Escrito por\" \/>\n\t<meta name=\"twitter:data1\" content=\"periodista\" \/>\n\t<meta name=\"twitter:label2\" content=\"Tiempo de lectura\" \/>\n\t<meta name=\"twitter:data2\" content=\"3 minutos\" \/>\n<script type=\"application\/ld+json\" class=\"yoast-schema-graph\">{\"@context\":\"https:\/\/schema.org\",\"@graph\":[{\"@type\":\"Article\",\"@id\":\"https:\/\/www.mundoagropecuario.cl\/new\/graneleros-alertan-sobre-menor-competitividad-a-causa-de-altos-precios\/#article\",\"isPartOf\":{\"@id\":\"https:\/\/www.mundoagropecuario.cl\/new\/graneleros-alertan-sobre-menor-competitividad-a-causa-de-altos-precios\/\"},\"author\":{\"name\":\"periodista\",\"@id\":\"https:\/\/www.mundoagropecuario.cl\/new\/#\/schema\/person\/0c221050801c74e45256a7a9a1ff0803\"},\"headline\":\"Graneleros alertan sobre menor competitividad a causa de altos precios\",\"datePublished\":\"2018-07-18T12:44:36+00:00\",\"dateModified\":\"2018-07-18T12:55:41+00:00\",\"mainEntityOfPage\":{\"@id\":\"https:\/\/www.mundoagropecuario.cl\/new\/graneleros-alertan-sobre-menor-competitividad-a-causa-de-altos-precios\/\"},\"wordCount\":594,\"publisher\":{\"@id\":\"https:\/\/www.mundoagropecuario.cl\/new\/#organization\"},\"image\":{\"@id\":\"https:\/\/www.mundoagropecuario.cl\/new\/graneleros-alertan-sobre-menor-competitividad-a-causa-de-altos-precios\/#primaryimage\"},\"thumbnailUrl\":\"https:\/\/www.mundoagropecuario.cl\/new\/wp-content\/uploads\/2018\/07\/vinogranel-1.jpg\",\"keywords\":[\"Vino\"],\"articleSection\":[\"Empresa\"],\"inLanguage\":\"es\"},{\"@type\":\"WebPage\",\"@id\":\"https:\/\/www.mundoagropecuario.cl\/new\/graneleros-alertan-sobre-menor-competitividad-a-causa-de-altos-precios\/\",\"url\":\"https:\/\/www.mundoagropecuario.cl\/new\/graneleros-alertan-sobre-menor-competitividad-a-causa-de-altos-precios\/\",\"name\":\"Graneleros alertan sobre menor competitividad a causa de altos precios - Mundoagropecuario\",\"isPartOf\":{\"@id\":\"https:\/\/www.mundoagropecuario.cl\/new\/#website\"},\"primaryImageOfPage\":{\"@id\":\"https:\/\/www.mundoagropecuario.cl\/new\/graneleros-alertan-sobre-menor-competitividad-a-causa-de-altos-precios\/#primaryimage\"},\"image\":{\"@id\":\"https:\/\/www.mundoagropecuario.cl\/new\/graneleros-alertan-sobre-menor-competitividad-a-causa-de-altos-precios\/#primaryimage\"},\"thumbnailUrl\":\"https:\/\/www.mundoagropecuario.cl\/new\/wp-content\/uploads\/2018\/07\/vinogranel-1.jpg\",\"datePublished\":\"2018-07-18T12:44:36+00:00\",\"dateModified\":\"2018-07-18T12:55:41+00:00\",\"breadcrumb\":{\"@id\":\"https:\/\/www.mundoagropecuario.cl\/new\/graneleros-alertan-sobre-menor-competitividad-a-causa-de-altos-precios\/#breadcrumb\"},\"inLanguage\":\"es\",\"potentialAction\":[{\"@type\":\"ReadAction\",\"target\":[\"https:\/\/www.mundoagropecuario.cl\/new\/graneleros-alertan-sobre-menor-competitividad-a-causa-de-altos-precios\/\"]}]},{\"@type\":\"ImageObject\",\"inLanguage\":\"es\",\"@id\":\"https:\/\/www.mundoagropecuario.cl\/new\/graneleros-alertan-sobre-menor-competitividad-a-causa-de-altos-precios\/#primaryimage\",\"url\":\"https:\/\/www.mundoagropecuario.cl\/new\/wp-content\/uploads\/2018\/07\/vinogranel-1.jpg\",\"contentUrl\":\"https:\/\/www.mundoagropecuario.cl\/new\/wp-content\/uploads\/2018\/07\/vinogranel-1.jpg\",\"width\":711,\"height\":400},{\"@type\":\"BreadcrumbList\",\"@id\":\"https:\/\/www.mundoagropecuario.cl\/new\/graneleros-alertan-sobre-menor-competitividad-a-causa-de-altos-precios\/#breadcrumb\",\"itemListElement\":[{\"@type\":\"ListItem\",\"position\":1,\"name\":\"Portada\",\"item\":\"https:\/\/www.mundoagropecuario.cl\/new\/\"},{\"@type\":\"ListItem\",\"position\":2,\"name\":\"Graneleros alertan sobre menor competitividad a causa de altos precios\"}]},{\"@type\":\"WebSite\",\"@id\":\"https:\/\/www.mundoagropecuario.cl\/new\/#website\",\"url\":\"https:\/\/www.mundoagropecuario.cl\/new\/\",\"name\":\"Mundoagropecuario\",\"description\":\"Mundo Agropecuario\",\"publisher\":{\"@id\":\"https:\/\/www.mundoagropecuario.cl\/new\/#organization\"},\"potentialAction\":[{\"@type\":\"SearchAction\",\"target\":{\"@type\":\"EntryPoint\",\"urlTemplate\":\"https:\/\/www.mundoagropecuario.cl\/new\/?s={search_term_string}\"},\"query-input\":{\"@type\":\"PropertyValueSpecification\",\"valueRequired\":true,\"valueName\":\"search_term_string\"}}],\"inLanguage\":\"es\"},{\"@type\":\"Organization\",\"@id\":\"https:\/\/www.mundoagropecuario.cl\/new\/#organization\",\"name\":\"Revista de Agricultura\",\"url\":\"https:\/\/www.mundoagropecuario.cl\/new\/\",\"logo\":{\"@type\":\"ImageObject\",\"inLanguage\":\"es\",\"@id\":\"https:\/\/www.mundoagropecuario.cl\/new\/#\/schema\/logo\/image\/\",\"url\":\"https:\/\/www.mundoagropecuario.cl\/new\/wp-content\/uploads\/2020\/11\/PORTAL-1-1.png\",\"contentUrl\":\"https:\/\/www.mundoagropecuario.cl\/new\/wp-content\/uploads\/2020\/11\/PORTAL-1-1.png\",\"width\":1026,\"height\":100,\"caption\":\"Revista de Agricultura\"},\"image\":{\"@id\":\"https:\/\/www.mundoagropecuario.cl\/new\/#\/schema\/logo\/image\/\"},\"sameAs\":[\"https:\/\/www.facebook.com\/mundo.agropecuario.3\",\"https:\/\/x.com\/MundoAgropecuar\",\"https:\/\/www.linkedin.com\/in\/mundo-agropecuario-934009201\/\"]},{\"@type\":\"Person\",\"@id\":\"https:\/\/www.mundoagropecuario.cl\/new\/#\/schema\/person\/0c221050801c74e45256a7a9a1ff0803\",\"name\":\"periodista\",\"url\":\"https:\/\/www.mundoagropecuario.cl\/new\/author\/periodista\/\"}]}<\/script>\n<!-- \/ Yoast SEO plugin. -->","yoast_head_json":{"title":"Graneleros alertan sobre menor competitividad a causa de altos precios - Mundoagropecuario","robots":{"index":"index","follow":"follow","max-snippet":"max-snippet:-1","max-image-preview":"max-image-preview:large","max-video-preview":"max-video-preview:-1"},"canonical":"https:\/\/www.mundoagropecuario.cl\/new\/graneleros-alertan-sobre-menor-competitividad-a-causa-de-altos-precios\/","og_locale":"es_ES","og_type":"article","og_title":"Graneleros alertan sobre menor competitividad a causa de altos precios - Mundoagropecuario","og_description":"Exportadores vitivin\u00edcolas sostuvieron que hay clientes que han dejado Chile por Argentina, donde el valor ha disminuido. (El Mercurio). El mercado del vino a granel contin\u00faa siendo s\u00f3lido y robusto...","og_url":"https:\/\/www.mundoagropecuario.cl\/new\/graneleros-alertan-sobre-menor-competitividad-a-causa-de-altos-precios\/","og_site_name":"Mundoagropecuario","article_publisher":"https:\/\/www.facebook.com\/mundo.agropecuario.3","article_published_time":"2018-07-18T12:44:36+00:00","article_modified_time":"2018-07-18T12:55:41+00:00","og_image":[{"width":900,"height":506,"url":"https:\/\/www.mundoagropecuario.cl\/new\/wp-content\/uploads\/2018\/07\/vinogranel-1.jpg","type":"image\/jpeg"}],"author":"periodista","twitter_card":"summary_large_image","twitter_creator":"@MundoAgropecuar","twitter_site":"@MundoAgropecuar","twitter_misc":{"Escrito por":"periodista","Tiempo de lectura":"3 minutos"},"schema":{"@context":"https:\/\/schema.org","@graph":[{"@type":"Article","@id":"https:\/\/www.mundoagropecuario.cl\/new\/graneleros-alertan-sobre-menor-competitividad-a-causa-de-altos-precios\/#article","isPartOf":{"@id":"https:\/\/www.mundoagropecuario.cl\/new\/graneleros-alertan-sobre-menor-competitividad-a-causa-de-altos-precios\/"},"author":{"name":"periodista","@id":"https:\/\/www.mundoagropecuario.cl\/new\/#\/schema\/person\/0c221050801c74e45256a7a9a1ff0803"},"headline":"Graneleros alertan sobre menor competitividad a causa de altos precios","datePublished":"2018-07-18T12:44:36+00:00","dateModified":"2018-07-18T12:55:41+00:00","mainEntityOfPage":{"@id":"https:\/\/www.mundoagropecuario.cl\/new\/graneleros-alertan-sobre-menor-competitividad-a-causa-de-altos-precios\/"},"wordCount":594,"publisher":{"@id":"https:\/\/www.mundoagropecuario.cl\/new\/#organization"},"image":{"@id":"https:\/\/www.mundoagropecuario.cl\/new\/graneleros-alertan-sobre-menor-competitividad-a-causa-de-altos-precios\/#primaryimage"},"thumbnailUrl":"https:\/\/www.mundoagropecuario.cl\/new\/wp-content\/uploads\/2018\/07\/vinogranel-1.jpg","keywords":["Vino"],"articleSection":["Empresa"],"inLanguage":"es"},{"@type":"WebPage","@id":"https:\/\/www.mundoagropecuario.cl\/new\/graneleros-alertan-sobre-menor-competitividad-a-causa-de-altos-precios\/","url":"https:\/\/www.mundoagropecuario.cl\/new\/graneleros-alertan-sobre-menor-competitividad-a-causa-de-altos-precios\/","name":"Graneleros alertan sobre menor competitividad a causa de altos precios - Mundoagropecuario","isPartOf":{"@id":"https:\/\/www.mundoagropecuario.cl\/new\/#website"},"primaryImageOfPage":{"@id":"https:\/\/www.mundoagropecuario.cl\/new\/graneleros-alertan-sobre-menor-competitividad-a-causa-de-altos-precios\/#primaryimage"},"image":{"@id":"https:\/\/www.mundoagropecuario.cl\/new\/graneleros-alertan-sobre-menor-competitividad-a-causa-de-altos-precios\/#primaryimage"},"thumbnailUrl":"https:\/\/www.mundoagropecuario.cl\/new\/wp-content\/uploads\/2018\/07\/vinogranel-1.jpg","datePublished":"2018-07-18T12:44:36+00:00","dateModified":"2018-07-18T12:55:41+00:00","breadcrumb":{"@id":"https:\/\/www.mundoagropecuario.cl\/new\/graneleros-alertan-sobre-menor-competitividad-a-causa-de-altos-precios\/#breadcrumb"},"inLanguage":"es","potentialAction":[{"@type":"ReadAction","target":["https:\/\/www.mundoagropecuario.cl\/new\/graneleros-alertan-sobre-menor-competitividad-a-causa-de-altos-precios\/"]}]},{"@type":"ImageObject","inLanguage":"es","@id":"https:\/\/www.mundoagropecuario.cl\/new\/graneleros-alertan-sobre-menor-competitividad-a-causa-de-altos-precios\/#primaryimage","url":"https:\/\/www.mundoagropecuario.cl\/new\/wp-content\/uploads\/2018\/07\/vinogranel-1.jpg","contentUrl":"https:\/\/www.mundoagropecuario.cl\/new\/wp-content\/uploads\/2018\/07\/vinogranel-1.jpg","width":711,"height":400},{"@type":"BreadcrumbList","@id":"https:\/\/www.mundoagropecuario.cl\/new\/graneleros-alertan-sobre-menor-competitividad-a-causa-de-altos-precios\/#breadcrumb","itemListElement":[{"@type":"ListItem","position":1,"name":"Portada","item":"https:\/\/www.mundoagropecuario.cl\/new\/"},{"@type":"ListItem","position":2,"name":"Graneleros alertan sobre menor competitividad a causa de altos precios"}]},{"@type":"WebSite","@id":"https:\/\/www.mundoagropecuario.cl\/new\/#website","url":"https:\/\/www.mundoagropecuario.cl\/new\/","name":"Mundoagropecuario","description":"Mundo Agropecuario","publisher":{"@id":"https:\/\/www.mundoagropecuario.cl\/new\/#organization"},"potentialAction":[{"@type":"SearchAction","target":{"@type":"EntryPoint","urlTemplate":"https:\/\/www.mundoagropecuario.cl\/new\/?s={search_term_string}"},"query-input":{"@type":"PropertyValueSpecification","valueRequired":true,"valueName":"search_term_string"}}],"inLanguage":"es"},{"@type":"Organization","@id":"https:\/\/www.mundoagropecuario.cl\/new\/#organization","name":"Revista de Agricultura","url":"https:\/\/www.mundoagropecuario.cl\/new\/","logo":{"@type":"ImageObject","inLanguage":"es","@id":"https:\/\/www.mundoagropecuario.cl\/new\/#\/schema\/logo\/image\/","url":"https:\/\/www.mundoagropecuario.cl\/new\/wp-content\/uploads\/2020\/11\/PORTAL-1-1.png","contentUrl":"https:\/\/www.mundoagropecuario.cl\/new\/wp-content\/uploads\/2020\/11\/PORTAL-1-1.png","width":1026,"height":100,"caption":"Revista de Agricultura"},"image":{"@id":"https:\/\/www.mundoagropecuario.cl\/new\/#\/schema\/logo\/image\/"},"sameAs":["https:\/\/www.facebook.com\/mundo.agropecuario.3","https:\/\/x.com\/MundoAgropecuar","https:\/\/www.linkedin.com\/in\/mundo-agropecuario-934009201\/"]},{"@type":"Person","@id":"https:\/\/www.mundoagropecuario.cl\/new\/#\/schema\/person\/0c221050801c74e45256a7a9a1ff0803","name":"periodista","url":"https:\/\/www.mundoagropecuario.cl\/new\/author\/periodista\/"}]}},"_links":{"self":[{"href":"https:\/\/www.mundoagropecuario.cl\/new\/wp-json\/wp\/v2\/posts\/7667","targetHints":{"allow":["GET"]}}],"collection":[{"href":"https:\/\/www.mundoagropecuario.cl\/new\/wp-json\/wp\/v2\/posts"}],"about":[{"href":"https:\/\/www.mundoagropecuario.cl\/new\/wp-json\/wp\/v2\/types\/post"}],"author":[{"embeddable":true,"href":"https:\/\/www.mundoagropecuario.cl\/new\/wp-json\/wp\/v2\/users\/3"}],"replies":[{"embeddable":true,"href":"https:\/\/www.mundoagropecuario.cl\/new\/wp-json\/wp\/v2\/comments?post=7667"}],"version-history":[{"count":1,"href":"https:\/\/www.mundoagropecuario.cl\/new\/wp-json\/wp\/v2\/posts\/7667\/revisions"}],"predecessor-version":[{"id":7670,"href":"https:\/\/www.mundoagropecuario.cl\/new\/wp-json\/wp\/v2\/posts\/7667\/revisions\/7670"}],"wp:featuredmedia":[{"embeddable":true,"href":"https:\/\/www.mundoagropecuario.cl\/new\/wp-json\/wp\/v2\/media\/7669"}],"wp:attachment":[{"href":"https:\/\/www.mundoagropecuario.cl\/new\/wp-json\/wp\/v2\/media?parent=7667"}],"wp:term":[{"taxonomy":"category","embeddable":true,"href":"https:\/\/www.mundoagropecuario.cl\/new\/wp-json\/wp\/v2\/categories?post=7667"},{"taxonomy":"post_tag","embeddable":true,"href":"https:\/\/www.mundoagropecuario.cl\/new\/wp-json\/wp\/v2\/tags?post=7667"}],"curies":[{"name":"wp","href":"https:\/\/api.w.org\/{rel}","templated":true}]}}