{"id":7643,"date":"2018-07-17T09:45:53","date_gmt":"2018-07-17T12:45:53","guid":{"rendered":"http:\/\/www.mundoagropecuario.cl\/new\/?p=7643"},"modified":"2018-07-24T15:51:16","modified_gmt":"2018-07-24T18:51:16","slug":"nestle-ve-con-inquietud-posibles-impuestos-a-alimentos-azucarados-castiga-al-consumidor","status":"publish","type":"post","link":"https:\/\/www.mundoagropecuario.cl\/new\/nestle-ve-con-inquietud-posibles-impuestos-a-alimentos-azucarados-castiga-al-consumidor\/","title":{"rendered":"Nestl\u00e9 ve con inquietud posibles impuestos a alimentos azucarados: \u201cCastiga al consumidor\u201d"},"content":{"rendered":"<blockquote><p><em>El CEO de la firma, Laurent Freixe, afirma que este tipo de gravamen desicentiva la inversi\u00f3n. (La Tercera).<\/em><\/p><\/blockquote>\n<p>Cali, Colombia-Una lista de grav\u00e1menes est\u00e1 revisando el gobierno, y una de las opciones en estudio tiene relaci\u00f3n con aplicar impuestos a los alimentos con altos contenidos de az\u00facar y altos en grasas saturadas.<\/p>\n<p>Este posible escenario es analizado con inquietud por el CEO de Nestl\u00e9 para las Am\u00e9ricas, Laurent Freixe. \u201cNo es la respuesta adecuada. Penaliza y castiga al consumidor\u201d, asegura. \u201cSon cosas que empezaron en Europa. Y Europa hizo una vuelta a atr\u00e1s. \u00bfPor qu\u00e9? Porque al final eso impacta al consumidor, es el consumidor el que paga, eso no impacta tanto al consumo\u201d, se\u00f1ala. Explica que \u201cel consumidor hace sus prioridades en su canasta y no necesariamente va a bajar sus productos que contienen az\u00facar, pero van a cortar otros productos\u201d.<\/p>\n<p>Por estas razones, Freixe es tajante. \u201cEl penalizado es el consumidor. La mejor forma de cambiar los h\u00e1bitos es educar e informar al consumidor, no de castigarlo. El impuesto castiga al consumidor\u201d.<\/p>\n<p>Consultado si este tipo de gravamen tambi\u00e9n disincentiva la inversi\u00f3n de las empresas, Freixe responde que s\u00ed. \u201cCada vez que un gobierno plantea una nueva ley o reglamentaci\u00f3n debe pensar en consecuencias y mirar tambi\u00e9n las experiencias de las dem\u00e1s. Europa es un buen modelo porque tienen experiencia y tienen una visi\u00f3n muy clara la Uni\u00f3n Europea, que no es la soluci\u00f3n. La soluci\u00f3n es informar y educar, e incentivar a las empresas a mejorar sus productos\u201d, dice.<\/p>\n<p>El 27 de junio se cumplieron dos a\u00f1os de vigencia de la Ley de Etiquetado y comenz\u00f3 a regir la segunda fase de la normativa. No fue una sorpresa para la industria de alimentos, pero para Nestl\u00e9 es importante hacer algunos ajustes a la normativa.<\/p>\n<p>\u201cHay que cambiar y pasar a una informaci\u00f3n por la porci\u00f3n que el consumidor come o bebe y no por una f\u00f3rmula que no vale y no sirve de diferencia para nada. Nadie va a comer una tableta de chocolate de 100 gramos, no es recomendable, pero 10 gramos quiz\u00e1s es la informaci\u00f3n que hay que dar\u201d, dice.<\/p>\n<p>Freixe dice que la transici\u00f3n de Ley \u201cha sido un poco complejo\u201d, pero que tras este periodo \u201cfinalmente el mercado sigue desarroll\u00e1ndose de la misma forma\u201d.<\/p>\n<p>Mayor crecimiento, m\u00e1s consumo. El CEO de Nestl\u00e9 para las Am\u00e9ricas dice que las buenas perspectivas para la econom\u00eda chilena, se ha reflejado en una recuperaci\u00f3n del consumo. \u201cSiempre cuando hay crecimiento econ\u00f3mico, buenas perspectivas, cuando el consumidor ve el entorno m\u00e1s favorable, eso evidentemente favorece el gastar e invertir, el comer, el beber, el salir. As\u00ed que se nota una aceleraci\u00f3n\u201d, dice.<\/p>\n<p>En cuanto al foco que tendr\u00e1n las inversiones de la compa\u00f1\u00eda en Chile, Pablo Devoto, presidente ejecutivo de Nestl\u00e9 Chile, que dejar\u00e1 la compa\u00f1\u00eda a fines de este mes, se\u00f1al\u00f3 que estar\u00e1 en la innovaci\u00f3n, la renovaci\u00f3n del portafolio y el crecimiento de las categor\u00edas. \u201cHemos invertido muy fuerte en los \u00faltimos a\u00f1os (\u2026) En la medida que la econom\u00eda y el consumo crezca, las oportunidades se presenten, nosotros vamos a estar siempre invirtiendo\u201d. En esa l\u00ednea, asegur\u00f3 que \u201cChile es muy importante para Nestl\u00e9 dentro del contexto de Am\u00e9rica, despu\u00e9s de Estados Unidos, Brasil y M\u00e9xico\u201d.<\/p>\n","protected":false},"excerpt":{"rendered":"<p>El CEO de la firma, Laurent Freixe, afirma que este tipo de gravamen desicentiva la inversi\u00f3n. (La Tercera). Cali, Colombia-Una lista de grav\u00e1menes est\u00e1 revisando el gobierno, y una de&#8230;<\/p>\n","protected":false},"author":3,"featured_media":7412,"comment_status":"closed","ping_status":"closed","sticky":false,"template":"","format":"standard","meta":{"footnotes":""},"categories":[1950],"tags":[2150],"class_list":["post-7643","post","type-post","status-publish","format-standard","has-post-thumbnail","hentry","category-empresa","tag-nestle"],"yoast_head":"<!-- This site is optimized with the Yoast SEO plugin v26.6 - https:\/\/yoast.com\/wordpress\/plugins\/seo\/ -->\n<title>Nestl\u00e9 ve con inquietud posibles impuestos a alimentos azucarados: \u201cCastiga al consumidor\u201d - Mundoagropecuario<\/title>\n<meta name=\"robots\" content=\"index, follow, max-snippet:-1, max-image-preview:large, max-video-preview:-1\" \/>\n<link rel=\"canonical\" href=\"https:\/\/www.mundoagropecuario.cl\/new\/nestle-ve-con-inquietud-posibles-impuestos-a-alimentos-azucarados-castiga-al-consumidor\/\" \/>\n<meta property=\"og:locale\" content=\"es_ES\" \/>\n<meta property=\"og:type\" content=\"article\" \/>\n<meta property=\"og:title\" content=\"Nestl\u00e9 ve con inquietud posibles impuestos a alimentos azucarados: \u201cCastiga al consumidor\u201d - Mundoagropecuario\" \/>\n<meta property=\"og:description\" content=\"El CEO de la firma, Laurent Freixe, afirma que este tipo de gravamen desicentiva la inversi\u00f3n. (La Tercera). Cali, Colombia-Una lista de grav\u00e1menes est\u00e1 revisando el gobierno, y una de...\" \/>\n<meta property=\"og:url\" content=\"https:\/\/www.mundoagropecuario.cl\/new\/nestle-ve-con-inquietud-posibles-impuestos-a-alimentos-azucarados-castiga-al-consumidor\/\" \/>\n<meta property=\"og:site_name\" content=\"Mundoagropecuario\" \/>\n<meta property=\"article:publisher\" content=\"https:\/\/www.facebook.com\/mundo.agropecuario.3\" \/>\n<meta property=\"article:published_time\" content=\"2018-07-17T12:45:53+00:00\" \/>\n<meta property=\"article:modified_time\" content=\"2018-07-24T18:51:16+00:00\" \/>\n<meta property=\"og:image\" content=\"https:\/\/www.mundoagropecuario.cl\/new\/wp-content\/uploads\/2018\/07\/Nestle-Distribucion-Empresas_285235923_65389727_1024x576.jpg\" \/>\n\t<meta property=\"og:image:width\" content=\"1000\" \/>\n\t<meta property=\"og:image:height\" content=\"562\" \/>\n\t<meta property=\"og:image:type\" content=\"image\/jpeg\" \/>\n<meta name=\"author\" content=\"periodista\" \/>\n<meta name=\"twitter:card\" content=\"summary_large_image\" \/>\n<meta name=\"twitter:creator\" content=\"@MundoAgropecuar\" \/>\n<meta name=\"twitter:site\" content=\"@MundoAgropecuar\" \/>\n<meta name=\"twitter:label1\" content=\"Escrito por\" \/>\n\t<meta name=\"twitter:data1\" content=\"periodista\" \/>\n\t<meta name=\"twitter:label2\" content=\"Tiempo de lectura\" \/>\n\t<meta name=\"twitter:data2\" content=\"3 minutos\" \/>\n<script type=\"application\/ld+json\" class=\"yoast-schema-graph\">{\"@context\":\"https:\/\/schema.org\",\"@graph\":[{\"@type\":\"Article\",\"@id\":\"https:\/\/www.mundoagropecuario.cl\/new\/nestle-ve-con-inquietud-posibles-impuestos-a-alimentos-azucarados-castiga-al-consumidor\/#article\",\"isPartOf\":{\"@id\":\"https:\/\/www.mundoagropecuario.cl\/new\/nestle-ve-con-inquietud-posibles-impuestos-a-alimentos-azucarados-castiga-al-consumidor\/\"},\"author\":{\"name\":\"periodista\",\"@id\":\"https:\/\/www.mundoagropecuario.cl\/new\/#\/schema\/person\/0c221050801c74e45256a7a9a1ff0803\"},\"headline\":\"Nestl\u00e9 ve con inquietud posibles impuestos a alimentos azucarados: \u201cCastiga al consumidor\u201d\",\"datePublished\":\"2018-07-17T12:45:53+00:00\",\"dateModified\":\"2018-07-24T18:51:16+00:00\",\"mainEntityOfPage\":{\"@id\":\"https:\/\/www.mundoagropecuario.cl\/new\/nestle-ve-con-inquietud-posibles-impuestos-a-alimentos-azucarados-castiga-al-consumidor\/\"},\"wordCount\":595,\"publisher\":{\"@id\":\"https:\/\/www.mundoagropecuario.cl\/new\/#organization\"},\"image\":{\"@id\":\"https:\/\/www.mundoagropecuario.cl\/new\/nestle-ve-con-inquietud-posibles-impuestos-a-alimentos-azucarados-castiga-al-consumidor\/#primaryimage\"},\"thumbnailUrl\":\"https:\/\/www.mundoagropecuario.cl\/new\/wp-content\/uploads\/2018\/07\/Nestle-Distribucion-Empresas_285235923_65389727_1024x576.jpg\",\"keywords\":[\"Nestl\u00e9\"],\"articleSection\":[\"Empresa\"],\"inLanguage\":\"es\"},{\"@type\":\"WebPage\",\"@id\":\"https:\/\/www.mundoagropecuario.cl\/new\/nestle-ve-con-inquietud-posibles-impuestos-a-alimentos-azucarados-castiga-al-consumidor\/\",\"url\":\"https:\/\/www.mundoagropecuario.cl\/new\/nestle-ve-con-inquietud-posibles-impuestos-a-alimentos-azucarados-castiga-al-consumidor\/\",\"name\":\"Nestl\u00e9 ve con inquietud posibles impuestos a alimentos azucarados: \u201cCastiga al consumidor\u201d - Mundoagropecuario\",\"isPartOf\":{\"@id\":\"https:\/\/www.mundoagropecuario.cl\/new\/#website\"},\"primaryImageOfPage\":{\"@id\":\"https:\/\/www.mundoagropecuario.cl\/new\/nestle-ve-con-inquietud-posibles-impuestos-a-alimentos-azucarados-castiga-al-consumidor\/#primaryimage\"},\"image\":{\"@id\":\"https:\/\/www.mundoagropecuario.cl\/new\/nestle-ve-con-inquietud-posibles-impuestos-a-alimentos-azucarados-castiga-al-consumidor\/#primaryimage\"},\"thumbnailUrl\":\"https:\/\/www.mundoagropecuario.cl\/new\/wp-content\/uploads\/2018\/07\/Nestle-Distribucion-Empresas_285235923_65389727_1024x576.jpg\",\"datePublished\":\"2018-07-17T12:45:53+00:00\",\"dateModified\":\"2018-07-24T18:51:16+00:00\",\"breadcrumb\":{\"@id\":\"https:\/\/www.mundoagropecuario.cl\/new\/nestle-ve-con-inquietud-posibles-impuestos-a-alimentos-azucarados-castiga-al-consumidor\/#breadcrumb\"},\"inLanguage\":\"es\",\"potentialAction\":[{\"@type\":\"ReadAction\",\"target\":[\"https:\/\/www.mundoagropecuario.cl\/new\/nestle-ve-con-inquietud-posibles-impuestos-a-alimentos-azucarados-castiga-al-consumidor\/\"]}]},{\"@type\":\"ImageObject\",\"inLanguage\":\"es\",\"@id\":\"https:\/\/www.mundoagropecuario.cl\/new\/nestle-ve-con-inquietud-posibles-impuestos-a-alimentos-azucarados-castiga-al-consumidor\/#primaryimage\",\"url\":\"https:\/\/www.mundoagropecuario.cl\/new\/wp-content\/uploads\/2018\/07\/Nestle-Distribucion-Empresas_285235923_65389727_1024x576.jpg\",\"contentUrl\":\"https:\/\/www.mundoagropecuario.cl\/new\/wp-content\/uploads\/2018\/07\/Nestle-Distribucion-Empresas_285235923_65389727_1024x576.jpg\",\"width\":712,\"height\":400},{\"@type\":\"BreadcrumbList\",\"@id\":\"https:\/\/www.mundoagropecuario.cl\/new\/nestle-ve-con-inquietud-posibles-impuestos-a-alimentos-azucarados-castiga-al-consumidor\/#breadcrumb\",\"itemListElement\":[{\"@type\":\"ListItem\",\"position\":1,\"name\":\"Portada\",\"item\":\"https:\/\/www.mundoagropecuario.cl\/new\/\"},{\"@type\":\"ListItem\",\"position\":2,\"name\":\"Nestl\u00e9 ve con inquietud posibles impuestos a alimentos azucarados: \u201cCastiga al consumidor\u201d\"}]},{\"@type\":\"WebSite\",\"@id\":\"https:\/\/www.mundoagropecuario.cl\/new\/#website\",\"url\":\"https:\/\/www.mundoagropecuario.cl\/new\/\",\"name\":\"Mundoagropecuario\",\"description\":\"Mundo Agropecuario\",\"publisher\":{\"@id\":\"https:\/\/www.mundoagropecuario.cl\/new\/#organization\"},\"potentialAction\":[{\"@type\":\"SearchAction\",\"target\":{\"@type\":\"EntryPoint\",\"urlTemplate\":\"https:\/\/www.mundoagropecuario.cl\/new\/?s={search_term_string}\"},\"query-input\":{\"@type\":\"PropertyValueSpecification\",\"valueRequired\":true,\"valueName\":\"search_term_string\"}}],\"inLanguage\":\"es\"},{\"@type\":\"Organization\",\"@id\":\"https:\/\/www.mundoagropecuario.cl\/new\/#organization\",\"name\":\"Revista de Agricultura\",\"url\":\"https:\/\/www.mundoagropecuario.cl\/new\/\",\"logo\":{\"@type\":\"ImageObject\",\"inLanguage\":\"es\",\"@id\":\"https:\/\/www.mundoagropecuario.cl\/new\/#\/schema\/logo\/image\/\",\"url\":\"https:\/\/www.mundoagropecuario.cl\/new\/wp-content\/uploads\/2020\/11\/PORTAL-1-1.png\",\"contentUrl\":\"https:\/\/www.mundoagropecuario.cl\/new\/wp-content\/uploads\/2020\/11\/PORTAL-1-1.png\",\"width\":1026,\"height\":100,\"caption\":\"Revista de Agricultura\"},\"image\":{\"@id\":\"https:\/\/www.mundoagropecuario.cl\/new\/#\/schema\/logo\/image\/\"},\"sameAs\":[\"https:\/\/www.facebook.com\/mundo.agropecuario.3\",\"https:\/\/x.com\/MundoAgropecuar\",\"https:\/\/www.linkedin.com\/in\/mundo-agropecuario-934009201\/\"]},{\"@type\":\"Person\",\"@id\":\"https:\/\/www.mundoagropecuario.cl\/new\/#\/schema\/person\/0c221050801c74e45256a7a9a1ff0803\",\"name\":\"periodista\",\"url\":\"https:\/\/www.mundoagropecuario.cl\/new\/author\/periodista\/\"}]}<\/script>\n<!-- \/ Yoast SEO plugin. -->","yoast_head_json":{"title":"Nestl\u00e9 ve con inquietud posibles impuestos a alimentos azucarados: \u201cCastiga al consumidor\u201d - Mundoagropecuario","robots":{"index":"index","follow":"follow","max-snippet":"max-snippet:-1","max-image-preview":"max-image-preview:large","max-video-preview":"max-video-preview:-1"},"canonical":"https:\/\/www.mundoagropecuario.cl\/new\/nestle-ve-con-inquietud-posibles-impuestos-a-alimentos-azucarados-castiga-al-consumidor\/","og_locale":"es_ES","og_type":"article","og_title":"Nestl\u00e9 ve con inquietud posibles impuestos a alimentos azucarados: \u201cCastiga al consumidor\u201d - Mundoagropecuario","og_description":"El CEO de la firma, Laurent Freixe, afirma que este tipo de gravamen desicentiva la inversi\u00f3n. (La Tercera). Cali, Colombia-Una lista de grav\u00e1menes est\u00e1 revisando el gobierno, y una de...","og_url":"https:\/\/www.mundoagropecuario.cl\/new\/nestle-ve-con-inquietud-posibles-impuestos-a-alimentos-azucarados-castiga-al-consumidor\/","og_site_name":"Mundoagropecuario","article_publisher":"https:\/\/www.facebook.com\/mundo.agropecuario.3","article_published_time":"2018-07-17T12:45:53+00:00","article_modified_time":"2018-07-24T18:51:16+00:00","og_image":[{"width":1000,"height":562,"url":"https:\/\/www.mundoagropecuario.cl\/new\/wp-content\/uploads\/2018\/07\/Nestle-Distribucion-Empresas_285235923_65389727_1024x576.jpg","type":"image\/jpeg"}],"author":"periodista","twitter_card":"summary_large_image","twitter_creator":"@MundoAgropecuar","twitter_site":"@MundoAgropecuar","twitter_misc":{"Escrito por":"periodista","Tiempo de lectura":"3 minutos"},"schema":{"@context":"https:\/\/schema.org","@graph":[{"@type":"Article","@id":"https:\/\/www.mundoagropecuario.cl\/new\/nestle-ve-con-inquietud-posibles-impuestos-a-alimentos-azucarados-castiga-al-consumidor\/#article","isPartOf":{"@id":"https:\/\/www.mundoagropecuario.cl\/new\/nestle-ve-con-inquietud-posibles-impuestos-a-alimentos-azucarados-castiga-al-consumidor\/"},"author":{"name":"periodista","@id":"https:\/\/www.mundoagropecuario.cl\/new\/#\/schema\/person\/0c221050801c74e45256a7a9a1ff0803"},"headline":"Nestl\u00e9 ve con inquietud posibles impuestos a alimentos azucarados: \u201cCastiga al consumidor\u201d","datePublished":"2018-07-17T12:45:53+00:00","dateModified":"2018-07-24T18:51:16+00:00","mainEntityOfPage":{"@id":"https:\/\/www.mundoagropecuario.cl\/new\/nestle-ve-con-inquietud-posibles-impuestos-a-alimentos-azucarados-castiga-al-consumidor\/"},"wordCount":595,"publisher":{"@id":"https:\/\/www.mundoagropecuario.cl\/new\/#organization"},"image":{"@id":"https:\/\/www.mundoagropecuario.cl\/new\/nestle-ve-con-inquietud-posibles-impuestos-a-alimentos-azucarados-castiga-al-consumidor\/#primaryimage"},"thumbnailUrl":"https:\/\/www.mundoagropecuario.cl\/new\/wp-content\/uploads\/2018\/07\/Nestle-Distribucion-Empresas_285235923_65389727_1024x576.jpg","keywords":["Nestl\u00e9"],"articleSection":["Empresa"],"inLanguage":"es"},{"@type":"WebPage","@id":"https:\/\/www.mundoagropecuario.cl\/new\/nestle-ve-con-inquietud-posibles-impuestos-a-alimentos-azucarados-castiga-al-consumidor\/","url":"https:\/\/www.mundoagropecuario.cl\/new\/nestle-ve-con-inquietud-posibles-impuestos-a-alimentos-azucarados-castiga-al-consumidor\/","name":"Nestl\u00e9 ve con inquietud posibles impuestos a alimentos azucarados: \u201cCastiga al consumidor\u201d - Mundoagropecuario","isPartOf":{"@id":"https:\/\/www.mundoagropecuario.cl\/new\/#website"},"primaryImageOfPage":{"@id":"https:\/\/www.mundoagropecuario.cl\/new\/nestle-ve-con-inquietud-posibles-impuestos-a-alimentos-azucarados-castiga-al-consumidor\/#primaryimage"},"image":{"@id":"https:\/\/www.mundoagropecuario.cl\/new\/nestle-ve-con-inquietud-posibles-impuestos-a-alimentos-azucarados-castiga-al-consumidor\/#primaryimage"},"thumbnailUrl":"https:\/\/www.mundoagropecuario.cl\/new\/wp-content\/uploads\/2018\/07\/Nestle-Distribucion-Empresas_285235923_65389727_1024x576.jpg","datePublished":"2018-07-17T12:45:53+00:00","dateModified":"2018-07-24T18:51:16+00:00","breadcrumb":{"@id":"https:\/\/www.mundoagropecuario.cl\/new\/nestle-ve-con-inquietud-posibles-impuestos-a-alimentos-azucarados-castiga-al-consumidor\/#breadcrumb"},"inLanguage":"es","potentialAction":[{"@type":"ReadAction","target":["https:\/\/www.mundoagropecuario.cl\/new\/nestle-ve-con-inquietud-posibles-impuestos-a-alimentos-azucarados-castiga-al-consumidor\/"]}]},{"@type":"ImageObject","inLanguage":"es","@id":"https:\/\/www.mundoagropecuario.cl\/new\/nestle-ve-con-inquietud-posibles-impuestos-a-alimentos-azucarados-castiga-al-consumidor\/#primaryimage","url":"https:\/\/www.mundoagropecuario.cl\/new\/wp-content\/uploads\/2018\/07\/Nestle-Distribucion-Empresas_285235923_65389727_1024x576.jpg","contentUrl":"https:\/\/www.mundoagropecuario.cl\/new\/wp-content\/uploads\/2018\/07\/Nestle-Distribucion-Empresas_285235923_65389727_1024x576.jpg","width":712,"height":400},{"@type":"BreadcrumbList","@id":"https:\/\/www.mundoagropecuario.cl\/new\/nestle-ve-con-inquietud-posibles-impuestos-a-alimentos-azucarados-castiga-al-consumidor\/#breadcrumb","itemListElement":[{"@type":"ListItem","position":1,"name":"Portada","item":"https:\/\/www.mundoagropecuario.cl\/new\/"},{"@type":"ListItem","position":2,"name":"Nestl\u00e9 ve con inquietud posibles impuestos a alimentos azucarados: \u201cCastiga al consumidor\u201d"}]},{"@type":"WebSite","@id":"https:\/\/www.mundoagropecuario.cl\/new\/#website","url":"https:\/\/www.mundoagropecuario.cl\/new\/","name":"Mundoagropecuario","description":"Mundo Agropecuario","publisher":{"@id":"https:\/\/www.mundoagropecuario.cl\/new\/#organization"},"potentialAction":[{"@type":"SearchAction","target":{"@type":"EntryPoint","urlTemplate":"https:\/\/www.mundoagropecuario.cl\/new\/?s={search_term_string}"},"query-input":{"@type":"PropertyValueSpecification","valueRequired":true,"valueName":"search_term_string"}}],"inLanguage":"es"},{"@type":"Organization","@id":"https:\/\/www.mundoagropecuario.cl\/new\/#organization","name":"Revista de Agricultura","url":"https:\/\/www.mundoagropecuario.cl\/new\/","logo":{"@type":"ImageObject","inLanguage":"es","@id":"https:\/\/www.mundoagropecuario.cl\/new\/#\/schema\/logo\/image\/","url":"https:\/\/www.mundoagropecuario.cl\/new\/wp-content\/uploads\/2020\/11\/PORTAL-1-1.png","contentUrl":"https:\/\/www.mundoagropecuario.cl\/new\/wp-content\/uploads\/2020\/11\/PORTAL-1-1.png","width":1026,"height":100,"caption":"Revista de Agricultura"},"image":{"@id":"https:\/\/www.mundoagropecuario.cl\/new\/#\/schema\/logo\/image\/"},"sameAs":["https:\/\/www.facebook.com\/mundo.agropecuario.3","https:\/\/x.com\/MundoAgropecuar","https:\/\/www.linkedin.com\/in\/mundo-agropecuario-934009201\/"]},{"@type":"Person","@id":"https:\/\/www.mundoagropecuario.cl\/new\/#\/schema\/person\/0c221050801c74e45256a7a9a1ff0803","name":"periodista","url":"https:\/\/www.mundoagropecuario.cl\/new\/author\/periodista\/"}]}},"_links":{"self":[{"href":"https:\/\/www.mundoagropecuario.cl\/new\/wp-json\/wp\/v2\/posts\/7643","targetHints":{"allow":["GET"]}}],"collection":[{"href":"https:\/\/www.mundoagropecuario.cl\/new\/wp-json\/wp\/v2\/posts"}],"about":[{"href":"https:\/\/www.mundoagropecuario.cl\/new\/wp-json\/wp\/v2\/types\/post"}],"author":[{"embeddable":true,"href":"https:\/\/www.mundoagropecuario.cl\/new\/wp-json\/wp\/v2\/users\/3"}],"replies":[{"embeddable":true,"href":"https:\/\/www.mundoagropecuario.cl\/new\/wp-json\/wp\/v2\/comments?post=7643"}],"version-history":[{"count":1,"href":"https:\/\/www.mundoagropecuario.cl\/new\/wp-json\/wp\/v2\/posts\/7643\/revisions"}],"predecessor-version":[{"id":7644,"href":"https:\/\/www.mundoagropecuario.cl\/new\/wp-json\/wp\/v2\/posts\/7643\/revisions\/7644"}],"wp:featuredmedia":[{"embeddable":true,"href":"https:\/\/www.mundoagropecuario.cl\/new\/wp-json\/wp\/v2\/media\/7412"}],"wp:attachment":[{"href":"https:\/\/www.mundoagropecuario.cl\/new\/wp-json\/wp\/v2\/media?parent=7643"}],"wp:term":[{"taxonomy":"category","embeddable":true,"href":"https:\/\/www.mundoagropecuario.cl\/new\/wp-json\/wp\/v2\/categories?post=7643"},{"taxonomy":"post_tag","embeddable":true,"href":"https:\/\/www.mundoagropecuario.cl\/new\/wp-json\/wp\/v2\/tags?post=7643"}],"curies":[{"name":"wp","href":"https:\/\/api.w.org\/{rel}","templated":true}]}}