{"id":7627,"date":"2018-07-13T10:53:59","date_gmt":"2018-07-13T13:53:59","guid":{"rendered":"http:\/\/www.mundoagropecuario.cl\/new\/?p=7627"},"modified":"2018-07-13T10:53:59","modified_gmt":"2018-07-13T13:53:59","slug":"llaman-al-ejecutivo-a-implementar-medidas-de-seguridad-en-zonas-rurales-de-chile","status":"publish","type":"post","link":"https:\/\/www.mundoagropecuario.cl\/new\/llaman-al-ejecutivo-a-implementar-medidas-de-seguridad-en-zonas-rurales-de-chile\/","title":{"rendered":"Llaman al Ejecutivo a implementar medidas de seguridad en zonas rurales de Chile"},"content":{"rendered":"<blockquote><p><em>La resoluci\u00f3n deja de manifiesto el inter\u00e9s por prevenir y perseguir con mayor eficacia los delitos perpetrados en las zonas rurales, promoviendo con ello un mejoramiento de la seguridad p\u00fablica. (Mundo Agropecuario).<\/em><\/p><\/blockquote>\n<p>Solicitar al Presidente de la Rep\u00fablica que instruya al Ministerio del Interior y Seguridad P\u00fablica para que, en conjunto con Carabineros, la Polic\u00eda de Investigaciones y dem\u00e1s autoridades locales competentes, ideen y establezcan programas de seguridad en las zonas rurales del pa\u00eds es el objetivo central de la resoluci\u00f3n 98 aprobada por la C\u00e1mara de Diputados por 124 votos a favor, doce en contra y cuatro abstenciones.<\/p>\n<p>La propuesta fue presentada a la Sala por los diputados UDI Pedro Pablo Alvarez-Salamanca, Cristhian Moreira, Jorge Alessandri, \u00c1lvaro Carter y Nino Baltolu; y RN Ren\u00e9 Manuel Garc\u00eda, Ram\u00f3n Galleguillos y Jorge Rathgeb.<\/p>\n<p>Los legisladores esperan que estos nuevos programas puedan prevenir y perseguir con mayor eficacia los delitos perpetrados en las zonas rurales, promoviendo con ello un mejoramiento de la seguridad p\u00fablica, particularmente mediante la instalaci\u00f3n de sistemas de televigilancia en las principales calles y sectores productivos.<\/p>\n<p>&#8220;Nadie puede desconocer que la delincuencia se encuentra presente en todos los rincones de nuestra naci\u00f3n y que, en materia rural, mucho hay que efectuar en aras de disminuir una creciente taza de delitos, no solo los vinculados con el agro propiamente tal (abigeato, robo de maquinarias, etc.), sino que tambi\u00e9n delitos de c\u00f3mo el homicidio, lesiones u otros il\u00edcitos que requieren de una mayor disposici\u00f3n de la autoridad en el \u00e1mbito delincuencial&#8221;, plantearon.<\/p>\n","protected":false},"excerpt":{"rendered":"<p>La resoluci\u00f3n deja de manifiesto el inter\u00e9s por prevenir y perseguir con mayor eficacia los delitos perpetrados en las zonas rurales, promoviendo con ello un mejoramiento de la seguridad p\u00fablica&#8230;.<\/p>\n","protected":false},"author":3,"featured_media":7628,"comment_status":"closed","ping_status":"closed","sticky":false,"template":"","format":"standard","meta":{"footnotes":""},"categories":[1945],"tags":[2182],"class_list":["post-7627","post","type-post","status-publish","format-standard","has-post-thumbnail","hentry","category-agricultura","tag-seguridad-rural"],"yoast_head":"<!-- This site is optimized with the Yoast SEO plugin v26.6 - https:\/\/yoast.com\/wordpress\/plugins\/seo\/ -->\n<title>Llaman al Ejecutivo a implementar medidas de seguridad en zonas rurales de Chile - Mundoagropecuario<\/title>\n<meta name=\"robots\" content=\"index, follow, max-snippet:-1, max-image-preview:large, max-video-preview:-1\" \/>\n<link rel=\"canonical\" href=\"https:\/\/www.mundoagropecuario.cl\/new\/llaman-al-ejecutivo-a-implementar-medidas-de-seguridad-en-zonas-rurales-de-chile\/\" \/>\n<meta property=\"og:locale\" content=\"es_ES\" \/>\n<meta property=\"og:type\" content=\"article\" \/>\n<meta property=\"og:title\" content=\"Llaman al Ejecutivo a implementar medidas de seguridad en zonas rurales de Chile - Mundoagropecuario\" \/>\n<meta property=\"og:description\" content=\"La resoluci\u00f3n deja de manifiesto el inter\u00e9s por prevenir y perseguir con mayor eficacia los delitos perpetrados en las zonas rurales, promoviendo con ello un mejoramiento de la seguridad p\u00fablica....\" \/>\n<meta property=\"og:url\" content=\"https:\/\/www.mundoagropecuario.cl\/new\/llaman-al-ejecutivo-a-implementar-medidas-de-seguridad-en-zonas-rurales-de-chile\/\" \/>\n<meta property=\"og:site_name\" content=\"Mundoagropecuario\" \/>\n<meta property=\"article:publisher\" content=\"https:\/\/www.facebook.com\/mundo.agropecuario.3\" \/>\n<meta property=\"article:published_time\" content=\"2018-07-13T13:53:59+00:00\" \/>\n<meta property=\"og:image\" content=\"https:\/\/www.mundoagropecuario.cl\/new\/wp-content\/uploads\/2018\/07\/seguridadrural.jpg\" \/>\n\t<meta property=\"og:image:width\" content=\"900\" \/>\n\t<meta property=\"og:image:height\" content=\"679\" \/>\n\t<meta property=\"og:image:type\" content=\"image\/jpeg\" \/>\n<meta name=\"author\" content=\"periodista\" \/>\n<meta name=\"twitter:card\" content=\"summary_large_image\" \/>\n<meta name=\"twitter:creator\" content=\"@MundoAgropecuar\" \/>\n<meta name=\"twitter:site\" content=\"@MundoAgropecuar\" \/>\n<meta name=\"twitter:label1\" content=\"Escrito por\" \/>\n\t<meta name=\"twitter:data1\" content=\"periodista\" \/>\n\t<meta name=\"twitter:label2\" content=\"Tiempo de lectura\" \/>\n\t<meta name=\"twitter:data2\" content=\"1 minuto\" \/>\n<script type=\"application\/ld+json\" class=\"yoast-schema-graph\">{\"@context\":\"https:\/\/schema.org\",\"@graph\":[{\"@type\":\"Article\",\"@id\":\"https:\/\/www.mundoagropecuario.cl\/new\/llaman-al-ejecutivo-a-implementar-medidas-de-seguridad-en-zonas-rurales-de-chile\/#article\",\"isPartOf\":{\"@id\":\"https:\/\/www.mundoagropecuario.cl\/new\/llaman-al-ejecutivo-a-implementar-medidas-de-seguridad-en-zonas-rurales-de-chile\/\"},\"author\":{\"name\":\"periodista\",\"@id\":\"https:\/\/www.mundoagropecuario.cl\/new\/#\/schema\/person\/0c221050801c74e45256a7a9a1ff0803\"},\"headline\":\"Llaman al Ejecutivo a implementar medidas de seguridad en zonas rurales de Chile\",\"datePublished\":\"2018-07-13T13:53:59+00:00\",\"mainEntityOfPage\":{\"@id\":\"https:\/\/www.mundoagropecuario.cl\/new\/llaman-al-ejecutivo-a-implementar-medidas-de-seguridad-en-zonas-rurales-de-chile\/\"},\"wordCount\":281,\"publisher\":{\"@id\":\"https:\/\/www.mundoagropecuario.cl\/new\/#organization\"},\"image\":{\"@id\":\"https:\/\/www.mundoagropecuario.cl\/new\/llaman-al-ejecutivo-a-implementar-medidas-de-seguridad-en-zonas-rurales-de-chile\/#primaryimage\"},\"thumbnailUrl\":\"https:\/\/www.mundoagropecuario.cl\/new\/wp-content\/uploads\/2018\/07\/seguridadrural.jpg\",\"keywords\":[\"Seguridad rural\"],\"articleSection\":[\"Agricultura\"],\"inLanguage\":\"es\"},{\"@type\":\"WebPage\",\"@id\":\"https:\/\/www.mundoagropecuario.cl\/new\/llaman-al-ejecutivo-a-implementar-medidas-de-seguridad-en-zonas-rurales-de-chile\/\",\"url\":\"https:\/\/www.mundoagropecuario.cl\/new\/llaman-al-ejecutivo-a-implementar-medidas-de-seguridad-en-zonas-rurales-de-chile\/\",\"name\":\"Llaman al Ejecutivo a implementar medidas de seguridad en zonas rurales de Chile - Mundoagropecuario\",\"isPartOf\":{\"@id\":\"https:\/\/www.mundoagropecuario.cl\/new\/#website\"},\"primaryImageOfPage\":{\"@id\":\"https:\/\/www.mundoagropecuario.cl\/new\/llaman-al-ejecutivo-a-implementar-medidas-de-seguridad-en-zonas-rurales-de-chile\/#primaryimage\"},\"image\":{\"@id\":\"https:\/\/www.mundoagropecuario.cl\/new\/llaman-al-ejecutivo-a-implementar-medidas-de-seguridad-en-zonas-rurales-de-chile\/#primaryimage\"},\"thumbnailUrl\":\"https:\/\/www.mundoagropecuario.cl\/new\/wp-content\/uploads\/2018\/07\/seguridadrural.jpg\",\"datePublished\":\"2018-07-13T13:53:59+00:00\",\"breadcrumb\":{\"@id\":\"https:\/\/www.mundoagropecuario.cl\/new\/llaman-al-ejecutivo-a-implementar-medidas-de-seguridad-en-zonas-rurales-de-chile\/#breadcrumb\"},\"inLanguage\":\"es\",\"potentialAction\":[{\"@type\":\"ReadAction\",\"target\":[\"https:\/\/www.mundoagropecuario.cl\/new\/llaman-al-ejecutivo-a-implementar-medidas-de-seguridad-en-zonas-rurales-de-chile\/\"]}]},{\"@type\":\"ImageObject\",\"inLanguage\":\"es\",\"@id\":\"https:\/\/www.mundoagropecuario.cl\/new\/llaman-al-ejecutivo-a-implementar-medidas-de-seguridad-en-zonas-rurales-de-chile\/#primaryimage\",\"url\":\"https:\/\/www.mundoagropecuario.cl\/new\/wp-content\/uploads\/2018\/07\/seguridadrural.jpg\",\"contentUrl\":\"https:\/\/www.mundoagropecuario.cl\/new\/wp-content\/uploads\/2018\/07\/seguridadrural.jpg\",\"width\":530,\"height\":400},{\"@type\":\"BreadcrumbList\",\"@id\":\"https:\/\/www.mundoagropecuario.cl\/new\/llaman-al-ejecutivo-a-implementar-medidas-de-seguridad-en-zonas-rurales-de-chile\/#breadcrumb\",\"itemListElement\":[{\"@type\":\"ListItem\",\"position\":1,\"name\":\"Portada\",\"item\":\"https:\/\/www.mundoagropecuario.cl\/new\/\"},{\"@type\":\"ListItem\",\"position\":2,\"name\":\"Llaman al Ejecutivo a implementar medidas de seguridad en zonas rurales de Chile\"}]},{\"@type\":\"WebSite\",\"@id\":\"https:\/\/www.mundoagropecuario.cl\/new\/#website\",\"url\":\"https:\/\/www.mundoagropecuario.cl\/new\/\",\"name\":\"Mundoagropecuario\",\"description\":\"Mundo Agropecuario\",\"publisher\":{\"@id\":\"https:\/\/www.mundoagropecuario.cl\/new\/#organization\"},\"potentialAction\":[{\"@type\":\"SearchAction\",\"target\":{\"@type\":\"EntryPoint\",\"urlTemplate\":\"https:\/\/www.mundoagropecuario.cl\/new\/?s={search_term_string}\"},\"query-input\":{\"@type\":\"PropertyValueSpecification\",\"valueRequired\":true,\"valueName\":\"search_term_string\"}}],\"inLanguage\":\"es\"},{\"@type\":\"Organization\",\"@id\":\"https:\/\/www.mundoagropecuario.cl\/new\/#organization\",\"name\":\"Revista de Agricultura\",\"url\":\"https:\/\/www.mundoagropecuario.cl\/new\/\",\"logo\":{\"@type\":\"ImageObject\",\"inLanguage\":\"es\",\"@id\":\"https:\/\/www.mundoagropecuario.cl\/new\/#\/schema\/logo\/image\/\",\"url\":\"https:\/\/www.mundoagropecuario.cl\/new\/wp-content\/uploads\/2020\/11\/PORTAL-1-1.png\",\"contentUrl\":\"https:\/\/www.mundoagropecuario.cl\/new\/wp-content\/uploads\/2020\/11\/PORTAL-1-1.png\",\"width\":1026,\"height\":100,\"caption\":\"Revista de Agricultura\"},\"image\":{\"@id\":\"https:\/\/www.mundoagropecuario.cl\/new\/#\/schema\/logo\/image\/\"},\"sameAs\":[\"https:\/\/www.facebook.com\/mundo.agropecuario.3\",\"https:\/\/x.com\/MundoAgropecuar\",\"https:\/\/www.linkedin.com\/in\/mundo-agropecuario-934009201\/\"]},{\"@type\":\"Person\",\"@id\":\"https:\/\/www.mundoagropecuario.cl\/new\/#\/schema\/person\/0c221050801c74e45256a7a9a1ff0803\",\"name\":\"periodista\",\"url\":\"https:\/\/www.mundoagropecuario.cl\/new\/author\/periodista\/\"}]}<\/script>\n<!-- \/ Yoast SEO plugin. -->","yoast_head_json":{"title":"Llaman al Ejecutivo a implementar medidas de seguridad en zonas rurales de Chile - Mundoagropecuario","robots":{"index":"index","follow":"follow","max-snippet":"max-snippet:-1","max-image-preview":"max-image-preview:large","max-video-preview":"max-video-preview:-1"},"canonical":"https:\/\/www.mundoagropecuario.cl\/new\/llaman-al-ejecutivo-a-implementar-medidas-de-seguridad-en-zonas-rurales-de-chile\/","og_locale":"es_ES","og_type":"article","og_title":"Llaman al Ejecutivo a implementar medidas de seguridad en zonas rurales de Chile - Mundoagropecuario","og_description":"La resoluci\u00f3n deja de manifiesto el inter\u00e9s por prevenir y perseguir con mayor eficacia los delitos perpetrados en las zonas rurales, promoviendo con ello un mejoramiento de la seguridad p\u00fablica....","og_url":"https:\/\/www.mundoagropecuario.cl\/new\/llaman-al-ejecutivo-a-implementar-medidas-de-seguridad-en-zonas-rurales-de-chile\/","og_site_name":"Mundoagropecuario","article_publisher":"https:\/\/www.facebook.com\/mundo.agropecuario.3","article_published_time":"2018-07-13T13:53:59+00:00","og_image":[{"width":900,"height":679,"url":"https:\/\/www.mundoagropecuario.cl\/new\/wp-content\/uploads\/2018\/07\/seguridadrural.jpg","type":"image\/jpeg"}],"author":"periodista","twitter_card":"summary_large_image","twitter_creator":"@MundoAgropecuar","twitter_site":"@MundoAgropecuar","twitter_misc":{"Escrito por":"periodista","Tiempo de lectura":"1 minuto"},"schema":{"@context":"https:\/\/schema.org","@graph":[{"@type":"Article","@id":"https:\/\/www.mundoagropecuario.cl\/new\/llaman-al-ejecutivo-a-implementar-medidas-de-seguridad-en-zonas-rurales-de-chile\/#article","isPartOf":{"@id":"https:\/\/www.mundoagropecuario.cl\/new\/llaman-al-ejecutivo-a-implementar-medidas-de-seguridad-en-zonas-rurales-de-chile\/"},"author":{"name":"periodista","@id":"https:\/\/www.mundoagropecuario.cl\/new\/#\/schema\/person\/0c221050801c74e45256a7a9a1ff0803"},"headline":"Llaman al Ejecutivo a implementar medidas de seguridad en zonas rurales de Chile","datePublished":"2018-07-13T13:53:59+00:00","mainEntityOfPage":{"@id":"https:\/\/www.mundoagropecuario.cl\/new\/llaman-al-ejecutivo-a-implementar-medidas-de-seguridad-en-zonas-rurales-de-chile\/"},"wordCount":281,"publisher":{"@id":"https:\/\/www.mundoagropecuario.cl\/new\/#organization"},"image":{"@id":"https:\/\/www.mundoagropecuario.cl\/new\/llaman-al-ejecutivo-a-implementar-medidas-de-seguridad-en-zonas-rurales-de-chile\/#primaryimage"},"thumbnailUrl":"https:\/\/www.mundoagropecuario.cl\/new\/wp-content\/uploads\/2018\/07\/seguridadrural.jpg","keywords":["Seguridad rural"],"articleSection":["Agricultura"],"inLanguage":"es"},{"@type":"WebPage","@id":"https:\/\/www.mundoagropecuario.cl\/new\/llaman-al-ejecutivo-a-implementar-medidas-de-seguridad-en-zonas-rurales-de-chile\/","url":"https:\/\/www.mundoagropecuario.cl\/new\/llaman-al-ejecutivo-a-implementar-medidas-de-seguridad-en-zonas-rurales-de-chile\/","name":"Llaman al Ejecutivo a implementar medidas de seguridad en zonas rurales de Chile - Mundoagropecuario","isPartOf":{"@id":"https:\/\/www.mundoagropecuario.cl\/new\/#website"},"primaryImageOfPage":{"@id":"https:\/\/www.mundoagropecuario.cl\/new\/llaman-al-ejecutivo-a-implementar-medidas-de-seguridad-en-zonas-rurales-de-chile\/#primaryimage"},"image":{"@id":"https:\/\/www.mundoagropecuario.cl\/new\/llaman-al-ejecutivo-a-implementar-medidas-de-seguridad-en-zonas-rurales-de-chile\/#primaryimage"},"thumbnailUrl":"https:\/\/www.mundoagropecuario.cl\/new\/wp-content\/uploads\/2018\/07\/seguridadrural.jpg","datePublished":"2018-07-13T13:53:59+00:00","breadcrumb":{"@id":"https:\/\/www.mundoagropecuario.cl\/new\/llaman-al-ejecutivo-a-implementar-medidas-de-seguridad-en-zonas-rurales-de-chile\/#breadcrumb"},"inLanguage":"es","potentialAction":[{"@type":"ReadAction","target":["https:\/\/www.mundoagropecuario.cl\/new\/llaman-al-ejecutivo-a-implementar-medidas-de-seguridad-en-zonas-rurales-de-chile\/"]}]},{"@type":"ImageObject","inLanguage":"es","@id":"https:\/\/www.mundoagropecuario.cl\/new\/llaman-al-ejecutivo-a-implementar-medidas-de-seguridad-en-zonas-rurales-de-chile\/#primaryimage","url":"https:\/\/www.mundoagropecuario.cl\/new\/wp-content\/uploads\/2018\/07\/seguridadrural.jpg","contentUrl":"https:\/\/www.mundoagropecuario.cl\/new\/wp-content\/uploads\/2018\/07\/seguridadrural.jpg","width":530,"height":400},{"@type":"BreadcrumbList","@id":"https:\/\/www.mundoagropecuario.cl\/new\/llaman-al-ejecutivo-a-implementar-medidas-de-seguridad-en-zonas-rurales-de-chile\/#breadcrumb","itemListElement":[{"@type":"ListItem","position":1,"name":"Portada","item":"https:\/\/www.mundoagropecuario.cl\/new\/"},{"@type":"ListItem","position":2,"name":"Llaman al Ejecutivo a implementar medidas de seguridad en zonas rurales de Chile"}]},{"@type":"WebSite","@id":"https:\/\/www.mundoagropecuario.cl\/new\/#website","url":"https:\/\/www.mundoagropecuario.cl\/new\/","name":"Mundoagropecuario","description":"Mundo Agropecuario","publisher":{"@id":"https:\/\/www.mundoagropecuario.cl\/new\/#organization"},"potentialAction":[{"@type":"SearchAction","target":{"@type":"EntryPoint","urlTemplate":"https:\/\/www.mundoagropecuario.cl\/new\/?s={search_term_string}"},"query-input":{"@type":"PropertyValueSpecification","valueRequired":true,"valueName":"search_term_string"}}],"inLanguage":"es"},{"@type":"Organization","@id":"https:\/\/www.mundoagropecuario.cl\/new\/#organization","name":"Revista de Agricultura","url":"https:\/\/www.mundoagropecuario.cl\/new\/","logo":{"@type":"ImageObject","inLanguage":"es","@id":"https:\/\/www.mundoagropecuario.cl\/new\/#\/schema\/logo\/image\/","url":"https:\/\/www.mundoagropecuario.cl\/new\/wp-content\/uploads\/2020\/11\/PORTAL-1-1.png","contentUrl":"https:\/\/www.mundoagropecuario.cl\/new\/wp-content\/uploads\/2020\/11\/PORTAL-1-1.png","width":1026,"height":100,"caption":"Revista de Agricultura"},"image":{"@id":"https:\/\/www.mundoagropecuario.cl\/new\/#\/schema\/logo\/image\/"},"sameAs":["https:\/\/www.facebook.com\/mundo.agropecuario.3","https:\/\/x.com\/MundoAgropecuar","https:\/\/www.linkedin.com\/in\/mundo-agropecuario-934009201\/"]},{"@type":"Person","@id":"https:\/\/www.mundoagropecuario.cl\/new\/#\/schema\/person\/0c221050801c74e45256a7a9a1ff0803","name":"periodista","url":"https:\/\/www.mundoagropecuario.cl\/new\/author\/periodista\/"}]}},"_links":{"self":[{"href":"https:\/\/www.mundoagropecuario.cl\/new\/wp-json\/wp\/v2\/posts\/7627","targetHints":{"allow":["GET"]}}],"collection":[{"href":"https:\/\/www.mundoagropecuario.cl\/new\/wp-json\/wp\/v2\/posts"}],"about":[{"href":"https:\/\/www.mundoagropecuario.cl\/new\/wp-json\/wp\/v2\/types\/post"}],"author":[{"embeddable":true,"href":"https:\/\/www.mundoagropecuario.cl\/new\/wp-json\/wp\/v2\/users\/3"}],"replies":[{"embeddable":true,"href":"https:\/\/www.mundoagropecuario.cl\/new\/wp-json\/wp\/v2\/comments?post=7627"}],"version-history":[{"count":1,"href":"https:\/\/www.mundoagropecuario.cl\/new\/wp-json\/wp\/v2\/posts\/7627\/revisions"}],"predecessor-version":[{"id":7629,"href":"https:\/\/www.mundoagropecuario.cl\/new\/wp-json\/wp\/v2\/posts\/7627\/revisions\/7629"}],"wp:featuredmedia":[{"embeddable":true,"href":"https:\/\/www.mundoagropecuario.cl\/new\/wp-json\/wp\/v2\/media\/7628"}],"wp:attachment":[{"href":"https:\/\/www.mundoagropecuario.cl\/new\/wp-json\/wp\/v2\/media?parent=7627"}],"wp:term":[{"taxonomy":"category","embeddable":true,"href":"https:\/\/www.mundoagropecuario.cl\/new\/wp-json\/wp\/v2\/categories?post=7627"},{"taxonomy":"post_tag","embeddable":true,"href":"https:\/\/www.mundoagropecuario.cl\/new\/wp-json\/wp\/v2\/tags?post=7627"}],"curies":[{"name":"wp","href":"https:\/\/api.w.org\/{rel}","templated":true}]}}