{"id":7610,"date":"2018-07-13T09:56:47","date_gmt":"2018-07-13T12:56:47","guid":{"rendered":"http:\/\/www.mundoagropecuario.cl\/new\/?p=7610"},"modified":"2018-07-13T10:43:02","modified_gmt":"2018-07-13T13:43:02","slug":"seremi-de-agricultura-en-aysen-los-servicios-del-agro-estan-comprometidos-con-la-descontaminacion-de-coyhaique","status":"publish","type":"post","link":"https:\/\/www.mundoagropecuario.cl\/new\/seremi-de-agricultura-en-aysen-los-servicios-del-agro-estan-comprometidos-con-la-descontaminacion-de-coyhaique\/","title":{"rendered":"Seremi de Agricultura en Ays\u00e9n: \u201cLos servicios del agro est\u00e1n comprometidos con la descontaminaci\u00f3n de Coyhaique\u201d"},"content":{"rendered":"<blockquote><p><em>Entre las medidas en que los servicios del agro se encuentran trabajando tienen relaci\u00f3n con promover el uso de le\u00f1a seca y de calidad, sumado a reforzar el proceso de fiscalizaci\u00f3n de la le\u00f1a. (Mundo Agropecuario).<\/em><\/p><\/blockquote>\n<p>Dentro de las 19 medidas concretas anunciadas esta semana por la intendente regional de Ays\u00e9n, Geoconda Navarrete Arratia, que tienen por objetivo enfrentar de mejor manera el problema de la contaminaci\u00f3n en la ciudad de Coyhaique y la regi\u00f3n, se destacan acciones que ejecutaran las instituciones del Ministerio de Agricultura.<\/p>\n<p>Marcos Sandoval, seremide Agricultura, indic\u00f3 que \u201clos distintos servicios del agro presentes en la regi\u00f3n est\u00e1n comprometidos con la descontaminaci\u00f3n de Coyhaique. Es por esto que como instituci\u00f3n hemos fomentando el secado de la le\u00f1a, ya que sabemos que si se utiliza le\u00f1a seca y de buena calidad se disminuir\u00eda en un 40% la contaminaci\u00f3n existente en la ciudad\u201d.<\/p>\n<p>En este sentido, el Ministerio de Agricultura en la regi\u00f3n de Ays\u00e9n a financiado m\u00e1s de 133 galpones de secado, con capacidad de 500 metros c\u00fabicos cada uno, sumado a los cerca de 70 galpones que ha ejecutado el Ministerio de Energ\u00eda.<\/p>\n<p>\u201cEn nuestra gesti\u00f3n hemos estado trabajando fuertemente en mejorar la rentabilidad de los campos, por lo que no debemos olvidar que cerca de las 3000 familias campesinas existentes, alrededor del 50% su principal ingreso o parte importante de el es justamente lo que genera la actividad del bosque, por lo tanto se hace necesario una reconversi\u00f3n, de un sistema ineficiente a uno m\u00e1s amigable con el medio ambiente, con la salud humana y con la econom\u00eda de las familias campesinas, sumado a la toma de conciencia de cada uno de los habitantes de la regi\u00f3n\u201d, se\u00f1al\u00f3 Sandoval.<\/p>\n<p>Otro de los puntos importantes en que profundizar\u00e1 el Ministerio de Agricultura en la regi\u00f3n de Ays\u00e9n tiene relaci\u00f3n con reforzar el proceso de fiscalizaci\u00f3n de la le\u00f1a, de manera de hacer cumplir la legislaci\u00f3n forestal vigente frente a cortas no autorizadas y transporte de productos forestales provenientes del bosque nativo, instancia en la que se debe trabajar de manera conjunta con la Municipalidad de Coyhaique para crear una ordenanza.<\/p>\n<p>Cabe destacar, que estas medidas son paralelas al Plan de Descontaminaci\u00f3n Ambiental (PDA), el que a\u00fan est\u00e1 en revisi\u00f3n en Contralor\u00eda desde el 26 de abril pasado.<\/p>\n<p><strong>\u00a0<\/strong><\/p>\n<p>&nbsp;<\/p>\n","protected":false},"excerpt":{"rendered":"<p>Entre las medidas en que los servicios del agro se encuentran trabajando tienen relaci\u00f3n con promover el uso de le\u00f1a seca y de calidad, sumado a reforzar el proceso de&#8230;<\/p>\n","protected":false},"author":3,"featured_media":7611,"comment_status":"closed","ping_status":"closed","sticky":false,"template":"","format":"standard","meta":{"footnotes":""},"categories":[1945],"tags":[434],"class_list":["post-7610","post","type-post","status-publish","format-standard","has-post-thumbnail","hentry","category-agricultura","tag-region-de-aysen"],"yoast_head":"<!-- This site is optimized with the Yoast SEO plugin v26.6 - https:\/\/yoast.com\/wordpress\/plugins\/seo\/ -->\n<title>Seremi de Agricultura en Ays\u00e9n: \u201cLos servicios del agro est\u00e1n comprometidos con la descontaminaci\u00f3n de Coyhaique\u201d - Mundoagropecuario<\/title>\n<meta name=\"robots\" content=\"index, follow, max-snippet:-1, max-image-preview:large, max-video-preview:-1\" \/>\n<link rel=\"canonical\" href=\"https:\/\/www.mundoagropecuario.cl\/new\/seremi-de-agricultura-en-aysen-los-servicios-del-agro-estan-comprometidos-con-la-descontaminacion-de-coyhaique\/\" \/>\n<meta property=\"og:locale\" content=\"es_ES\" \/>\n<meta property=\"og:type\" content=\"article\" \/>\n<meta property=\"og:title\" content=\"Seremi de Agricultura en Ays\u00e9n: \u201cLos servicios del agro est\u00e1n comprometidos con la descontaminaci\u00f3n de Coyhaique\u201d - Mundoagropecuario\" \/>\n<meta property=\"og:description\" content=\"Entre las medidas en que los servicios del agro se encuentran trabajando tienen relaci\u00f3n con promover el uso de le\u00f1a seca y de calidad, sumado a reforzar el proceso de...\" \/>\n<meta property=\"og:url\" content=\"https:\/\/www.mundoagropecuario.cl\/new\/seremi-de-agricultura-en-aysen-los-servicios-del-agro-estan-comprometidos-con-la-descontaminacion-de-coyhaique\/\" \/>\n<meta property=\"og:site_name\" content=\"Mundoagropecuario\" \/>\n<meta property=\"article:publisher\" content=\"https:\/\/www.facebook.com\/mundo.agropecuario.3\" \/>\n<meta property=\"article:published_time\" content=\"2018-07-13T12:56:47+00:00\" \/>\n<meta property=\"article:modified_time\" content=\"2018-07-13T13:43:02+00:00\" \/>\n<meta property=\"og:image\" content=\"https:\/\/www.mundoagropecuario.cl\/new\/wp-content\/uploads\/2018\/07\/le\u00f1a-galpon.jpg\" \/>\n\t<meta property=\"og:image:width\" content=\"1000\" \/>\n\t<meta property=\"og:image:height\" content=\"666\" \/>\n\t<meta property=\"og:image:type\" content=\"image\/jpeg\" \/>\n<meta name=\"author\" content=\"periodista\" \/>\n<meta name=\"twitter:card\" content=\"summary_large_image\" \/>\n<meta name=\"twitter:creator\" content=\"@MundoAgropecuar\" \/>\n<meta name=\"twitter:site\" content=\"@MundoAgropecuar\" \/>\n<meta name=\"twitter:label1\" content=\"Escrito por\" \/>\n\t<meta name=\"twitter:data1\" content=\"periodista\" \/>\n\t<meta name=\"twitter:label2\" content=\"Tiempo de lectura\" \/>\n\t<meta name=\"twitter:data2\" content=\"2 minutos\" \/>\n<script type=\"application\/ld+json\" class=\"yoast-schema-graph\">{\"@context\":\"https:\/\/schema.org\",\"@graph\":[{\"@type\":\"Article\",\"@id\":\"https:\/\/www.mundoagropecuario.cl\/new\/seremi-de-agricultura-en-aysen-los-servicios-del-agro-estan-comprometidos-con-la-descontaminacion-de-coyhaique\/#article\",\"isPartOf\":{\"@id\":\"https:\/\/www.mundoagropecuario.cl\/new\/seremi-de-agricultura-en-aysen-los-servicios-del-agro-estan-comprometidos-con-la-descontaminacion-de-coyhaique\/\"},\"author\":{\"name\":\"periodista\",\"@id\":\"https:\/\/www.mundoagropecuario.cl\/new\/#\/schema\/person\/0c221050801c74e45256a7a9a1ff0803\"},\"headline\":\"Seremi de Agricultura en Ays\u00e9n: \u201cLos servicios del agro est\u00e1n comprometidos con la descontaminaci\u00f3n de Coyhaique\u201d\",\"datePublished\":\"2018-07-13T12:56:47+00:00\",\"dateModified\":\"2018-07-13T13:43:02+00:00\",\"mainEntityOfPage\":{\"@id\":\"https:\/\/www.mundoagropecuario.cl\/new\/seremi-de-agricultura-en-aysen-los-servicios-del-agro-estan-comprometidos-con-la-descontaminacion-de-coyhaique\/\"},\"wordCount\":429,\"publisher\":{\"@id\":\"https:\/\/www.mundoagropecuario.cl\/new\/#organization\"},\"image\":{\"@id\":\"https:\/\/www.mundoagropecuario.cl\/new\/seremi-de-agricultura-en-aysen-los-servicios-del-agro-estan-comprometidos-con-la-descontaminacion-de-coyhaique\/#primaryimage\"},\"thumbnailUrl\":\"https:\/\/www.mundoagropecuario.cl\/new\/wp-content\/uploads\/2018\/07\/le\u00f1a-galpon.jpg\",\"keywords\":[\"Regi\u00f3n de Ays\u00e9n\"],\"articleSection\":[\"Agricultura\"],\"inLanguage\":\"es\"},{\"@type\":\"WebPage\",\"@id\":\"https:\/\/www.mundoagropecuario.cl\/new\/seremi-de-agricultura-en-aysen-los-servicios-del-agro-estan-comprometidos-con-la-descontaminacion-de-coyhaique\/\",\"url\":\"https:\/\/www.mundoagropecuario.cl\/new\/seremi-de-agricultura-en-aysen-los-servicios-del-agro-estan-comprometidos-con-la-descontaminacion-de-coyhaique\/\",\"name\":\"Seremi de Agricultura en Ays\u00e9n: \u201cLos servicios del agro est\u00e1n comprometidos con la descontaminaci\u00f3n de Coyhaique\u201d - Mundoagropecuario\",\"isPartOf\":{\"@id\":\"https:\/\/www.mundoagropecuario.cl\/new\/#website\"},\"primaryImageOfPage\":{\"@id\":\"https:\/\/www.mundoagropecuario.cl\/new\/seremi-de-agricultura-en-aysen-los-servicios-del-agro-estan-comprometidos-con-la-descontaminacion-de-coyhaique\/#primaryimage\"},\"image\":{\"@id\":\"https:\/\/www.mundoagropecuario.cl\/new\/seremi-de-agricultura-en-aysen-los-servicios-del-agro-estan-comprometidos-con-la-descontaminacion-de-coyhaique\/#primaryimage\"},\"thumbnailUrl\":\"https:\/\/www.mundoagropecuario.cl\/new\/wp-content\/uploads\/2018\/07\/le\u00f1a-galpon.jpg\",\"datePublished\":\"2018-07-13T12:56:47+00:00\",\"dateModified\":\"2018-07-13T13:43:02+00:00\",\"breadcrumb\":{\"@id\":\"https:\/\/www.mundoagropecuario.cl\/new\/seremi-de-agricultura-en-aysen-los-servicios-del-agro-estan-comprometidos-con-la-descontaminacion-de-coyhaique\/#breadcrumb\"},\"inLanguage\":\"es\",\"potentialAction\":[{\"@type\":\"ReadAction\",\"target\":[\"https:\/\/www.mundoagropecuario.cl\/new\/seremi-de-agricultura-en-aysen-los-servicios-del-agro-estan-comprometidos-con-la-descontaminacion-de-coyhaique\/\"]}]},{\"@type\":\"ImageObject\",\"inLanguage\":\"es\",\"@id\":\"https:\/\/www.mundoagropecuario.cl\/new\/seremi-de-agricultura-en-aysen-los-servicios-del-agro-estan-comprometidos-con-la-descontaminacion-de-coyhaique\/#primaryimage\",\"url\":\"https:\/\/www.mundoagropecuario.cl\/new\/wp-content\/uploads\/2018\/07\/le\u00f1a-galpon.jpg\",\"contentUrl\":\"https:\/\/www.mundoagropecuario.cl\/new\/wp-content\/uploads\/2018\/07\/le\u00f1a-galpon.jpg\",\"width\":601,\"height\":400},{\"@type\":\"BreadcrumbList\",\"@id\":\"https:\/\/www.mundoagropecuario.cl\/new\/seremi-de-agricultura-en-aysen-los-servicios-del-agro-estan-comprometidos-con-la-descontaminacion-de-coyhaique\/#breadcrumb\",\"itemListElement\":[{\"@type\":\"ListItem\",\"position\":1,\"name\":\"Portada\",\"item\":\"https:\/\/www.mundoagropecuario.cl\/new\/\"},{\"@type\":\"ListItem\",\"position\":2,\"name\":\"Seremi de Agricultura en Ays\u00e9n: \u201cLos servicios del agro est\u00e1n comprometidos con la descontaminaci\u00f3n de Coyhaique\u201d\"}]},{\"@type\":\"WebSite\",\"@id\":\"https:\/\/www.mundoagropecuario.cl\/new\/#website\",\"url\":\"https:\/\/www.mundoagropecuario.cl\/new\/\",\"name\":\"Mundoagropecuario\",\"description\":\"Mundo Agropecuario\",\"publisher\":{\"@id\":\"https:\/\/www.mundoagropecuario.cl\/new\/#organization\"},\"potentialAction\":[{\"@type\":\"SearchAction\",\"target\":{\"@type\":\"EntryPoint\",\"urlTemplate\":\"https:\/\/www.mundoagropecuario.cl\/new\/?s={search_term_string}\"},\"query-input\":{\"@type\":\"PropertyValueSpecification\",\"valueRequired\":true,\"valueName\":\"search_term_string\"}}],\"inLanguage\":\"es\"},{\"@type\":\"Organization\",\"@id\":\"https:\/\/www.mundoagropecuario.cl\/new\/#organization\",\"name\":\"Revista de Agricultura\",\"url\":\"https:\/\/www.mundoagropecuario.cl\/new\/\",\"logo\":{\"@type\":\"ImageObject\",\"inLanguage\":\"es\",\"@id\":\"https:\/\/www.mundoagropecuario.cl\/new\/#\/schema\/logo\/image\/\",\"url\":\"https:\/\/www.mundoagropecuario.cl\/new\/wp-content\/uploads\/2020\/11\/PORTAL-1-1.png\",\"contentUrl\":\"https:\/\/www.mundoagropecuario.cl\/new\/wp-content\/uploads\/2020\/11\/PORTAL-1-1.png\",\"width\":1026,\"height\":100,\"caption\":\"Revista de Agricultura\"},\"image\":{\"@id\":\"https:\/\/www.mundoagropecuario.cl\/new\/#\/schema\/logo\/image\/\"},\"sameAs\":[\"https:\/\/www.facebook.com\/mundo.agropecuario.3\",\"https:\/\/x.com\/MundoAgropecuar\",\"https:\/\/www.linkedin.com\/in\/mundo-agropecuario-934009201\/\"]},{\"@type\":\"Person\",\"@id\":\"https:\/\/www.mundoagropecuario.cl\/new\/#\/schema\/person\/0c221050801c74e45256a7a9a1ff0803\",\"name\":\"periodista\",\"url\":\"https:\/\/www.mundoagropecuario.cl\/new\/author\/periodista\/\"}]}<\/script>\n<!-- \/ Yoast SEO plugin. -->","yoast_head_json":{"title":"Seremi de Agricultura en Ays\u00e9n: \u201cLos servicios del agro est\u00e1n comprometidos con la descontaminaci\u00f3n de Coyhaique\u201d - Mundoagropecuario","robots":{"index":"index","follow":"follow","max-snippet":"max-snippet:-1","max-image-preview":"max-image-preview:large","max-video-preview":"max-video-preview:-1"},"canonical":"https:\/\/www.mundoagropecuario.cl\/new\/seremi-de-agricultura-en-aysen-los-servicios-del-agro-estan-comprometidos-con-la-descontaminacion-de-coyhaique\/","og_locale":"es_ES","og_type":"article","og_title":"Seremi de Agricultura en Ays\u00e9n: \u201cLos servicios del agro est\u00e1n comprometidos con la descontaminaci\u00f3n de Coyhaique\u201d - Mundoagropecuario","og_description":"Entre las medidas en que los servicios del agro se encuentran trabajando tienen relaci\u00f3n con promover el uso de le\u00f1a seca y de calidad, sumado a reforzar el proceso de...","og_url":"https:\/\/www.mundoagropecuario.cl\/new\/seremi-de-agricultura-en-aysen-los-servicios-del-agro-estan-comprometidos-con-la-descontaminacion-de-coyhaique\/","og_site_name":"Mundoagropecuario","article_publisher":"https:\/\/www.facebook.com\/mundo.agropecuario.3","article_published_time":"2018-07-13T12:56:47+00:00","article_modified_time":"2018-07-13T13:43:02+00:00","og_image":[{"width":1000,"height":666,"url":"https:\/\/www.mundoagropecuario.cl\/new\/wp-content\/uploads\/2018\/07\/le\u00f1a-galpon.jpg","type":"image\/jpeg"}],"author":"periodista","twitter_card":"summary_large_image","twitter_creator":"@MundoAgropecuar","twitter_site":"@MundoAgropecuar","twitter_misc":{"Escrito por":"periodista","Tiempo de lectura":"2 minutos"},"schema":{"@context":"https:\/\/schema.org","@graph":[{"@type":"Article","@id":"https:\/\/www.mundoagropecuario.cl\/new\/seremi-de-agricultura-en-aysen-los-servicios-del-agro-estan-comprometidos-con-la-descontaminacion-de-coyhaique\/#article","isPartOf":{"@id":"https:\/\/www.mundoagropecuario.cl\/new\/seremi-de-agricultura-en-aysen-los-servicios-del-agro-estan-comprometidos-con-la-descontaminacion-de-coyhaique\/"},"author":{"name":"periodista","@id":"https:\/\/www.mundoagropecuario.cl\/new\/#\/schema\/person\/0c221050801c74e45256a7a9a1ff0803"},"headline":"Seremi de Agricultura en Ays\u00e9n: \u201cLos servicios del agro est\u00e1n comprometidos con la descontaminaci\u00f3n de Coyhaique\u201d","datePublished":"2018-07-13T12:56:47+00:00","dateModified":"2018-07-13T13:43:02+00:00","mainEntityOfPage":{"@id":"https:\/\/www.mundoagropecuario.cl\/new\/seremi-de-agricultura-en-aysen-los-servicios-del-agro-estan-comprometidos-con-la-descontaminacion-de-coyhaique\/"},"wordCount":429,"publisher":{"@id":"https:\/\/www.mundoagropecuario.cl\/new\/#organization"},"image":{"@id":"https:\/\/www.mundoagropecuario.cl\/new\/seremi-de-agricultura-en-aysen-los-servicios-del-agro-estan-comprometidos-con-la-descontaminacion-de-coyhaique\/#primaryimage"},"thumbnailUrl":"https:\/\/www.mundoagropecuario.cl\/new\/wp-content\/uploads\/2018\/07\/le\u00f1a-galpon.jpg","keywords":["Regi\u00f3n de Ays\u00e9n"],"articleSection":["Agricultura"],"inLanguage":"es"},{"@type":"WebPage","@id":"https:\/\/www.mundoagropecuario.cl\/new\/seremi-de-agricultura-en-aysen-los-servicios-del-agro-estan-comprometidos-con-la-descontaminacion-de-coyhaique\/","url":"https:\/\/www.mundoagropecuario.cl\/new\/seremi-de-agricultura-en-aysen-los-servicios-del-agro-estan-comprometidos-con-la-descontaminacion-de-coyhaique\/","name":"Seremi de Agricultura en Ays\u00e9n: \u201cLos servicios del agro est\u00e1n comprometidos con la descontaminaci\u00f3n de Coyhaique\u201d - Mundoagropecuario","isPartOf":{"@id":"https:\/\/www.mundoagropecuario.cl\/new\/#website"},"primaryImageOfPage":{"@id":"https:\/\/www.mundoagropecuario.cl\/new\/seremi-de-agricultura-en-aysen-los-servicios-del-agro-estan-comprometidos-con-la-descontaminacion-de-coyhaique\/#primaryimage"},"image":{"@id":"https:\/\/www.mundoagropecuario.cl\/new\/seremi-de-agricultura-en-aysen-los-servicios-del-agro-estan-comprometidos-con-la-descontaminacion-de-coyhaique\/#primaryimage"},"thumbnailUrl":"https:\/\/www.mundoagropecuario.cl\/new\/wp-content\/uploads\/2018\/07\/le\u00f1a-galpon.jpg","datePublished":"2018-07-13T12:56:47+00:00","dateModified":"2018-07-13T13:43:02+00:00","breadcrumb":{"@id":"https:\/\/www.mundoagropecuario.cl\/new\/seremi-de-agricultura-en-aysen-los-servicios-del-agro-estan-comprometidos-con-la-descontaminacion-de-coyhaique\/#breadcrumb"},"inLanguage":"es","potentialAction":[{"@type":"ReadAction","target":["https:\/\/www.mundoagropecuario.cl\/new\/seremi-de-agricultura-en-aysen-los-servicios-del-agro-estan-comprometidos-con-la-descontaminacion-de-coyhaique\/"]}]},{"@type":"ImageObject","inLanguage":"es","@id":"https:\/\/www.mundoagropecuario.cl\/new\/seremi-de-agricultura-en-aysen-los-servicios-del-agro-estan-comprometidos-con-la-descontaminacion-de-coyhaique\/#primaryimage","url":"https:\/\/www.mundoagropecuario.cl\/new\/wp-content\/uploads\/2018\/07\/le\u00f1a-galpon.jpg","contentUrl":"https:\/\/www.mundoagropecuario.cl\/new\/wp-content\/uploads\/2018\/07\/le\u00f1a-galpon.jpg","width":601,"height":400},{"@type":"BreadcrumbList","@id":"https:\/\/www.mundoagropecuario.cl\/new\/seremi-de-agricultura-en-aysen-los-servicios-del-agro-estan-comprometidos-con-la-descontaminacion-de-coyhaique\/#breadcrumb","itemListElement":[{"@type":"ListItem","position":1,"name":"Portada","item":"https:\/\/www.mundoagropecuario.cl\/new\/"},{"@type":"ListItem","position":2,"name":"Seremi de Agricultura en Ays\u00e9n: \u201cLos servicios del agro est\u00e1n comprometidos con la descontaminaci\u00f3n de Coyhaique\u201d"}]},{"@type":"WebSite","@id":"https:\/\/www.mundoagropecuario.cl\/new\/#website","url":"https:\/\/www.mundoagropecuario.cl\/new\/","name":"Mundoagropecuario","description":"Mundo Agropecuario","publisher":{"@id":"https:\/\/www.mundoagropecuario.cl\/new\/#organization"},"potentialAction":[{"@type":"SearchAction","target":{"@type":"EntryPoint","urlTemplate":"https:\/\/www.mundoagropecuario.cl\/new\/?s={search_term_string}"},"query-input":{"@type":"PropertyValueSpecification","valueRequired":true,"valueName":"search_term_string"}}],"inLanguage":"es"},{"@type":"Organization","@id":"https:\/\/www.mundoagropecuario.cl\/new\/#organization","name":"Revista de Agricultura","url":"https:\/\/www.mundoagropecuario.cl\/new\/","logo":{"@type":"ImageObject","inLanguage":"es","@id":"https:\/\/www.mundoagropecuario.cl\/new\/#\/schema\/logo\/image\/","url":"https:\/\/www.mundoagropecuario.cl\/new\/wp-content\/uploads\/2020\/11\/PORTAL-1-1.png","contentUrl":"https:\/\/www.mundoagropecuario.cl\/new\/wp-content\/uploads\/2020\/11\/PORTAL-1-1.png","width":1026,"height":100,"caption":"Revista de Agricultura"},"image":{"@id":"https:\/\/www.mundoagropecuario.cl\/new\/#\/schema\/logo\/image\/"},"sameAs":["https:\/\/www.facebook.com\/mundo.agropecuario.3","https:\/\/x.com\/MundoAgropecuar","https:\/\/www.linkedin.com\/in\/mundo-agropecuario-934009201\/"]},{"@type":"Person","@id":"https:\/\/www.mundoagropecuario.cl\/new\/#\/schema\/person\/0c221050801c74e45256a7a9a1ff0803","name":"periodista","url":"https:\/\/www.mundoagropecuario.cl\/new\/author\/periodista\/"}]}},"_links":{"self":[{"href":"https:\/\/www.mundoagropecuario.cl\/new\/wp-json\/wp\/v2\/posts\/7610","targetHints":{"allow":["GET"]}}],"collection":[{"href":"https:\/\/www.mundoagropecuario.cl\/new\/wp-json\/wp\/v2\/posts"}],"about":[{"href":"https:\/\/www.mundoagropecuario.cl\/new\/wp-json\/wp\/v2\/types\/post"}],"author":[{"embeddable":true,"href":"https:\/\/www.mundoagropecuario.cl\/new\/wp-json\/wp\/v2\/users\/3"}],"replies":[{"embeddable":true,"href":"https:\/\/www.mundoagropecuario.cl\/new\/wp-json\/wp\/v2\/comments?post=7610"}],"version-history":[{"count":1,"href":"https:\/\/www.mundoagropecuario.cl\/new\/wp-json\/wp\/v2\/posts\/7610\/revisions"}],"predecessor-version":[{"id":7612,"href":"https:\/\/www.mundoagropecuario.cl\/new\/wp-json\/wp\/v2\/posts\/7610\/revisions\/7612"}],"wp:featuredmedia":[{"embeddable":true,"href":"https:\/\/www.mundoagropecuario.cl\/new\/wp-json\/wp\/v2\/media\/7611"}],"wp:attachment":[{"href":"https:\/\/www.mundoagropecuario.cl\/new\/wp-json\/wp\/v2\/media?parent=7610"}],"wp:term":[{"taxonomy":"category","embeddable":true,"href":"https:\/\/www.mundoagropecuario.cl\/new\/wp-json\/wp\/v2\/categories?post=7610"},{"taxonomy":"post_tag","embeddable":true,"href":"https:\/\/www.mundoagropecuario.cl\/new\/wp-json\/wp\/v2\/tags?post=7610"}],"curies":[{"name":"wp","href":"https:\/\/api.w.org\/{rel}","templated":true}]}}