{"id":7602,"date":"2018-07-12T10:54:00","date_gmt":"2018-07-12T13:54:00","guid":{"rendered":"http:\/\/www.mundoagropecuario.cl\/new\/?p=7602"},"modified":"2018-07-12T10:54:00","modified_gmt":"2018-07-12T13:54:00","slug":"ministro-walker-el-futuro-de-nuestros-productos-esta-en-el-mercado-chino","status":"publish","type":"post","link":"https:\/\/www.mundoagropecuario.cl\/new\/ministro-walker-el-futuro-de-nuestros-productos-esta-en-el-mercado-chino\/","title":{"rendered":"Ministro Walker: \u201cEl futuro de nuestros productos est\u00e1 en el mercado chino\u201d"},"content":{"rendered":"<blockquote><p><em>Tras el encuentro que sostuvo el Ministro de Agricultura, Antonio Walker, con el recientemente nombrado embajador de Chile en China, Luis Schmidt, la autoridad sectorial del Gobierno del Presidente Pi\u00f1era destac\u00f3 el potencial que tienen los productos chilenos en el mercado asi\u00e1tico y la labor que realizar\u00e1 el nuevo representante del pa\u00eds en la naci\u00f3n asi\u00e1tica. (Minagri).<\/em><\/p><\/blockquote>\n<p>\u201cTener un embajador que entienda en profundidad el tema agr\u00edcola es muy importante. Para nosotros el Asia es el futuro, el horizonte de la agricultura chilena. Por eso, repasamos todas las potencialidades que tenemos en el mercado chino\u201d, se\u00f1al\u00f3 Walker.<\/p>\n<p>A su vez, explic\u00f3 que en el corto plazo existe el anhelo de poder abrir el mercado chino para las peras europeas antes de la pr\u00f3xima cosecha, lo representa -dijo- \u201cuna aspiraci\u00f3n desde hace muchos a\u00f1os de todos los productores de pom\u00e1ceas, especialmente de peras europeas. Aprobando esto vamos a seguir con los c\u00edtricos y tambi\u00e9n tenemos el desaf\u00edo de la granja que fund\u00f3 Luis Schmidt que fue muy importante para poder ganarnos la confianza del Gobierno Chino\u201d.<\/p>\n<p>En la misma l\u00ednea, el Ministro especific\u00f3 que \u201ctenemos muchos desaf\u00edos, pero claramente uno de los objetivos del Ministerio de Agricultura es conquistar el mercado chino, el Asia, porque vemos que el futuro de nuestros productos est\u00e1 en ese mercado.<\/p>\n<p>Otro de los temas abordados con el embajador fue la disputa comercial que hay entre Estado Unidos y China. \u201cEsto es una guerra donde todos pierden y lo m\u00e1s concreto es lo que ustedes han visto los \u00faltimos meses, la bajada estrepitosa del cobre y en el caso agr\u00edcola los productores de nueces hemos sufrido la subida de aranceles de 30% a 100%, porque India le puso aranceles a Estados Unidos y por lo tanto ca\u00edmos nosotros tambi\u00e9n al medio\u201d, dijo Schmidt.<\/p>\n<p>Al respecto, Walker anunci\u00f3 que se va a reunir con el Ministro de Agricultura de la India, en la reuni\u00f3n del G-20 que se desarrollar\u00e1 el 27 de julio en Buenos Aires, para tratar personalmente el tema de los aranceles de las nueces. \u201cEn Chile tenemos m\u00e1s de 40 mil hect\u00e1reas de nogales plantadas y estamos apostando muy fuerte al mercado indio. Encontramos muy injusto que hayan subido estos aranceles de un 30% a un 100% cuando la fruta iba navegando. Es una represalia que toma India con Estados Unidos que tiene este efecto colateral en nuestras nueces y en nuestro pa\u00eds\u201d.<\/p>\n","protected":false},"excerpt":{"rendered":"<p>Tras el encuentro que sostuvo el Ministro de Agricultura, Antonio Walker, con el recientemente nombrado embajador de Chile en China, Luis Schmidt, la autoridad sectorial del Gobierno del Presidente Pi\u00f1era&#8230;<\/p>\n","protected":false},"author":3,"featured_media":7603,"comment_status":"closed","ping_status":"closed","sticky":false,"template":"","format":"standard","meta":{"footnotes":""},"categories":[405],"tags":[2035],"class_list":["post-7602","post","type-post","status-publish","format-standard","has-post-thumbnail","hentry","category-titular-3","tag-minagri"],"yoast_head":"<!-- This site is optimized with the Yoast SEO plugin v26.6 - https:\/\/yoast.com\/wordpress\/plugins\/seo\/ -->\n<title>Ministro Walker: \u201cEl futuro de nuestros productos est\u00e1 en el mercado chino\u201d - Mundoagropecuario<\/title>\n<meta name=\"robots\" content=\"index, follow, max-snippet:-1, max-image-preview:large, max-video-preview:-1\" \/>\n<link rel=\"canonical\" href=\"https:\/\/www.mundoagropecuario.cl\/new\/ministro-walker-el-futuro-de-nuestros-productos-esta-en-el-mercado-chino\/\" \/>\n<meta property=\"og:locale\" content=\"es_ES\" \/>\n<meta property=\"og:type\" content=\"article\" \/>\n<meta property=\"og:title\" content=\"Ministro Walker: \u201cEl futuro de nuestros productos est\u00e1 en el mercado chino\u201d - Mundoagropecuario\" \/>\n<meta property=\"og:description\" content=\"Tras el encuentro que sostuvo el Ministro de Agricultura, Antonio Walker, con el recientemente nombrado embajador de Chile en China, Luis Schmidt, la autoridad sectorial del Gobierno del Presidente Pi\u00f1era...\" \/>\n<meta property=\"og:url\" content=\"https:\/\/www.mundoagropecuario.cl\/new\/ministro-walker-el-futuro-de-nuestros-productos-esta-en-el-mercado-chino\/\" \/>\n<meta property=\"og:site_name\" content=\"Mundoagropecuario\" \/>\n<meta property=\"article:publisher\" content=\"https:\/\/www.facebook.com\/mundo.agropecuario.3\" \/>\n<meta property=\"article:published_time\" content=\"2018-07-12T13:54:00+00:00\" \/>\n<meta property=\"og:image\" content=\"https:\/\/www.mundoagropecuario.cl\/new\/wp-content\/uploads\/2018\/07\/minagri2.jpg\" \/>\n\t<meta property=\"og:image:width\" content=\"1000\" \/>\n\t<meta property=\"og:image:height\" content=\"666\" \/>\n\t<meta property=\"og:image:type\" content=\"image\/jpeg\" \/>\n<meta name=\"author\" content=\"periodista\" \/>\n<meta name=\"twitter:card\" content=\"summary_large_image\" \/>\n<meta name=\"twitter:creator\" content=\"@MundoAgropecuar\" \/>\n<meta name=\"twitter:site\" content=\"@MundoAgropecuar\" \/>\n<meta name=\"twitter:label1\" content=\"Escrito por\" \/>\n\t<meta name=\"twitter:data1\" content=\"periodista\" \/>\n\t<meta name=\"twitter:label2\" content=\"Tiempo de lectura\" \/>\n\t<meta name=\"twitter:data2\" content=\"2 minutos\" \/>\n<script type=\"application\/ld+json\" class=\"yoast-schema-graph\">{\"@context\":\"https:\/\/schema.org\",\"@graph\":[{\"@type\":\"Article\",\"@id\":\"https:\/\/www.mundoagropecuario.cl\/new\/ministro-walker-el-futuro-de-nuestros-productos-esta-en-el-mercado-chino\/#article\",\"isPartOf\":{\"@id\":\"https:\/\/www.mundoagropecuario.cl\/new\/ministro-walker-el-futuro-de-nuestros-productos-esta-en-el-mercado-chino\/\"},\"author\":{\"name\":\"periodista\",\"@id\":\"https:\/\/www.mundoagropecuario.cl\/new\/#\/schema\/person\/0c221050801c74e45256a7a9a1ff0803\"},\"headline\":\"Ministro Walker: \u201cEl futuro de nuestros productos est\u00e1 en el mercado chino\u201d\",\"datePublished\":\"2018-07-12T13:54:00+00:00\",\"mainEntityOfPage\":{\"@id\":\"https:\/\/www.mundoagropecuario.cl\/new\/ministro-walker-el-futuro-de-nuestros-productos-esta-en-el-mercado-chino\/\"},\"wordCount\":429,\"publisher\":{\"@id\":\"https:\/\/www.mundoagropecuario.cl\/new\/#organization\"},\"image\":{\"@id\":\"https:\/\/www.mundoagropecuario.cl\/new\/ministro-walker-el-futuro-de-nuestros-productos-esta-en-el-mercado-chino\/#primaryimage\"},\"thumbnailUrl\":\"https:\/\/www.mundoagropecuario.cl\/new\/wp-content\/uploads\/2018\/07\/minagri2.jpg\",\"keywords\":[\"Minagri\"],\"articleSection\":[\"Titular 3\"],\"inLanguage\":\"es\"},{\"@type\":\"WebPage\",\"@id\":\"https:\/\/www.mundoagropecuario.cl\/new\/ministro-walker-el-futuro-de-nuestros-productos-esta-en-el-mercado-chino\/\",\"url\":\"https:\/\/www.mundoagropecuario.cl\/new\/ministro-walker-el-futuro-de-nuestros-productos-esta-en-el-mercado-chino\/\",\"name\":\"Ministro Walker: \u201cEl futuro de nuestros productos est\u00e1 en el mercado chino\u201d - Mundoagropecuario\",\"isPartOf\":{\"@id\":\"https:\/\/www.mundoagropecuario.cl\/new\/#website\"},\"primaryImageOfPage\":{\"@id\":\"https:\/\/www.mundoagropecuario.cl\/new\/ministro-walker-el-futuro-de-nuestros-productos-esta-en-el-mercado-chino\/#primaryimage\"},\"image\":{\"@id\":\"https:\/\/www.mundoagropecuario.cl\/new\/ministro-walker-el-futuro-de-nuestros-productos-esta-en-el-mercado-chino\/#primaryimage\"},\"thumbnailUrl\":\"https:\/\/www.mundoagropecuario.cl\/new\/wp-content\/uploads\/2018\/07\/minagri2.jpg\",\"datePublished\":\"2018-07-12T13:54:00+00:00\",\"breadcrumb\":{\"@id\":\"https:\/\/www.mundoagropecuario.cl\/new\/ministro-walker-el-futuro-de-nuestros-productos-esta-en-el-mercado-chino\/#breadcrumb\"},\"inLanguage\":\"es\",\"potentialAction\":[{\"@type\":\"ReadAction\",\"target\":[\"https:\/\/www.mundoagropecuario.cl\/new\/ministro-walker-el-futuro-de-nuestros-productos-esta-en-el-mercado-chino\/\"]}]},{\"@type\":\"ImageObject\",\"inLanguage\":\"es\",\"@id\":\"https:\/\/www.mundoagropecuario.cl\/new\/ministro-walker-el-futuro-de-nuestros-productos-esta-en-el-mercado-chino\/#primaryimage\",\"url\":\"https:\/\/www.mundoagropecuario.cl\/new\/wp-content\/uploads\/2018\/07\/minagri2.jpg\",\"contentUrl\":\"https:\/\/www.mundoagropecuario.cl\/new\/wp-content\/uploads\/2018\/07\/minagri2.jpg\",\"width\":601,\"height\":400},{\"@type\":\"BreadcrumbList\",\"@id\":\"https:\/\/www.mundoagropecuario.cl\/new\/ministro-walker-el-futuro-de-nuestros-productos-esta-en-el-mercado-chino\/#breadcrumb\",\"itemListElement\":[{\"@type\":\"ListItem\",\"position\":1,\"name\":\"Portada\",\"item\":\"https:\/\/www.mundoagropecuario.cl\/new\/\"},{\"@type\":\"ListItem\",\"position\":2,\"name\":\"Ministro Walker: \u201cEl futuro de nuestros productos est\u00e1 en el mercado chino\u201d\"}]},{\"@type\":\"WebSite\",\"@id\":\"https:\/\/www.mundoagropecuario.cl\/new\/#website\",\"url\":\"https:\/\/www.mundoagropecuario.cl\/new\/\",\"name\":\"Mundoagropecuario\",\"description\":\"Mundo Agropecuario\",\"publisher\":{\"@id\":\"https:\/\/www.mundoagropecuario.cl\/new\/#organization\"},\"potentialAction\":[{\"@type\":\"SearchAction\",\"target\":{\"@type\":\"EntryPoint\",\"urlTemplate\":\"https:\/\/www.mundoagropecuario.cl\/new\/?s={search_term_string}\"},\"query-input\":{\"@type\":\"PropertyValueSpecification\",\"valueRequired\":true,\"valueName\":\"search_term_string\"}}],\"inLanguage\":\"es\"},{\"@type\":\"Organization\",\"@id\":\"https:\/\/www.mundoagropecuario.cl\/new\/#organization\",\"name\":\"Revista de Agricultura\",\"url\":\"https:\/\/www.mundoagropecuario.cl\/new\/\",\"logo\":{\"@type\":\"ImageObject\",\"inLanguage\":\"es\",\"@id\":\"https:\/\/www.mundoagropecuario.cl\/new\/#\/schema\/logo\/image\/\",\"url\":\"https:\/\/www.mundoagropecuario.cl\/new\/wp-content\/uploads\/2020\/11\/PORTAL-1-1.png\",\"contentUrl\":\"https:\/\/www.mundoagropecuario.cl\/new\/wp-content\/uploads\/2020\/11\/PORTAL-1-1.png\",\"width\":1026,\"height\":100,\"caption\":\"Revista de Agricultura\"},\"image\":{\"@id\":\"https:\/\/www.mundoagropecuario.cl\/new\/#\/schema\/logo\/image\/\"},\"sameAs\":[\"https:\/\/www.facebook.com\/mundo.agropecuario.3\",\"https:\/\/x.com\/MundoAgropecuar\",\"https:\/\/www.linkedin.com\/in\/mundo-agropecuario-934009201\/\"]},{\"@type\":\"Person\",\"@id\":\"https:\/\/www.mundoagropecuario.cl\/new\/#\/schema\/person\/0c221050801c74e45256a7a9a1ff0803\",\"name\":\"periodista\",\"url\":\"https:\/\/www.mundoagropecuario.cl\/new\/author\/periodista\/\"}]}<\/script>\n<!-- \/ Yoast SEO plugin. -->","yoast_head_json":{"title":"Ministro Walker: \u201cEl futuro de nuestros productos est\u00e1 en el mercado chino\u201d - Mundoagropecuario","robots":{"index":"index","follow":"follow","max-snippet":"max-snippet:-1","max-image-preview":"max-image-preview:large","max-video-preview":"max-video-preview:-1"},"canonical":"https:\/\/www.mundoagropecuario.cl\/new\/ministro-walker-el-futuro-de-nuestros-productos-esta-en-el-mercado-chino\/","og_locale":"es_ES","og_type":"article","og_title":"Ministro Walker: \u201cEl futuro de nuestros productos est\u00e1 en el mercado chino\u201d - Mundoagropecuario","og_description":"Tras el encuentro que sostuvo el Ministro de Agricultura, Antonio Walker, con el recientemente nombrado embajador de Chile en China, Luis Schmidt, la autoridad sectorial del Gobierno del Presidente Pi\u00f1era...","og_url":"https:\/\/www.mundoagropecuario.cl\/new\/ministro-walker-el-futuro-de-nuestros-productos-esta-en-el-mercado-chino\/","og_site_name":"Mundoagropecuario","article_publisher":"https:\/\/www.facebook.com\/mundo.agropecuario.3","article_published_time":"2018-07-12T13:54:00+00:00","og_image":[{"width":1000,"height":666,"url":"https:\/\/www.mundoagropecuario.cl\/new\/wp-content\/uploads\/2018\/07\/minagri2.jpg","type":"image\/jpeg"}],"author":"periodista","twitter_card":"summary_large_image","twitter_creator":"@MundoAgropecuar","twitter_site":"@MundoAgropecuar","twitter_misc":{"Escrito por":"periodista","Tiempo de lectura":"2 minutos"},"schema":{"@context":"https:\/\/schema.org","@graph":[{"@type":"Article","@id":"https:\/\/www.mundoagropecuario.cl\/new\/ministro-walker-el-futuro-de-nuestros-productos-esta-en-el-mercado-chino\/#article","isPartOf":{"@id":"https:\/\/www.mundoagropecuario.cl\/new\/ministro-walker-el-futuro-de-nuestros-productos-esta-en-el-mercado-chino\/"},"author":{"name":"periodista","@id":"https:\/\/www.mundoagropecuario.cl\/new\/#\/schema\/person\/0c221050801c74e45256a7a9a1ff0803"},"headline":"Ministro Walker: \u201cEl futuro de nuestros productos est\u00e1 en el mercado chino\u201d","datePublished":"2018-07-12T13:54:00+00:00","mainEntityOfPage":{"@id":"https:\/\/www.mundoagropecuario.cl\/new\/ministro-walker-el-futuro-de-nuestros-productos-esta-en-el-mercado-chino\/"},"wordCount":429,"publisher":{"@id":"https:\/\/www.mundoagropecuario.cl\/new\/#organization"},"image":{"@id":"https:\/\/www.mundoagropecuario.cl\/new\/ministro-walker-el-futuro-de-nuestros-productos-esta-en-el-mercado-chino\/#primaryimage"},"thumbnailUrl":"https:\/\/www.mundoagropecuario.cl\/new\/wp-content\/uploads\/2018\/07\/minagri2.jpg","keywords":["Minagri"],"articleSection":["Titular 3"],"inLanguage":"es"},{"@type":"WebPage","@id":"https:\/\/www.mundoagropecuario.cl\/new\/ministro-walker-el-futuro-de-nuestros-productos-esta-en-el-mercado-chino\/","url":"https:\/\/www.mundoagropecuario.cl\/new\/ministro-walker-el-futuro-de-nuestros-productos-esta-en-el-mercado-chino\/","name":"Ministro Walker: \u201cEl futuro de nuestros productos est\u00e1 en el mercado chino\u201d - Mundoagropecuario","isPartOf":{"@id":"https:\/\/www.mundoagropecuario.cl\/new\/#website"},"primaryImageOfPage":{"@id":"https:\/\/www.mundoagropecuario.cl\/new\/ministro-walker-el-futuro-de-nuestros-productos-esta-en-el-mercado-chino\/#primaryimage"},"image":{"@id":"https:\/\/www.mundoagropecuario.cl\/new\/ministro-walker-el-futuro-de-nuestros-productos-esta-en-el-mercado-chino\/#primaryimage"},"thumbnailUrl":"https:\/\/www.mundoagropecuario.cl\/new\/wp-content\/uploads\/2018\/07\/minagri2.jpg","datePublished":"2018-07-12T13:54:00+00:00","breadcrumb":{"@id":"https:\/\/www.mundoagropecuario.cl\/new\/ministro-walker-el-futuro-de-nuestros-productos-esta-en-el-mercado-chino\/#breadcrumb"},"inLanguage":"es","potentialAction":[{"@type":"ReadAction","target":["https:\/\/www.mundoagropecuario.cl\/new\/ministro-walker-el-futuro-de-nuestros-productos-esta-en-el-mercado-chino\/"]}]},{"@type":"ImageObject","inLanguage":"es","@id":"https:\/\/www.mundoagropecuario.cl\/new\/ministro-walker-el-futuro-de-nuestros-productos-esta-en-el-mercado-chino\/#primaryimage","url":"https:\/\/www.mundoagropecuario.cl\/new\/wp-content\/uploads\/2018\/07\/minagri2.jpg","contentUrl":"https:\/\/www.mundoagropecuario.cl\/new\/wp-content\/uploads\/2018\/07\/minagri2.jpg","width":601,"height":400},{"@type":"BreadcrumbList","@id":"https:\/\/www.mundoagropecuario.cl\/new\/ministro-walker-el-futuro-de-nuestros-productos-esta-en-el-mercado-chino\/#breadcrumb","itemListElement":[{"@type":"ListItem","position":1,"name":"Portada","item":"https:\/\/www.mundoagropecuario.cl\/new\/"},{"@type":"ListItem","position":2,"name":"Ministro Walker: \u201cEl futuro de nuestros productos est\u00e1 en el mercado chino\u201d"}]},{"@type":"WebSite","@id":"https:\/\/www.mundoagropecuario.cl\/new\/#website","url":"https:\/\/www.mundoagropecuario.cl\/new\/","name":"Mundoagropecuario","description":"Mundo Agropecuario","publisher":{"@id":"https:\/\/www.mundoagropecuario.cl\/new\/#organization"},"potentialAction":[{"@type":"SearchAction","target":{"@type":"EntryPoint","urlTemplate":"https:\/\/www.mundoagropecuario.cl\/new\/?s={search_term_string}"},"query-input":{"@type":"PropertyValueSpecification","valueRequired":true,"valueName":"search_term_string"}}],"inLanguage":"es"},{"@type":"Organization","@id":"https:\/\/www.mundoagropecuario.cl\/new\/#organization","name":"Revista de Agricultura","url":"https:\/\/www.mundoagropecuario.cl\/new\/","logo":{"@type":"ImageObject","inLanguage":"es","@id":"https:\/\/www.mundoagropecuario.cl\/new\/#\/schema\/logo\/image\/","url":"https:\/\/www.mundoagropecuario.cl\/new\/wp-content\/uploads\/2020\/11\/PORTAL-1-1.png","contentUrl":"https:\/\/www.mundoagropecuario.cl\/new\/wp-content\/uploads\/2020\/11\/PORTAL-1-1.png","width":1026,"height":100,"caption":"Revista de Agricultura"},"image":{"@id":"https:\/\/www.mundoagropecuario.cl\/new\/#\/schema\/logo\/image\/"},"sameAs":["https:\/\/www.facebook.com\/mundo.agropecuario.3","https:\/\/x.com\/MundoAgropecuar","https:\/\/www.linkedin.com\/in\/mundo-agropecuario-934009201\/"]},{"@type":"Person","@id":"https:\/\/www.mundoagropecuario.cl\/new\/#\/schema\/person\/0c221050801c74e45256a7a9a1ff0803","name":"periodista","url":"https:\/\/www.mundoagropecuario.cl\/new\/author\/periodista\/"}]}},"_links":{"self":[{"href":"https:\/\/www.mundoagropecuario.cl\/new\/wp-json\/wp\/v2\/posts\/7602","targetHints":{"allow":["GET"]}}],"collection":[{"href":"https:\/\/www.mundoagropecuario.cl\/new\/wp-json\/wp\/v2\/posts"}],"about":[{"href":"https:\/\/www.mundoagropecuario.cl\/new\/wp-json\/wp\/v2\/types\/post"}],"author":[{"embeddable":true,"href":"https:\/\/www.mundoagropecuario.cl\/new\/wp-json\/wp\/v2\/users\/3"}],"replies":[{"embeddable":true,"href":"https:\/\/www.mundoagropecuario.cl\/new\/wp-json\/wp\/v2\/comments?post=7602"}],"version-history":[{"count":1,"href":"https:\/\/www.mundoagropecuario.cl\/new\/wp-json\/wp\/v2\/posts\/7602\/revisions"}],"predecessor-version":[{"id":7604,"href":"https:\/\/www.mundoagropecuario.cl\/new\/wp-json\/wp\/v2\/posts\/7602\/revisions\/7604"}],"wp:featuredmedia":[{"embeddable":true,"href":"https:\/\/www.mundoagropecuario.cl\/new\/wp-json\/wp\/v2\/media\/7603"}],"wp:attachment":[{"href":"https:\/\/www.mundoagropecuario.cl\/new\/wp-json\/wp\/v2\/media?parent=7602"}],"wp:term":[{"taxonomy":"category","embeddable":true,"href":"https:\/\/www.mundoagropecuario.cl\/new\/wp-json\/wp\/v2\/categories?post=7602"},{"taxonomy":"post_tag","embeddable":true,"href":"https:\/\/www.mundoagropecuario.cl\/new\/wp-json\/wp\/v2\/tags?post=7602"}],"curies":[{"name":"wp","href":"https:\/\/api.w.org\/{rel}","templated":true}]}}