{"id":7588,"date":"2018-07-12T10:08:09","date_gmt":"2018-07-12T13:08:09","guid":{"rendered":"http:\/\/www.mundoagropecuario.cl\/new\/?p=7588"},"modified":"2018-07-12T10:08:35","modified_gmt":"2018-07-12T13:08:35","slug":"indap-expone-sobre-seguro-ovino-a-productores-de-la-asociacion-gremial-rio-baker","status":"publish","type":"post","link":"https:\/\/www.mundoagropecuario.cl\/new\/indap-expone-sobre-seguro-ovino-a-productores-de-la-asociacion-gremial-rio-baker\/","title":{"rendered":"Indap expone sobre seguro ovino a productores de la Asociaci\u00f3n Gremial R\u00edo Baker"},"content":{"rendered":"<blockquote><p><em>El instrumento -que puede contratarse en agencias de \u00c1rea Indap, permite a los productores estar cubiertos ante nieve, congelaci\u00f3n, erupci\u00f3n volc\u00e1nica, incendio o rayo, inundaci\u00f3n, tsunami, terremoto, ataque de animales, robo, hurto, abigeato. (Mundo Agropecuario).<\/em><\/p><\/blockquote>\n<p>A comienzos de esta semana, el director regional (s) de Indap, Patricio Urrutia, expuso ante productores de la Asociaci\u00f3n Gremial R\u00edo Baker y Cooperativa R\u00edo Baker de Cochrane sobre el Seguro Ganadero Ovino, instrumento financiero que permite gestionar parte de los riesgos de la producci\u00f3n pecuaria ovina, y que se enmarca en el \u00e1mbito de la pol\u00edtica de gesti\u00f3n de riesgos del Ministerio de Agricultura.<\/p>\n<p>Igualmente, la ovejer\u00eda es un rubro tradicional en la zona, ya que los primeros colonos de Ays\u00e9n eran justamente productores dedicadas a este importante rubro.<\/p>\n<p>\u201cEste instrumento de gesti\u00f3n de riesgo es una herramienta que ha sido gestionado a trav\u00e9s de Indap, con el respaldo de los ganaderos locales, de manera de contar con un seguro ovino funcional, que ha presentado liquidaciones favorables en la regi\u00f3n, con devoluciones principalmente por ataques de depredadores\u201d, indic\u00f3 Patricio Urrutia, director regional (s) de Indap.<\/p>\n<p>El seguro ovino \u2013agreg\u00f3 Urrutia- es altamente bonificado por el Ministerio de Agricultura a trav\u00e9s de Agroseguros y por Indap, y cuyo precio aproximado es de $600 por animal, cubriendo al ovino por un periodo de un a\u00f1o.<\/p>\n<p>El seguro ovino permite a usuarios de INDAP administrar las consecuencias econ\u00f3micas negativas de los riesgos a que est\u00e1 expuesta su producci\u00f3n, traspas\u00e1ndolos a las compa\u00f1\u00edas de seguros, quienes ante la presencia de animales asegurados pagar\u00e1n cuando corresponda, una indemnizaci\u00f3n que permitir\u00e1 al productor recuperar parte de su capital de trabajo.<\/p>\n<p>Ester Hern\u00e1ndez, presidenta de la Asociaci\u00f3n Gremial R\u00edo Baker, indic\u00f3 que \u201cestamos muy contentos ya que con esta charla se nos aclararon varios puntos de este seguro ovino y la manera que se va a hacer efectivo para los campesinos, instrumento que se ha ido mejorando con el tiempo en favor del productor. Estamos pensando seriamente, que a trav\u00e9s de nuestra cooperativa tomar este seguro de manera conjunta, con el fin de sacarle el m\u00e1ximo de provecho\u201d.<\/p>\n<p>Por su parte, Juan Barr\u00eda, presidente de la Cooperativa R\u00edo Baker, se\u00f1al\u00f3 que \u201cel seguro ovino es una excelente herramienta que tenemos nosotros los peque\u00f1os productores para proteger nuestro ganado ante ataques de animales como pumas y zorros, adem\u00e1s de posibles p\u00e9rdidas de ovinos ante las bajas temperaturas, por lo que estamos muy contentos con este instrumento\u201d.<\/p>\n<p>El instrumento -que puede contratarse en agencias de \u00c1rea Indap, permite a los productores estar cubiertos ante nieve, congelaci\u00f3n, erupci\u00f3n volc\u00e1nica, incendio o rayo, inundaci\u00f3n, tsunami, terremoto, ataque de animales, robo, hurto y abigeato.<\/p>\n<p>Entre los requisitos que deben tener los productores para acceder a este seguro ganadero ovino est\u00e1n ser usuarios Indap, animales deben tener autocrotal, se debe asegurar la totalidad de animales del predio e identificar rol o roles SII del predio.<\/p>\n<p>Cabe destacar, que el Ministerio de Agricultura en la regi\u00f3n de Ays\u00e9n est\u00e1 desarrollando un Plan Ovino, documento ambicioso para el rubro que pretende \u2013con apoyo de los productores- potenciar y levantar el sector, entendiendo que parte de la historia regional se ha desarrollado al alero del rubro ovino.<\/p>\n","protected":false},"excerpt":{"rendered":"<p>El instrumento -que puede contratarse en agencias de \u00c1rea Indap, permite a los productores estar cubiertos ante nieve, congelaci\u00f3n, erupci\u00f3n volc\u00e1nica, incendio o rayo, inundaci\u00f3n, tsunami, terremoto, ataque de animales,&#8230;<\/p>\n","protected":false},"author":3,"featured_media":7589,"comment_status":"closed","ping_status":"closed","sticky":false,"template":"","format":"standard","meta":{"footnotes":""},"categories":[404],"tags":[],"class_list":["post-7588","post","type-post","status-publish","format-standard","has-post-thumbnail","hentry","category-titular-2"],"yoast_head":"<!-- This site is optimized with the Yoast SEO plugin v26.6 - https:\/\/yoast.com\/wordpress\/plugins\/seo\/ -->\n<title>Indap expone sobre seguro ovino a productores de la Asociaci\u00f3n Gremial R\u00edo Baker - Mundoagropecuario<\/title>\n<meta name=\"robots\" content=\"index, follow, max-snippet:-1, max-image-preview:large, max-video-preview:-1\" \/>\n<link rel=\"canonical\" href=\"https:\/\/www.mundoagropecuario.cl\/new\/indap-expone-sobre-seguro-ovino-a-productores-de-la-asociacion-gremial-rio-baker\/\" \/>\n<meta property=\"og:locale\" content=\"es_ES\" \/>\n<meta property=\"og:type\" content=\"article\" \/>\n<meta property=\"og:title\" content=\"Indap expone sobre seguro ovino a productores de la Asociaci\u00f3n Gremial R\u00edo Baker - Mundoagropecuario\" \/>\n<meta property=\"og:description\" content=\"El instrumento -que puede contratarse en agencias de \u00c1rea Indap, permite a los productores estar cubiertos ante nieve, congelaci\u00f3n, erupci\u00f3n volc\u00e1nica, incendio o rayo, inundaci\u00f3n, tsunami, terremoto, ataque de animales,...\" \/>\n<meta property=\"og:url\" content=\"https:\/\/www.mundoagropecuario.cl\/new\/indap-expone-sobre-seguro-ovino-a-productores-de-la-asociacion-gremial-rio-baker\/\" \/>\n<meta property=\"og:site_name\" content=\"Mundoagropecuario\" \/>\n<meta property=\"article:publisher\" content=\"https:\/\/www.facebook.com\/mundo.agropecuario.3\" \/>\n<meta property=\"article:published_time\" content=\"2018-07-12T13:08:09+00:00\" \/>\n<meta property=\"article:modified_time\" content=\"2018-07-12T13:08:35+00:00\" \/>\n<meta property=\"og:image\" content=\"https:\/\/www.mundoagropecuario.cl\/new\/wp-content\/uploads\/2018\/07\/Lanares.jpg\" \/>\n\t<meta property=\"og:image:width\" content=\"1000\" \/>\n\t<meta property=\"og:image:height\" content=\"717\" \/>\n\t<meta property=\"og:image:type\" content=\"image\/jpeg\" \/>\n<meta name=\"author\" content=\"periodista\" \/>\n<meta name=\"twitter:card\" content=\"summary_large_image\" \/>\n<meta name=\"twitter:creator\" content=\"@MundoAgropecuar\" \/>\n<meta name=\"twitter:site\" content=\"@MundoAgropecuar\" \/>\n<meta name=\"twitter:label1\" content=\"Escrito por\" \/>\n\t<meta name=\"twitter:data1\" content=\"periodista\" \/>\n\t<meta name=\"twitter:label2\" content=\"Tiempo de lectura\" \/>\n\t<meta name=\"twitter:data2\" content=\"3 minutos\" \/>\n<script type=\"application\/ld+json\" class=\"yoast-schema-graph\">{\"@context\":\"https:\/\/schema.org\",\"@graph\":[{\"@type\":\"Article\",\"@id\":\"https:\/\/www.mundoagropecuario.cl\/new\/indap-expone-sobre-seguro-ovino-a-productores-de-la-asociacion-gremial-rio-baker\/#article\",\"isPartOf\":{\"@id\":\"https:\/\/www.mundoagropecuario.cl\/new\/indap-expone-sobre-seguro-ovino-a-productores-de-la-asociacion-gremial-rio-baker\/\"},\"author\":{\"name\":\"periodista\",\"@id\":\"https:\/\/www.mundoagropecuario.cl\/new\/#\/schema\/person\/0c221050801c74e45256a7a9a1ff0803\"},\"headline\":\"Indap expone sobre seguro ovino a productores de la Asociaci\u00f3n Gremial R\u00edo Baker\",\"datePublished\":\"2018-07-12T13:08:09+00:00\",\"dateModified\":\"2018-07-12T13:08:35+00:00\",\"mainEntityOfPage\":{\"@id\":\"https:\/\/www.mundoagropecuario.cl\/new\/indap-expone-sobre-seguro-ovino-a-productores-de-la-asociacion-gremial-rio-baker\/\"},\"wordCount\":582,\"publisher\":{\"@id\":\"https:\/\/www.mundoagropecuario.cl\/new\/#organization\"},\"image\":{\"@id\":\"https:\/\/www.mundoagropecuario.cl\/new\/indap-expone-sobre-seguro-ovino-a-productores-de-la-asociacion-gremial-rio-baker\/#primaryimage\"},\"thumbnailUrl\":\"https:\/\/www.mundoagropecuario.cl\/new\/wp-content\/uploads\/2018\/07\/Lanares.jpg\",\"articleSection\":[\"Titular 2\"],\"inLanguage\":\"es\"},{\"@type\":\"WebPage\",\"@id\":\"https:\/\/www.mundoagropecuario.cl\/new\/indap-expone-sobre-seguro-ovino-a-productores-de-la-asociacion-gremial-rio-baker\/\",\"url\":\"https:\/\/www.mundoagropecuario.cl\/new\/indap-expone-sobre-seguro-ovino-a-productores-de-la-asociacion-gremial-rio-baker\/\",\"name\":\"Indap expone sobre seguro ovino a productores de la Asociaci\u00f3n Gremial R\u00edo Baker - Mundoagropecuario\",\"isPartOf\":{\"@id\":\"https:\/\/www.mundoagropecuario.cl\/new\/#website\"},\"primaryImageOfPage\":{\"@id\":\"https:\/\/www.mundoagropecuario.cl\/new\/indap-expone-sobre-seguro-ovino-a-productores-de-la-asociacion-gremial-rio-baker\/#primaryimage\"},\"image\":{\"@id\":\"https:\/\/www.mundoagropecuario.cl\/new\/indap-expone-sobre-seguro-ovino-a-productores-de-la-asociacion-gremial-rio-baker\/#primaryimage\"},\"thumbnailUrl\":\"https:\/\/www.mundoagropecuario.cl\/new\/wp-content\/uploads\/2018\/07\/Lanares.jpg\",\"datePublished\":\"2018-07-12T13:08:09+00:00\",\"dateModified\":\"2018-07-12T13:08:35+00:00\",\"breadcrumb\":{\"@id\":\"https:\/\/www.mundoagropecuario.cl\/new\/indap-expone-sobre-seguro-ovino-a-productores-de-la-asociacion-gremial-rio-baker\/#breadcrumb\"},\"inLanguage\":\"es\",\"potentialAction\":[{\"@type\":\"ReadAction\",\"target\":[\"https:\/\/www.mundoagropecuario.cl\/new\/indap-expone-sobre-seguro-ovino-a-productores-de-la-asociacion-gremial-rio-baker\/\"]}]},{\"@type\":\"ImageObject\",\"inLanguage\":\"es\",\"@id\":\"https:\/\/www.mundoagropecuario.cl\/new\/indap-expone-sobre-seguro-ovino-a-productores-de-la-asociacion-gremial-rio-baker\/#primaryimage\",\"url\":\"https:\/\/www.mundoagropecuario.cl\/new\/wp-content\/uploads\/2018\/07\/Lanares.jpg\",\"contentUrl\":\"https:\/\/www.mundoagropecuario.cl\/new\/wp-content\/uploads\/2018\/07\/Lanares.jpg\",\"width\":558,\"height\":400},{\"@type\":\"BreadcrumbList\",\"@id\":\"https:\/\/www.mundoagropecuario.cl\/new\/indap-expone-sobre-seguro-ovino-a-productores-de-la-asociacion-gremial-rio-baker\/#breadcrumb\",\"itemListElement\":[{\"@type\":\"ListItem\",\"position\":1,\"name\":\"Portada\",\"item\":\"https:\/\/www.mundoagropecuario.cl\/new\/\"},{\"@type\":\"ListItem\",\"position\":2,\"name\":\"Indap expone sobre seguro ovino a productores de la Asociaci\u00f3n Gremial R\u00edo Baker\"}]},{\"@type\":\"WebSite\",\"@id\":\"https:\/\/www.mundoagropecuario.cl\/new\/#website\",\"url\":\"https:\/\/www.mundoagropecuario.cl\/new\/\",\"name\":\"Mundoagropecuario\",\"description\":\"Mundo Agropecuario\",\"publisher\":{\"@id\":\"https:\/\/www.mundoagropecuario.cl\/new\/#organization\"},\"potentialAction\":[{\"@type\":\"SearchAction\",\"target\":{\"@type\":\"EntryPoint\",\"urlTemplate\":\"https:\/\/www.mundoagropecuario.cl\/new\/?s={search_term_string}\"},\"query-input\":{\"@type\":\"PropertyValueSpecification\",\"valueRequired\":true,\"valueName\":\"search_term_string\"}}],\"inLanguage\":\"es\"},{\"@type\":\"Organization\",\"@id\":\"https:\/\/www.mundoagropecuario.cl\/new\/#organization\",\"name\":\"Revista de Agricultura\",\"url\":\"https:\/\/www.mundoagropecuario.cl\/new\/\",\"logo\":{\"@type\":\"ImageObject\",\"inLanguage\":\"es\",\"@id\":\"https:\/\/www.mundoagropecuario.cl\/new\/#\/schema\/logo\/image\/\",\"url\":\"https:\/\/www.mundoagropecuario.cl\/new\/wp-content\/uploads\/2020\/11\/PORTAL-1-1.png\",\"contentUrl\":\"https:\/\/www.mundoagropecuario.cl\/new\/wp-content\/uploads\/2020\/11\/PORTAL-1-1.png\",\"width\":1026,\"height\":100,\"caption\":\"Revista de Agricultura\"},\"image\":{\"@id\":\"https:\/\/www.mundoagropecuario.cl\/new\/#\/schema\/logo\/image\/\"},\"sameAs\":[\"https:\/\/www.facebook.com\/mundo.agropecuario.3\",\"https:\/\/x.com\/MundoAgropecuar\",\"https:\/\/www.linkedin.com\/in\/mundo-agropecuario-934009201\/\"]},{\"@type\":\"Person\",\"@id\":\"https:\/\/www.mundoagropecuario.cl\/new\/#\/schema\/person\/0c221050801c74e45256a7a9a1ff0803\",\"name\":\"periodista\",\"url\":\"https:\/\/www.mundoagropecuario.cl\/new\/author\/periodista\/\"}]}<\/script>\n<!-- \/ Yoast SEO plugin. -->","yoast_head_json":{"title":"Indap expone sobre seguro ovino a productores de la Asociaci\u00f3n Gremial R\u00edo Baker - Mundoagropecuario","robots":{"index":"index","follow":"follow","max-snippet":"max-snippet:-1","max-image-preview":"max-image-preview:large","max-video-preview":"max-video-preview:-1"},"canonical":"https:\/\/www.mundoagropecuario.cl\/new\/indap-expone-sobre-seguro-ovino-a-productores-de-la-asociacion-gremial-rio-baker\/","og_locale":"es_ES","og_type":"article","og_title":"Indap expone sobre seguro ovino a productores de la Asociaci\u00f3n Gremial R\u00edo Baker - Mundoagropecuario","og_description":"El instrumento -que puede contratarse en agencias de \u00c1rea Indap, permite a los productores estar cubiertos ante nieve, congelaci\u00f3n, erupci\u00f3n volc\u00e1nica, incendio o rayo, inundaci\u00f3n, tsunami, terremoto, ataque de animales,...","og_url":"https:\/\/www.mundoagropecuario.cl\/new\/indap-expone-sobre-seguro-ovino-a-productores-de-la-asociacion-gremial-rio-baker\/","og_site_name":"Mundoagropecuario","article_publisher":"https:\/\/www.facebook.com\/mundo.agropecuario.3","article_published_time":"2018-07-12T13:08:09+00:00","article_modified_time":"2018-07-12T13:08:35+00:00","og_image":[{"width":1000,"height":717,"url":"https:\/\/www.mundoagropecuario.cl\/new\/wp-content\/uploads\/2018\/07\/Lanares.jpg","type":"image\/jpeg"}],"author":"periodista","twitter_card":"summary_large_image","twitter_creator":"@MundoAgropecuar","twitter_site":"@MundoAgropecuar","twitter_misc":{"Escrito por":"periodista","Tiempo de lectura":"3 minutos"},"schema":{"@context":"https:\/\/schema.org","@graph":[{"@type":"Article","@id":"https:\/\/www.mundoagropecuario.cl\/new\/indap-expone-sobre-seguro-ovino-a-productores-de-la-asociacion-gremial-rio-baker\/#article","isPartOf":{"@id":"https:\/\/www.mundoagropecuario.cl\/new\/indap-expone-sobre-seguro-ovino-a-productores-de-la-asociacion-gremial-rio-baker\/"},"author":{"name":"periodista","@id":"https:\/\/www.mundoagropecuario.cl\/new\/#\/schema\/person\/0c221050801c74e45256a7a9a1ff0803"},"headline":"Indap expone sobre seguro ovino a productores de la Asociaci\u00f3n Gremial R\u00edo Baker","datePublished":"2018-07-12T13:08:09+00:00","dateModified":"2018-07-12T13:08:35+00:00","mainEntityOfPage":{"@id":"https:\/\/www.mundoagropecuario.cl\/new\/indap-expone-sobre-seguro-ovino-a-productores-de-la-asociacion-gremial-rio-baker\/"},"wordCount":582,"publisher":{"@id":"https:\/\/www.mundoagropecuario.cl\/new\/#organization"},"image":{"@id":"https:\/\/www.mundoagropecuario.cl\/new\/indap-expone-sobre-seguro-ovino-a-productores-de-la-asociacion-gremial-rio-baker\/#primaryimage"},"thumbnailUrl":"https:\/\/www.mundoagropecuario.cl\/new\/wp-content\/uploads\/2018\/07\/Lanares.jpg","articleSection":["Titular 2"],"inLanguage":"es"},{"@type":"WebPage","@id":"https:\/\/www.mundoagropecuario.cl\/new\/indap-expone-sobre-seguro-ovino-a-productores-de-la-asociacion-gremial-rio-baker\/","url":"https:\/\/www.mundoagropecuario.cl\/new\/indap-expone-sobre-seguro-ovino-a-productores-de-la-asociacion-gremial-rio-baker\/","name":"Indap expone sobre seguro ovino a productores de la Asociaci\u00f3n Gremial R\u00edo Baker - Mundoagropecuario","isPartOf":{"@id":"https:\/\/www.mundoagropecuario.cl\/new\/#website"},"primaryImageOfPage":{"@id":"https:\/\/www.mundoagropecuario.cl\/new\/indap-expone-sobre-seguro-ovino-a-productores-de-la-asociacion-gremial-rio-baker\/#primaryimage"},"image":{"@id":"https:\/\/www.mundoagropecuario.cl\/new\/indap-expone-sobre-seguro-ovino-a-productores-de-la-asociacion-gremial-rio-baker\/#primaryimage"},"thumbnailUrl":"https:\/\/www.mundoagropecuario.cl\/new\/wp-content\/uploads\/2018\/07\/Lanares.jpg","datePublished":"2018-07-12T13:08:09+00:00","dateModified":"2018-07-12T13:08:35+00:00","breadcrumb":{"@id":"https:\/\/www.mundoagropecuario.cl\/new\/indap-expone-sobre-seguro-ovino-a-productores-de-la-asociacion-gremial-rio-baker\/#breadcrumb"},"inLanguage":"es","potentialAction":[{"@type":"ReadAction","target":["https:\/\/www.mundoagropecuario.cl\/new\/indap-expone-sobre-seguro-ovino-a-productores-de-la-asociacion-gremial-rio-baker\/"]}]},{"@type":"ImageObject","inLanguage":"es","@id":"https:\/\/www.mundoagropecuario.cl\/new\/indap-expone-sobre-seguro-ovino-a-productores-de-la-asociacion-gremial-rio-baker\/#primaryimage","url":"https:\/\/www.mundoagropecuario.cl\/new\/wp-content\/uploads\/2018\/07\/Lanares.jpg","contentUrl":"https:\/\/www.mundoagropecuario.cl\/new\/wp-content\/uploads\/2018\/07\/Lanares.jpg","width":558,"height":400},{"@type":"BreadcrumbList","@id":"https:\/\/www.mundoagropecuario.cl\/new\/indap-expone-sobre-seguro-ovino-a-productores-de-la-asociacion-gremial-rio-baker\/#breadcrumb","itemListElement":[{"@type":"ListItem","position":1,"name":"Portada","item":"https:\/\/www.mundoagropecuario.cl\/new\/"},{"@type":"ListItem","position":2,"name":"Indap expone sobre seguro ovino a productores de la Asociaci\u00f3n Gremial R\u00edo Baker"}]},{"@type":"WebSite","@id":"https:\/\/www.mundoagropecuario.cl\/new\/#website","url":"https:\/\/www.mundoagropecuario.cl\/new\/","name":"Mundoagropecuario","description":"Mundo Agropecuario","publisher":{"@id":"https:\/\/www.mundoagropecuario.cl\/new\/#organization"},"potentialAction":[{"@type":"SearchAction","target":{"@type":"EntryPoint","urlTemplate":"https:\/\/www.mundoagropecuario.cl\/new\/?s={search_term_string}"},"query-input":{"@type":"PropertyValueSpecification","valueRequired":true,"valueName":"search_term_string"}}],"inLanguage":"es"},{"@type":"Organization","@id":"https:\/\/www.mundoagropecuario.cl\/new\/#organization","name":"Revista de Agricultura","url":"https:\/\/www.mundoagropecuario.cl\/new\/","logo":{"@type":"ImageObject","inLanguage":"es","@id":"https:\/\/www.mundoagropecuario.cl\/new\/#\/schema\/logo\/image\/","url":"https:\/\/www.mundoagropecuario.cl\/new\/wp-content\/uploads\/2020\/11\/PORTAL-1-1.png","contentUrl":"https:\/\/www.mundoagropecuario.cl\/new\/wp-content\/uploads\/2020\/11\/PORTAL-1-1.png","width":1026,"height":100,"caption":"Revista de Agricultura"},"image":{"@id":"https:\/\/www.mundoagropecuario.cl\/new\/#\/schema\/logo\/image\/"},"sameAs":["https:\/\/www.facebook.com\/mundo.agropecuario.3","https:\/\/x.com\/MundoAgropecuar","https:\/\/www.linkedin.com\/in\/mundo-agropecuario-934009201\/"]},{"@type":"Person","@id":"https:\/\/www.mundoagropecuario.cl\/new\/#\/schema\/person\/0c221050801c74e45256a7a9a1ff0803","name":"periodista","url":"https:\/\/www.mundoagropecuario.cl\/new\/author\/periodista\/"}]}},"_links":{"self":[{"href":"https:\/\/www.mundoagropecuario.cl\/new\/wp-json\/wp\/v2\/posts\/7588","targetHints":{"allow":["GET"]}}],"collection":[{"href":"https:\/\/www.mundoagropecuario.cl\/new\/wp-json\/wp\/v2\/posts"}],"about":[{"href":"https:\/\/www.mundoagropecuario.cl\/new\/wp-json\/wp\/v2\/types\/post"}],"author":[{"embeddable":true,"href":"https:\/\/www.mundoagropecuario.cl\/new\/wp-json\/wp\/v2\/users\/3"}],"replies":[{"embeddable":true,"href":"https:\/\/www.mundoagropecuario.cl\/new\/wp-json\/wp\/v2\/comments?post=7588"}],"version-history":[{"count":1,"href":"https:\/\/www.mundoagropecuario.cl\/new\/wp-json\/wp\/v2\/posts\/7588\/revisions"}],"predecessor-version":[{"id":7590,"href":"https:\/\/www.mundoagropecuario.cl\/new\/wp-json\/wp\/v2\/posts\/7588\/revisions\/7590"}],"wp:featuredmedia":[{"embeddable":true,"href":"https:\/\/www.mundoagropecuario.cl\/new\/wp-json\/wp\/v2\/media\/7589"}],"wp:attachment":[{"href":"https:\/\/www.mundoagropecuario.cl\/new\/wp-json\/wp\/v2\/media?parent=7588"}],"wp:term":[{"taxonomy":"category","embeddable":true,"href":"https:\/\/www.mundoagropecuario.cl\/new\/wp-json\/wp\/v2\/categories?post=7588"},{"taxonomy":"post_tag","embeddable":true,"href":"https:\/\/www.mundoagropecuario.cl\/new\/wp-json\/wp\/v2\/tags?post=7588"}],"curies":[{"name":"wp","href":"https:\/\/api.w.org\/{rel}","templated":true}]}}