{"id":7571,"date":"2018-07-11T10:11:18","date_gmt":"2018-07-11T13:11:18","guid":{"rendered":"http:\/\/www.mundoagropecuario.cl\/new\/?p=7571"},"modified":"2018-07-11T10:11:18","modified_gmt":"2018-07-11T13:11:18","slug":"profesionales-de-los-programas-padis-prodesal-de-indap-coquimbo-se-capacitaron-en-fitosanitarios","status":"publish","type":"post","link":"https:\/\/www.mundoagropecuario.cl\/new\/profesionales-de-los-programas-padis-prodesal-de-indap-coquimbo-se-capacitaron-en-fitosanitarios\/","title":{"rendered":"Profesionales de los programas Padis-Prodesal de Indap Coquimbo se capacitaron en fitosanitarios"},"content":{"rendered":"<blockquote><p><em>La Asociaci\u00f3n Nacional de Fabricantes e Importadores de Productos Fitosanitarios Agr\u00edcolas, Afipa, realiz\u00f3 el curso. (Mundo Agropecuario).<\/em><\/p><\/blockquote>\n<p>En Ovalle, en dependencias del Liceo Agr\u00edcola Tadeo Perry Barnes, se capacitaron en Buenas Pr\u00e1cticas Agr\u00edcolas (BPA) en el manejo y uso de fitosanitarios y calibraci\u00f3n de pulverizador hidr\u00e1ulico, 30 profesionales que entregan asesor\u00edas a usuarios de las 15 comunas de la Regi\u00f3n de Coquimbo, a trav\u00e9s de los convenios Padis y Prodesal de Indap, adem\u00e1s de dirigentes del Consejo Asesor Regional (CAR) de dicha instituci\u00f3n.<\/p>\n<p>Francisco Navea, jefe(s) de la Unidad de Fomento de Indap regi\u00f3n de Coquimbo, explica que esta capacitaci\u00f3n es trascendental para una buena ejecuci\u00f3n de procesos, que aseguren una producci\u00f3n de calidad y con m\u00e9todos seguros y limpios. \u201cEs necesario para mantener actualizado el conocimiento de los profesionales en tratamientos fitosanitarios. Las plagas y enfermedades suelen atacar a las unidades productivas y un buen manejo puede prevenir p\u00e9rdidas importantes en los negocios de los agricultores\u201d, precisa.<\/p>\n<p>Adem\u00e1s, el profesional agrega que la actualizaci\u00f3n en conocimientos de calibraci\u00f3n de pulverizadores hidr\u00e1ulicos es muy importante, \u201cdebido a que estos equipos son constantemente demandados por nuestros usuarios, y como Indap los apoyamos en la adquisici\u00f3n de estos, a trav\u00e9s de algunos de nuestros programas\u201d.<\/p>\n<p>Por \u00faltimo, Francisco Navea se\u00f1ala que Indap Coquimbo seguir\u00e1 enfocando sus esfuerzos para que los agricultores de la regi\u00f3n adquirieran nuevos conocimientos en fitosanitarios y otras BPA. \u201cTodas las capacitaciones que consideren estos contenidos de ense\u00f1anza ser\u00e1n valoradas por Indap\u201d, puntualiza.<\/p>\n","protected":false},"excerpt":{"rendered":"<p>La Asociaci\u00f3n Nacional de Fabricantes e Importadores de Productos Fitosanitarios Agr\u00edcolas, Afipa, realiz\u00f3 el curso. (Mundo Agropecuario). En Ovalle, en dependencias del Liceo Agr\u00edcola Tadeo Perry Barnes, se capacitaron en&#8230;<\/p>\n","protected":false},"author":3,"featured_media":7572,"comment_status":"closed","ping_status":"closed","sticky":false,"template":"","format":"standard","meta":{"footnotes":""},"categories":[1987],"tags":[1992,2091],"class_list":["post-7571","post","type-post","status-publish","format-standard","has-post-thumbnail","hentry","category-instituciones","tag-indap","tag-prodesal"],"yoast_head":"<!-- This site is optimized with the Yoast SEO plugin v26.6 - https:\/\/yoast.com\/wordpress\/plugins\/seo\/ -->\n<title>Profesionales de los programas Padis-Prodesal de Indap Coquimbo se capacitaron en fitosanitarios - Mundoagropecuario<\/title>\n<meta name=\"robots\" content=\"index, follow, max-snippet:-1, max-image-preview:large, max-video-preview:-1\" \/>\n<link rel=\"canonical\" href=\"https:\/\/www.mundoagropecuario.cl\/new\/profesionales-de-los-programas-padis-prodesal-de-indap-coquimbo-se-capacitaron-en-fitosanitarios\/\" \/>\n<meta property=\"og:locale\" content=\"es_ES\" \/>\n<meta property=\"og:type\" content=\"article\" \/>\n<meta property=\"og:title\" content=\"Profesionales de los programas Padis-Prodesal de Indap Coquimbo se capacitaron en fitosanitarios - Mundoagropecuario\" \/>\n<meta property=\"og:description\" content=\"La Asociaci\u00f3n Nacional de Fabricantes e Importadores de Productos Fitosanitarios Agr\u00edcolas, Afipa, realiz\u00f3 el curso. (Mundo Agropecuario). En Ovalle, en dependencias del Liceo Agr\u00edcola Tadeo Perry Barnes, se capacitaron en...\" \/>\n<meta property=\"og:url\" content=\"https:\/\/www.mundoagropecuario.cl\/new\/profesionales-de-los-programas-padis-prodesal-de-indap-coquimbo-se-capacitaron-en-fitosanitarios\/\" \/>\n<meta property=\"og:site_name\" content=\"Mundoagropecuario\" \/>\n<meta property=\"article:publisher\" content=\"https:\/\/www.facebook.com\/mundo.agropecuario.3\" \/>\n<meta property=\"article:published_time\" content=\"2018-07-11T13:11:18+00:00\" \/>\n<meta property=\"og:image\" content=\"https:\/\/www.mundoagropecuario.cl\/new\/wp-content\/uploads\/2018\/07\/prodesal.jpg\" \/>\n\t<meta property=\"og:image:width\" content=\"1000\" \/>\n\t<meta property=\"og:image:height\" content=\"750\" \/>\n\t<meta property=\"og:image:type\" content=\"image\/jpeg\" \/>\n<meta name=\"author\" content=\"periodista\" \/>\n<meta name=\"twitter:card\" content=\"summary_large_image\" \/>\n<meta name=\"twitter:creator\" content=\"@MundoAgropecuar\" \/>\n<meta name=\"twitter:site\" content=\"@MundoAgropecuar\" \/>\n<meta name=\"twitter:label1\" content=\"Escrito por\" \/>\n\t<meta name=\"twitter:data1\" content=\"periodista\" \/>\n\t<meta name=\"twitter:label2\" content=\"Tiempo de lectura\" \/>\n\t<meta name=\"twitter:data2\" content=\"1 minuto\" \/>\n<script type=\"application\/ld+json\" class=\"yoast-schema-graph\">{\"@context\":\"https:\/\/schema.org\",\"@graph\":[{\"@type\":\"Article\",\"@id\":\"https:\/\/www.mundoagropecuario.cl\/new\/profesionales-de-los-programas-padis-prodesal-de-indap-coquimbo-se-capacitaron-en-fitosanitarios\/#article\",\"isPartOf\":{\"@id\":\"https:\/\/www.mundoagropecuario.cl\/new\/profesionales-de-los-programas-padis-prodesal-de-indap-coquimbo-se-capacitaron-en-fitosanitarios\/\"},\"author\":{\"name\":\"periodista\",\"@id\":\"https:\/\/www.mundoagropecuario.cl\/new\/#\/schema\/person\/0c221050801c74e45256a7a9a1ff0803\"},\"headline\":\"Profesionales de los programas Padis-Prodesal de Indap Coquimbo se capacitaron en fitosanitarios\",\"datePublished\":\"2018-07-11T13:11:18+00:00\",\"mainEntityOfPage\":{\"@id\":\"https:\/\/www.mundoagropecuario.cl\/new\/profesionales-de-los-programas-padis-prodesal-de-indap-coquimbo-se-capacitaron-en-fitosanitarios\/\"},\"wordCount\":283,\"publisher\":{\"@id\":\"https:\/\/www.mundoagropecuario.cl\/new\/#organization\"},\"image\":{\"@id\":\"https:\/\/www.mundoagropecuario.cl\/new\/profesionales-de-los-programas-padis-prodesal-de-indap-coquimbo-se-capacitaron-en-fitosanitarios\/#primaryimage\"},\"thumbnailUrl\":\"https:\/\/www.mundoagropecuario.cl\/new\/wp-content\/uploads\/2018\/07\/prodesal.jpg\",\"keywords\":[\"Indap\",\"Prodesal\"],\"articleSection\":[\"Instituciones\"],\"inLanguage\":\"es\"},{\"@type\":\"WebPage\",\"@id\":\"https:\/\/www.mundoagropecuario.cl\/new\/profesionales-de-los-programas-padis-prodesal-de-indap-coquimbo-se-capacitaron-en-fitosanitarios\/\",\"url\":\"https:\/\/www.mundoagropecuario.cl\/new\/profesionales-de-los-programas-padis-prodesal-de-indap-coquimbo-se-capacitaron-en-fitosanitarios\/\",\"name\":\"Profesionales de los programas Padis-Prodesal de Indap Coquimbo se capacitaron en fitosanitarios - Mundoagropecuario\",\"isPartOf\":{\"@id\":\"https:\/\/www.mundoagropecuario.cl\/new\/#website\"},\"primaryImageOfPage\":{\"@id\":\"https:\/\/www.mundoagropecuario.cl\/new\/profesionales-de-los-programas-padis-prodesal-de-indap-coquimbo-se-capacitaron-en-fitosanitarios\/#primaryimage\"},\"image\":{\"@id\":\"https:\/\/www.mundoagropecuario.cl\/new\/profesionales-de-los-programas-padis-prodesal-de-indap-coquimbo-se-capacitaron-en-fitosanitarios\/#primaryimage\"},\"thumbnailUrl\":\"https:\/\/www.mundoagropecuario.cl\/new\/wp-content\/uploads\/2018\/07\/prodesal.jpg\",\"datePublished\":\"2018-07-11T13:11:18+00:00\",\"breadcrumb\":{\"@id\":\"https:\/\/www.mundoagropecuario.cl\/new\/profesionales-de-los-programas-padis-prodesal-de-indap-coquimbo-se-capacitaron-en-fitosanitarios\/#breadcrumb\"},\"inLanguage\":\"es\",\"potentialAction\":[{\"@type\":\"ReadAction\",\"target\":[\"https:\/\/www.mundoagropecuario.cl\/new\/profesionales-de-los-programas-padis-prodesal-de-indap-coquimbo-se-capacitaron-en-fitosanitarios\/\"]}]},{\"@type\":\"ImageObject\",\"inLanguage\":\"es\",\"@id\":\"https:\/\/www.mundoagropecuario.cl\/new\/profesionales-de-los-programas-padis-prodesal-de-indap-coquimbo-se-capacitaron-en-fitosanitarios\/#primaryimage\",\"url\":\"https:\/\/www.mundoagropecuario.cl\/new\/wp-content\/uploads\/2018\/07\/prodesal.jpg\",\"contentUrl\":\"https:\/\/www.mundoagropecuario.cl\/new\/wp-content\/uploads\/2018\/07\/prodesal.jpg\",\"width\":533,\"height\":400},{\"@type\":\"BreadcrumbList\",\"@id\":\"https:\/\/www.mundoagropecuario.cl\/new\/profesionales-de-los-programas-padis-prodesal-de-indap-coquimbo-se-capacitaron-en-fitosanitarios\/#breadcrumb\",\"itemListElement\":[{\"@type\":\"ListItem\",\"position\":1,\"name\":\"Portada\",\"item\":\"https:\/\/www.mundoagropecuario.cl\/new\/\"},{\"@type\":\"ListItem\",\"position\":2,\"name\":\"Profesionales de los programas Padis-Prodesal de Indap Coquimbo se capacitaron en fitosanitarios\"}]},{\"@type\":\"WebSite\",\"@id\":\"https:\/\/www.mundoagropecuario.cl\/new\/#website\",\"url\":\"https:\/\/www.mundoagropecuario.cl\/new\/\",\"name\":\"Mundoagropecuario\",\"description\":\"Mundo Agropecuario\",\"publisher\":{\"@id\":\"https:\/\/www.mundoagropecuario.cl\/new\/#organization\"},\"potentialAction\":[{\"@type\":\"SearchAction\",\"target\":{\"@type\":\"EntryPoint\",\"urlTemplate\":\"https:\/\/www.mundoagropecuario.cl\/new\/?s={search_term_string}\"},\"query-input\":{\"@type\":\"PropertyValueSpecification\",\"valueRequired\":true,\"valueName\":\"search_term_string\"}}],\"inLanguage\":\"es\"},{\"@type\":\"Organization\",\"@id\":\"https:\/\/www.mundoagropecuario.cl\/new\/#organization\",\"name\":\"Revista de Agricultura\",\"url\":\"https:\/\/www.mundoagropecuario.cl\/new\/\",\"logo\":{\"@type\":\"ImageObject\",\"inLanguage\":\"es\",\"@id\":\"https:\/\/www.mundoagropecuario.cl\/new\/#\/schema\/logo\/image\/\",\"url\":\"https:\/\/www.mundoagropecuario.cl\/new\/wp-content\/uploads\/2020\/11\/PORTAL-1-1.png\",\"contentUrl\":\"https:\/\/www.mundoagropecuario.cl\/new\/wp-content\/uploads\/2020\/11\/PORTAL-1-1.png\",\"width\":1026,\"height\":100,\"caption\":\"Revista de Agricultura\"},\"image\":{\"@id\":\"https:\/\/www.mundoagropecuario.cl\/new\/#\/schema\/logo\/image\/\"},\"sameAs\":[\"https:\/\/www.facebook.com\/mundo.agropecuario.3\",\"https:\/\/x.com\/MundoAgropecuar\",\"https:\/\/www.linkedin.com\/in\/mundo-agropecuario-934009201\/\"]},{\"@type\":\"Person\",\"@id\":\"https:\/\/www.mundoagropecuario.cl\/new\/#\/schema\/person\/0c221050801c74e45256a7a9a1ff0803\",\"name\":\"periodista\",\"url\":\"https:\/\/www.mundoagropecuario.cl\/new\/author\/periodista\/\"}]}<\/script>\n<!-- \/ Yoast SEO plugin. -->","yoast_head_json":{"title":"Profesionales de los programas Padis-Prodesal de Indap Coquimbo se capacitaron en fitosanitarios - Mundoagropecuario","robots":{"index":"index","follow":"follow","max-snippet":"max-snippet:-1","max-image-preview":"max-image-preview:large","max-video-preview":"max-video-preview:-1"},"canonical":"https:\/\/www.mundoagropecuario.cl\/new\/profesionales-de-los-programas-padis-prodesal-de-indap-coquimbo-se-capacitaron-en-fitosanitarios\/","og_locale":"es_ES","og_type":"article","og_title":"Profesionales de los programas Padis-Prodesal de Indap Coquimbo se capacitaron en fitosanitarios - Mundoagropecuario","og_description":"La Asociaci\u00f3n Nacional de Fabricantes e Importadores de Productos Fitosanitarios Agr\u00edcolas, Afipa, realiz\u00f3 el curso. (Mundo Agropecuario). En Ovalle, en dependencias del Liceo Agr\u00edcola Tadeo Perry Barnes, se capacitaron en...","og_url":"https:\/\/www.mundoagropecuario.cl\/new\/profesionales-de-los-programas-padis-prodesal-de-indap-coquimbo-se-capacitaron-en-fitosanitarios\/","og_site_name":"Mundoagropecuario","article_publisher":"https:\/\/www.facebook.com\/mundo.agropecuario.3","article_published_time":"2018-07-11T13:11:18+00:00","og_image":[{"width":1000,"height":750,"url":"https:\/\/www.mundoagropecuario.cl\/new\/wp-content\/uploads\/2018\/07\/prodesal.jpg","type":"image\/jpeg"}],"author":"periodista","twitter_card":"summary_large_image","twitter_creator":"@MundoAgropecuar","twitter_site":"@MundoAgropecuar","twitter_misc":{"Escrito por":"periodista","Tiempo de lectura":"1 minuto"},"schema":{"@context":"https:\/\/schema.org","@graph":[{"@type":"Article","@id":"https:\/\/www.mundoagropecuario.cl\/new\/profesionales-de-los-programas-padis-prodesal-de-indap-coquimbo-se-capacitaron-en-fitosanitarios\/#article","isPartOf":{"@id":"https:\/\/www.mundoagropecuario.cl\/new\/profesionales-de-los-programas-padis-prodesal-de-indap-coquimbo-se-capacitaron-en-fitosanitarios\/"},"author":{"name":"periodista","@id":"https:\/\/www.mundoagropecuario.cl\/new\/#\/schema\/person\/0c221050801c74e45256a7a9a1ff0803"},"headline":"Profesionales de los programas Padis-Prodesal de Indap Coquimbo se capacitaron en fitosanitarios","datePublished":"2018-07-11T13:11:18+00:00","mainEntityOfPage":{"@id":"https:\/\/www.mundoagropecuario.cl\/new\/profesionales-de-los-programas-padis-prodesal-de-indap-coquimbo-se-capacitaron-en-fitosanitarios\/"},"wordCount":283,"publisher":{"@id":"https:\/\/www.mundoagropecuario.cl\/new\/#organization"},"image":{"@id":"https:\/\/www.mundoagropecuario.cl\/new\/profesionales-de-los-programas-padis-prodesal-de-indap-coquimbo-se-capacitaron-en-fitosanitarios\/#primaryimage"},"thumbnailUrl":"https:\/\/www.mundoagropecuario.cl\/new\/wp-content\/uploads\/2018\/07\/prodesal.jpg","keywords":["Indap","Prodesal"],"articleSection":["Instituciones"],"inLanguage":"es"},{"@type":"WebPage","@id":"https:\/\/www.mundoagropecuario.cl\/new\/profesionales-de-los-programas-padis-prodesal-de-indap-coquimbo-se-capacitaron-en-fitosanitarios\/","url":"https:\/\/www.mundoagropecuario.cl\/new\/profesionales-de-los-programas-padis-prodesal-de-indap-coquimbo-se-capacitaron-en-fitosanitarios\/","name":"Profesionales de los programas Padis-Prodesal de Indap Coquimbo se capacitaron en fitosanitarios - Mundoagropecuario","isPartOf":{"@id":"https:\/\/www.mundoagropecuario.cl\/new\/#website"},"primaryImageOfPage":{"@id":"https:\/\/www.mundoagropecuario.cl\/new\/profesionales-de-los-programas-padis-prodesal-de-indap-coquimbo-se-capacitaron-en-fitosanitarios\/#primaryimage"},"image":{"@id":"https:\/\/www.mundoagropecuario.cl\/new\/profesionales-de-los-programas-padis-prodesal-de-indap-coquimbo-se-capacitaron-en-fitosanitarios\/#primaryimage"},"thumbnailUrl":"https:\/\/www.mundoagropecuario.cl\/new\/wp-content\/uploads\/2018\/07\/prodesal.jpg","datePublished":"2018-07-11T13:11:18+00:00","breadcrumb":{"@id":"https:\/\/www.mundoagropecuario.cl\/new\/profesionales-de-los-programas-padis-prodesal-de-indap-coquimbo-se-capacitaron-en-fitosanitarios\/#breadcrumb"},"inLanguage":"es","potentialAction":[{"@type":"ReadAction","target":["https:\/\/www.mundoagropecuario.cl\/new\/profesionales-de-los-programas-padis-prodesal-de-indap-coquimbo-se-capacitaron-en-fitosanitarios\/"]}]},{"@type":"ImageObject","inLanguage":"es","@id":"https:\/\/www.mundoagropecuario.cl\/new\/profesionales-de-los-programas-padis-prodesal-de-indap-coquimbo-se-capacitaron-en-fitosanitarios\/#primaryimage","url":"https:\/\/www.mundoagropecuario.cl\/new\/wp-content\/uploads\/2018\/07\/prodesal.jpg","contentUrl":"https:\/\/www.mundoagropecuario.cl\/new\/wp-content\/uploads\/2018\/07\/prodesal.jpg","width":533,"height":400},{"@type":"BreadcrumbList","@id":"https:\/\/www.mundoagropecuario.cl\/new\/profesionales-de-los-programas-padis-prodesal-de-indap-coquimbo-se-capacitaron-en-fitosanitarios\/#breadcrumb","itemListElement":[{"@type":"ListItem","position":1,"name":"Portada","item":"https:\/\/www.mundoagropecuario.cl\/new\/"},{"@type":"ListItem","position":2,"name":"Profesionales de los programas Padis-Prodesal de Indap Coquimbo se capacitaron en fitosanitarios"}]},{"@type":"WebSite","@id":"https:\/\/www.mundoagropecuario.cl\/new\/#website","url":"https:\/\/www.mundoagropecuario.cl\/new\/","name":"Mundoagropecuario","description":"Mundo Agropecuario","publisher":{"@id":"https:\/\/www.mundoagropecuario.cl\/new\/#organization"},"potentialAction":[{"@type":"SearchAction","target":{"@type":"EntryPoint","urlTemplate":"https:\/\/www.mundoagropecuario.cl\/new\/?s={search_term_string}"},"query-input":{"@type":"PropertyValueSpecification","valueRequired":true,"valueName":"search_term_string"}}],"inLanguage":"es"},{"@type":"Organization","@id":"https:\/\/www.mundoagropecuario.cl\/new\/#organization","name":"Revista de Agricultura","url":"https:\/\/www.mundoagropecuario.cl\/new\/","logo":{"@type":"ImageObject","inLanguage":"es","@id":"https:\/\/www.mundoagropecuario.cl\/new\/#\/schema\/logo\/image\/","url":"https:\/\/www.mundoagropecuario.cl\/new\/wp-content\/uploads\/2020\/11\/PORTAL-1-1.png","contentUrl":"https:\/\/www.mundoagropecuario.cl\/new\/wp-content\/uploads\/2020\/11\/PORTAL-1-1.png","width":1026,"height":100,"caption":"Revista de Agricultura"},"image":{"@id":"https:\/\/www.mundoagropecuario.cl\/new\/#\/schema\/logo\/image\/"},"sameAs":["https:\/\/www.facebook.com\/mundo.agropecuario.3","https:\/\/x.com\/MundoAgropecuar","https:\/\/www.linkedin.com\/in\/mundo-agropecuario-934009201\/"]},{"@type":"Person","@id":"https:\/\/www.mundoagropecuario.cl\/new\/#\/schema\/person\/0c221050801c74e45256a7a9a1ff0803","name":"periodista","url":"https:\/\/www.mundoagropecuario.cl\/new\/author\/periodista\/"}]}},"_links":{"self":[{"href":"https:\/\/www.mundoagropecuario.cl\/new\/wp-json\/wp\/v2\/posts\/7571","targetHints":{"allow":["GET"]}}],"collection":[{"href":"https:\/\/www.mundoagropecuario.cl\/new\/wp-json\/wp\/v2\/posts"}],"about":[{"href":"https:\/\/www.mundoagropecuario.cl\/new\/wp-json\/wp\/v2\/types\/post"}],"author":[{"embeddable":true,"href":"https:\/\/www.mundoagropecuario.cl\/new\/wp-json\/wp\/v2\/users\/3"}],"replies":[{"embeddable":true,"href":"https:\/\/www.mundoagropecuario.cl\/new\/wp-json\/wp\/v2\/comments?post=7571"}],"version-history":[{"count":1,"href":"https:\/\/www.mundoagropecuario.cl\/new\/wp-json\/wp\/v2\/posts\/7571\/revisions"}],"predecessor-version":[{"id":7573,"href":"https:\/\/www.mundoagropecuario.cl\/new\/wp-json\/wp\/v2\/posts\/7571\/revisions\/7573"}],"wp:featuredmedia":[{"embeddable":true,"href":"https:\/\/www.mundoagropecuario.cl\/new\/wp-json\/wp\/v2\/media\/7572"}],"wp:attachment":[{"href":"https:\/\/www.mundoagropecuario.cl\/new\/wp-json\/wp\/v2\/media?parent=7571"}],"wp:term":[{"taxonomy":"category","embeddable":true,"href":"https:\/\/www.mundoagropecuario.cl\/new\/wp-json\/wp\/v2\/categories?post=7571"},{"taxonomy":"post_tag","embeddable":true,"href":"https:\/\/www.mundoagropecuario.cl\/new\/wp-json\/wp\/v2\/tags?post=7571"}],"curies":[{"name":"wp","href":"https:\/\/api.w.org\/{rel}","templated":true}]}}