{"id":7568,"date":"2018-07-11T10:04:42","date_gmt":"2018-07-11T13:04:42","guid":{"rendered":"http:\/\/www.mundoagropecuario.cl\/new\/?p=7568"},"modified":"2018-07-11T10:50:28","modified_gmt":"2018-07-11T13:50:28","slug":"las-vacaciones-de-invierno-son-mas-divertidas-escribiendo-concurso-historias-de-nuestra-tierra-de-fucoa","status":"publish","type":"post","link":"https:\/\/www.mundoagropecuario.cl\/new\/las-vacaciones-de-invierno-son-mas-divertidas-escribiendo-concurso-historias-de-nuestra-tierra-de-fucoa\/","title":{"rendered":"Las vacaciones de invierno son m\u00e1s divertidas escribiendo: Concurso \u201cHistorias de Nuestra Tierra\u201d de Fucoa"},"content":{"rendered":"<blockquote><p><em>Tal como en a\u00f1os anteriores, el exitoso y masivo concurso del Ministerio de Agricultura, organizado por la fundaci\u00f3n, tiene una categor\u00eda especial dirigida a menores de 14 a\u00f1os. (Mundo Agropecuario).<\/em><\/p><\/blockquote>\n<p>Comienzan las tan esperadas vacaciones de invierno y muchos ni\u00f1os y j\u00f3venes aprovechan su tiempo libre para jugar, viajar con sus padres o simplemente descansar de sus obligaciones estudiantiles. Sin embargo, una considerable cantidad disfruta su tiempo libre escribiendo distintos tipos de relato, ya sea vivencias personales o cuentos de fantas\u00eda.<\/p>\n<p>Y para todos ellos la Fundaci\u00f3n de Comunicaciones, Capacitaci\u00f3n y Cultura del Agro (Fucoa) del Ministerio de Agricultura tiene un incre\u00edble panorama en estas vacaciones que se avecinan, con el concurso \u201cHistorias de Nuestra Tierra\u201d.<\/p>\n<p>Tal como en ediciones anteriores, la XXVI versi\u00f3n de este exitoso y masivo concurso cuenta con una categor\u00eda especial para menores de 14 a\u00f1os. De esta forma, \u201cMe lo cont\u00f3 mi abuelito\u201d busca convocar a todas esas j\u00f3venes plumas que deseen contar una historia, ya sea familiar, propia o alg\u00fan mito o leyenda que conozcan y que est\u00e9 relacionado con la cultura rural de nuestro pa\u00eds. Es importante especificar que no es necesario que el relato haya sido contado por un abuelo.<\/p>\n<p>La categor\u00eda adem\u00e1s contar\u00e1 con dos premios especiales: \u201cPueblos Originarios\u201d y \u201cMigrantes\u201d. El primero reconocer\u00e1 al ni\u00f1o cuyo relato represente mejor a los pueblos precolombinos del pa\u00eds, mientras que el segundo har\u00e1 lo propio con un menor que no haya nacido en Chile y que cuente la experiencia m\u00e1s destacada vivida en un campo, pueblo o zona rural de nuestro territorio.<\/p>\n<p>Francisca Mart\u00edn, vicepresidenta ejecutiva de Fucoa, afirma que \u201cen todas sus versiones este concurso ha sido sumamente exitoso y a\u00f1o a a\u00f1o miles de personas han decidido participar con historias muy novedosas y sorprendentes. La categor\u00eda del concurso especialmente dirigida a ni\u00f1os y j\u00f3venes no s\u00f3lo busca fomentar su potencial talento literario, sino que tambi\u00e9n hacerlos part\u00edcipes del fomento del mundo rural, de sus ra\u00edces y en definitiva de la cultura de nuestro pa\u00eds\u201d.<\/p>\n<p>\u201cLas vacaciones de invierno son una tremenda oportunidad para que ni\u00f1os y j\u00f3venes se vuelquen de lleno a lo que los apasiona y si se trata de escribir un relato, este concurso es la instancia perfecta para todos ellos\u201d, agrega la vicepresidenta ejecutiva de Fucoa.<\/p>\n<p>El ganador nacional de la categor\u00eda \u201cMe lo cont\u00f3 mi abuelito\u201d recibir\u00e1 como premio un notebook, el segundo obtendr\u00e1 una bicicleta con un casco, mientras que el tercer lugar recibir\u00e1 un set de escritor, que consiste en una mochila con libros y otros elementos para seguir potenciando la creatividad.<\/p>\n<p>Tambi\u00e9n habr\u00e1 premios regionales. Entre estos, el ganador se llevar\u00e1 un tablet, mientras que el segundo y tercer lugar obtendr\u00e1n una c\u00e1mara digital y un set de escritor, respectivamente.<\/p>\n<p>Quienes deseen participar tienen plazo hasta el pr\u00f3ximo 31 de agosto para enviar sus relatos, los que no deben superar las dos planas de extensi\u00f3n, pudiendo ser redactados de manera digital, manuscrita o incluso con m\u00e1quina de escribir.<\/p>\n<p>Los relatos pueden ser enviados de manera digital a trav\u00e9s del sitio web www.concursocuentos.cl, donde es posible conocer en detalle las distintas categor\u00edas y condiciones de participaci\u00f3n. Tambi\u00e9n se pueden entregar presencialmente en las oficinas del Ministerio de Agricultura, en la Secretar\u00eda Regional Ministerial de Agricultura de cada regi\u00f3n o en las oficinas de Indap.<\/p>\n","protected":false},"excerpt":{"rendered":"<p>Tal como en a\u00f1os anteriores, el exitoso y masivo concurso del Ministerio de Agricultura, organizado por la fundaci\u00f3n, tiene una categor\u00eda especial dirigida a menores de 14 a\u00f1os. (Mundo Agropecuario)&#8230;.<\/p>\n","protected":false},"author":3,"featured_media":7587,"comment_status":"closed","ping_status":"closed","sticky":false,"template":"","format":"standard","meta":{"footnotes":""},"categories":[404],"tags":[2155],"class_list":["post-7568","post","type-post","status-publish","format-standard","has-post-thumbnail","hentry","category-titular-2","tag-fucoa"],"yoast_head":"<!-- This site is optimized with the Yoast SEO plugin v26.6 - https:\/\/yoast.com\/wordpress\/plugins\/seo\/ -->\n<title>Las vacaciones de invierno son m\u00e1s divertidas escribiendo: Concurso \u201cHistorias de Nuestra Tierra\u201d de Fucoa - Mundoagropecuario<\/title>\n<meta name=\"robots\" content=\"index, follow, max-snippet:-1, max-image-preview:large, max-video-preview:-1\" \/>\n<link rel=\"canonical\" href=\"https:\/\/www.mundoagropecuario.cl\/new\/las-vacaciones-de-invierno-son-mas-divertidas-escribiendo-concurso-historias-de-nuestra-tierra-de-fucoa\/\" \/>\n<meta property=\"og:locale\" content=\"es_ES\" \/>\n<meta property=\"og:type\" content=\"article\" \/>\n<meta property=\"og:title\" content=\"Las vacaciones de invierno son m\u00e1s divertidas escribiendo: Concurso \u201cHistorias de Nuestra Tierra\u201d de Fucoa - Mundoagropecuario\" \/>\n<meta property=\"og:description\" content=\"Tal como en a\u00f1os anteriores, el exitoso y masivo concurso del Ministerio de Agricultura, organizado por la fundaci\u00f3n, tiene una categor\u00eda especial dirigida a menores de 14 a\u00f1os. (Mundo Agropecuario)....\" \/>\n<meta property=\"og:url\" content=\"https:\/\/www.mundoagropecuario.cl\/new\/las-vacaciones-de-invierno-son-mas-divertidas-escribiendo-concurso-historias-de-nuestra-tierra-de-fucoa\/\" \/>\n<meta property=\"og:site_name\" content=\"Mundoagropecuario\" \/>\n<meta property=\"article:publisher\" content=\"https:\/\/www.facebook.com\/mundo.agropecuario.3\" \/>\n<meta property=\"article:published_time\" content=\"2018-07-11T13:04:42+00:00\" \/>\n<meta property=\"article:modified_time\" content=\"2018-07-11T13:50:28+00:00\" \/>\n<meta property=\"og:image\" content=\"https:\/\/www.mundoagropecuario.cl\/new\/wp-content\/uploads\/2018\/07\/concurso.jpg\" \/>\n\t<meta property=\"og:image:width\" content=\"1024\" \/>\n\t<meta property=\"og:image:height\" content=\"576\" \/>\n\t<meta property=\"og:image:type\" content=\"image\/jpeg\" \/>\n<meta name=\"author\" content=\"periodista\" \/>\n<meta name=\"twitter:card\" content=\"summary_large_image\" \/>\n<meta name=\"twitter:creator\" content=\"@MundoAgropecuar\" \/>\n<meta name=\"twitter:site\" content=\"@MundoAgropecuar\" \/>\n<meta name=\"twitter:label1\" content=\"Escrito por\" \/>\n\t<meta name=\"twitter:data1\" content=\"periodista\" \/>\n\t<meta name=\"twitter:label2\" content=\"Tiempo de lectura\" \/>\n\t<meta name=\"twitter:data2\" content=\"3 minutos\" \/>\n<script type=\"application\/ld+json\" class=\"yoast-schema-graph\">{\"@context\":\"https:\/\/schema.org\",\"@graph\":[{\"@type\":\"Article\",\"@id\":\"https:\/\/www.mundoagropecuario.cl\/new\/las-vacaciones-de-invierno-son-mas-divertidas-escribiendo-concurso-historias-de-nuestra-tierra-de-fucoa\/#article\",\"isPartOf\":{\"@id\":\"https:\/\/www.mundoagropecuario.cl\/new\/las-vacaciones-de-invierno-son-mas-divertidas-escribiendo-concurso-historias-de-nuestra-tierra-de-fucoa\/\"},\"author\":{\"name\":\"periodista\",\"@id\":\"https:\/\/www.mundoagropecuario.cl\/new\/#\/schema\/person\/0c221050801c74e45256a7a9a1ff0803\"},\"headline\":\"Las vacaciones de invierno son m\u00e1s divertidas escribiendo: Concurso \u201cHistorias de Nuestra Tierra\u201d de Fucoa\",\"datePublished\":\"2018-07-11T13:04:42+00:00\",\"dateModified\":\"2018-07-11T13:50:28+00:00\",\"mainEntityOfPage\":{\"@id\":\"https:\/\/www.mundoagropecuario.cl\/new\/las-vacaciones-de-invierno-son-mas-divertidas-escribiendo-concurso-historias-de-nuestra-tierra-de-fucoa\/\"},\"wordCount\":611,\"publisher\":{\"@id\":\"https:\/\/www.mundoagropecuario.cl\/new\/#organization\"},\"image\":{\"@id\":\"https:\/\/www.mundoagropecuario.cl\/new\/las-vacaciones-de-invierno-son-mas-divertidas-escribiendo-concurso-historias-de-nuestra-tierra-de-fucoa\/#primaryimage\"},\"thumbnailUrl\":\"https:\/\/www.mundoagropecuario.cl\/new\/wp-content\/uploads\/2018\/07\/concurso.jpg\",\"keywords\":[\"Fucoa\"],\"articleSection\":[\"Titular 2\"],\"inLanguage\":\"es\"},{\"@type\":\"WebPage\",\"@id\":\"https:\/\/www.mundoagropecuario.cl\/new\/las-vacaciones-de-invierno-son-mas-divertidas-escribiendo-concurso-historias-de-nuestra-tierra-de-fucoa\/\",\"url\":\"https:\/\/www.mundoagropecuario.cl\/new\/las-vacaciones-de-invierno-son-mas-divertidas-escribiendo-concurso-historias-de-nuestra-tierra-de-fucoa\/\",\"name\":\"Las vacaciones de invierno son m\u00e1s divertidas escribiendo: Concurso \u201cHistorias de Nuestra Tierra\u201d de Fucoa - Mundoagropecuario\",\"isPartOf\":{\"@id\":\"https:\/\/www.mundoagropecuario.cl\/new\/#website\"},\"primaryImageOfPage\":{\"@id\":\"https:\/\/www.mundoagropecuario.cl\/new\/las-vacaciones-de-invierno-son-mas-divertidas-escribiendo-concurso-historias-de-nuestra-tierra-de-fucoa\/#primaryimage\"},\"image\":{\"@id\":\"https:\/\/www.mundoagropecuario.cl\/new\/las-vacaciones-de-invierno-son-mas-divertidas-escribiendo-concurso-historias-de-nuestra-tierra-de-fucoa\/#primaryimage\"},\"thumbnailUrl\":\"https:\/\/www.mundoagropecuario.cl\/new\/wp-content\/uploads\/2018\/07\/concurso.jpg\",\"datePublished\":\"2018-07-11T13:04:42+00:00\",\"dateModified\":\"2018-07-11T13:50:28+00:00\",\"breadcrumb\":{\"@id\":\"https:\/\/www.mundoagropecuario.cl\/new\/las-vacaciones-de-invierno-son-mas-divertidas-escribiendo-concurso-historias-de-nuestra-tierra-de-fucoa\/#breadcrumb\"},\"inLanguage\":\"es\",\"potentialAction\":[{\"@type\":\"ReadAction\",\"target\":[\"https:\/\/www.mundoagropecuario.cl\/new\/las-vacaciones-de-invierno-son-mas-divertidas-escribiendo-concurso-historias-de-nuestra-tierra-de-fucoa\/\"]}]},{\"@type\":\"ImageObject\",\"inLanguage\":\"es\",\"@id\":\"https:\/\/www.mundoagropecuario.cl\/new\/las-vacaciones-de-invierno-son-mas-divertidas-escribiendo-concurso-historias-de-nuestra-tierra-de-fucoa\/#primaryimage\",\"url\":\"https:\/\/www.mundoagropecuario.cl\/new\/wp-content\/uploads\/2018\/07\/concurso.jpg\",\"contentUrl\":\"https:\/\/www.mundoagropecuario.cl\/new\/wp-content\/uploads\/2018\/07\/concurso.jpg\",\"width\":711,\"height\":400},{\"@type\":\"BreadcrumbList\",\"@id\":\"https:\/\/www.mundoagropecuario.cl\/new\/las-vacaciones-de-invierno-son-mas-divertidas-escribiendo-concurso-historias-de-nuestra-tierra-de-fucoa\/#breadcrumb\",\"itemListElement\":[{\"@type\":\"ListItem\",\"position\":1,\"name\":\"Portada\",\"item\":\"https:\/\/www.mundoagropecuario.cl\/new\/\"},{\"@type\":\"ListItem\",\"position\":2,\"name\":\"Las vacaciones de invierno son m\u00e1s divertidas escribiendo: Concurso \u201cHistorias de Nuestra Tierra\u201d de Fucoa\"}]},{\"@type\":\"WebSite\",\"@id\":\"https:\/\/www.mundoagropecuario.cl\/new\/#website\",\"url\":\"https:\/\/www.mundoagropecuario.cl\/new\/\",\"name\":\"Mundoagropecuario\",\"description\":\"Mundo Agropecuario\",\"publisher\":{\"@id\":\"https:\/\/www.mundoagropecuario.cl\/new\/#organization\"},\"potentialAction\":[{\"@type\":\"SearchAction\",\"target\":{\"@type\":\"EntryPoint\",\"urlTemplate\":\"https:\/\/www.mundoagropecuario.cl\/new\/?s={search_term_string}\"},\"query-input\":{\"@type\":\"PropertyValueSpecification\",\"valueRequired\":true,\"valueName\":\"search_term_string\"}}],\"inLanguage\":\"es\"},{\"@type\":\"Organization\",\"@id\":\"https:\/\/www.mundoagropecuario.cl\/new\/#organization\",\"name\":\"Revista de Agricultura\",\"url\":\"https:\/\/www.mundoagropecuario.cl\/new\/\",\"logo\":{\"@type\":\"ImageObject\",\"inLanguage\":\"es\",\"@id\":\"https:\/\/www.mundoagropecuario.cl\/new\/#\/schema\/logo\/image\/\",\"url\":\"https:\/\/www.mundoagropecuario.cl\/new\/wp-content\/uploads\/2020\/11\/PORTAL-1-1.png\",\"contentUrl\":\"https:\/\/www.mundoagropecuario.cl\/new\/wp-content\/uploads\/2020\/11\/PORTAL-1-1.png\",\"width\":1026,\"height\":100,\"caption\":\"Revista de Agricultura\"},\"image\":{\"@id\":\"https:\/\/www.mundoagropecuario.cl\/new\/#\/schema\/logo\/image\/\"},\"sameAs\":[\"https:\/\/www.facebook.com\/mundo.agropecuario.3\",\"https:\/\/x.com\/MundoAgropecuar\",\"https:\/\/www.linkedin.com\/in\/mundo-agropecuario-934009201\/\"]},{\"@type\":\"Person\",\"@id\":\"https:\/\/www.mundoagropecuario.cl\/new\/#\/schema\/person\/0c221050801c74e45256a7a9a1ff0803\",\"name\":\"periodista\",\"url\":\"https:\/\/www.mundoagropecuario.cl\/new\/author\/periodista\/\"}]}<\/script>\n<!-- \/ Yoast SEO plugin. -->","yoast_head_json":{"title":"Las vacaciones de invierno son m\u00e1s divertidas escribiendo: Concurso \u201cHistorias de Nuestra Tierra\u201d de Fucoa - Mundoagropecuario","robots":{"index":"index","follow":"follow","max-snippet":"max-snippet:-1","max-image-preview":"max-image-preview:large","max-video-preview":"max-video-preview:-1"},"canonical":"https:\/\/www.mundoagropecuario.cl\/new\/las-vacaciones-de-invierno-son-mas-divertidas-escribiendo-concurso-historias-de-nuestra-tierra-de-fucoa\/","og_locale":"es_ES","og_type":"article","og_title":"Las vacaciones de invierno son m\u00e1s divertidas escribiendo: Concurso \u201cHistorias de Nuestra Tierra\u201d de Fucoa - Mundoagropecuario","og_description":"Tal como en a\u00f1os anteriores, el exitoso y masivo concurso del Ministerio de Agricultura, organizado por la fundaci\u00f3n, tiene una categor\u00eda especial dirigida a menores de 14 a\u00f1os. (Mundo Agropecuario)....","og_url":"https:\/\/www.mundoagropecuario.cl\/new\/las-vacaciones-de-invierno-son-mas-divertidas-escribiendo-concurso-historias-de-nuestra-tierra-de-fucoa\/","og_site_name":"Mundoagropecuario","article_publisher":"https:\/\/www.facebook.com\/mundo.agropecuario.3","article_published_time":"2018-07-11T13:04:42+00:00","article_modified_time":"2018-07-11T13:50:28+00:00","og_image":[{"width":1024,"height":576,"url":"https:\/\/www.mundoagropecuario.cl\/new\/wp-content\/uploads\/2018\/07\/concurso.jpg","type":"image\/jpeg"}],"author":"periodista","twitter_card":"summary_large_image","twitter_creator":"@MundoAgropecuar","twitter_site":"@MundoAgropecuar","twitter_misc":{"Escrito por":"periodista","Tiempo de lectura":"3 minutos"},"schema":{"@context":"https:\/\/schema.org","@graph":[{"@type":"Article","@id":"https:\/\/www.mundoagropecuario.cl\/new\/las-vacaciones-de-invierno-son-mas-divertidas-escribiendo-concurso-historias-de-nuestra-tierra-de-fucoa\/#article","isPartOf":{"@id":"https:\/\/www.mundoagropecuario.cl\/new\/las-vacaciones-de-invierno-son-mas-divertidas-escribiendo-concurso-historias-de-nuestra-tierra-de-fucoa\/"},"author":{"name":"periodista","@id":"https:\/\/www.mundoagropecuario.cl\/new\/#\/schema\/person\/0c221050801c74e45256a7a9a1ff0803"},"headline":"Las vacaciones de invierno son m\u00e1s divertidas escribiendo: Concurso \u201cHistorias de Nuestra Tierra\u201d de Fucoa","datePublished":"2018-07-11T13:04:42+00:00","dateModified":"2018-07-11T13:50:28+00:00","mainEntityOfPage":{"@id":"https:\/\/www.mundoagropecuario.cl\/new\/las-vacaciones-de-invierno-son-mas-divertidas-escribiendo-concurso-historias-de-nuestra-tierra-de-fucoa\/"},"wordCount":611,"publisher":{"@id":"https:\/\/www.mundoagropecuario.cl\/new\/#organization"},"image":{"@id":"https:\/\/www.mundoagropecuario.cl\/new\/las-vacaciones-de-invierno-son-mas-divertidas-escribiendo-concurso-historias-de-nuestra-tierra-de-fucoa\/#primaryimage"},"thumbnailUrl":"https:\/\/www.mundoagropecuario.cl\/new\/wp-content\/uploads\/2018\/07\/concurso.jpg","keywords":["Fucoa"],"articleSection":["Titular 2"],"inLanguage":"es"},{"@type":"WebPage","@id":"https:\/\/www.mundoagropecuario.cl\/new\/las-vacaciones-de-invierno-son-mas-divertidas-escribiendo-concurso-historias-de-nuestra-tierra-de-fucoa\/","url":"https:\/\/www.mundoagropecuario.cl\/new\/las-vacaciones-de-invierno-son-mas-divertidas-escribiendo-concurso-historias-de-nuestra-tierra-de-fucoa\/","name":"Las vacaciones de invierno son m\u00e1s divertidas escribiendo: Concurso \u201cHistorias de Nuestra Tierra\u201d de Fucoa - Mundoagropecuario","isPartOf":{"@id":"https:\/\/www.mundoagropecuario.cl\/new\/#website"},"primaryImageOfPage":{"@id":"https:\/\/www.mundoagropecuario.cl\/new\/las-vacaciones-de-invierno-son-mas-divertidas-escribiendo-concurso-historias-de-nuestra-tierra-de-fucoa\/#primaryimage"},"image":{"@id":"https:\/\/www.mundoagropecuario.cl\/new\/las-vacaciones-de-invierno-son-mas-divertidas-escribiendo-concurso-historias-de-nuestra-tierra-de-fucoa\/#primaryimage"},"thumbnailUrl":"https:\/\/www.mundoagropecuario.cl\/new\/wp-content\/uploads\/2018\/07\/concurso.jpg","datePublished":"2018-07-11T13:04:42+00:00","dateModified":"2018-07-11T13:50:28+00:00","breadcrumb":{"@id":"https:\/\/www.mundoagropecuario.cl\/new\/las-vacaciones-de-invierno-son-mas-divertidas-escribiendo-concurso-historias-de-nuestra-tierra-de-fucoa\/#breadcrumb"},"inLanguage":"es","potentialAction":[{"@type":"ReadAction","target":["https:\/\/www.mundoagropecuario.cl\/new\/las-vacaciones-de-invierno-son-mas-divertidas-escribiendo-concurso-historias-de-nuestra-tierra-de-fucoa\/"]}]},{"@type":"ImageObject","inLanguage":"es","@id":"https:\/\/www.mundoagropecuario.cl\/new\/las-vacaciones-de-invierno-son-mas-divertidas-escribiendo-concurso-historias-de-nuestra-tierra-de-fucoa\/#primaryimage","url":"https:\/\/www.mundoagropecuario.cl\/new\/wp-content\/uploads\/2018\/07\/concurso.jpg","contentUrl":"https:\/\/www.mundoagropecuario.cl\/new\/wp-content\/uploads\/2018\/07\/concurso.jpg","width":711,"height":400},{"@type":"BreadcrumbList","@id":"https:\/\/www.mundoagropecuario.cl\/new\/las-vacaciones-de-invierno-son-mas-divertidas-escribiendo-concurso-historias-de-nuestra-tierra-de-fucoa\/#breadcrumb","itemListElement":[{"@type":"ListItem","position":1,"name":"Portada","item":"https:\/\/www.mundoagropecuario.cl\/new\/"},{"@type":"ListItem","position":2,"name":"Las vacaciones de invierno son m\u00e1s divertidas escribiendo: Concurso \u201cHistorias de Nuestra Tierra\u201d de Fucoa"}]},{"@type":"WebSite","@id":"https:\/\/www.mundoagropecuario.cl\/new\/#website","url":"https:\/\/www.mundoagropecuario.cl\/new\/","name":"Mundoagropecuario","description":"Mundo Agropecuario","publisher":{"@id":"https:\/\/www.mundoagropecuario.cl\/new\/#organization"},"potentialAction":[{"@type":"SearchAction","target":{"@type":"EntryPoint","urlTemplate":"https:\/\/www.mundoagropecuario.cl\/new\/?s={search_term_string}"},"query-input":{"@type":"PropertyValueSpecification","valueRequired":true,"valueName":"search_term_string"}}],"inLanguage":"es"},{"@type":"Organization","@id":"https:\/\/www.mundoagropecuario.cl\/new\/#organization","name":"Revista de Agricultura","url":"https:\/\/www.mundoagropecuario.cl\/new\/","logo":{"@type":"ImageObject","inLanguage":"es","@id":"https:\/\/www.mundoagropecuario.cl\/new\/#\/schema\/logo\/image\/","url":"https:\/\/www.mundoagropecuario.cl\/new\/wp-content\/uploads\/2020\/11\/PORTAL-1-1.png","contentUrl":"https:\/\/www.mundoagropecuario.cl\/new\/wp-content\/uploads\/2020\/11\/PORTAL-1-1.png","width":1026,"height":100,"caption":"Revista de Agricultura"},"image":{"@id":"https:\/\/www.mundoagropecuario.cl\/new\/#\/schema\/logo\/image\/"},"sameAs":["https:\/\/www.facebook.com\/mundo.agropecuario.3","https:\/\/x.com\/MundoAgropecuar","https:\/\/www.linkedin.com\/in\/mundo-agropecuario-934009201\/"]},{"@type":"Person","@id":"https:\/\/www.mundoagropecuario.cl\/new\/#\/schema\/person\/0c221050801c74e45256a7a9a1ff0803","name":"periodista","url":"https:\/\/www.mundoagropecuario.cl\/new\/author\/periodista\/"}]}},"_links":{"self":[{"href":"https:\/\/www.mundoagropecuario.cl\/new\/wp-json\/wp\/v2\/posts\/7568","targetHints":{"allow":["GET"]}}],"collection":[{"href":"https:\/\/www.mundoagropecuario.cl\/new\/wp-json\/wp\/v2\/posts"}],"about":[{"href":"https:\/\/www.mundoagropecuario.cl\/new\/wp-json\/wp\/v2\/types\/post"}],"author":[{"embeddable":true,"href":"https:\/\/www.mundoagropecuario.cl\/new\/wp-json\/wp\/v2\/users\/3"}],"replies":[{"embeddable":true,"href":"https:\/\/www.mundoagropecuario.cl\/new\/wp-json\/wp\/v2\/comments?post=7568"}],"version-history":[{"count":1,"href":"https:\/\/www.mundoagropecuario.cl\/new\/wp-json\/wp\/v2\/posts\/7568\/revisions"}],"predecessor-version":[{"id":7570,"href":"https:\/\/www.mundoagropecuario.cl\/new\/wp-json\/wp\/v2\/posts\/7568\/revisions\/7570"}],"wp:featuredmedia":[{"embeddable":true,"href":"https:\/\/www.mundoagropecuario.cl\/new\/wp-json\/wp\/v2\/media\/7587"}],"wp:attachment":[{"href":"https:\/\/www.mundoagropecuario.cl\/new\/wp-json\/wp\/v2\/media?parent=7568"}],"wp:term":[{"taxonomy":"category","embeddable":true,"href":"https:\/\/www.mundoagropecuario.cl\/new\/wp-json\/wp\/v2\/categories?post=7568"},{"taxonomy":"post_tag","embeddable":true,"href":"https:\/\/www.mundoagropecuario.cl\/new\/wp-json\/wp\/v2\/tags?post=7568"}],"curies":[{"name":"wp","href":"https:\/\/api.w.org\/{rel}","templated":true}]}}