{"id":7512,"date":"2018-07-09T08:24:49","date_gmt":"2018-07-09T11:24:49","guid":{"rendered":"http:\/\/www.mundoagropecuario.cl\/new\/?p=7512"},"modified":"2018-07-09T08:30:35","modified_gmt":"2018-07-09T11:30:35","slug":"ministro-walker-en-el-dia-de-las-cooperativas-el-primer-aliado-en-promover-el-cooperativismo-moderno-en-chile-es-el-ministerio-de-agricultura","status":"publish","type":"post","link":"https:\/\/www.mundoagropecuario.cl\/new\/ministro-walker-en-el-dia-de-las-cooperativas-el-primer-aliado-en-promover-el-cooperativismo-moderno-en-chile-es-el-ministerio-de-agricultura\/","title":{"rendered":"Ministro Walker en el d\u00eda de las Cooperativas: \u201cEl primer aliado en promover el cooperativismo moderno en Chile es el Ministerio de Agricultura\u201d"},"content":{"rendered":"<blockquote>\n<p class=\"western\"><em>Un importante respaldo para desarrollar el cooperativismo moderno en el pa\u00eds entreg\u00f3 el ministro de Agricultura, Antonio Walker, durante la celebraci\u00f3n del D\u00eda Internacional de las Cooperativas. (Minagri).<\/em><\/p>\n<\/blockquote>\n<p class=\"western\">Junto al subsecretario de Econom\u00eda y Empresas de Menor Tama\u00f1o, Ignacio Guerrero, las autoridades destacaron la importancia de fortalecer la asociatividad ante cerca de 200 cooperados de todo el pa\u00eds.<\/p>\n<p class=\"western\">\u201cEl cooperativismo para la agricultura el clave, ac\u00e1 el rol de Indap es preponderante al momento de apoyar la asociatividad, por eso el primer aliado en promover el cooperativismo moderno en Chile es el Ministerio de Agricultura. Queremos hacer grandes alianzas productivas, por ejemplo, en la relaci\u00f3n entre las cooperativas y los supermercados, porque el momento de vender el producto el volumen es muy importante\u201d, afirm\u00f3 el ministro Walker.<\/p>\n<p class=\"western\">Por su parte, el subsecretario Guerrero destac\u00f3 la labor de la Divisi\u00f3n de Asociatividad y Econom\u00eda Social, que est\u00e1 enfocada en la modernizaci\u00f3n del modelo cooperativo a trav\u00e9s de la capacitaci\u00f3n de sus asociados para que mejoren la gesti\u00f3n del negocio para asegurar la sostenibilidad de este tipo de entidades en el tiempo. \u201cSe incorpor\u00f3 la figura de un coordinador financiero a la divisi\u00f3n, que nos permitir\u00e1 hacer un an\u00e1lisis exhaustivo de la situaci\u00f3n patrimonial de las cooperativas. Adem\u00e1s, estamos trabajando en el mejoramiento de la normativa que regula al sector\u201d, afirm\u00f3.<\/p>\n<p class=\"western\">De esta actividad tambi\u00e9n particip\u00f3 el gerente general de Sercotec, Crist\u00f3bal Leturia, quien se\u00f1al\u00f3 que la entidad apoyar\u00e1 el proceso de modernizaci\u00f3n a trav\u00e9s de capacitaciones, asistencias t\u00e9cnicas y asesor\u00edas.<\/p>\n<p class=\"western\">En la ceremonia tambi\u00e9n se reconoci\u00f3 el trabajo realizado por cuatro destacadas cooperativas, Araucan\u00eda Hub; Comfrule; Sermecoop y Chillep\u00edn.<\/p>\n","protected":false},"excerpt":{"rendered":"<p>Un importante respaldo para desarrollar el cooperativismo moderno en el pa\u00eds entreg\u00f3 el ministro de Agricultura, Antonio Walker, durante la celebraci\u00f3n del D\u00eda Internacional de las Cooperativas. (Minagri). Junto al&#8230;<\/p>\n","protected":false},"author":3,"featured_media":7513,"comment_status":"closed","ping_status":"closed","sticky":false,"template":"","format":"standard","meta":{"footnotes":""},"categories":[1987],"tags":[2193,2035],"class_list":["post-7512","post","type-post","status-publish","format-standard","has-post-thumbnail","hentry","category-instituciones","tag-cooperativas","tag-minagri"],"yoast_head":"<!-- This site is optimized with the Yoast SEO plugin v26.6 - https:\/\/yoast.com\/wordpress\/plugins\/seo\/ -->\n<title>Ministro Walker en el d\u00eda de las Cooperativas: \u201cEl primer aliado en promover el cooperativismo moderno en Chile es el Ministerio de Agricultura\u201d - Mundoagropecuario<\/title>\n<meta name=\"robots\" content=\"index, follow, max-snippet:-1, max-image-preview:large, max-video-preview:-1\" \/>\n<link rel=\"canonical\" href=\"https:\/\/www.mundoagropecuario.cl\/new\/ministro-walker-en-el-dia-de-las-cooperativas-el-primer-aliado-en-promover-el-cooperativismo-moderno-en-chile-es-el-ministerio-de-agricultura\/\" \/>\n<meta property=\"og:locale\" content=\"es_ES\" \/>\n<meta property=\"og:type\" content=\"article\" \/>\n<meta property=\"og:title\" content=\"Ministro Walker en el d\u00eda de las Cooperativas: \u201cEl primer aliado en promover el cooperativismo moderno en Chile es el Ministerio de Agricultura\u201d - Mundoagropecuario\" \/>\n<meta property=\"og:description\" content=\"Un importante respaldo para desarrollar el cooperativismo moderno en el pa\u00eds entreg\u00f3 el ministro de Agricultura, Antonio Walker, durante la celebraci\u00f3n del D\u00eda Internacional de las Cooperativas. (Minagri). Junto al...\" \/>\n<meta property=\"og:url\" content=\"https:\/\/www.mundoagropecuario.cl\/new\/ministro-walker-en-el-dia-de-las-cooperativas-el-primer-aliado-en-promover-el-cooperativismo-moderno-en-chile-es-el-ministerio-de-agricultura\/\" \/>\n<meta property=\"og:site_name\" content=\"Mundoagropecuario\" \/>\n<meta property=\"article:publisher\" content=\"https:\/\/www.facebook.com\/mundo.agropecuario.3\" \/>\n<meta property=\"article:published_time\" content=\"2018-07-09T11:24:49+00:00\" \/>\n<meta property=\"article:modified_time\" content=\"2018-07-09T11:30:35+00:00\" \/>\n<meta property=\"og:image\" content=\"https:\/\/www.mundoagropecuario.cl\/new\/wp-content\/uploads\/2018\/07\/minagricoop.jpg\" \/>\n\t<meta property=\"og:image:width\" content=\"1000\" \/>\n\t<meta property=\"og:image:height\" content=\"666\" \/>\n\t<meta property=\"og:image:type\" content=\"image\/jpeg\" \/>\n<meta name=\"author\" content=\"periodista\" \/>\n<meta name=\"twitter:card\" content=\"summary_large_image\" \/>\n<meta name=\"twitter:creator\" content=\"@MundoAgropecuar\" \/>\n<meta name=\"twitter:site\" content=\"@MundoAgropecuar\" \/>\n<meta name=\"twitter:label1\" content=\"Escrito por\" \/>\n\t<meta name=\"twitter:data1\" content=\"periodista\" \/>\n\t<meta name=\"twitter:label2\" content=\"Tiempo de lectura\" \/>\n\t<meta name=\"twitter:data2\" content=\"1 minuto\" \/>\n<script type=\"application\/ld+json\" class=\"yoast-schema-graph\">{\"@context\":\"https:\/\/schema.org\",\"@graph\":[{\"@type\":\"Article\",\"@id\":\"https:\/\/www.mundoagropecuario.cl\/new\/ministro-walker-en-el-dia-de-las-cooperativas-el-primer-aliado-en-promover-el-cooperativismo-moderno-en-chile-es-el-ministerio-de-agricultura\/#article\",\"isPartOf\":{\"@id\":\"https:\/\/www.mundoagropecuario.cl\/new\/ministro-walker-en-el-dia-de-las-cooperativas-el-primer-aliado-en-promover-el-cooperativismo-moderno-en-chile-es-el-ministerio-de-agricultura\/\"},\"author\":{\"name\":\"periodista\",\"@id\":\"https:\/\/www.mundoagropecuario.cl\/new\/#\/schema\/person\/0c221050801c74e45256a7a9a1ff0803\"},\"headline\":\"Ministro Walker en el d\u00eda de las Cooperativas: \u201cEl primer aliado en promover el cooperativismo moderno en Chile es el Ministerio de Agricultura\u201d\",\"datePublished\":\"2018-07-09T11:24:49+00:00\",\"dateModified\":\"2018-07-09T11:30:35+00:00\",\"mainEntityOfPage\":{\"@id\":\"https:\/\/www.mundoagropecuario.cl\/new\/ministro-walker-en-el-dia-de-las-cooperativas-el-primer-aliado-en-promover-el-cooperativismo-moderno-en-chile-es-el-ministerio-de-agricultura\/\"},\"wordCount\":318,\"publisher\":{\"@id\":\"https:\/\/www.mundoagropecuario.cl\/new\/#organization\"},\"image\":{\"@id\":\"https:\/\/www.mundoagropecuario.cl\/new\/ministro-walker-en-el-dia-de-las-cooperativas-el-primer-aliado-en-promover-el-cooperativismo-moderno-en-chile-es-el-ministerio-de-agricultura\/#primaryimage\"},\"thumbnailUrl\":\"https:\/\/www.mundoagropecuario.cl\/new\/wp-content\/uploads\/2018\/07\/minagricoop.jpg\",\"keywords\":[\"Cooperativas\",\"Minagri\"],\"articleSection\":[\"Instituciones\"],\"inLanguage\":\"es\"},{\"@type\":\"WebPage\",\"@id\":\"https:\/\/www.mundoagropecuario.cl\/new\/ministro-walker-en-el-dia-de-las-cooperativas-el-primer-aliado-en-promover-el-cooperativismo-moderno-en-chile-es-el-ministerio-de-agricultura\/\",\"url\":\"https:\/\/www.mundoagropecuario.cl\/new\/ministro-walker-en-el-dia-de-las-cooperativas-el-primer-aliado-en-promover-el-cooperativismo-moderno-en-chile-es-el-ministerio-de-agricultura\/\",\"name\":\"Ministro Walker en el d\u00eda de las Cooperativas: \u201cEl primer aliado en promover el cooperativismo moderno en Chile es el Ministerio de Agricultura\u201d - Mundoagropecuario\",\"isPartOf\":{\"@id\":\"https:\/\/www.mundoagropecuario.cl\/new\/#website\"},\"primaryImageOfPage\":{\"@id\":\"https:\/\/www.mundoagropecuario.cl\/new\/ministro-walker-en-el-dia-de-las-cooperativas-el-primer-aliado-en-promover-el-cooperativismo-moderno-en-chile-es-el-ministerio-de-agricultura\/#primaryimage\"},\"image\":{\"@id\":\"https:\/\/www.mundoagropecuario.cl\/new\/ministro-walker-en-el-dia-de-las-cooperativas-el-primer-aliado-en-promover-el-cooperativismo-moderno-en-chile-es-el-ministerio-de-agricultura\/#primaryimage\"},\"thumbnailUrl\":\"https:\/\/www.mundoagropecuario.cl\/new\/wp-content\/uploads\/2018\/07\/minagricoop.jpg\",\"datePublished\":\"2018-07-09T11:24:49+00:00\",\"dateModified\":\"2018-07-09T11:30:35+00:00\",\"breadcrumb\":{\"@id\":\"https:\/\/www.mundoagropecuario.cl\/new\/ministro-walker-en-el-dia-de-las-cooperativas-el-primer-aliado-en-promover-el-cooperativismo-moderno-en-chile-es-el-ministerio-de-agricultura\/#breadcrumb\"},\"inLanguage\":\"es\",\"potentialAction\":[{\"@type\":\"ReadAction\",\"target\":[\"https:\/\/www.mundoagropecuario.cl\/new\/ministro-walker-en-el-dia-de-las-cooperativas-el-primer-aliado-en-promover-el-cooperativismo-moderno-en-chile-es-el-ministerio-de-agricultura\/\"]}]},{\"@type\":\"ImageObject\",\"inLanguage\":\"es\",\"@id\":\"https:\/\/www.mundoagropecuario.cl\/new\/ministro-walker-en-el-dia-de-las-cooperativas-el-primer-aliado-en-promover-el-cooperativismo-moderno-en-chile-es-el-ministerio-de-agricultura\/#primaryimage\",\"url\":\"https:\/\/www.mundoagropecuario.cl\/new\/wp-content\/uploads\/2018\/07\/minagricoop.jpg\",\"contentUrl\":\"https:\/\/www.mundoagropecuario.cl\/new\/wp-content\/uploads\/2018\/07\/minagricoop.jpg\",\"width\":601,\"height\":400},{\"@type\":\"BreadcrumbList\",\"@id\":\"https:\/\/www.mundoagropecuario.cl\/new\/ministro-walker-en-el-dia-de-las-cooperativas-el-primer-aliado-en-promover-el-cooperativismo-moderno-en-chile-es-el-ministerio-de-agricultura\/#breadcrumb\",\"itemListElement\":[{\"@type\":\"ListItem\",\"position\":1,\"name\":\"Portada\",\"item\":\"https:\/\/www.mundoagropecuario.cl\/new\/\"},{\"@type\":\"ListItem\",\"position\":2,\"name\":\"Ministro Walker en el d\u00eda de las Cooperativas: \u201cEl primer aliado en promover el cooperativismo moderno en Chile es el Ministerio de Agricultura\u201d\"}]},{\"@type\":\"WebSite\",\"@id\":\"https:\/\/www.mundoagropecuario.cl\/new\/#website\",\"url\":\"https:\/\/www.mundoagropecuario.cl\/new\/\",\"name\":\"Mundoagropecuario\",\"description\":\"Mundo Agropecuario\",\"publisher\":{\"@id\":\"https:\/\/www.mundoagropecuario.cl\/new\/#organization\"},\"potentialAction\":[{\"@type\":\"SearchAction\",\"target\":{\"@type\":\"EntryPoint\",\"urlTemplate\":\"https:\/\/www.mundoagropecuario.cl\/new\/?s={search_term_string}\"},\"query-input\":{\"@type\":\"PropertyValueSpecification\",\"valueRequired\":true,\"valueName\":\"search_term_string\"}}],\"inLanguage\":\"es\"},{\"@type\":\"Organization\",\"@id\":\"https:\/\/www.mundoagropecuario.cl\/new\/#organization\",\"name\":\"Revista de Agricultura\",\"url\":\"https:\/\/www.mundoagropecuario.cl\/new\/\",\"logo\":{\"@type\":\"ImageObject\",\"inLanguage\":\"es\",\"@id\":\"https:\/\/www.mundoagropecuario.cl\/new\/#\/schema\/logo\/image\/\",\"url\":\"https:\/\/www.mundoagropecuario.cl\/new\/wp-content\/uploads\/2020\/11\/PORTAL-1-1.png\",\"contentUrl\":\"https:\/\/www.mundoagropecuario.cl\/new\/wp-content\/uploads\/2020\/11\/PORTAL-1-1.png\",\"width\":1026,\"height\":100,\"caption\":\"Revista de Agricultura\"},\"image\":{\"@id\":\"https:\/\/www.mundoagropecuario.cl\/new\/#\/schema\/logo\/image\/\"},\"sameAs\":[\"https:\/\/www.facebook.com\/mundo.agropecuario.3\",\"https:\/\/x.com\/MundoAgropecuar\",\"https:\/\/www.linkedin.com\/in\/mundo-agropecuario-934009201\/\"]},{\"@type\":\"Person\",\"@id\":\"https:\/\/www.mundoagropecuario.cl\/new\/#\/schema\/person\/0c221050801c74e45256a7a9a1ff0803\",\"name\":\"periodista\",\"url\":\"https:\/\/www.mundoagropecuario.cl\/new\/author\/periodista\/\"}]}<\/script>\n<!-- \/ Yoast SEO plugin. -->","yoast_head_json":{"title":"Ministro Walker en el d\u00eda de las Cooperativas: \u201cEl primer aliado en promover el cooperativismo moderno en Chile es el Ministerio de Agricultura\u201d - Mundoagropecuario","robots":{"index":"index","follow":"follow","max-snippet":"max-snippet:-1","max-image-preview":"max-image-preview:large","max-video-preview":"max-video-preview:-1"},"canonical":"https:\/\/www.mundoagropecuario.cl\/new\/ministro-walker-en-el-dia-de-las-cooperativas-el-primer-aliado-en-promover-el-cooperativismo-moderno-en-chile-es-el-ministerio-de-agricultura\/","og_locale":"es_ES","og_type":"article","og_title":"Ministro Walker en el d\u00eda de las Cooperativas: \u201cEl primer aliado en promover el cooperativismo moderno en Chile es el Ministerio de Agricultura\u201d - Mundoagropecuario","og_description":"Un importante respaldo para desarrollar el cooperativismo moderno en el pa\u00eds entreg\u00f3 el ministro de Agricultura, Antonio Walker, durante la celebraci\u00f3n del D\u00eda Internacional de las Cooperativas. (Minagri). Junto al...","og_url":"https:\/\/www.mundoagropecuario.cl\/new\/ministro-walker-en-el-dia-de-las-cooperativas-el-primer-aliado-en-promover-el-cooperativismo-moderno-en-chile-es-el-ministerio-de-agricultura\/","og_site_name":"Mundoagropecuario","article_publisher":"https:\/\/www.facebook.com\/mundo.agropecuario.3","article_published_time":"2018-07-09T11:24:49+00:00","article_modified_time":"2018-07-09T11:30:35+00:00","og_image":[{"width":1000,"height":666,"url":"https:\/\/www.mundoagropecuario.cl\/new\/wp-content\/uploads\/2018\/07\/minagricoop.jpg","type":"image\/jpeg"}],"author":"periodista","twitter_card":"summary_large_image","twitter_creator":"@MundoAgropecuar","twitter_site":"@MundoAgropecuar","twitter_misc":{"Escrito por":"periodista","Tiempo de lectura":"1 minuto"},"schema":{"@context":"https:\/\/schema.org","@graph":[{"@type":"Article","@id":"https:\/\/www.mundoagropecuario.cl\/new\/ministro-walker-en-el-dia-de-las-cooperativas-el-primer-aliado-en-promover-el-cooperativismo-moderno-en-chile-es-el-ministerio-de-agricultura\/#article","isPartOf":{"@id":"https:\/\/www.mundoagropecuario.cl\/new\/ministro-walker-en-el-dia-de-las-cooperativas-el-primer-aliado-en-promover-el-cooperativismo-moderno-en-chile-es-el-ministerio-de-agricultura\/"},"author":{"name":"periodista","@id":"https:\/\/www.mundoagropecuario.cl\/new\/#\/schema\/person\/0c221050801c74e45256a7a9a1ff0803"},"headline":"Ministro Walker en el d\u00eda de las Cooperativas: \u201cEl primer aliado en promover el cooperativismo moderno en Chile es el Ministerio de Agricultura\u201d","datePublished":"2018-07-09T11:24:49+00:00","dateModified":"2018-07-09T11:30:35+00:00","mainEntityOfPage":{"@id":"https:\/\/www.mundoagropecuario.cl\/new\/ministro-walker-en-el-dia-de-las-cooperativas-el-primer-aliado-en-promover-el-cooperativismo-moderno-en-chile-es-el-ministerio-de-agricultura\/"},"wordCount":318,"publisher":{"@id":"https:\/\/www.mundoagropecuario.cl\/new\/#organization"},"image":{"@id":"https:\/\/www.mundoagropecuario.cl\/new\/ministro-walker-en-el-dia-de-las-cooperativas-el-primer-aliado-en-promover-el-cooperativismo-moderno-en-chile-es-el-ministerio-de-agricultura\/#primaryimage"},"thumbnailUrl":"https:\/\/www.mundoagropecuario.cl\/new\/wp-content\/uploads\/2018\/07\/minagricoop.jpg","keywords":["Cooperativas","Minagri"],"articleSection":["Instituciones"],"inLanguage":"es"},{"@type":"WebPage","@id":"https:\/\/www.mundoagropecuario.cl\/new\/ministro-walker-en-el-dia-de-las-cooperativas-el-primer-aliado-en-promover-el-cooperativismo-moderno-en-chile-es-el-ministerio-de-agricultura\/","url":"https:\/\/www.mundoagropecuario.cl\/new\/ministro-walker-en-el-dia-de-las-cooperativas-el-primer-aliado-en-promover-el-cooperativismo-moderno-en-chile-es-el-ministerio-de-agricultura\/","name":"Ministro Walker en el d\u00eda de las Cooperativas: \u201cEl primer aliado en promover el cooperativismo moderno en Chile es el Ministerio de Agricultura\u201d - Mundoagropecuario","isPartOf":{"@id":"https:\/\/www.mundoagropecuario.cl\/new\/#website"},"primaryImageOfPage":{"@id":"https:\/\/www.mundoagropecuario.cl\/new\/ministro-walker-en-el-dia-de-las-cooperativas-el-primer-aliado-en-promover-el-cooperativismo-moderno-en-chile-es-el-ministerio-de-agricultura\/#primaryimage"},"image":{"@id":"https:\/\/www.mundoagropecuario.cl\/new\/ministro-walker-en-el-dia-de-las-cooperativas-el-primer-aliado-en-promover-el-cooperativismo-moderno-en-chile-es-el-ministerio-de-agricultura\/#primaryimage"},"thumbnailUrl":"https:\/\/www.mundoagropecuario.cl\/new\/wp-content\/uploads\/2018\/07\/minagricoop.jpg","datePublished":"2018-07-09T11:24:49+00:00","dateModified":"2018-07-09T11:30:35+00:00","breadcrumb":{"@id":"https:\/\/www.mundoagropecuario.cl\/new\/ministro-walker-en-el-dia-de-las-cooperativas-el-primer-aliado-en-promover-el-cooperativismo-moderno-en-chile-es-el-ministerio-de-agricultura\/#breadcrumb"},"inLanguage":"es","potentialAction":[{"@type":"ReadAction","target":["https:\/\/www.mundoagropecuario.cl\/new\/ministro-walker-en-el-dia-de-las-cooperativas-el-primer-aliado-en-promover-el-cooperativismo-moderno-en-chile-es-el-ministerio-de-agricultura\/"]}]},{"@type":"ImageObject","inLanguage":"es","@id":"https:\/\/www.mundoagropecuario.cl\/new\/ministro-walker-en-el-dia-de-las-cooperativas-el-primer-aliado-en-promover-el-cooperativismo-moderno-en-chile-es-el-ministerio-de-agricultura\/#primaryimage","url":"https:\/\/www.mundoagropecuario.cl\/new\/wp-content\/uploads\/2018\/07\/minagricoop.jpg","contentUrl":"https:\/\/www.mundoagropecuario.cl\/new\/wp-content\/uploads\/2018\/07\/minagricoop.jpg","width":601,"height":400},{"@type":"BreadcrumbList","@id":"https:\/\/www.mundoagropecuario.cl\/new\/ministro-walker-en-el-dia-de-las-cooperativas-el-primer-aliado-en-promover-el-cooperativismo-moderno-en-chile-es-el-ministerio-de-agricultura\/#breadcrumb","itemListElement":[{"@type":"ListItem","position":1,"name":"Portada","item":"https:\/\/www.mundoagropecuario.cl\/new\/"},{"@type":"ListItem","position":2,"name":"Ministro Walker en el d\u00eda de las Cooperativas: \u201cEl primer aliado en promover el cooperativismo moderno en Chile es el Ministerio de Agricultura\u201d"}]},{"@type":"WebSite","@id":"https:\/\/www.mundoagropecuario.cl\/new\/#website","url":"https:\/\/www.mundoagropecuario.cl\/new\/","name":"Mundoagropecuario","description":"Mundo Agropecuario","publisher":{"@id":"https:\/\/www.mundoagropecuario.cl\/new\/#organization"},"potentialAction":[{"@type":"SearchAction","target":{"@type":"EntryPoint","urlTemplate":"https:\/\/www.mundoagropecuario.cl\/new\/?s={search_term_string}"},"query-input":{"@type":"PropertyValueSpecification","valueRequired":true,"valueName":"search_term_string"}}],"inLanguage":"es"},{"@type":"Organization","@id":"https:\/\/www.mundoagropecuario.cl\/new\/#organization","name":"Revista de Agricultura","url":"https:\/\/www.mundoagropecuario.cl\/new\/","logo":{"@type":"ImageObject","inLanguage":"es","@id":"https:\/\/www.mundoagropecuario.cl\/new\/#\/schema\/logo\/image\/","url":"https:\/\/www.mundoagropecuario.cl\/new\/wp-content\/uploads\/2020\/11\/PORTAL-1-1.png","contentUrl":"https:\/\/www.mundoagropecuario.cl\/new\/wp-content\/uploads\/2020\/11\/PORTAL-1-1.png","width":1026,"height":100,"caption":"Revista de Agricultura"},"image":{"@id":"https:\/\/www.mundoagropecuario.cl\/new\/#\/schema\/logo\/image\/"},"sameAs":["https:\/\/www.facebook.com\/mundo.agropecuario.3","https:\/\/x.com\/MundoAgropecuar","https:\/\/www.linkedin.com\/in\/mundo-agropecuario-934009201\/"]},{"@type":"Person","@id":"https:\/\/www.mundoagropecuario.cl\/new\/#\/schema\/person\/0c221050801c74e45256a7a9a1ff0803","name":"periodista","url":"https:\/\/www.mundoagropecuario.cl\/new\/author\/periodista\/"}]}},"_links":{"self":[{"href":"https:\/\/www.mundoagropecuario.cl\/new\/wp-json\/wp\/v2\/posts\/7512","targetHints":{"allow":["GET"]}}],"collection":[{"href":"https:\/\/www.mundoagropecuario.cl\/new\/wp-json\/wp\/v2\/posts"}],"about":[{"href":"https:\/\/www.mundoagropecuario.cl\/new\/wp-json\/wp\/v2\/types\/post"}],"author":[{"embeddable":true,"href":"https:\/\/www.mundoagropecuario.cl\/new\/wp-json\/wp\/v2\/users\/3"}],"replies":[{"embeddable":true,"href":"https:\/\/www.mundoagropecuario.cl\/new\/wp-json\/wp\/v2\/comments?post=7512"}],"version-history":[{"count":1,"href":"https:\/\/www.mundoagropecuario.cl\/new\/wp-json\/wp\/v2\/posts\/7512\/revisions"}],"predecessor-version":[{"id":7514,"href":"https:\/\/www.mundoagropecuario.cl\/new\/wp-json\/wp\/v2\/posts\/7512\/revisions\/7514"}],"wp:featuredmedia":[{"embeddable":true,"href":"https:\/\/www.mundoagropecuario.cl\/new\/wp-json\/wp\/v2\/media\/7513"}],"wp:attachment":[{"href":"https:\/\/www.mundoagropecuario.cl\/new\/wp-json\/wp\/v2\/media?parent=7512"}],"wp:term":[{"taxonomy":"category","embeddable":true,"href":"https:\/\/www.mundoagropecuario.cl\/new\/wp-json\/wp\/v2\/categories?post=7512"},{"taxonomy":"post_tag","embeddable":true,"href":"https:\/\/www.mundoagropecuario.cl\/new\/wp-json\/wp\/v2\/tags?post=7512"}],"curies":[{"name":"wp","href":"https:\/\/api.w.org\/{rel}","templated":true}]}}