{"id":7502,"date":"2018-07-06T10:50:44","date_gmt":"2018-07-06T13:50:44","guid":{"rendered":"http:\/\/www.mundoagropecuario.cl\/new\/?p=7502"},"modified":"2018-07-06T10:51:02","modified_gmt":"2018-07-06T13:51:02","slug":"china-mira-a-nuble-por-sus-alimentos-verdes","status":"publish","type":"post","link":"https:\/\/www.mundoagropecuario.cl\/new\/china-mira-a-nuble-por-sus-alimentos-verdes\/","title":{"rendered":"China mira a \u00d1uble por sus \u201calimentos verdes\u201d"},"content":{"rendered":"<blockquote><p><em>Con una poblaci\u00f3n que sobrepasa los 1.400 millones de personas, y un crecimiento econ\u00f3mico sostenido, China es un gran polo de atracci\u00f3n para exportadores chilenos, en especial en el \u00e1rea de la alimentaci\u00f3n. (La Discusi\u00f3n). <\/em><\/p><\/blockquote>\n<p>En ese contexto, gran inter\u00e9s gener\u00f3 el seminario \u201cAlimentos org\u00e1nicos para el mercado de China\u201d, organizado por la empresa certificadora Bioaudita e INIA Quilamapu, al que asistieron 120 asistentes del sector productivo org\u00e1nico de la zona centro sur de Chile, compuesto por agricultores, t\u00e9cnicos y empresas exportadoras.<\/p>\n<p>Seg\u00fan explicaron los organizadores, Luis Mel\u00e9ndez de Bioaudita y Cecilia C\u00e9spedes de INIA Quilamapu, esta actividad tuvo por finalidad dar a conocer los requerimientos del mercado chino para exportar alimentos verdes y org\u00e1nicos al gigante asi\u00e1tico, para lo cual se cont\u00f3 con la presencia de Liu Ping, subdirector del Centro de Desarrollo de Alimentos Verdes de China (CGFDC), y de Xia Zhaogang, subdirector del Centro de Certificaci\u00f3n de Alimentos Org\u00e1nicos de China (COFCC).<\/p>\n<p><strong>Frutas, vinos y l\u00e1cteos<\/strong><\/p>\n<p>Los directivos evidenciaron el inter\u00e9s del consumidor chino por contar con m\u00e1s cantidad y variedad de productos org\u00e1nicos chilenos, toda vez que en ese mercado es muy reconocida la calidad de los env\u00edos nacionales. Por ahora, indicaron que el inter\u00e9s apunta a contar con mayores vol\u00famenes de ar\u00e1ndanos, cerezas y vinos.<\/p>\n<p>\u201cVemos con bastante futuro a los productos org\u00e1nicos chilenos, especialmente de frutas\u201d, recalc\u00f3 el subdirector Liu Ping. \u201cNuestra visita estuvo enfocada a orientar a los agricultores org\u00e1nicos chilenos en c\u00f3mo entrar en nuestro mercado\u201d.<\/p>\n<p>Sostuvo que la gran ventaja que presenta Chile es la de generar alimentos en contra estaci\u00f3n, lo que les permite \u201ccomer cerezas y ar\u00e1ndanos que son frutas de verano cuando estamos en invierno. O sea, cuando tenemos escasez en el mercado de estos productos, es el momento en que entran los productos chilenos\u201d.<\/p>\n<p>Pero no solo las frutas forman parte del inter\u00e9s chino, sino tambi\u00e9n los vinos org\u00e1nicos y los productos l\u00e1cteos org\u00e1nicos, b\u00e1sicamente la leche en polvo destinada a la alimentaci\u00f3n de los ni\u00f1os.<\/p>\n<p><strong>A\u00f1o nuevo chino <\/strong><\/p>\n<p>Un hecho que resulta de sumo inter\u00e9s es que la venta de la fruta chilena siempre se concentra en los meses en que se celebra el a\u00f1o nuevo chino (alrededor de los primeros d\u00edas de febrero de cada a\u00f1o). \u201cEn este per\u00edodo (de unos 15 d\u00edas) hay mucho consumo, no s\u00f3lo para comer, sino tambi\u00e9n para hacer regalos. Entonces, cuando se regala una fruta org\u00e1nica importada, este regalo tiene gran valor\u201d recalc\u00f3 Liu Ping. A\u00f1adi\u00f3 que dentro de las frutas m\u00e1s reconocidas para regalo est\u00e1n las cerezas, los ar\u00e1ndanos, las uvas de mesa y los kiwis.<\/p>\n<p>Finalmente, el directivo chino sostuvo que un aspecto muy importante que Chile debe considerar es el transporte, ya que las frutas \u201cdeben ser capaces de soportar el viaje de unos 45 d\u00edas. Una buena fruta y un buen transporte son indispensables\u201d.<\/p>\n<p>Al t\u00e9rmino de la jornada y en un encuentro con el director regional de INIA Quilamapu, Rodrigo Avil\u00e9s, los directivos acordaron trabajar en un convenio de colaboraci\u00f3n en \u00e1mbitos de investigaci\u00f3n con INIA, para lo cual se establecer\u00e1n los mecanismos que concreten pr\u00f3ximamente este deseo.<\/p>\n","protected":false},"excerpt":{"rendered":"<p>Con una poblaci\u00f3n que sobrepasa los 1.400 millones de personas, y un crecimiento econ\u00f3mico sostenido, China es un gran polo de atracci\u00f3n para exportadores chilenos, en especial en el \u00e1rea&#8230;<\/p>\n","protected":false},"author":3,"featured_media":7503,"comment_status":"closed","ping_status":"closed","sticky":false,"template":"","format":"standard","meta":{"footnotes":""},"categories":[405],"tags":[2170,2052,1151],"class_list":["post-7502","post","type-post","status-publish","format-standard","has-post-thumbnail","hentry","category-titular-3","tag-china","tag-inia","tag-nuble"],"yoast_head":"<!-- This site is optimized with the Yoast SEO plugin v26.6 - https:\/\/yoast.com\/wordpress\/plugins\/seo\/ -->\n<title>China mira a \u00d1uble por sus \u201calimentos verdes\u201d - Mundoagropecuario<\/title>\n<meta name=\"robots\" content=\"index, follow, max-snippet:-1, max-image-preview:large, max-video-preview:-1\" \/>\n<link rel=\"canonical\" href=\"https:\/\/www.mundoagropecuario.cl\/new\/china-mira-a-nuble-por-sus-alimentos-verdes\/\" \/>\n<meta property=\"og:locale\" content=\"es_ES\" \/>\n<meta property=\"og:type\" content=\"article\" \/>\n<meta property=\"og:title\" content=\"China mira a \u00d1uble por sus \u201calimentos verdes\u201d - Mundoagropecuario\" \/>\n<meta property=\"og:description\" content=\"Con una poblaci\u00f3n que sobrepasa los 1.400 millones de personas, y un crecimiento econ\u00f3mico sostenido, China es un gran polo de atracci\u00f3n para exportadores chilenos, en especial en el \u00e1rea...\" \/>\n<meta property=\"og:url\" content=\"https:\/\/www.mundoagropecuario.cl\/new\/china-mira-a-nuble-por-sus-alimentos-verdes\/\" \/>\n<meta property=\"og:site_name\" content=\"Mundoagropecuario\" \/>\n<meta property=\"article:publisher\" content=\"https:\/\/www.facebook.com\/mundo.agropecuario.3\" \/>\n<meta property=\"article:published_time\" content=\"2018-07-06T13:50:44+00:00\" \/>\n<meta property=\"article:modified_time\" content=\"2018-07-06T13:51:02+00:00\" \/>\n<meta property=\"og:image\" content=\"https:\/\/www.mundoagropecuario.cl\/new\/wp-content\/uploads\/2018\/07\/arandanosdiscusion1.jpg\" \/>\n\t<meta property=\"og:image:width\" content=\"900\" \/>\n\t<meta property=\"og:image:height\" content=\"570\" \/>\n\t<meta property=\"og:image:type\" content=\"image\/jpeg\" \/>\n<meta name=\"author\" content=\"periodista\" \/>\n<meta name=\"twitter:card\" content=\"summary_large_image\" \/>\n<meta name=\"twitter:creator\" content=\"@MundoAgropecuar\" \/>\n<meta name=\"twitter:site\" content=\"@MundoAgropecuar\" \/>\n<meta name=\"twitter:label1\" content=\"Escrito por\" \/>\n\t<meta name=\"twitter:data1\" content=\"periodista\" \/>\n\t<meta name=\"twitter:label2\" content=\"Tiempo de lectura\" \/>\n\t<meta name=\"twitter:data2\" content=\"3 minutos\" \/>\n<script type=\"application\/ld+json\" class=\"yoast-schema-graph\">{\"@context\":\"https:\/\/schema.org\",\"@graph\":[{\"@type\":\"Article\",\"@id\":\"https:\/\/www.mundoagropecuario.cl\/new\/china-mira-a-nuble-por-sus-alimentos-verdes\/#article\",\"isPartOf\":{\"@id\":\"https:\/\/www.mundoagropecuario.cl\/new\/china-mira-a-nuble-por-sus-alimentos-verdes\/\"},\"author\":{\"name\":\"periodista\",\"@id\":\"https:\/\/www.mundoagropecuario.cl\/new\/#\/schema\/person\/0c221050801c74e45256a7a9a1ff0803\"},\"headline\":\"China mira a \u00d1uble por sus \u201calimentos verdes\u201d\",\"datePublished\":\"2018-07-06T13:50:44+00:00\",\"dateModified\":\"2018-07-06T13:51:02+00:00\",\"mainEntityOfPage\":{\"@id\":\"https:\/\/www.mundoagropecuario.cl\/new\/china-mira-a-nuble-por-sus-alimentos-verdes\/\"},\"wordCount\":576,\"publisher\":{\"@id\":\"https:\/\/www.mundoagropecuario.cl\/new\/#organization\"},\"image\":{\"@id\":\"https:\/\/www.mundoagropecuario.cl\/new\/china-mira-a-nuble-por-sus-alimentos-verdes\/#primaryimage\"},\"thumbnailUrl\":\"https:\/\/www.mundoagropecuario.cl\/new\/wp-content\/uploads\/2018\/07\/arandanosdiscusion1.jpg\",\"keywords\":[\"China\",\"INIA\",\"\u00d1uble\"],\"articleSection\":[\"Titular 3\"],\"inLanguage\":\"es\"},{\"@type\":\"WebPage\",\"@id\":\"https:\/\/www.mundoagropecuario.cl\/new\/china-mira-a-nuble-por-sus-alimentos-verdes\/\",\"url\":\"https:\/\/www.mundoagropecuario.cl\/new\/china-mira-a-nuble-por-sus-alimentos-verdes\/\",\"name\":\"China mira a \u00d1uble por sus \u201calimentos verdes\u201d - Mundoagropecuario\",\"isPartOf\":{\"@id\":\"https:\/\/www.mundoagropecuario.cl\/new\/#website\"},\"primaryImageOfPage\":{\"@id\":\"https:\/\/www.mundoagropecuario.cl\/new\/china-mira-a-nuble-por-sus-alimentos-verdes\/#primaryimage\"},\"image\":{\"@id\":\"https:\/\/www.mundoagropecuario.cl\/new\/china-mira-a-nuble-por-sus-alimentos-verdes\/#primaryimage\"},\"thumbnailUrl\":\"https:\/\/www.mundoagropecuario.cl\/new\/wp-content\/uploads\/2018\/07\/arandanosdiscusion1.jpg\",\"datePublished\":\"2018-07-06T13:50:44+00:00\",\"dateModified\":\"2018-07-06T13:51:02+00:00\",\"breadcrumb\":{\"@id\":\"https:\/\/www.mundoagropecuario.cl\/new\/china-mira-a-nuble-por-sus-alimentos-verdes\/#breadcrumb\"},\"inLanguage\":\"es\",\"potentialAction\":[{\"@type\":\"ReadAction\",\"target\":[\"https:\/\/www.mundoagropecuario.cl\/new\/china-mira-a-nuble-por-sus-alimentos-verdes\/\"]}]},{\"@type\":\"ImageObject\",\"inLanguage\":\"es\",\"@id\":\"https:\/\/www.mundoagropecuario.cl\/new\/china-mira-a-nuble-por-sus-alimentos-verdes\/#primaryimage\",\"url\":\"https:\/\/www.mundoagropecuario.cl\/new\/wp-content\/uploads\/2018\/07\/arandanosdiscusion1.jpg\",\"contentUrl\":\"https:\/\/www.mundoagropecuario.cl\/new\/wp-content\/uploads\/2018\/07\/arandanosdiscusion1.jpg\",\"width\":632,\"height\":400},{\"@type\":\"BreadcrumbList\",\"@id\":\"https:\/\/www.mundoagropecuario.cl\/new\/china-mira-a-nuble-por-sus-alimentos-verdes\/#breadcrumb\",\"itemListElement\":[{\"@type\":\"ListItem\",\"position\":1,\"name\":\"Portada\",\"item\":\"https:\/\/www.mundoagropecuario.cl\/new\/\"},{\"@type\":\"ListItem\",\"position\":2,\"name\":\"China mira a \u00d1uble por sus \u201calimentos verdes\u201d\"}]},{\"@type\":\"WebSite\",\"@id\":\"https:\/\/www.mundoagropecuario.cl\/new\/#website\",\"url\":\"https:\/\/www.mundoagropecuario.cl\/new\/\",\"name\":\"Mundoagropecuario\",\"description\":\"Mundo Agropecuario\",\"publisher\":{\"@id\":\"https:\/\/www.mundoagropecuario.cl\/new\/#organization\"},\"potentialAction\":[{\"@type\":\"SearchAction\",\"target\":{\"@type\":\"EntryPoint\",\"urlTemplate\":\"https:\/\/www.mundoagropecuario.cl\/new\/?s={search_term_string}\"},\"query-input\":{\"@type\":\"PropertyValueSpecification\",\"valueRequired\":true,\"valueName\":\"search_term_string\"}}],\"inLanguage\":\"es\"},{\"@type\":\"Organization\",\"@id\":\"https:\/\/www.mundoagropecuario.cl\/new\/#organization\",\"name\":\"Revista de Agricultura\",\"url\":\"https:\/\/www.mundoagropecuario.cl\/new\/\",\"logo\":{\"@type\":\"ImageObject\",\"inLanguage\":\"es\",\"@id\":\"https:\/\/www.mundoagropecuario.cl\/new\/#\/schema\/logo\/image\/\",\"url\":\"https:\/\/www.mundoagropecuario.cl\/new\/wp-content\/uploads\/2020\/11\/PORTAL-1-1.png\",\"contentUrl\":\"https:\/\/www.mundoagropecuario.cl\/new\/wp-content\/uploads\/2020\/11\/PORTAL-1-1.png\",\"width\":1026,\"height\":100,\"caption\":\"Revista de Agricultura\"},\"image\":{\"@id\":\"https:\/\/www.mundoagropecuario.cl\/new\/#\/schema\/logo\/image\/\"},\"sameAs\":[\"https:\/\/www.facebook.com\/mundo.agropecuario.3\",\"https:\/\/x.com\/MundoAgropecuar\",\"https:\/\/www.linkedin.com\/in\/mundo-agropecuario-934009201\/\"]},{\"@type\":\"Person\",\"@id\":\"https:\/\/www.mundoagropecuario.cl\/new\/#\/schema\/person\/0c221050801c74e45256a7a9a1ff0803\",\"name\":\"periodista\",\"url\":\"https:\/\/www.mundoagropecuario.cl\/new\/author\/periodista\/\"}]}<\/script>\n<!-- \/ Yoast SEO plugin. -->","yoast_head_json":{"title":"China mira a \u00d1uble por sus \u201calimentos verdes\u201d - Mundoagropecuario","robots":{"index":"index","follow":"follow","max-snippet":"max-snippet:-1","max-image-preview":"max-image-preview:large","max-video-preview":"max-video-preview:-1"},"canonical":"https:\/\/www.mundoagropecuario.cl\/new\/china-mira-a-nuble-por-sus-alimentos-verdes\/","og_locale":"es_ES","og_type":"article","og_title":"China mira a \u00d1uble por sus \u201calimentos verdes\u201d - Mundoagropecuario","og_description":"Con una poblaci\u00f3n que sobrepasa los 1.400 millones de personas, y un crecimiento econ\u00f3mico sostenido, China es un gran polo de atracci\u00f3n para exportadores chilenos, en especial en el \u00e1rea...","og_url":"https:\/\/www.mundoagropecuario.cl\/new\/china-mira-a-nuble-por-sus-alimentos-verdes\/","og_site_name":"Mundoagropecuario","article_publisher":"https:\/\/www.facebook.com\/mundo.agropecuario.3","article_published_time":"2018-07-06T13:50:44+00:00","article_modified_time":"2018-07-06T13:51:02+00:00","og_image":[{"width":900,"height":570,"url":"https:\/\/www.mundoagropecuario.cl\/new\/wp-content\/uploads\/2018\/07\/arandanosdiscusion1.jpg","type":"image\/jpeg"}],"author":"periodista","twitter_card":"summary_large_image","twitter_creator":"@MundoAgropecuar","twitter_site":"@MundoAgropecuar","twitter_misc":{"Escrito por":"periodista","Tiempo de lectura":"3 minutos"},"schema":{"@context":"https:\/\/schema.org","@graph":[{"@type":"Article","@id":"https:\/\/www.mundoagropecuario.cl\/new\/china-mira-a-nuble-por-sus-alimentos-verdes\/#article","isPartOf":{"@id":"https:\/\/www.mundoagropecuario.cl\/new\/china-mira-a-nuble-por-sus-alimentos-verdes\/"},"author":{"name":"periodista","@id":"https:\/\/www.mundoagropecuario.cl\/new\/#\/schema\/person\/0c221050801c74e45256a7a9a1ff0803"},"headline":"China mira a \u00d1uble por sus \u201calimentos verdes\u201d","datePublished":"2018-07-06T13:50:44+00:00","dateModified":"2018-07-06T13:51:02+00:00","mainEntityOfPage":{"@id":"https:\/\/www.mundoagropecuario.cl\/new\/china-mira-a-nuble-por-sus-alimentos-verdes\/"},"wordCount":576,"publisher":{"@id":"https:\/\/www.mundoagropecuario.cl\/new\/#organization"},"image":{"@id":"https:\/\/www.mundoagropecuario.cl\/new\/china-mira-a-nuble-por-sus-alimentos-verdes\/#primaryimage"},"thumbnailUrl":"https:\/\/www.mundoagropecuario.cl\/new\/wp-content\/uploads\/2018\/07\/arandanosdiscusion1.jpg","keywords":["China","INIA","\u00d1uble"],"articleSection":["Titular 3"],"inLanguage":"es"},{"@type":"WebPage","@id":"https:\/\/www.mundoagropecuario.cl\/new\/china-mira-a-nuble-por-sus-alimentos-verdes\/","url":"https:\/\/www.mundoagropecuario.cl\/new\/china-mira-a-nuble-por-sus-alimentos-verdes\/","name":"China mira a \u00d1uble por sus \u201calimentos verdes\u201d - Mundoagropecuario","isPartOf":{"@id":"https:\/\/www.mundoagropecuario.cl\/new\/#website"},"primaryImageOfPage":{"@id":"https:\/\/www.mundoagropecuario.cl\/new\/china-mira-a-nuble-por-sus-alimentos-verdes\/#primaryimage"},"image":{"@id":"https:\/\/www.mundoagropecuario.cl\/new\/china-mira-a-nuble-por-sus-alimentos-verdes\/#primaryimage"},"thumbnailUrl":"https:\/\/www.mundoagropecuario.cl\/new\/wp-content\/uploads\/2018\/07\/arandanosdiscusion1.jpg","datePublished":"2018-07-06T13:50:44+00:00","dateModified":"2018-07-06T13:51:02+00:00","breadcrumb":{"@id":"https:\/\/www.mundoagropecuario.cl\/new\/china-mira-a-nuble-por-sus-alimentos-verdes\/#breadcrumb"},"inLanguage":"es","potentialAction":[{"@type":"ReadAction","target":["https:\/\/www.mundoagropecuario.cl\/new\/china-mira-a-nuble-por-sus-alimentos-verdes\/"]}]},{"@type":"ImageObject","inLanguage":"es","@id":"https:\/\/www.mundoagropecuario.cl\/new\/china-mira-a-nuble-por-sus-alimentos-verdes\/#primaryimage","url":"https:\/\/www.mundoagropecuario.cl\/new\/wp-content\/uploads\/2018\/07\/arandanosdiscusion1.jpg","contentUrl":"https:\/\/www.mundoagropecuario.cl\/new\/wp-content\/uploads\/2018\/07\/arandanosdiscusion1.jpg","width":632,"height":400},{"@type":"BreadcrumbList","@id":"https:\/\/www.mundoagropecuario.cl\/new\/china-mira-a-nuble-por-sus-alimentos-verdes\/#breadcrumb","itemListElement":[{"@type":"ListItem","position":1,"name":"Portada","item":"https:\/\/www.mundoagropecuario.cl\/new\/"},{"@type":"ListItem","position":2,"name":"China mira a \u00d1uble por sus \u201calimentos verdes\u201d"}]},{"@type":"WebSite","@id":"https:\/\/www.mundoagropecuario.cl\/new\/#website","url":"https:\/\/www.mundoagropecuario.cl\/new\/","name":"Mundoagropecuario","description":"Mundo Agropecuario","publisher":{"@id":"https:\/\/www.mundoagropecuario.cl\/new\/#organization"},"potentialAction":[{"@type":"SearchAction","target":{"@type":"EntryPoint","urlTemplate":"https:\/\/www.mundoagropecuario.cl\/new\/?s={search_term_string}"},"query-input":{"@type":"PropertyValueSpecification","valueRequired":true,"valueName":"search_term_string"}}],"inLanguage":"es"},{"@type":"Organization","@id":"https:\/\/www.mundoagropecuario.cl\/new\/#organization","name":"Revista de Agricultura","url":"https:\/\/www.mundoagropecuario.cl\/new\/","logo":{"@type":"ImageObject","inLanguage":"es","@id":"https:\/\/www.mundoagropecuario.cl\/new\/#\/schema\/logo\/image\/","url":"https:\/\/www.mundoagropecuario.cl\/new\/wp-content\/uploads\/2020\/11\/PORTAL-1-1.png","contentUrl":"https:\/\/www.mundoagropecuario.cl\/new\/wp-content\/uploads\/2020\/11\/PORTAL-1-1.png","width":1026,"height":100,"caption":"Revista de Agricultura"},"image":{"@id":"https:\/\/www.mundoagropecuario.cl\/new\/#\/schema\/logo\/image\/"},"sameAs":["https:\/\/www.facebook.com\/mundo.agropecuario.3","https:\/\/x.com\/MundoAgropecuar","https:\/\/www.linkedin.com\/in\/mundo-agropecuario-934009201\/"]},{"@type":"Person","@id":"https:\/\/www.mundoagropecuario.cl\/new\/#\/schema\/person\/0c221050801c74e45256a7a9a1ff0803","name":"periodista","url":"https:\/\/www.mundoagropecuario.cl\/new\/author\/periodista\/"}]}},"_links":{"self":[{"href":"https:\/\/www.mundoagropecuario.cl\/new\/wp-json\/wp\/v2\/posts\/7502","targetHints":{"allow":["GET"]}}],"collection":[{"href":"https:\/\/www.mundoagropecuario.cl\/new\/wp-json\/wp\/v2\/posts"}],"about":[{"href":"https:\/\/www.mundoagropecuario.cl\/new\/wp-json\/wp\/v2\/types\/post"}],"author":[{"embeddable":true,"href":"https:\/\/www.mundoagropecuario.cl\/new\/wp-json\/wp\/v2\/users\/3"}],"replies":[{"embeddable":true,"href":"https:\/\/www.mundoagropecuario.cl\/new\/wp-json\/wp\/v2\/comments?post=7502"}],"version-history":[{"count":1,"href":"https:\/\/www.mundoagropecuario.cl\/new\/wp-json\/wp\/v2\/posts\/7502\/revisions"}],"predecessor-version":[{"id":7504,"href":"https:\/\/www.mundoagropecuario.cl\/new\/wp-json\/wp\/v2\/posts\/7502\/revisions\/7504"}],"wp:featuredmedia":[{"embeddable":true,"href":"https:\/\/www.mundoagropecuario.cl\/new\/wp-json\/wp\/v2\/media\/7503"}],"wp:attachment":[{"href":"https:\/\/www.mundoagropecuario.cl\/new\/wp-json\/wp\/v2\/media?parent=7502"}],"wp:term":[{"taxonomy":"category","embeddable":true,"href":"https:\/\/www.mundoagropecuario.cl\/new\/wp-json\/wp\/v2\/categories?post=7502"},{"taxonomy":"post_tag","embeddable":true,"href":"https:\/\/www.mundoagropecuario.cl\/new\/wp-json\/wp\/v2\/tags?post=7502"}],"curies":[{"name":"wp","href":"https:\/\/api.w.org\/{rel}","templated":true}]}}