{"id":7493,"date":"2018-07-06T10:19:37","date_gmt":"2018-07-06T13:19:37","guid":{"rendered":"http:\/\/www.mundoagropecuario.cl\/new\/?p=7493"},"modified":"2018-07-10T11:11:03","modified_gmt":"2018-07-10T14:11:03","slug":"proyecto-que-fortalece-al-sag-fue-aprobado-en-general-en-la-comision-de-agricultura","status":"publish","type":"post","link":"https:\/\/www.mundoagropecuario.cl\/new\/proyecto-que-fortalece-al-sag-fue-aprobado-en-general-en-la-comision-de-agricultura\/","title":{"rendered":"Proyecto que fortalece al SAG fue aprobado en general en la comisi\u00f3n de agricultura"},"content":{"rendered":"<blockquote><p><em>El grupo parlamentario apoy\u00f3 la propuesta del Ejecutivo luego de escuchar la exposici\u00f3n del Ministro de Agricultura y de los representantes de la Asociaci\u00f3n de Funcionarios del Servicio. (Mundo Agropecuario).<\/em><\/p><\/blockquote>\n<p>Su respaldo a la idea de legislar entreg\u00f3 ayer la Comisi\u00f3n de Agricultura de la C\u00e1mara de Diputados al proyecto (<a href=\"https:\/\/www.camara.cl\/pley\/pley_detalle.aspx?prmID=12151&amp;prmBOLETIN=11637-01\">bolet\u00edn 11637<\/a>) del Ejecutivo que fortalece el Servicio Agr\u00edcola y Ganadero (SAG), iniciativa que ingres\u00f3 a tr\u00e1mite legislativo el 10 de marzo de este a\u00f1o.<\/p>\n<p>La votaci\u00f3n se verific\u00f3 tras escuchar la exposici\u00f3n del Ministro de Agricultura, Antonio Walker, y de los representantes de la Asociaci\u00f3n de Funcionarios del Servicio Agr\u00edcola y Ganadero (AFSAG): Claudio Banda, presidente; Sergio Salas, vicepresidente; y Santiago Leiva, tesorero.<\/p>\n<p>Seg\u00fan consta en el mensaje, la propuesta toma en consideraci\u00f3n un acuerdo firmado entre el Gobierno y la AFSAG, gestado entre septiembre de 2017 y enero de 2018, que pasa por fortalecer al SAG en sus capacidades t\u00e9cnicas y de fiscalizaci\u00f3n como, asimismo, avanzar en la modernizaci\u00f3n del servicio, abordando los desaf\u00edos propios del cumplimiento del quehacer de esta instituci\u00f3n.<\/p>\n<p><strong>En l\u00ednea con lo anterior, el proyecto se fija dos objetivos principales:<\/strong><\/p>\n<p>-Facultar al Presidente de la Rep\u00fablica para fijar una nueva planta de personal del SAG, con el objeto de dotarla de una estructura acorde con las funciones que la ley le encomienda y permitir el desarrollo de una carrera funcionaria.<\/p>\n<p>-Dotar al SAG de mejores herramientas de gesti\u00f3n, con la finalidad de optimizar el uso de los recursos profesionales y presupuestarios, habilitando la publicaci\u00f3n en extracto de las resoluciones del servicio y mejorando el procedimiento de notificaciones que permitir\u00e1 un mejor ejercicio de la labor de fiscalizaci\u00f3n propia del Servicio Agr\u00edcola y Ganadero.<\/p>\n<p>Cabe recordar que el Servicio Agr\u00edcola Ganadero tiene hoy representaci\u00f3n territorial en las 15 regiones del pa\u00eds, a trav\u00e9s de las respectivas direcciones regionales y las 65 oficinas sectoriales emplazadas a nivel nacional.<\/p>\n","protected":false},"excerpt":{"rendered":"<p>El grupo parlamentario apoy\u00f3 la propuesta del Ejecutivo luego de escuchar la exposici\u00f3n del Ministro de Agricultura y de los representantes de la Asociaci\u00f3n de Funcionarios del Servicio. (Mundo Agropecuario)&#8230;.<\/p>\n","protected":false},"author":3,"featured_media":7494,"comment_status":"closed","ping_status":"closed","sticky":false,"template":"","format":"standard","meta":{"footnotes":""},"categories":[1987],"tags":[2035,2036],"class_list":["post-7493","post","type-post","status-publish","format-standard","has-post-thumbnail","hentry","category-instituciones","tag-minagri","tag-sag"],"yoast_head":"<!-- This site is optimized with the Yoast SEO plugin v26.6 - https:\/\/yoast.com\/wordpress\/plugins\/seo\/ -->\n<title>Proyecto que fortalece al SAG fue aprobado en general en la comisi\u00f3n de agricultura - Mundoagropecuario<\/title>\n<meta name=\"robots\" content=\"index, follow, max-snippet:-1, max-image-preview:large, max-video-preview:-1\" \/>\n<link rel=\"canonical\" href=\"https:\/\/www.mundoagropecuario.cl\/new\/proyecto-que-fortalece-al-sag-fue-aprobado-en-general-en-la-comision-de-agricultura\/\" \/>\n<meta property=\"og:locale\" content=\"es_ES\" \/>\n<meta property=\"og:type\" content=\"article\" \/>\n<meta property=\"og:title\" content=\"Proyecto que fortalece al SAG fue aprobado en general en la comisi\u00f3n de agricultura - Mundoagropecuario\" \/>\n<meta property=\"og:description\" content=\"El grupo parlamentario apoy\u00f3 la propuesta del Ejecutivo luego de escuchar la exposici\u00f3n del Ministro de Agricultura y de los representantes de la Asociaci\u00f3n de Funcionarios del Servicio. (Mundo Agropecuario)....\" \/>\n<meta property=\"og:url\" content=\"https:\/\/www.mundoagropecuario.cl\/new\/proyecto-que-fortalece-al-sag-fue-aprobado-en-general-en-la-comision-de-agricultura\/\" \/>\n<meta property=\"og:site_name\" content=\"Mundoagropecuario\" \/>\n<meta property=\"article:publisher\" content=\"https:\/\/www.facebook.com\/mundo.agropecuario.3\" \/>\n<meta property=\"article:published_time\" content=\"2018-07-06T13:19:37+00:00\" \/>\n<meta property=\"article:modified_time\" content=\"2018-07-10T14:11:03+00:00\" \/>\n<meta property=\"og:image\" content=\"https:\/\/www.mundoagropecuario.cl\/new\/wp-content\/uploads\/2018\/07\/sag-uno.jpg\" \/>\n\t<meta property=\"og:image:width\" content=\"1000\" \/>\n\t<meta property=\"og:image:height\" content=\"561\" \/>\n\t<meta property=\"og:image:type\" content=\"image\/jpeg\" \/>\n<meta name=\"author\" content=\"periodista\" \/>\n<meta name=\"twitter:card\" content=\"summary_large_image\" \/>\n<meta name=\"twitter:creator\" content=\"@MundoAgropecuar\" \/>\n<meta name=\"twitter:site\" content=\"@MundoAgropecuar\" \/>\n<meta name=\"twitter:label1\" content=\"Escrito por\" \/>\n\t<meta name=\"twitter:data1\" content=\"periodista\" \/>\n\t<meta name=\"twitter:label2\" content=\"Tiempo de lectura\" \/>\n\t<meta name=\"twitter:data2\" content=\"2 minutos\" \/>\n<script type=\"application\/ld+json\" class=\"yoast-schema-graph\">{\"@context\":\"https:\/\/schema.org\",\"@graph\":[{\"@type\":\"Article\",\"@id\":\"https:\/\/www.mundoagropecuario.cl\/new\/proyecto-que-fortalece-al-sag-fue-aprobado-en-general-en-la-comision-de-agricultura\/#article\",\"isPartOf\":{\"@id\":\"https:\/\/www.mundoagropecuario.cl\/new\/proyecto-que-fortalece-al-sag-fue-aprobado-en-general-en-la-comision-de-agricultura\/\"},\"author\":{\"name\":\"periodista\",\"@id\":\"https:\/\/www.mundoagropecuario.cl\/new\/#\/schema\/person\/0c221050801c74e45256a7a9a1ff0803\"},\"headline\":\"Proyecto que fortalece al SAG fue aprobado en general en la comisi\u00f3n de agricultura\",\"datePublished\":\"2018-07-06T13:19:37+00:00\",\"dateModified\":\"2018-07-10T14:11:03+00:00\",\"mainEntityOfPage\":{\"@id\":\"https:\/\/www.mundoagropecuario.cl\/new\/proyecto-que-fortalece-al-sag-fue-aprobado-en-general-en-la-comision-de-agricultura\/\"},\"wordCount\":350,\"publisher\":{\"@id\":\"https:\/\/www.mundoagropecuario.cl\/new\/#organization\"},\"image\":{\"@id\":\"https:\/\/www.mundoagropecuario.cl\/new\/proyecto-que-fortalece-al-sag-fue-aprobado-en-general-en-la-comision-de-agricultura\/#primaryimage\"},\"thumbnailUrl\":\"https:\/\/www.mundoagropecuario.cl\/new\/wp-content\/uploads\/2018\/07\/sag-uno.jpg\",\"keywords\":[\"Minagri\",\"SAG\"],\"articleSection\":[\"Instituciones\"],\"inLanguage\":\"es\"},{\"@type\":\"WebPage\",\"@id\":\"https:\/\/www.mundoagropecuario.cl\/new\/proyecto-que-fortalece-al-sag-fue-aprobado-en-general-en-la-comision-de-agricultura\/\",\"url\":\"https:\/\/www.mundoagropecuario.cl\/new\/proyecto-que-fortalece-al-sag-fue-aprobado-en-general-en-la-comision-de-agricultura\/\",\"name\":\"Proyecto que fortalece al SAG fue aprobado en general en la comisi\u00f3n de agricultura - Mundoagropecuario\",\"isPartOf\":{\"@id\":\"https:\/\/www.mundoagropecuario.cl\/new\/#website\"},\"primaryImageOfPage\":{\"@id\":\"https:\/\/www.mundoagropecuario.cl\/new\/proyecto-que-fortalece-al-sag-fue-aprobado-en-general-en-la-comision-de-agricultura\/#primaryimage\"},\"image\":{\"@id\":\"https:\/\/www.mundoagropecuario.cl\/new\/proyecto-que-fortalece-al-sag-fue-aprobado-en-general-en-la-comision-de-agricultura\/#primaryimage\"},\"thumbnailUrl\":\"https:\/\/www.mundoagropecuario.cl\/new\/wp-content\/uploads\/2018\/07\/sag-uno.jpg\",\"datePublished\":\"2018-07-06T13:19:37+00:00\",\"dateModified\":\"2018-07-10T14:11:03+00:00\",\"breadcrumb\":{\"@id\":\"https:\/\/www.mundoagropecuario.cl\/new\/proyecto-que-fortalece-al-sag-fue-aprobado-en-general-en-la-comision-de-agricultura\/#breadcrumb\"},\"inLanguage\":\"es\",\"potentialAction\":[{\"@type\":\"ReadAction\",\"target\":[\"https:\/\/www.mundoagropecuario.cl\/new\/proyecto-que-fortalece-al-sag-fue-aprobado-en-general-en-la-comision-de-agricultura\/\"]}]},{\"@type\":\"ImageObject\",\"inLanguage\":\"es\",\"@id\":\"https:\/\/www.mundoagropecuario.cl\/new\/proyecto-que-fortalece-al-sag-fue-aprobado-en-general-en-la-comision-de-agricultura\/#primaryimage\",\"url\":\"https:\/\/www.mundoagropecuario.cl\/new\/wp-content\/uploads\/2018\/07\/sag-uno.jpg\",\"contentUrl\":\"https:\/\/www.mundoagropecuario.cl\/new\/wp-content\/uploads\/2018\/07\/sag-uno.jpg\",\"width\":713,\"height\":400,\"caption\":\"Santiago 31 de agosto de 2015. El ministro de Agricultura, Carlos Furche, junto al director nacional del Servicio Agr\u00edcola y Ganadero (SAG), \u00c1ngel Sartori, realizan un operativo de fiscalizaci\u00f3n a la Ley de Carnes en el mercado Franklin. El procedimiento busca velar que se cumpla lo establecido en la normativa vigente, poniendo especial \u00e9nfasis en el origen de la carne y la forma en que \u00e9sta se expone a los consumidores para la venta. Javier Torres\/Aton Chile.\"},{\"@type\":\"BreadcrumbList\",\"@id\":\"https:\/\/www.mundoagropecuario.cl\/new\/proyecto-que-fortalece-al-sag-fue-aprobado-en-general-en-la-comision-de-agricultura\/#breadcrumb\",\"itemListElement\":[{\"@type\":\"ListItem\",\"position\":1,\"name\":\"Portada\",\"item\":\"https:\/\/www.mundoagropecuario.cl\/new\/\"},{\"@type\":\"ListItem\",\"position\":2,\"name\":\"Proyecto que fortalece al SAG fue aprobado en general en la comisi\u00f3n de agricultura\"}]},{\"@type\":\"WebSite\",\"@id\":\"https:\/\/www.mundoagropecuario.cl\/new\/#website\",\"url\":\"https:\/\/www.mundoagropecuario.cl\/new\/\",\"name\":\"Mundoagropecuario\",\"description\":\"Mundo Agropecuario\",\"publisher\":{\"@id\":\"https:\/\/www.mundoagropecuario.cl\/new\/#organization\"},\"potentialAction\":[{\"@type\":\"SearchAction\",\"target\":{\"@type\":\"EntryPoint\",\"urlTemplate\":\"https:\/\/www.mundoagropecuario.cl\/new\/?s={search_term_string}\"},\"query-input\":{\"@type\":\"PropertyValueSpecification\",\"valueRequired\":true,\"valueName\":\"search_term_string\"}}],\"inLanguage\":\"es\"},{\"@type\":\"Organization\",\"@id\":\"https:\/\/www.mundoagropecuario.cl\/new\/#organization\",\"name\":\"Revista de Agricultura\",\"url\":\"https:\/\/www.mundoagropecuario.cl\/new\/\",\"logo\":{\"@type\":\"ImageObject\",\"inLanguage\":\"es\",\"@id\":\"https:\/\/www.mundoagropecuario.cl\/new\/#\/schema\/logo\/image\/\",\"url\":\"https:\/\/www.mundoagropecuario.cl\/new\/wp-content\/uploads\/2020\/11\/PORTAL-1-1.png\",\"contentUrl\":\"https:\/\/www.mundoagropecuario.cl\/new\/wp-content\/uploads\/2020\/11\/PORTAL-1-1.png\",\"width\":1026,\"height\":100,\"caption\":\"Revista de Agricultura\"},\"image\":{\"@id\":\"https:\/\/www.mundoagropecuario.cl\/new\/#\/schema\/logo\/image\/\"},\"sameAs\":[\"https:\/\/www.facebook.com\/mundo.agropecuario.3\",\"https:\/\/x.com\/MundoAgropecuar\",\"https:\/\/www.linkedin.com\/in\/mundo-agropecuario-934009201\/\"]},{\"@type\":\"Person\",\"@id\":\"https:\/\/www.mundoagropecuario.cl\/new\/#\/schema\/person\/0c221050801c74e45256a7a9a1ff0803\",\"name\":\"periodista\",\"url\":\"https:\/\/www.mundoagropecuario.cl\/new\/author\/periodista\/\"}]}<\/script>\n<!-- \/ Yoast SEO plugin. -->","yoast_head_json":{"title":"Proyecto que fortalece al SAG fue aprobado en general en la comisi\u00f3n de agricultura - Mundoagropecuario","robots":{"index":"index","follow":"follow","max-snippet":"max-snippet:-1","max-image-preview":"max-image-preview:large","max-video-preview":"max-video-preview:-1"},"canonical":"https:\/\/www.mundoagropecuario.cl\/new\/proyecto-que-fortalece-al-sag-fue-aprobado-en-general-en-la-comision-de-agricultura\/","og_locale":"es_ES","og_type":"article","og_title":"Proyecto que fortalece al SAG fue aprobado en general en la comisi\u00f3n de agricultura - Mundoagropecuario","og_description":"El grupo parlamentario apoy\u00f3 la propuesta del Ejecutivo luego de escuchar la exposici\u00f3n del Ministro de Agricultura y de los representantes de la Asociaci\u00f3n de Funcionarios del Servicio. (Mundo Agropecuario)....","og_url":"https:\/\/www.mundoagropecuario.cl\/new\/proyecto-que-fortalece-al-sag-fue-aprobado-en-general-en-la-comision-de-agricultura\/","og_site_name":"Mundoagropecuario","article_publisher":"https:\/\/www.facebook.com\/mundo.agropecuario.3","article_published_time":"2018-07-06T13:19:37+00:00","article_modified_time":"2018-07-10T14:11:03+00:00","og_image":[{"width":1000,"height":561,"url":"https:\/\/www.mundoagropecuario.cl\/new\/wp-content\/uploads\/2018\/07\/sag-uno.jpg","type":"image\/jpeg"}],"author":"periodista","twitter_card":"summary_large_image","twitter_creator":"@MundoAgropecuar","twitter_site":"@MundoAgropecuar","twitter_misc":{"Escrito por":"periodista","Tiempo de lectura":"2 minutos"},"schema":{"@context":"https:\/\/schema.org","@graph":[{"@type":"Article","@id":"https:\/\/www.mundoagropecuario.cl\/new\/proyecto-que-fortalece-al-sag-fue-aprobado-en-general-en-la-comision-de-agricultura\/#article","isPartOf":{"@id":"https:\/\/www.mundoagropecuario.cl\/new\/proyecto-que-fortalece-al-sag-fue-aprobado-en-general-en-la-comision-de-agricultura\/"},"author":{"name":"periodista","@id":"https:\/\/www.mundoagropecuario.cl\/new\/#\/schema\/person\/0c221050801c74e45256a7a9a1ff0803"},"headline":"Proyecto que fortalece al SAG fue aprobado en general en la comisi\u00f3n de agricultura","datePublished":"2018-07-06T13:19:37+00:00","dateModified":"2018-07-10T14:11:03+00:00","mainEntityOfPage":{"@id":"https:\/\/www.mundoagropecuario.cl\/new\/proyecto-que-fortalece-al-sag-fue-aprobado-en-general-en-la-comision-de-agricultura\/"},"wordCount":350,"publisher":{"@id":"https:\/\/www.mundoagropecuario.cl\/new\/#organization"},"image":{"@id":"https:\/\/www.mundoagropecuario.cl\/new\/proyecto-que-fortalece-al-sag-fue-aprobado-en-general-en-la-comision-de-agricultura\/#primaryimage"},"thumbnailUrl":"https:\/\/www.mundoagropecuario.cl\/new\/wp-content\/uploads\/2018\/07\/sag-uno.jpg","keywords":["Minagri","SAG"],"articleSection":["Instituciones"],"inLanguage":"es"},{"@type":"WebPage","@id":"https:\/\/www.mundoagropecuario.cl\/new\/proyecto-que-fortalece-al-sag-fue-aprobado-en-general-en-la-comision-de-agricultura\/","url":"https:\/\/www.mundoagropecuario.cl\/new\/proyecto-que-fortalece-al-sag-fue-aprobado-en-general-en-la-comision-de-agricultura\/","name":"Proyecto que fortalece al SAG fue aprobado en general en la comisi\u00f3n de agricultura - Mundoagropecuario","isPartOf":{"@id":"https:\/\/www.mundoagropecuario.cl\/new\/#website"},"primaryImageOfPage":{"@id":"https:\/\/www.mundoagropecuario.cl\/new\/proyecto-que-fortalece-al-sag-fue-aprobado-en-general-en-la-comision-de-agricultura\/#primaryimage"},"image":{"@id":"https:\/\/www.mundoagropecuario.cl\/new\/proyecto-que-fortalece-al-sag-fue-aprobado-en-general-en-la-comision-de-agricultura\/#primaryimage"},"thumbnailUrl":"https:\/\/www.mundoagropecuario.cl\/new\/wp-content\/uploads\/2018\/07\/sag-uno.jpg","datePublished":"2018-07-06T13:19:37+00:00","dateModified":"2018-07-10T14:11:03+00:00","breadcrumb":{"@id":"https:\/\/www.mundoagropecuario.cl\/new\/proyecto-que-fortalece-al-sag-fue-aprobado-en-general-en-la-comision-de-agricultura\/#breadcrumb"},"inLanguage":"es","potentialAction":[{"@type":"ReadAction","target":["https:\/\/www.mundoagropecuario.cl\/new\/proyecto-que-fortalece-al-sag-fue-aprobado-en-general-en-la-comision-de-agricultura\/"]}]},{"@type":"ImageObject","inLanguage":"es","@id":"https:\/\/www.mundoagropecuario.cl\/new\/proyecto-que-fortalece-al-sag-fue-aprobado-en-general-en-la-comision-de-agricultura\/#primaryimage","url":"https:\/\/www.mundoagropecuario.cl\/new\/wp-content\/uploads\/2018\/07\/sag-uno.jpg","contentUrl":"https:\/\/www.mundoagropecuario.cl\/new\/wp-content\/uploads\/2018\/07\/sag-uno.jpg","width":713,"height":400,"caption":"Santiago 31 de agosto de 2015. El ministro de Agricultura, Carlos Furche, junto al director nacional del Servicio Agr\u00edcola y Ganadero (SAG), \u00c1ngel Sartori, realizan un operativo de fiscalizaci\u00f3n a la Ley de Carnes en el mercado Franklin. El procedimiento busca velar que se cumpla lo establecido en la normativa vigente, poniendo especial \u00e9nfasis en el origen de la carne y la forma en que \u00e9sta se expone a los consumidores para la venta. Javier Torres\/Aton Chile."},{"@type":"BreadcrumbList","@id":"https:\/\/www.mundoagropecuario.cl\/new\/proyecto-que-fortalece-al-sag-fue-aprobado-en-general-en-la-comision-de-agricultura\/#breadcrumb","itemListElement":[{"@type":"ListItem","position":1,"name":"Portada","item":"https:\/\/www.mundoagropecuario.cl\/new\/"},{"@type":"ListItem","position":2,"name":"Proyecto que fortalece al SAG fue aprobado en general en la comisi\u00f3n de agricultura"}]},{"@type":"WebSite","@id":"https:\/\/www.mundoagropecuario.cl\/new\/#website","url":"https:\/\/www.mundoagropecuario.cl\/new\/","name":"Mundoagropecuario","description":"Mundo Agropecuario","publisher":{"@id":"https:\/\/www.mundoagropecuario.cl\/new\/#organization"},"potentialAction":[{"@type":"SearchAction","target":{"@type":"EntryPoint","urlTemplate":"https:\/\/www.mundoagropecuario.cl\/new\/?s={search_term_string}"},"query-input":{"@type":"PropertyValueSpecification","valueRequired":true,"valueName":"search_term_string"}}],"inLanguage":"es"},{"@type":"Organization","@id":"https:\/\/www.mundoagropecuario.cl\/new\/#organization","name":"Revista de Agricultura","url":"https:\/\/www.mundoagropecuario.cl\/new\/","logo":{"@type":"ImageObject","inLanguage":"es","@id":"https:\/\/www.mundoagropecuario.cl\/new\/#\/schema\/logo\/image\/","url":"https:\/\/www.mundoagropecuario.cl\/new\/wp-content\/uploads\/2020\/11\/PORTAL-1-1.png","contentUrl":"https:\/\/www.mundoagropecuario.cl\/new\/wp-content\/uploads\/2020\/11\/PORTAL-1-1.png","width":1026,"height":100,"caption":"Revista de Agricultura"},"image":{"@id":"https:\/\/www.mundoagropecuario.cl\/new\/#\/schema\/logo\/image\/"},"sameAs":["https:\/\/www.facebook.com\/mundo.agropecuario.3","https:\/\/x.com\/MundoAgropecuar","https:\/\/www.linkedin.com\/in\/mundo-agropecuario-934009201\/"]},{"@type":"Person","@id":"https:\/\/www.mundoagropecuario.cl\/new\/#\/schema\/person\/0c221050801c74e45256a7a9a1ff0803","name":"periodista","url":"https:\/\/www.mundoagropecuario.cl\/new\/author\/periodista\/"}]}},"_links":{"self":[{"href":"https:\/\/www.mundoagropecuario.cl\/new\/wp-json\/wp\/v2\/posts\/7493","targetHints":{"allow":["GET"]}}],"collection":[{"href":"https:\/\/www.mundoagropecuario.cl\/new\/wp-json\/wp\/v2\/posts"}],"about":[{"href":"https:\/\/www.mundoagropecuario.cl\/new\/wp-json\/wp\/v2\/types\/post"}],"author":[{"embeddable":true,"href":"https:\/\/www.mundoagropecuario.cl\/new\/wp-json\/wp\/v2\/users\/3"}],"replies":[{"embeddable":true,"href":"https:\/\/www.mundoagropecuario.cl\/new\/wp-json\/wp\/v2\/comments?post=7493"}],"version-history":[{"count":2,"href":"https:\/\/www.mundoagropecuario.cl\/new\/wp-json\/wp\/v2\/posts\/7493\/revisions"}],"predecessor-version":[{"id":7511,"href":"https:\/\/www.mundoagropecuario.cl\/new\/wp-json\/wp\/v2\/posts\/7493\/revisions\/7511"}],"wp:featuredmedia":[{"embeddable":true,"href":"https:\/\/www.mundoagropecuario.cl\/new\/wp-json\/wp\/v2\/media\/7494"}],"wp:attachment":[{"href":"https:\/\/www.mundoagropecuario.cl\/new\/wp-json\/wp\/v2\/media?parent=7493"}],"wp:term":[{"taxonomy":"category","embeddable":true,"href":"https:\/\/www.mundoagropecuario.cl\/new\/wp-json\/wp\/v2\/categories?post=7493"},{"taxonomy":"post_tag","embeddable":true,"href":"https:\/\/www.mundoagropecuario.cl\/new\/wp-json\/wp\/v2\/tags?post=7493"}],"curies":[{"name":"wp","href":"https:\/\/api.w.org\/{rel}","templated":true}]}}