{"id":7442,"date":"2018-07-04T10:23:40","date_gmt":"2018-07-04T13:23:40","guid":{"rendered":"http:\/\/www.mundoagropecuario.cl\/new\/?p=7442"},"modified":"2018-07-04T10:24:00","modified_gmt":"2018-07-04T13:24:00","slug":"comision-de-agricultura-aprueba-en-general-proyecto-que-fortalecer-al-servicio-agricola-y-ganadero","status":"publish","type":"post","link":"https:\/\/www.mundoagropecuario.cl\/new\/comision-de-agricultura-aprueba-en-general-proyecto-que-fortalecer-al-servicio-agricola-y-ganadero\/","title":{"rendered":"Comisi\u00f3n de Agricultura aprueba en general proyecto que fortalecer al Servicio Agr\u00edcola y Ganadero"},"content":{"rendered":"<blockquote><p><em>Un importante acuerdo entre el Ministerio de Agricultura y la Asociaci\u00f3n de Funcionarios del Servicio Agr\u00edcola y Ganadero (AFSAG) dio pie para que la Comisi\u00f3n de Agricultura de la C\u00e1mara de Diputados aprobara por 10 votos a favor y ninguno en contra el proyecto de ley que fortalece la estructura funcionaria del servicio. (Mundo Agropecuario).<\/em><\/p><\/blockquote>\n<p>As\u00ed lo manifestaron los parlamentarios presentes, quienes destacaron que gracias al respaldo entregado por el Ministro Antonio Walker el proyecto, que actualmente se discute en el Congreso y que tras varios meses de tramitaci\u00f3n, finalmente hoy fue despachado para su discusi\u00f3n en particular.<\/p>\n<p>Tal como lo manifest\u00f3 en la oportunidad del Secretario de Estado, el esp\u00edritu del Ministerio de Agricultura es poder dialogar con los funcionarios y as\u00ed poder alcanzar acuerdos que destaquen la importancia que tiene el SAG para el pa\u00eds en general y para el sector agroexportador en particular.<\/p>\n<p>\u201cEstamos ac\u00e1 para ponerle el pecho a las balas y para hacernos cargo de los servicios del Minagri, nosotros como ministerio estamos enfocados en poder generar lazos que permitan fortalecer al sector por eso decimos que primero di\u00e1logo, segundo di\u00e1logo y tercero di\u00e1logo (&#8230;) venimos a respaldar este proyecto de ley pero no podemos hacernos cargo de las nuevas demandas que se han planteado, leeremos con atenci\u00f3n los planteamientos para poder dar una correcta respuesta\u201d, afirm\u00f3 Walker durante su intervenci\u00f3n.<\/p>\n<p>En la sesi\u00f3n tambi\u00e9n intervino el presidente de AFSAG, Claudio Banda, quien expuso la actual situaci\u00f3n que deben enfrentar los funcionarios y cuales son las aspiraciones que se buscan con este proyecto de ley.<\/p>\n<p>La discusi\u00f3n en particular de esta iniciativa qued\u00f3 agendada para las pr\u00f3ximas semanas en la comisi\u00f3n de Agricultura de la C\u00e1mara.<\/p>\n","protected":false},"excerpt":{"rendered":"<p>Un importante acuerdo entre el Ministerio de Agricultura y la Asociaci\u00f3n de Funcionarios del Servicio Agr\u00edcola y Ganadero (AFSAG) dio pie para que la Comisi\u00f3n de Agricultura de la C\u00e1mara&#8230;<\/p>\n","protected":false},"author":3,"featured_media":7443,"comment_status":"closed","ping_status":"closed","sticky":false,"template":"","format":"standard","meta":{"footnotes":""},"categories":[404],"tags":[2035,2036],"class_list":["post-7442","post","type-post","status-publish","format-standard","has-post-thumbnail","hentry","category-titular-2","tag-minagri","tag-sag"],"yoast_head":"<!-- This site is optimized with the Yoast SEO plugin v26.6 - https:\/\/yoast.com\/wordpress\/plugins\/seo\/ -->\n<title>Comisi\u00f3n de Agricultura aprueba en general proyecto que fortalecer al Servicio Agr\u00edcola y Ganadero - Mundoagropecuario<\/title>\n<meta name=\"robots\" content=\"index, follow, max-snippet:-1, max-image-preview:large, max-video-preview:-1\" \/>\n<link rel=\"canonical\" href=\"https:\/\/www.mundoagropecuario.cl\/new\/comision-de-agricultura-aprueba-en-general-proyecto-que-fortalecer-al-servicio-agricola-y-ganadero\/\" \/>\n<meta property=\"og:locale\" content=\"es_ES\" \/>\n<meta property=\"og:type\" content=\"article\" \/>\n<meta property=\"og:title\" content=\"Comisi\u00f3n de Agricultura aprueba en general proyecto que fortalecer al Servicio Agr\u00edcola y Ganadero - Mundoagropecuario\" \/>\n<meta property=\"og:description\" content=\"Un importante acuerdo entre el Ministerio de Agricultura y la Asociaci\u00f3n de Funcionarios del Servicio Agr\u00edcola y Ganadero (AFSAG) dio pie para que la Comisi\u00f3n de Agricultura de la C\u00e1mara...\" \/>\n<meta property=\"og:url\" content=\"https:\/\/www.mundoagropecuario.cl\/new\/comision-de-agricultura-aprueba-en-general-proyecto-que-fortalecer-al-servicio-agricola-y-ganadero\/\" \/>\n<meta property=\"og:site_name\" content=\"Mundoagropecuario\" \/>\n<meta property=\"article:publisher\" content=\"https:\/\/www.facebook.com\/mundo.agropecuario.3\" \/>\n<meta property=\"article:published_time\" content=\"2018-07-04T13:23:40+00:00\" \/>\n<meta property=\"article:modified_time\" content=\"2018-07-04T13:24:00+00:00\" \/>\n<meta property=\"og:image\" content=\"https:\/\/www.mundoagropecuario.cl\/new\/wp-content\/uploads\/2018\/07\/Ministro-walker-y-sag-2.jpg\" \/>\n\t<meta property=\"og:image:width\" content=\"1000\" \/>\n\t<meta property=\"og:image:height\" content=\"666\" \/>\n\t<meta property=\"og:image:type\" content=\"image\/jpeg\" \/>\n<meta name=\"author\" content=\"periodista\" \/>\n<meta name=\"twitter:card\" content=\"summary_large_image\" \/>\n<meta name=\"twitter:creator\" content=\"@MundoAgropecuar\" \/>\n<meta name=\"twitter:site\" content=\"@MundoAgropecuar\" \/>\n<meta name=\"twitter:label1\" content=\"Escrito por\" \/>\n\t<meta name=\"twitter:data1\" content=\"periodista\" \/>\n\t<meta name=\"twitter:label2\" content=\"Tiempo de lectura\" \/>\n\t<meta name=\"twitter:data2\" content=\"1 minuto\" \/>\n<script type=\"application\/ld+json\" class=\"yoast-schema-graph\">{\"@context\":\"https:\/\/schema.org\",\"@graph\":[{\"@type\":\"Article\",\"@id\":\"https:\/\/www.mundoagropecuario.cl\/new\/comision-de-agricultura-aprueba-en-general-proyecto-que-fortalecer-al-servicio-agricola-y-ganadero\/#article\",\"isPartOf\":{\"@id\":\"https:\/\/www.mundoagropecuario.cl\/new\/comision-de-agricultura-aprueba-en-general-proyecto-que-fortalecer-al-servicio-agricola-y-ganadero\/\"},\"author\":{\"name\":\"periodista\",\"@id\":\"https:\/\/www.mundoagropecuario.cl\/new\/#\/schema\/person\/0c221050801c74e45256a7a9a1ff0803\"},\"headline\":\"Comisi\u00f3n de Agricultura aprueba en general proyecto que fortalecer al Servicio Agr\u00edcola y Ganadero\",\"datePublished\":\"2018-07-04T13:23:40+00:00\",\"dateModified\":\"2018-07-04T13:24:00+00:00\",\"mainEntityOfPage\":{\"@id\":\"https:\/\/www.mundoagropecuario.cl\/new\/comision-de-agricultura-aprueba-en-general-proyecto-que-fortalecer-al-servicio-agricola-y-ganadero\/\"},\"wordCount\":315,\"publisher\":{\"@id\":\"https:\/\/www.mundoagropecuario.cl\/new\/#organization\"},\"image\":{\"@id\":\"https:\/\/www.mundoagropecuario.cl\/new\/comision-de-agricultura-aprueba-en-general-proyecto-que-fortalecer-al-servicio-agricola-y-ganadero\/#primaryimage\"},\"thumbnailUrl\":\"https:\/\/www.mundoagropecuario.cl\/new\/wp-content\/uploads\/2018\/07\/Ministro-walker-y-sag-2.jpg\",\"keywords\":[\"Minagri\",\"SAG\"],\"articleSection\":[\"Titular 2\"],\"inLanguage\":\"es\"},{\"@type\":\"WebPage\",\"@id\":\"https:\/\/www.mundoagropecuario.cl\/new\/comision-de-agricultura-aprueba-en-general-proyecto-que-fortalecer-al-servicio-agricola-y-ganadero\/\",\"url\":\"https:\/\/www.mundoagropecuario.cl\/new\/comision-de-agricultura-aprueba-en-general-proyecto-que-fortalecer-al-servicio-agricola-y-ganadero\/\",\"name\":\"Comisi\u00f3n de Agricultura aprueba en general proyecto que fortalecer al Servicio Agr\u00edcola y Ganadero - Mundoagropecuario\",\"isPartOf\":{\"@id\":\"https:\/\/www.mundoagropecuario.cl\/new\/#website\"},\"primaryImageOfPage\":{\"@id\":\"https:\/\/www.mundoagropecuario.cl\/new\/comision-de-agricultura-aprueba-en-general-proyecto-que-fortalecer-al-servicio-agricola-y-ganadero\/#primaryimage\"},\"image\":{\"@id\":\"https:\/\/www.mundoagropecuario.cl\/new\/comision-de-agricultura-aprueba-en-general-proyecto-que-fortalecer-al-servicio-agricola-y-ganadero\/#primaryimage\"},\"thumbnailUrl\":\"https:\/\/www.mundoagropecuario.cl\/new\/wp-content\/uploads\/2018\/07\/Ministro-walker-y-sag-2.jpg\",\"datePublished\":\"2018-07-04T13:23:40+00:00\",\"dateModified\":\"2018-07-04T13:24:00+00:00\",\"breadcrumb\":{\"@id\":\"https:\/\/www.mundoagropecuario.cl\/new\/comision-de-agricultura-aprueba-en-general-proyecto-que-fortalecer-al-servicio-agricola-y-ganadero\/#breadcrumb\"},\"inLanguage\":\"es\",\"potentialAction\":[{\"@type\":\"ReadAction\",\"target\":[\"https:\/\/www.mundoagropecuario.cl\/new\/comision-de-agricultura-aprueba-en-general-proyecto-que-fortalecer-al-servicio-agricola-y-ganadero\/\"]}]},{\"@type\":\"ImageObject\",\"inLanguage\":\"es\",\"@id\":\"https:\/\/www.mundoagropecuario.cl\/new\/comision-de-agricultura-aprueba-en-general-proyecto-que-fortalecer-al-servicio-agricola-y-ganadero\/#primaryimage\",\"url\":\"https:\/\/www.mundoagropecuario.cl\/new\/wp-content\/uploads\/2018\/07\/Ministro-walker-y-sag-2.jpg\",\"contentUrl\":\"https:\/\/www.mundoagropecuario.cl\/new\/wp-content\/uploads\/2018\/07\/Ministro-walker-y-sag-2.jpg\",\"width\":601,\"height\":400},{\"@type\":\"BreadcrumbList\",\"@id\":\"https:\/\/www.mundoagropecuario.cl\/new\/comision-de-agricultura-aprueba-en-general-proyecto-que-fortalecer-al-servicio-agricola-y-ganadero\/#breadcrumb\",\"itemListElement\":[{\"@type\":\"ListItem\",\"position\":1,\"name\":\"Portada\",\"item\":\"https:\/\/www.mundoagropecuario.cl\/new\/\"},{\"@type\":\"ListItem\",\"position\":2,\"name\":\"Comisi\u00f3n de Agricultura aprueba en general proyecto que fortalecer al Servicio Agr\u00edcola y Ganadero\"}]},{\"@type\":\"WebSite\",\"@id\":\"https:\/\/www.mundoagropecuario.cl\/new\/#website\",\"url\":\"https:\/\/www.mundoagropecuario.cl\/new\/\",\"name\":\"Mundoagropecuario\",\"description\":\"Mundo Agropecuario\",\"publisher\":{\"@id\":\"https:\/\/www.mundoagropecuario.cl\/new\/#organization\"},\"potentialAction\":[{\"@type\":\"SearchAction\",\"target\":{\"@type\":\"EntryPoint\",\"urlTemplate\":\"https:\/\/www.mundoagropecuario.cl\/new\/?s={search_term_string}\"},\"query-input\":{\"@type\":\"PropertyValueSpecification\",\"valueRequired\":true,\"valueName\":\"search_term_string\"}}],\"inLanguage\":\"es\"},{\"@type\":\"Organization\",\"@id\":\"https:\/\/www.mundoagropecuario.cl\/new\/#organization\",\"name\":\"Revista de Agricultura\",\"url\":\"https:\/\/www.mundoagropecuario.cl\/new\/\",\"logo\":{\"@type\":\"ImageObject\",\"inLanguage\":\"es\",\"@id\":\"https:\/\/www.mundoagropecuario.cl\/new\/#\/schema\/logo\/image\/\",\"url\":\"https:\/\/www.mundoagropecuario.cl\/new\/wp-content\/uploads\/2020\/11\/PORTAL-1-1.png\",\"contentUrl\":\"https:\/\/www.mundoagropecuario.cl\/new\/wp-content\/uploads\/2020\/11\/PORTAL-1-1.png\",\"width\":1026,\"height\":100,\"caption\":\"Revista de Agricultura\"},\"image\":{\"@id\":\"https:\/\/www.mundoagropecuario.cl\/new\/#\/schema\/logo\/image\/\"},\"sameAs\":[\"https:\/\/www.facebook.com\/mundo.agropecuario.3\",\"https:\/\/x.com\/MundoAgropecuar\",\"https:\/\/www.linkedin.com\/in\/mundo-agropecuario-934009201\/\"]},{\"@type\":\"Person\",\"@id\":\"https:\/\/www.mundoagropecuario.cl\/new\/#\/schema\/person\/0c221050801c74e45256a7a9a1ff0803\",\"name\":\"periodista\",\"url\":\"https:\/\/www.mundoagropecuario.cl\/new\/author\/periodista\/\"}]}<\/script>\n<!-- \/ Yoast SEO plugin. -->","yoast_head_json":{"title":"Comisi\u00f3n de Agricultura aprueba en general proyecto que fortalecer al Servicio Agr\u00edcola y Ganadero - Mundoagropecuario","robots":{"index":"index","follow":"follow","max-snippet":"max-snippet:-1","max-image-preview":"max-image-preview:large","max-video-preview":"max-video-preview:-1"},"canonical":"https:\/\/www.mundoagropecuario.cl\/new\/comision-de-agricultura-aprueba-en-general-proyecto-que-fortalecer-al-servicio-agricola-y-ganadero\/","og_locale":"es_ES","og_type":"article","og_title":"Comisi\u00f3n de Agricultura aprueba en general proyecto que fortalecer al Servicio Agr\u00edcola y Ganadero - Mundoagropecuario","og_description":"Un importante acuerdo entre el Ministerio de Agricultura y la Asociaci\u00f3n de Funcionarios del Servicio Agr\u00edcola y Ganadero (AFSAG) dio pie para que la Comisi\u00f3n de Agricultura de la C\u00e1mara...","og_url":"https:\/\/www.mundoagropecuario.cl\/new\/comision-de-agricultura-aprueba-en-general-proyecto-que-fortalecer-al-servicio-agricola-y-ganadero\/","og_site_name":"Mundoagropecuario","article_publisher":"https:\/\/www.facebook.com\/mundo.agropecuario.3","article_published_time":"2018-07-04T13:23:40+00:00","article_modified_time":"2018-07-04T13:24:00+00:00","og_image":[{"width":1000,"height":666,"url":"https:\/\/www.mundoagropecuario.cl\/new\/wp-content\/uploads\/2018\/07\/Ministro-walker-y-sag-2.jpg","type":"image\/jpeg"}],"author":"periodista","twitter_card":"summary_large_image","twitter_creator":"@MundoAgropecuar","twitter_site":"@MundoAgropecuar","twitter_misc":{"Escrito por":"periodista","Tiempo de lectura":"1 minuto"},"schema":{"@context":"https:\/\/schema.org","@graph":[{"@type":"Article","@id":"https:\/\/www.mundoagropecuario.cl\/new\/comision-de-agricultura-aprueba-en-general-proyecto-que-fortalecer-al-servicio-agricola-y-ganadero\/#article","isPartOf":{"@id":"https:\/\/www.mundoagropecuario.cl\/new\/comision-de-agricultura-aprueba-en-general-proyecto-que-fortalecer-al-servicio-agricola-y-ganadero\/"},"author":{"name":"periodista","@id":"https:\/\/www.mundoagropecuario.cl\/new\/#\/schema\/person\/0c221050801c74e45256a7a9a1ff0803"},"headline":"Comisi\u00f3n de Agricultura aprueba en general proyecto que fortalecer al Servicio Agr\u00edcola y Ganadero","datePublished":"2018-07-04T13:23:40+00:00","dateModified":"2018-07-04T13:24:00+00:00","mainEntityOfPage":{"@id":"https:\/\/www.mundoagropecuario.cl\/new\/comision-de-agricultura-aprueba-en-general-proyecto-que-fortalecer-al-servicio-agricola-y-ganadero\/"},"wordCount":315,"publisher":{"@id":"https:\/\/www.mundoagropecuario.cl\/new\/#organization"},"image":{"@id":"https:\/\/www.mundoagropecuario.cl\/new\/comision-de-agricultura-aprueba-en-general-proyecto-que-fortalecer-al-servicio-agricola-y-ganadero\/#primaryimage"},"thumbnailUrl":"https:\/\/www.mundoagropecuario.cl\/new\/wp-content\/uploads\/2018\/07\/Ministro-walker-y-sag-2.jpg","keywords":["Minagri","SAG"],"articleSection":["Titular 2"],"inLanguage":"es"},{"@type":"WebPage","@id":"https:\/\/www.mundoagropecuario.cl\/new\/comision-de-agricultura-aprueba-en-general-proyecto-que-fortalecer-al-servicio-agricola-y-ganadero\/","url":"https:\/\/www.mundoagropecuario.cl\/new\/comision-de-agricultura-aprueba-en-general-proyecto-que-fortalecer-al-servicio-agricola-y-ganadero\/","name":"Comisi\u00f3n de Agricultura aprueba en general proyecto que fortalecer al Servicio Agr\u00edcola y Ganadero - Mundoagropecuario","isPartOf":{"@id":"https:\/\/www.mundoagropecuario.cl\/new\/#website"},"primaryImageOfPage":{"@id":"https:\/\/www.mundoagropecuario.cl\/new\/comision-de-agricultura-aprueba-en-general-proyecto-que-fortalecer-al-servicio-agricola-y-ganadero\/#primaryimage"},"image":{"@id":"https:\/\/www.mundoagropecuario.cl\/new\/comision-de-agricultura-aprueba-en-general-proyecto-que-fortalecer-al-servicio-agricola-y-ganadero\/#primaryimage"},"thumbnailUrl":"https:\/\/www.mundoagropecuario.cl\/new\/wp-content\/uploads\/2018\/07\/Ministro-walker-y-sag-2.jpg","datePublished":"2018-07-04T13:23:40+00:00","dateModified":"2018-07-04T13:24:00+00:00","breadcrumb":{"@id":"https:\/\/www.mundoagropecuario.cl\/new\/comision-de-agricultura-aprueba-en-general-proyecto-que-fortalecer-al-servicio-agricola-y-ganadero\/#breadcrumb"},"inLanguage":"es","potentialAction":[{"@type":"ReadAction","target":["https:\/\/www.mundoagropecuario.cl\/new\/comision-de-agricultura-aprueba-en-general-proyecto-que-fortalecer-al-servicio-agricola-y-ganadero\/"]}]},{"@type":"ImageObject","inLanguage":"es","@id":"https:\/\/www.mundoagropecuario.cl\/new\/comision-de-agricultura-aprueba-en-general-proyecto-que-fortalecer-al-servicio-agricola-y-ganadero\/#primaryimage","url":"https:\/\/www.mundoagropecuario.cl\/new\/wp-content\/uploads\/2018\/07\/Ministro-walker-y-sag-2.jpg","contentUrl":"https:\/\/www.mundoagropecuario.cl\/new\/wp-content\/uploads\/2018\/07\/Ministro-walker-y-sag-2.jpg","width":601,"height":400},{"@type":"BreadcrumbList","@id":"https:\/\/www.mundoagropecuario.cl\/new\/comision-de-agricultura-aprueba-en-general-proyecto-que-fortalecer-al-servicio-agricola-y-ganadero\/#breadcrumb","itemListElement":[{"@type":"ListItem","position":1,"name":"Portada","item":"https:\/\/www.mundoagropecuario.cl\/new\/"},{"@type":"ListItem","position":2,"name":"Comisi\u00f3n de Agricultura aprueba en general proyecto que fortalecer al Servicio Agr\u00edcola y Ganadero"}]},{"@type":"WebSite","@id":"https:\/\/www.mundoagropecuario.cl\/new\/#website","url":"https:\/\/www.mundoagropecuario.cl\/new\/","name":"Mundoagropecuario","description":"Mundo Agropecuario","publisher":{"@id":"https:\/\/www.mundoagropecuario.cl\/new\/#organization"},"potentialAction":[{"@type":"SearchAction","target":{"@type":"EntryPoint","urlTemplate":"https:\/\/www.mundoagropecuario.cl\/new\/?s={search_term_string}"},"query-input":{"@type":"PropertyValueSpecification","valueRequired":true,"valueName":"search_term_string"}}],"inLanguage":"es"},{"@type":"Organization","@id":"https:\/\/www.mundoagropecuario.cl\/new\/#organization","name":"Revista de Agricultura","url":"https:\/\/www.mundoagropecuario.cl\/new\/","logo":{"@type":"ImageObject","inLanguage":"es","@id":"https:\/\/www.mundoagropecuario.cl\/new\/#\/schema\/logo\/image\/","url":"https:\/\/www.mundoagropecuario.cl\/new\/wp-content\/uploads\/2020\/11\/PORTAL-1-1.png","contentUrl":"https:\/\/www.mundoagropecuario.cl\/new\/wp-content\/uploads\/2020\/11\/PORTAL-1-1.png","width":1026,"height":100,"caption":"Revista de Agricultura"},"image":{"@id":"https:\/\/www.mundoagropecuario.cl\/new\/#\/schema\/logo\/image\/"},"sameAs":["https:\/\/www.facebook.com\/mundo.agropecuario.3","https:\/\/x.com\/MundoAgropecuar","https:\/\/www.linkedin.com\/in\/mundo-agropecuario-934009201\/"]},{"@type":"Person","@id":"https:\/\/www.mundoagropecuario.cl\/new\/#\/schema\/person\/0c221050801c74e45256a7a9a1ff0803","name":"periodista","url":"https:\/\/www.mundoagropecuario.cl\/new\/author\/periodista\/"}]}},"_links":{"self":[{"href":"https:\/\/www.mundoagropecuario.cl\/new\/wp-json\/wp\/v2\/posts\/7442","targetHints":{"allow":["GET"]}}],"collection":[{"href":"https:\/\/www.mundoagropecuario.cl\/new\/wp-json\/wp\/v2\/posts"}],"about":[{"href":"https:\/\/www.mundoagropecuario.cl\/new\/wp-json\/wp\/v2\/types\/post"}],"author":[{"embeddable":true,"href":"https:\/\/www.mundoagropecuario.cl\/new\/wp-json\/wp\/v2\/users\/3"}],"replies":[{"embeddable":true,"href":"https:\/\/www.mundoagropecuario.cl\/new\/wp-json\/wp\/v2\/comments?post=7442"}],"version-history":[{"count":1,"href":"https:\/\/www.mundoagropecuario.cl\/new\/wp-json\/wp\/v2\/posts\/7442\/revisions"}],"predecessor-version":[{"id":7444,"href":"https:\/\/www.mundoagropecuario.cl\/new\/wp-json\/wp\/v2\/posts\/7442\/revisions\/7444"}],"wp:featuredmedia":[{"embeddable":true,"href":"https:\/\/www.mundoagropecuario.cl\/new\/wp-json\/wp\/v2\/media\/7443"}],"wp:attachment":[{"href":"https:\/\/www.mundoagropecuario.cl\/new\/wp-json\/wp\/v2\/media?parent=7442"}],"wp:term":[{"taxonomy":"category","embeddable":true,"href":"https:\/\/www.mundoagropecuario.cl\/new\/wp-json\/wp\/v2\/categories?post=7442"},{"taxonomy":"post_tag","embeddable":true,"href":"https:\/\/www.mundoagropecuario.cl\/new\/wp-json\/wp\/v2\/tags?post=7442"}],"curies":[{"name":"wp","href":"https:\/\/api.w.org\/{rel}","templated":true}]}}