{"id":7337,"date":"2018-06-27T10:09:03","date_gmt":"2018-06-27T13:09:03","guid":{"rendered":"http:\/\/www.mundoagropecuario.cl\/new\/?p=7337"},"modified":"2018-06-27T10:09:03","modified_gmt":"2018-06-27T13:09:03","slug":"ministro-walker-en-la-araucania-tiene-un-tremendo-potencial-para-transformarse-en-una-region-exportadora","status":"publish","type":"post","link":"https:\/\/www.mundoagropecuario.cl\/new\/ministro-walker-en-la-araucania-tiene-un-tremendo-potencial-para-transformarse-en-una-region-exportadora\/","title":{"rendered":"Ministro Walker en La Araucan\u00eda: \u201cTiene un tremendo potencial para transformarse en una regi\u00f3n exportadora\u201d"},"content":{"rendered":"<blockquote><p><em>El secretario de Estado particip\u00f3 de una nueva sesi\u00f3n del consejo interministerial que analiz\u00f3 los avances del trabajo del Plan Impulso Araucan\u00eda 2018 \u2013 2026 junto a las autoridades regionales encabezadas por el Intendente Luis Mayol. (Mundo Agropecuario).<\/em><\/p><\/blockquote>\n<p>\u201cQueremos terminar con este rezago que tiene la regi\u00f3n\u201d, de esta forma el ministro de Agricultura, Antonio Walker, reafirm\u00f3 el compromiso adquirido por el Ministerio de Agricultura con La Araucan\u00eda tras una nueva sesi\u00f3n del Consejo Interministerial que monitorea los avances en la implementaci\u00f3n del Plan Impulso Araucan\u00eda 2018-2026.<\/p>\n<p>\u201cEstamos muy entusiasmados porque esta regi\u00f3n tiene un tremendo potencial para transformarse en una regi\u00f3n exportadora como lo hace hoy d\u00eda la s\u00e9ptima, la octava regi\u00f3n e incluso la d\u00e9cima\u201d, afirm\u00f3 el ministro Walker quien junto al intendente Luis Mayol y el ministro de Desarrollo Social, Alfredo Moreno, entregaron detalles respecto de la implementaci\u00f3n los compromisos alcanzados en la mesa de trabajo.<\/p>\n<p>En el caso de la agricultura, Walker explic\u00f3 que se han definido zonas que cuentan con particularidades que permitir\u00edan desarrollar la actividad agr\u00edcola de forma m\u00e1s intensiva. \u201cQueremos terminar con el rezago que tiene la regi\u00f3n. Hemos definido zonas que tienen una aptitud \u00fanica en el pa\u00eds para desarrollar nuevas variedades de manzanas, avellanos europeos, nogales, frutales menores, frutales mayores (\u2026) creemos que la pobreza rural la vamos a terminar con una gran agricultura y por eso estamos aqu\u00ed discutiendo cu\u00e1l es esa agricultura que tiene que llegar a la regi\u00f3n\u201d, afirm\u00f3 el secretario de Estado.<\/p>\n<p>Cabe destacar que los Servicios del Ministerio de Agricultura se han desplegado en terreno para analizar como contribuir a la transformaci\u00f3n productiva del sector. Ac\u00e1 destaca el rol desempe\u00f1ado por el Instituto de Desarrollo Agropecuario (Indap, la Comisi\u00f3n Nacional de Riego (CNR), la Corporaci\u00f3n Nacional Forestal (Conaf), el Servicio Agr\u00edcola y Ganadero (SAG) y el Instituto de Investigaciones Agropecuarias (INIA), que han atendido las necesidades particulares de los agricultores de las zonas m\u00e1s rezagadas y lo que se traduce en informaci\u00f3n relevante para la construcci\u00f3n de este plan y para la elaboraci\u00f3n de propuestas concretas.<\/p>\n","protected":false},"excerpt":{"rendered":"<p>El secretario de Estado particip\u00f3 de una nueva sesi\u00f3n del consejo interministerial que analiz\u00f3 los avances del trabajo del Plan Impulso Araucan\u00eda 2018 \u2013 2026 junto a las autoridades regionales&#8230;<\/p>\n","protected":false},"author":3,"featured_media":7338,"comment_status":"closed","ping_status":"closed","sticky":false,"template":"","format":"standard","meta":{"footnotes":""},"categories":[1987],"tags":[2035,1186],"class_list":["post-7337","post","type-post","status-publish","format-standard","has-post-thumbnail","hentry","category-instituciones","tag-minagri","tag-region-de-la-araucania"],"yoast_head":"<!-- This site is optimized with the Yoast SEO plugin v26.6 - https:\/\/yoast.com\/wordpress\/plugins\/seo\/ -->\n<title>Ministro Walker en La Araucan\u00eda: \u201cTiene un tremendo potencial para transformarse en una regi\u00f3n exportadora\u201d - Mundoagropecuario<\/title>\n<meta name=\"robots\" content=\"index, follow, max-snippet:-1, max-image-preview:large, max-video-preview:-1\" \/>\n<link rel=\"canonical\" href=\"https:\/\/www.mundoagropecuario.cl\/new\/ministro-walker-en-la-araucania-tiene-un-tremendo-potencial-para-transformarse-en-una-region-exportadora\/\" \/>\n<meta property=\"og:locale\" content=\"es_ES\" \/>\n<meta property=\"og:type\" content=\"article\" \/>\n<meta property=\"og:title\" content=\"Ministro Walker en La Araucan\u00eda: \u201cTiene un tremendo potencial para transformarse en una regi\u00f3n exportadora\u201d - Mundoagropecuario\" \/>\n<meta property=\"og:description\" content=\"El secretario de Estado particip\u00f3 de una nueva sesi\u00f3n del consejo interministerial que analiz\u00f3 los avances del trabajo del Plan Impulso Araucan\u00eda 2018 \u2013 2026 junto a las autoridades regionales...\" \/>\n<meta property=\"og:url\" content=\"https:\/\/www.mundoagropecuario.cl\/new\/ministro-walker-en-la-araucania-tiene-un-tremendo-potencial-para-transformarse-en-una-region-exportadora\/\" \/>\n<meta property=\"og:site_name\" content=\"Mundoagropecuario\" \/>\n<meta property=\"article:publisher\" content=\"https:\/\/www.facebook.com\/mundo.agropecuario.3\" \/>\n<meta property=\"article:published_time\" content=\"2018-06-27T13:09:03+00:00\" \/>\n<meta property=\"og:image\" content=\"https:\/\/www.mundoagropecuario.cl\/new\/wp-content\/uploads\/2018\/06\/IMG-20180626-WA0004.jpg\" \/>\n\t<meta property=\"og:image:width\" content=\"1000\" \/>\n\t<meta property=\"og:image:height\" content=\"750\" \/>\n\t<meta property=\"og:image:type\" content=\"image\/jpeg\" \/>\n<meta name=\"author\" content=\"periodista\" \/>\n<meta name=\"twitter:card\" content=\"summary_large_image\" \/>\n<meta name=\"twitter:creator\" content=\"@MundoAgropecuar\" \/>\n<meta name=\"twitter:site\" content=\"@MundoAgropecuar\" \/>\n<meta name=\"twitter:label1\" content=\"Escrito por\" \/>\n\t<meta name=\"twitter:data1\" content=\"periodista\" \/>\n\t<meta name=\"twitter:label2\" content=\"Tiempo de lectura\" \/>\n\t<meta name=\"twitter:data2\" content=\"2 minutos\" \/>\n<script type=\"application\/ld+json\" class=\"yoast-schema-graph\">{\"@context\":\"https:\/\/schema.org\",\"@graph\":[{\"@type\":\"Article\",\"@id\":\"https:\/\/www.mundoagropecuario.cl\/new\/ministro-walker-en-la-araucania-tiene-un-tremendo-potencial-para-transformarse-en-una-region-exportadora\/#article\",\"isPartOf\":{\"@id\":\"https:\/\/www.mundoagropecuario.cl\/new\/ministro-walker-en-la-araucania-tiene-un-tremendo-potencial-para-transformarse-en-una-region-exportadora\/\"},\"author\":{\"name\":\"periodista\",\"@id\":\"https:\/\/www.mundoagropecuario.cl\/new\/#\/schema\/person\/0c221050801c74e45256a7a9a1ff0803\"},\"headline\":\"Ministro Walker en La Araucan\u00eda: \u201cTiene un tremendo potencial para transformarse en una regi\u00f3n exportadora\u201d\",\"datePublished\":\"2018-06-27T13:09:03+00:00\",\"mainEntityOfPage\":{\"@id\":\"https:\/\/www.mundoagropecuario.cl\/new\/ministro-walker-en-la-araucania-tiene-un-tremendo-potencial-para-transformarse-en-una-region-exportadora\/\"},\"wordCount\":383,\"publisher\":{\"@id\":\"https:\/\/www.mundoagropecuario.cl\/new\/#organization\"},\"image\":{\"@id\":\"https:\/\/www.mundoagropecuario.cl\/new\/ministro-walker-en-la-araucania-tiene-un-tremendo-potencial-para-transformarse-en-una-region-exportadora\/#primaryimage\"},\"thumbnailUrl\":\"https:\/\/www.mundoagropecuario.cl\/new\/wp-content\/uploads\/2018\/06\/IMG-20180626-WA0004.jpg\",\"keywords\":[\"Minagri\",\"Regi\u00f3n de la Araucan\u00eda\"],\"articleSection\":[\"Instituciones\"],\"inLanguage\":\"es\"},{\"@type\":\"WebPage\",\"@id\":\"https:\/\/www.mundoagropecuario.cl\/new\/ministro-walker-en-la-araucania-tiene-un-tremendo-potencial-para-transformarse-en-una-region-exportadora\/\",\"url\":\"https:\/\/www.mundoagropecuario.cl\/new\/ministro-walker-en-la-araucania-tiene-un-tremendo-potencial-para-transformarse-en-una-region-exportadora\/\",\"name\":\"Ministro Walker en La Araucan\u00eda: \u201cTiene un tremendo potencial para transformarse en una regi\u00f3n exportadora\u201d - Mundoagropecuario\",\"isPartOf\":{\"@id\":\"https:\/\/www.mundoagropecuario.cl\/new\/#website\"},\"primaryImageOfPage\":{\"@id\":\"https:\/\/www.mundoagropecuario.cl\/new\/ministro-walker-en-la-araucania-tiene-un-tremendo-potencial-para-transformarse-en-una-region-exportadora\/#primaryimage\"},\"image\":{\"@id\":\"https:\/\/www.mundoagropecuario.cl\/new\/ministro-walker-en-la-araucania-tiene-un-tremendo-potencial-para-transformarse-en-una-region-exportadora\/#primaryimage\"},\"thumbnailUrl\":\"https:\/\/www.mundoagropecuario.cl\/new\/wp-content\/uploads\/2018\/06\/IMG-20180626-WA0004.jpg\",\"datePublished\":\"2018-06-27T13:09:03+00:00\",\"breadcrumb\":{\"@id\":\"https:\/\/www.mundoagropecuario.cl\/new\/ministro-walker-en-la-araucania-tiene-un-tremendo-potencial-para-transformarse-en-una-region-exportadora\/#breadcrumb\"},\"inLanguage\":\"es\",\"potentialAction\":[{\"@type\":\"ReadAction\",\"target\":[\"https:\/\/www.mundoagropecuario.cl\/new\/ministro-walker-en-la-araucania-tiene-un-tremendo-potencial-para-transformarse-en-una-region-exportadora\/\"]}]},{\"@type\":\"ImageObject\",\"inLanguage\":\"es\",\"@id\":\"https:\/\/www.mundoagropecuario.cl\/new\/ministro-walker-en-la-araucania-tiene-un-tremendo-potencial-para-transformarse-en-una-region-exportadora\/#primaryimage\",\"url\":\"https:\/\/www.mundoagropecuario.cl\/new\/wp-content\/uploads\/2018\/06\/IMG-20180626-WA0004.jpg\",\"contentUrl\":\"https:\/\/www.mundoagropecuario.cl\/new\/wp-content\/uploads\/2018\/06\/IMG-20180626-WA0004.jpg\",\"width\":533,\"height\":400},{\"@type\":\"BreadcrumbList\",\"@id\":\"https:\/\/www.mundoagropecuario.cl\/new\/ministro-walker-en-la-araucania-tiene-un-tremendo-potencial-para-transformarse-en-una-region-exportadora\/#breadcrumb\",\"itemListElement\":[{\"@type\":\"ListItem\",\"position\":1,\"name\":\"Portada\",\"item\":\"https:\/\/www.mundoagropecuario.cl\/new\/\"},{\"@type\":\"ListItem\",\"position\":2,\"name\":\"Ministro Walker en La Araucan\u00eda: \u201cTiene un tremendo potencial para transformarse en una regi\u00f3n exportadora\u201d\"}]},{\"@type\":\"WebSite\",\"@id\":\"https:\/\/www.mundoagropecuario.cl\/new\/#website\",\"url\":\"https:\/\/www.mundoagropecuario.cl\/new\/\",\"name\":\"Mundoagropecuario\",\"description\":\"Mundo Agropecuario\",\"publisher\":{\"@id\":\"https:\/\/www.mundoagropecuario.cl\/new\/#organization\"},\"potentialAction\":[{\"@type\":\"SearchAction\",\"target\":{\"@type\":\"EntryPoint\",\"urlTemplate\":\"https:\/\/www.mundoagropecuario.cl\/new\/?s={search_term_string}\"},\"query-input\":{\"@type\":\"PropertyValueSpecification\",\"valueRequired\":true,\"valueName\":\"search_term_string\"}}],\"inLanguage\":\"es\"},{\"@type\":\"Organization\",\"@id\":\"https:\/\/www.mundoagropecuario.cl\/new\/#organization\",\"name\":\"Revista de Agricultura\",\"url\":\"https:\/\/www.mundoagropecuario.cl\/new\/\",\"logo\":{\"@type\":\"ImageObject\",\"inLanguage\":\"es\",\"@id\":\"https:\/\/www.mundoagropecuario.cl\/new\/#\/schema\/logo\/image\/\",\"url\":\"https:\/\/www.mundoagropecuario.cl\/new\/wp-content\/uploads\/2020\/11\/PORTAL-1-1.png\",\"contentUrl\":\"https:\/\/www.mundoagropecuario.cl\/new\/wp-content\/uploads\/2020\/11\/PORTAL-1-1.png\",\"width\":1026,\"height\":100,\"caption\":\"Revista de Agricultura\"},\"image\":{\"@id\":\"https:\/\/www.mundoagropecuario.cl\/new\/#\/schema\/logo\/image\/\"},\"sameAs\":[\"https:\/\/www.facebook.com\/mundo.agropecuario.3\",\"https:\/\/x.com\/MundoAgropecuar\",\"https:\/\/www.linkedin.com\/in\/mundo-agropecuario-934009201\/\"]},{\"@type\":\"Person\",\"@id\":\"https:\/\/www.mundoagropecuario.cl\/new\/#\/schema\/person\/0c221050801c74e45256a7a9a1ff0803\",\"name\":\"periodista\",\"url\":\"https:\/\/www.mundoagropecuario.cl\/new\/author\/periodista\/\"}]}<\/script>\n<!-- \/ Yoast SEO plugin. -->","yoast_head_json":{"title":"Ministro Walker en La Araucan\u00eda: \u201cTiene un tremendo potencial para transformarse en una regi\u00f3n exportadora\u201d - Mundoagropecuario","robots":{"index":"index","follow":"follow","max-snippet":"max-snippet:-1","max-image-preview":"max-image-preview:large","max-video-preview":"max-video-preview:-1"},"canonical":"https:\/\/www.mundoagropecuario.cl\/new\/ministro-walker-en-la-araucania-tiene-un-tremendo-potencial-para-transformarse-en-una-region-exportadora\/","og_locale":"es_ES","og_type":"article","og_title":"Ministro Walker en La Araucan\u00eda: \u201cTiene un tremendo potencial para transformarse en una regi\u00f3n exportadora\u201d - Mundoagropecuario","og_description":"El secretario de Estado particip\u00f3 de una nueva sesi\u00f3n del consejo interministerial que analiz\u00f3 los avances del trabajo del Plan Impulso Araucan\u00eda 2018 \u2013 2026 junto a las autoridades regionales...","og_url":"https:\/\/www.mundoagropecuario.cl\/new\/ministro-walker-en-la-araucania-tiene-un-tremendo-potencial-para-transformarse-en-una-region-exportadora\/","og_site_name":"Mundoagropecuario","article_publisher":"https:\/\/www.facebook.com\/mundo.agropecuario.3","article_published_time":"2018-06-27T13:09:03+00:00","og_image":[{"width":1000,"height":750,"url":"https:\/\/www.mundoagropecuario.cl\/new\/wp-content\/uploads\/2018\/06\/IMG-20180626-WA0004.jpg","type":"image\/jpeg"}],"author":"periodista","twitter_card":"summary_large_image","twitter_creator":"@MundoAgropecuar","twitter_site":"@MundoAgropecuar","twitter_misc":{"Escrito por":"periodista","Tiempo de lectura":"2 minutos"},"schema":{"@context":"https:\/\/schema.org","@graph":[{"@type":"Article","@id":"https:\/\/www.mundoagropecuario.cl\/new\/ministro-walker-en-la-araucania-tiene-un-tremendo-potencial-para-transformarse-en-una-region-exportadora\/#article","isPartOf":{"@id":"https:\/\/www.mundoagropecuario.cl\/new\/ministro-walker-en-la-araucania-tiene-un-tremendo-potencial-para-transformarse-en-una-region-exportadora\/"},"author":{"name":"periodista","@id":"https:\/\/www.mundoagropecuario.cl\/new\/#\/schema\/person\/0c221050801c74e45256a7a9a1ff0803"},"headline":"Ministro Walker en La Araucan\u00eda: \u201cTiene un tremendo potencial para transformarse en una regi\u00f3n exportadora\u201d","datePublished":"2018-06-27T13:09:03+00:00","mainEntityOfPage":{"@id":"https:\/\/www.mundoagropecuario.cl\/new\/ministro-walker-en-la-araucania-tiene-un-tremendo-potencial-para-transformarse-en-una-region-exportadora\/"},"wordCount":383,"publisher":{"@id":"https:\/\/www.mundoagropecuario.cl\/new\/#organization"},"image":{"@id":"https:\/\/www.mundoagropecuario.cl\/new\/ministro-walker-en-la-araucania-tiene-un-tremendo-potencial-para-transformarse-en-una-region-exportadora\/#primaryimage"},"thumbnailUrl":"https:\/\/www.mundoagropecuario.cl\/new\/wp-content\/uploads\/2018\/06\/IMG-20180626-WA0004.jpg","keywords":["Minagri","Regi\u00f3n de la Araucan\u00eda"],"articleSection":["Instituciones"],"inLanguage":"es"},{"@type":"WebPage","@id":"https:\/\/www.mundoagropecuario.cl\/new\/ministro-walker-en-la-araucania-tiene-un-tremendo-potencial-para-transformarse-en-una-region-exportadora\/","url":"https:\/\/www.mundoagropecuario.cl\/new\/ministro-walker-en-la-araucania-tiene-un-tremendo-potencial-para-transformarse-en-una-region-exportadora\/","name":"Ministro Walker en La Araucan\u00eda: \u201cTiene un tremendo potencial para transformarse en una regi\u00f3n exportadora\u201d - Mundoagropecuario","isPartOf":{"@id":"https:\/\/www.mundoagropecuario.cl\/new\/#website"},"primaryImageOfPage":{"@id":"https:\/\/www.mundoagropecuario.cl\/new\/ministro-walker-en-la-araucania-tiene-un-tremendo-potencial-para-transformarse-en-una-region-exportadora\/#primaryimage"},"image":{"@id":"https:\/\/www.mundoagropecuario.cl\/new\/ministro-walker-en-la-araucania-tiene-un-tremendo-potencial-para-transformarse-en-una-region-exportadora\/#primaryimage"},"thumbnailUrl":"https:\/\/www.mundoagropecuario.cl\/new\/wp-content\/uploads\/2018\/06\/IMG-20180626-WA0004.jpg","datePublished":"2018-06-27T13:09:03+00:00","breadcrumb":{"@id":"https:\/\/www.mundoagropecuario.cl\/new\/ministro-walker-en-la-araucania-tiene-un-tremendo-potencial-para-transformarse-en-una-region-exportadora\/#breadcrumb"},"inLanguage":"es","potentialAction":[{"@type":"ReadAction","target":["https:\/\/www.mundoagropecuario.cl\/new\/ministro-walker-en-la-araucania-tiene-un-tremendo-potencial-para-transformarse-en-una-region-exportadora\/"]}]},{"@type":"ImageObject","inLanguage":"es","@id":"https:\/\/www.mundoagropecuario.cl\/new\/ministro-walker-en-la-araucania-tiene-un-tremendo-potencial-para-transformarse-en-una-region-exportadora\/#primaryimage","url":"https:\/\/www.mundoagropecuario.cl\/new\/wp-content\/uploads\/2018\/06\/IMG-20180626-WA0004.jpg","contentUrl":"https:\/\/www.mundoagropecuario.cl\/new\/wp-content\/uploads\/2018\/06\/IMG-20180626-WA0004.jpg","width":533,"height":400},{"@type":"BreadcrumbList","@id":"https:\/\/www.mundoagropecuario.cl\/new\/ministro-walker-en-la-araucania-tiene-un-tremendo-potencial-para-transformarse-en-una-region-exportadora\/#breadcrumb","itemListElement":[{"@type":"ListItem","position":1,"name":"Portada","item":"https:\/\/www.mundoagropecuario.cl\/new\/"},{"@type":"ListItem","position":2,"name":"Ministro Walker en La Araucan\u00eda: \u201cTiene un tremendo potencial para transformarse en una regi\u00f3n exportadora\u201d"}]},{"@type":"WebSite","@id":"https:\/\/www.mundoagropecuario.cl\/new\/#website","url":"https:\/\/www.mundoagropecuario.cl\/new\/","name":"Mundoagropecuario","description":"Mundo Agropecuario","publisher":{"@id":"https:\/\/www.mundoagropecuario.cl\/new\/#organization"},"potentialAction":[{"@type":"SearchAction","target":{"@type":"EntryPoint","urlTemplate":"https:\/\/www.mundoagropecuario.cl\/new\/?s={search_term_string}"},"query-input":{"@type":"PropertyValueSpecification","valueRequired":true,"valueName":"search_term_string"}}],"inLanguage":"es"},{"@type":"Organization","@id":"https:\/\/www.mundoagropecuario.cl\/new\/#organization","name":"Revista de Agricultura","url":"https:\/\/www.mundoagropecuario.cl\/new\/","logo":{"@type":"ImageObject","inLanguage":"es","@id":"https:\/\/www.mundoagropecuario.cl\/new\/#\/schema\/logo\/image\/","url":"https:\/\/www.mundoagropecuario.cl\/new\/wp-content\/uploads\/2020\/11\/PORTAL-1-1.png","contentUrl":"https:\/\/www.mundoagropecuario.cl\/new\/wp-content\/uploads\/2020\/11\/PORTAL-1-1.png","width":1026,"height":100,"caption":"Revista de Agricultura"},"image":{"@id":"https:\/\/www.mundoagropecuario.cl\/new\/#\/schema\/logo\/image\/"},"sameAs":["https:\/\/www.facebook.com\/mundo.agropecuario.3","https:\/\/x.com\/MundoAgropecuar","https:\/\/www.linkedin.com\/in\/mundo-agropecuario-934009201\/"]},{"@type":"Person","@id":"https:\/\/www.mundoagropecuario.cl\/new\/#\/schema\/person\/0c221050801c74e45256a7a9a1ff0803","name":"periodista","url":"https:\/\/www.mundoagropecuario.cl\/new\/author\/periodista\/"}]}},"_links":{"self":[{"href":"https:\/\/www.mundoagropecuario.cl\/new\/wp-json\/wp\/v2\/posts\/7337","targetHints":{"allow":["GET"]}}],"collection":[{"href":"https:\/\/www.mundoagropecuario.cl\/new\/wp-json\/wp\/v2\/posts"}],"about":[{"href":"https:\/\/www.mundoagropecuario.cl\/new\/wp-json\/wp\/v2\/types\/post"}],"author":[{"embeddable":true,"href":"https:\/\/www.mundoagropecuario.cl\/new\/wp-json\/wp\/v2\/users\/3"}],"replies":[{"embeddable":true,"href":"https:\/\/www.mundoagropecuario.cl\/new\/wp-json\/wp\/v2\/comments?post=7337"}],"version-history":[{"count":1,"href":"https:\/\/www.mundoagropecuario.cl\/new\/wp-json\/wp\/v2\/posts\/7337\/revisions"}],"predecessor-version":[{"id":7339,"href":"https:\/\/www.mundoagropecuario.cl\/new\/wp-json\/wp\/v2\/posts\/7337\/revisions\/7339"}],"wp:featuredmedia":[{"embeddable":true,"href":"https:\/\/www.mundoagropecuario.cl\/new\/wp-json\/wp\/v2\/media\/7338"}],"wp:attachment":[{"href":"https:\/\/www.mundoagropecuario.cl\/new\/wp-json\/wp\/v2\/media?parent=7337"}],"wp:term":[{"taxonomy":"category","embeddable":true,"href":"https:\/\/www.mundoagropecuario.cl\/new\/wp-json\/wp\/v2\/categories?post=7337"},{"taxonomy":"post_tag","embeddable":true,"href":"https:\/\/www.mundoagropecuario.cl\/new\/wp-json\/wp\/v2\/tags?post=7337"}],"curies":[{"name":"wp","href":"https:\/\/api.w.org\/{rel}","templated":true}]}}