{"id":7333,"date":"2018-06-27T09:59:12","date_gmt":"2018-06-27T12:59:12","guid":{"rendered":"http:\/\/www.mundoagropecuario.cl\/new\/?p=7333"},"modified":"2018-06-27T09:59:12","modified_gmt":"2018-06-27T12:59:12","slug":"fomentan-riego-en-la-pequena-agricultura-impulsado-con-energia-solar","status":"publish","type":"post","link":"https:\/\/www.mundoagropecuario.cl\/new\/fomentan-riego-en-la-pequena-agricultura-impulsado-con-energia-solar\/","title":{"rendered":"Fomentan riego en la peque\u00f1a agricultura impulsado con energ\u00eda solar"},"content":{"rendered":"<blockquote><p><em>Seremi de Agricultura inform\u00f3 que se abrir\u00e1n tres concursos especiales para este sector por un monto total de 200 millones de pesos. (Mundo Agropecuario).<\/em><\/p><\/blockquote>\n<p>En un recorrido por el predio de Selma Oyarzun, en la comuna de Puyehue, el seremi de Agricultura Juan Vicente Barrientos, inform\u00f3 que desde el segundo semestre de este a\u00f1o se abrir\u00e1n concursos especiales para la peque\u00f1a agricultura de la regi\u00f3n.<\/p>\n<p>Asimismo, la autoridad del agro inform\u00f3 que quienes deseen participar pueden conocer a partir de este mes los requisitos del programa y recibir las orientaciones de los profesionales de la Comisi\u00f3n Nacional de Riego (CNR) para postular.<\/p>\n<p><a href=\"https:\/\/www.mundoagropecuario.cl\/new\/wp-content\/uploads\/2018\/06\/PROYECTOS-DE-RIEGO-PARA-AFC-2.jpg\"><img loading=\"lazy\" decoding=\"async\" class=\"alignleft wp-image-7335\" src=\"https:\/\/www.mundoagropecuario.cl\/new\/wp-content\/uploads\/2018\/06\/PROYECTOS-DE-RIEGO-PARA-AFC-2-586x440.jpg\" alt=\"\" width=\"350\" height=\"263\" srcset=\"https:\/\/www.mundoagropecuario.cl\/new\/wp-content\/uploads\/2018\/06\/PROYECTOS-DE-RIEGO-PARA-AFC-2-586x440.jpg 586w, https:\/\/www.mundoagropecuario.cl\/new\/wp-content\/uploads\/2018\/06\/PROYECTOS-DE-RIEGO-PARA-AFC-2-768x576.jpg 768w, https:\/\/www.mundoagropecuario.cl\/new\/wp-content\/uploads\/2018\/06\/PROYECTOS-DE-RIEGO-PARA-AFC-2.jpg 533w\" sizes=\"auto, (max-width: 350px) 100vw, 350px\" \/><\/a>\u201cComo Ministerio de Agricultura estamos convencidos que la incorporaci\u00f3n de sistemas de riego son una oportunidad para la peque\u00f1a agricultura, con ello pueden mejorar los rendimientos de sus cultivos y, por ende, mejorar su calidad de vida.\u00a0 Es por ello, que estamos difundiendo la Ley de Riego y sus programas especiales para el sector\u201d, sostuvo.<\/p>\n<p>As\u00ed, lo ratifico la agricultora del sector Corral del Sur, Selma Oyarzun, quien particip\u00f3 de la anterior convocatoria y, a trav\u00e9s de este subsidio, incorpor\u00f3 a su predio un proyecto de riego, que con energ\u00eda solar permite bombear agua hasta un estanque y, luego, dotar de energ\u00eda al sistema de regad\u00edo.<\/p>\n<p>\u201cLa incorporaci\u00f3n de tecnolog\u00eda es cien por ciento beneficioso para el peque\u00f1o agricultor, sobre todo para quienes nos dedicamos a las de hortalizas. Postul\u00e9 a este programa pensando en las mejoras que pod\u00eda obtener para mi producci\u00f3n y en la sustentabilidad del sistema\u201d, se\u00f1ala Selma Oyarz\u00fan.<\/p>\n<p>Pablo Pino, coordinador zona de la Comisi\u00f3n Nacional de Riego (CNR) para Los R\u00edos y Los Lagos, indic\u00f3 que el primer concurso para peque\u00f1a agricultura se abrir\u00e1 en agosto y, agreg\u00f3, que los interesados pueden contactarse desde ya con los coordinadores de este servicio para agendar una visita a los predios y as\u00ed analizar la factibilidad de la postulaci\u00f3n.<\/p>\n<p>\u201cSon proyectos de hasta 400 UF (11 millones de pesos aproximadamente), los agricultores deben aportar el 10% del monto total de la iniciativa y la CNR bonifica lo restante, adem\u00e1s, deben acreditar tenencia de la tierra en diversas formas (propietarios, arrendatarios o sucesi\u00f3n hereditaria)\u201d, explic\u00f3 el funcionario de la CNR.<\/p>\n<p>Los interesados en participar de esta convocatoria pueden escribir a: <a href=\"mailto:cnrloslagos@cnr.gob.cl\">cnrloslagos@cnr.gob.cl<\/a>, o llamar al tel\u00e9fono: 64 2426764.<\/p>\n","protected":false},"excerpt":{"rendered":"<p>Seremi de Agricultura inform\u00f3 que se abrir\u00e1n tres concursos especiales para este sector por un monto total de 200 millones de pesos. (Mundo Agropecuario). En un recorrido por el predio&#8230;<\/p>\n","protected":false},"author":3,"featured_media":7334,"comment_status":"closed","ping_status":"closed","sticky":false,"template":"","format":"standard","meta":{"footnotes":""},"categories":[404],"tags":[2084,2035],"class_list":["post-7333","post","type-post","status-publish","format-standard","has-post-thumbnail","hentry","category-titular-2","tag-cnr","tag-minagri"],"yoast_head":"<!-- This site is optimized with the Yoast SEO plugin v26.6 - https:\/\/yoast.com\/wordpress\/plugins\/seo\/ -->\n<title>Fomentan riego en la peque\u00f1a agricultura impulsado con energ\u00eda solar - Mundoagropecuario<\/title>\n<meta name=\"robots\" content=\"index, follow, max-snippet:-1, max-image-preview:large, max-video-preview:-1\" \/>\n<link rel=\"canonical\" href=\"https:\/\/www.mundoagropecuario.cl\/new\/fomentan-riego-en-la-pequena-agricultura-impulsado-con-energia-solar\/\" \/>\n<meta property=\"og:locale\" content=\"es_ES\" \/>\n<meta property=\"og:type\" content=\"article\" \/>\n<meta property=\"og:title\" content=\"Fomentan riego en la peque\u00f1a agricultura impulsado con energ\u00eda solar - Mundoagropecuario\" \/>\n<meta property=\"og:description\" content=\"Seremi de Agricultura inform\u00f3 que se abrir\u00e1n tres concursos especiales para este sector por un monto total de 200 millones de pesos. (Mundo Agropecuario). En un recorrido por el predio...\" \/>\n<meta property=\"og:url\" content=\"https:\/\/www.mundoagropecuario.cl\/new\/fomentan-riego-en-la-pequena-agricultura-impulsado-con-energia-solar\/\" \/>\n<meta property=\"og:site_name\" content=\"Mundoagropecuario\" \/>\n<meta property=\"article:publisher\" content=\"https:\/\/www.facebook.com\/mundo.agropecuario.3\" \/>\n<meta property=\"article:published_time\" content=\"2018-06-27T12:59:12+00:00\" \/>\n<meta property=\"og:image\" content=\"https:\/\/www.mundoagropecuario.cl\/new\/wp-content\/uploads\/2018\/06\/Proyectos-de-Riego-para-AFC.jpg\" \/>\n\t<meta property=\"og:image:width\" content=\"1000\" \/>\n\t<meta property=\"og:image:height\" content=\"729\" \/>\n\t<meta property=\"og:image:type\" content=\"image\/jpeg\" \/>\n<meta name=\"author\" content=\"periodista\" \/>\n<meta name=\"twitter:card\" content=\"summary_large_image\" \/>\n<meta name=\"twitter:creator\" content=\"@MundoAgropecuar\" \/>\n<meta name=\"twitter:site\" content=\"@MundoAgropecuar\" \/>\n<meta name=\"twitter:label1\" content=\"Escrito por\" \/>\n\t<meta name=\"twitter:data1\" content=\"periodista\" \/>\n\t<meta name=\"twitter:label2\" content=\"Tiempo de lectura\" \/>\n\t<meta name=\"twitter:data2\" content=\"2 minutos\" \/>\n<script type=\"application\/ld+json\" class=\"yoast-schema-graph\">{\"@context\":\"https:\/\/schema.org\",\"@graph\":[{\"@type\":\"Article\",\"@id\":\"https:\/\/www.mundoagropecuario.cl\/new\/fomentan-riego-en-la-pequena-agricultura-impulsado-con-energia-solar\/#article\",\"isPartOf\":{\"@id\":\"https:\/\/www.mundoagropecuario.cl\/new\/fomentan-riego-en-la-pequena-agricultura-impulsado-con-energia-solar\/\"},\"author\":{\"name\":\"periodista\",\"@id\":\"https:\/\/www.mundoagropecuario.cl\/new\/#\/schema\/person\/0c221050801c74e45256a7a9a1ff0803\"},\"headline\":\"Fomentan riego en la peque\u00f1a agricultura impulsado con energ\u00eda solar\",\"datePublished\":\"2018-06-27T12:59:12+00:00\",\"mainEntityOfPage\":{\"@id\":\"https:\/\/www.mundoagropecuario.cl\/new\/fomentan-riego-en-la-pequena-agricultura-impulsado-con-energia-solar\/\"},\"wordCount\":415,\"publisher\":{\"@id\":\"https:\/\/www.mundoagropecuario.cl\/new\/#organization\"},\"image\":{\"@id\":\"https:\/\/www.mundoagropecuario.cl\/new\/fomentan-riego-en-la-pequena-agricultura-impulsado-con-energia-solar\/#primaryimage\"},\"thumbnailUrl\":\"https:\/\/www.mundoagropecuario.cl\/new\/wp-content\/uploads\/2018\/06\/Proyectos-de-Riego-para-AFC.jpg\",\"keywords\":[\"CNR\",\"Minagri\"],\"articleSection\":[\"Titular 2\"],\"inLanguage\":\"es\"},{\"@type\":\"WebPage\",\"@id\":\"https:\/\/www.mundoagropecuario.cl\/new\/fomentan-riego-en-la-pequena-agricultura-impulsado-con-energia-solar\/\",\"url\":\"https:\/\/www.mundoagropecuario.cl\/new\/fomentan-riego-en-la-pequena-agricultura-impulsado-con-energia-solar\/\",\"name\":\"Fomentan riego en la peque\u00f1a agricultura impulsado con energ\u00eda solar - Mundoagropecuario\",\"isPartOf\":{\"@id\":\"https:\/\/www.mundoagropecuario.cl\/new\/#website\"},\"primaryImageOfPage\":{\"@id\":\"https:\/\/www.mundoagropecuario.cl\/new\/fomentan-riego-en-la-pequena-agricultura-impulsado-con-energia-solar\/#primaryimage\"},\"image\":{\"@id\":\"https:\/\/www.mundoagropecuario.cl\/new\/fomentan-riego-en-la-pequena-agricultura-impulsado-con-energia-solar\/#primaryimage\"},\"thumbnailUrl\":\"https:\/\/www.mundoagropecuario.cl\/new\/wp-content\/uploads\/2018\/06\/Proyectos-de-Riego-para-AFC.jpg\",\"datePublished\":\"2018-06-27T12:59:12+00:00\",\"breadcrumb\":{\"@id\":\"https:\/\/www.mundoagropecuario.cl\/new\/fomentan-riego-en-la-pequena-agricultura-impulsado-con-energia-solar\/#breadcrumb\"},\"inLanguage\":\"es\",\"potentialAction\":[{\"@type\":\"ReadAction\",\"target\":[\"https:\/\/www.mundoagropecuario.cl\/new\/fomentan-riego-en-la-pequena-agricultura-impulsado-con-energia-solar\/\"]}]},{\"@type\":\"ImageObject\",\"inLanguage\":\"es\",\"@id\":\"https:\/\/www.mundoagropecuario.cl\/new\/fomentan-riego-en-la-pequena-agricultura-impulsado-con-energia-solar\/#primaryimage\",\"url\":\"https:\/\/www.mundoagropecuario.cl\/new\/wp-content\/uploads\/2018\/06\/Proyectos-de-Riego-para-AFC.jpg\",\"contentUrl\":\"https:\/\/www.mundoagropecuario.cl\/new\/wp-content\/uploads\/2018\/06\/Proyectos-de-Riego-para-AFC.jpg\",\"width\":549,\"height\":400},{\"@type\":\"BreadcrumbList\",\"@id\":\"https:\/\/www.mundoagropecuario.cl\/new\/fomentan-riego-en-la-pequena-agricultura-impulsado-con-energia-solar\/#breadcrumb\",\"itemListElement\":[{\"@type\":\"ListItem\",\"position\":1,\"name\":\"Portada\",\"item\":\"https:\/\/www.mundoagropecuario.cl\/new\/\"},{\"@type\":\"ListItem\",\"position\":2,\"name\":\"Fomentan riego en la peque\u00f1a agricultura impulsado con energ\u00eda solar\"}]},{\"@type\":\"WebSite\",\"@id\":\"https:\/\/www.mundoagropecuario.cl\/new\/#website\",\"url\":\"https:\/\/www.mundoagropecuario.cl\/new\/\",\"name\":\"Mundoagropecuario\",\"description\":\"Mundo Agropecuario\",\"publisher\":{\"@id\":\"https:\/\/www.mundoagropecuario.cl\/new\/#organization\"},\"potentialAction\":[{\"@type\":\"SearchAction\",\"target\":{\"@type\":\"EntryPoint\",\"urlTemplate\":\"https:\/\/www.mundoagropecuario.cl\/new\/?s={search_term_string}\"},\"query-input\":{\"@type\":\"PropertyValueSpecification\",\"valueRequired\":true,\"valueName\":\"search_term_string\"}}],\"inLanguage\":\"es\"},{\"@type\":\"Organization\",\"@id\":\"https:\/\/www.mundoagropecuario.cl\/new\/#organization\",\"name\":\"Revista de Agricultura\",\"url\":\"https:\/\/www.mundoagropecuario.cl\/new\/\",\"logo\":{\"@type\":\"ImageObject\",\"inLanguage\":\"es\",\"@id\":\"https:\/\/www.mundoagropecuario.cl\/new\/#\/schema\/logo\/image\/\",\"url\":\"https:\/\/www.mundoagropecuario.cl\/new\/wp-content\/uploads\/2020\/11\/PORTAL-1-1.png\",\"contentUrl\":\"https:\/\/www.mundoagropecuario.cl\/new\/wp-content\/uploads\/2020\/11\/PORTAL-1-1.png\",\"width\":1026,\"height\":100,\"caption\":\"Revista de Agricultura\"},\"image\":{\"@id\":\"https:\/\/www.mundoagropecuario.cl\/new\/#\/schema\/logo\/image\/\"},\"sameAs\":[\"https:\/\/www.facebook.com\/mundo.agropecuario.3\",\"https:\/\/x.com\/MundoAgropecuar\",\"https:\/\/www.linkedin.com\/in\/mundo-agropecuario-934009201\/\"]},{\"@type\":\"Person\",\"@id\":\"https:\/\/www.mundoagropecuario.cl\/new\/#\/schema\/person\/0c221050801c74e45256a7a9a1ff0803\",\"name\":\"periodista\",\"url\":\"https:\/\/www.mundoagropecuario.cl\/new\/author\/periodista\/\"}]}<\/script>\n<!-- \/ Yoast SEO plugin. -->","yoast_head_json":{"title":"Fomentan riego en la peque\u00f1a agricultura impulsado con energ\u00eda solar - Mundoagropecuario","robots":{"index":"index","follow":"follow","max-snippet":"max-snippet:-1","max-image-preview":"max-image-preview:large","max-video-preview":"max-video-preview:-1"},"canonical":"https:\/\/www.mundoagropecuario.cl\/new\/fomentan-riego-en-la-pequena-agricultura-impulsado-con-energia-solar\/","og_locale":"es_ES","og_type":"article","og_title":"Fomentan riego en la peque\u00f1a agricultura impulsado con energ\u00eda solar - Mundoagropecuario","og_description":"Seremi de Agricultura inform\u00f3 que se abrir\u00e1n tres concursos especiales para este sector por un monto total de 200 millones de pesos. (Mundo Agropecuario). En un recorrido por el predio...","og_url":"https:\/\/www.mundoagropecuario.cl\/new\/fomentan-riego-en-la-pequena-agricultura-impulsado-con-energia-solar\/","og_site_name":"Mundoagropecuario","article_publisher":"https:\/\/www.facebook.com\/mundo.agropecuario.3","article_published_time":"2018-06-27T12:59:12+00:00","og_image":[{"width":1000,"height":729,"url":"https:\/\/www.mundoagropecuario.cl\/new\/wp-content\/uploads\/2018\/06\/Proyectos-de-Riego-para-AFC.jpg","type":"image\/jpeg"}],"author":"periodista","twitter_card":"summary_large_image","twitter_creator":"@MundoAgropecuar","twitter_site":"@MundoAgropecuar","twitter_misc":{"Escrito por":"periodista","Tiempo de lectura":"2 minutos"},"schema":{"@context":"https:\/\/schema.org","@graph":[{"@type":"Article","@id":"https:\/\/www.mundoagropecuario.cl\/new\/fomentan-riego-en-la-pequena-agricultura-impulsado-con-energia-solar\/#article","isPartOf":{"@id":"https:\/\/www.mundoagropecuario.cl\/new\/fomentan-riego-en-la-pequena-agricultura-impulsado-con-energia-solar\/"},"author":{"name":"periodista","@id":"https:\/\/www.mundoagropecuario.cl\/new\/#\/schema\/person\/0c221050801c74e45256a7a9a1ff0803"},"headline":"Fomentan riego en la peque\u00f1a agricultura impulsado con energ\u00eda solar","datePublished":"2018-06-27T12:59:12+00:00","mainEntityOfPage":{"@id":"https:\/\/www.mundoagropecuario.cl\/new\/fomentan-riego-en-la-pequena-agricultura-impulsado-con-energia-solar\/"},"wordCount":415,"publisher":{"@id":"https:\/\/www.mundoagropecuario.cl\/new\/#organization"},"image":{"@id":"https:\/\/www.mundoagropecuario.cl\/new\/fomentan-riego-en-la-pequena-agricultura-impulsado-con-energia-solar\/#primaryimage"},"thumbnailUrl":"https:\/\/www.mundoagropecuario.cl\/new\/wp-content\/uploads\/2018\/06\/Proyectos-de-Riego-para-AFC.jpg","keywords":["CNR","Minagri"],"articleSection":["Titular 2"],"inLanguage":"es"},{"@type":"WebPage","@id":"https:\/\/www.mundoagropecuario.cl\/new\/fomentan-riego-en-la-pequena-agricultura-impulsado-con-energia-solar\/","url":"https:\/\/www.mundoagropecuario.cl\/new\/fomentan-riego-en-la-pequena-agricultura-impulsado-con-energia-solar\/","name":"Fomentan riego en la peque\u00f1a agricultura impulsado con energ\u00eda solar - Mundoagropecuario","isPartOf":{"@id":"https:\/\/www.mundoagropecuario.cl\/new\/#website"},"primaryImageOfPage":{"@id":"https:\/\/www.mundoagropecuario.cl\/new\/fomentan-riego-en-la-pequena-agricultura-impulsado-con-energia-solar\/#primaryimage"},"image":{"@id":"https:\/\/www.mundoagropecuario.cl\/new\/fomentan-riego-en-la-pequena-agricultura-impulsado-con-energia-solar\/#primaryimage"},"thumbnailUrl":"https:\/\/www.mundoagropecuario.cl\/new\/wp-content\/uploads\/2018\/06\/Proyectos-de-Riego-para-AFC.jpg","datePublished":"2018-06-27T12:59:12+00:00","breadcrumb":{"@id":"https:\/\/www.mundoagropecuario.cl\/new\/fomentan-riego-en-la-pequena-agricultura-impulsado-con-energia-solar\/#breadcrumb"},"inLanguage":"es","potentialAction":[{"@type":"ReadAction","target":["https:\/\/www.mundoagropecuario.cl\/new\/fomentan-riego-en-la-pequena-agricultura-impulsado-con-energia-solar\/"]}]},{"@type":"ImageObject","inLanguage":"es","@id":"https:\/\/www.mundoagropecuario.cl\/new\/fomentan-riego-en-la-pequena-agricultura-impulsado-con-energia-solar\/#primaryimage","url":"https:\/\/www.mundoagropecuario.cl\/new\/wp-content\/uploads\/2018\/06\/Proyectos-de-Riego-para-AFC.jpg","contentUrl":"https:\/\/www.mundoagropecuario.cl\/new\/wp-content\/uploads\/2018\/06\/Proyectos-de-Riego-para-AFC.jpg","width":549,"height":400},{"@type":"BreadcrumbList","@id":"https:\/\/www.mundoagropecuario.cl\/new\/fomentan-riego-en-la-pequena-agricultura-impulsado-con-energia-solar\/#breadcrumb","itemListElement":[{"@type":"ListItem","position":1,"name":"Portada","item":"https:\/\/www.mundoagropecuario.cl\/new\/"},{"@type":"ListItem","position":2,"name":"Fomentan riego en la peque\u00f1a agricultura impulsado con energ\u00eda solar"}]},{"@type":"WebSite","@id":"https:\/\/www.mundoagropecuario.cl\/new\/#website","url":"https:\/\/www.mundoagropecuario.cl\/new\/","name":"Mundoagropecuario","description":"Mundo Agropecuario","publisher":{"@id":"https:\/\/www.mundoagropecuario.cl\/new\/#organization"},"potentialAction":[{"@type":"SearchAction","target":{"@type":"EntryPoint","urlTemplate":"https:\/\/www.mundoagropecuario.cl\/new\/?s={search_term_string}"},"query-input":{"@type":"PropertyValueSpecification","valueRequired":true,"valueName":"search_term_string"}}],"inLanguage":"es"},{"@type":"Organization","@id":"https:\/\/www.mundoagropecuario.cl\/new\/#organization","name":"Revista de Agricultura","url":"https:\/\/www.mundoagropecuario.cl\/new\/","logo":{"@type":"ImageObject","inLanguage":"es","@id":"https:\/\/www.mundoagropecuario.cl\/new\/#\/schema\/logo\/image\/","url":"https:\/\/www.mundoagropecuario.cl\/new\/wp-content\/uploads\/2020\/11\/PORTAL-1-1.png","contentUrl":"https:\/\/www.mundoagropecuario.cl\/new\/wp-content\/uploads\/2020\/11\/PORTAL-1-1.png","width":1026,"height":100,"caption":"Revista de Agricultura"},"image":{"@id":"https:\/\/www.mundoagropecuario.cl\/new\/#\/schema\/logo\/image\/"},"sameAs":["https:\/\/www.facebook.com\/mundo.agropecuario.3","https:\/\/x.com\/MundoAgropecuar","https:\/\/www.linkedin.com\/in\/mundo-agropecuario-934009201\/"]},{"@type":"Person","@id":"https:\/\/www.mundoagropecuario.cl\/new\/#\/schema\/person\/0c221050801c74e45256a7a9a1ff0803","name":"periodista","url":"https:\/\/www.mundoagropecuario.cl\/new\/author\/periodista\/"}]}},"_links":{"self":[{"href":"https:\/\/www.mundoagropecuario.cl\/new\/wp-json\/wp\/v2\/posts\/7333","targetHints":{"allow":["GET"]}}],"collection":[{"href":"https:\/\/www.mundoagropecuario.cl\/new\/wp-json\/wp\/v2\/posts"}],"about":[{"href":"https:\/\/www.mundoagropecuario.cl\/new\/wp-json\/wp\/v2\/types\/post"}],"author":[{"embeddable":true,"href":"https:\/\/www.mundoagropecuario.cl\/new\/wp-json\/wp\/v2\/users\/3"}],"replies":[{"embeddable":true,"href":"https:\/\/www.mundoagropecuario.cl\/new\/wp-json\/wp\/v2\/comments?post=7333"}],"version-history":[{"count":1,"href":"https:\/\/www.mundoagropecuario.cl\/new\/wp-json\/wp\/v2\/posts\/7333\/revisions"}],"predecessor-version":[{"id":7336,"href":"https:\/\/www.mundoagropecuario.cl\/new\/wp-json\/wp\/v2\/posts\/7333\/revisions\/7336"}],"wp:featuredmedia":[{"embeddable":true,"href":"https:\/\/www.mundoagropecuario.cl\/new\/wp-json\/wp\/v2\/media\/7334"}],"wp:attachment":[{"href":"https:\/\/www.mundoagropecuario.cl\/new\/wp-json\/wp\/v2\/media?parent=7333"}],"wp:term":[{"taxonomy":"category","embeddable":true,"href":"https:\/\/www.mundoagropecuario.cl\/new\/wp-json\/wp\/v2\/categories?post=7333"},{"taxonomy":"post_tag","embeddable":true,"href":"https:\/\/www.mundoagropecuario.cl\/new\/wp-json\/wp\/v2\/tags?post=7333"}],"curies":[{"name":"wp","href":"https:\/\/api.w.org\/{rel}","templated":true}]}}