{"id":7286,"date":"2018-06-22T19:03:17","date_gmt":"2018-06-22T22:03:17","guid":{"rendered":"http:\/\/www.mundoagropecuario.cl\/new\/?p=7286"},"modified":"2018-06-26T14:06:52","modified_gmt":"2018-06-26T17:06:52","slug":"psicologo-y-profesora-puertomontinos-destacan-en-concurso-de-cuentos-del-agro","status":"publish","type":"post","link":"https:\/\/www.mundoagropecuario.cl\/new\/psicologo-y-profesora-puertomontinos-destacan-en-concurso-de-cuentos-del-agro\/","title":{"rendered":"Psic\u00f3logo y profesora puertomontinos destacan en concurso de cuentos del agro"},"content":{"rendered":"<blockquote><p><em>Nueva convocatoria recibir\u00e1 obras hasta el 31 de agosto en <a href=\"http:\/\/www.concursocuentos.cl\">www.concursocuentos.cl<\/a>. (Mundo Agropecuario).<\/em><\/p><\/blockquote>\n<p>\u201cTierra Madre, s\u00e9 que est\u00e1s enferma. S\u00e9 que lloras por las noches cuando llueve\u201d, as\u00ed Jano Opazo Reyes da inicio a su poema \u201cNewen \u00d1uke Mapu. Fuerza Madre Tierra\u201d, que le vali\u00f3 un premio nacional en el Concurso Historias de Nuestra del Ministerio de Agricultura, un certamen que recibi\u00f3 2 mil 979 obras de todas las regiones del pa\u00eds.<\/p>\n<p>El psic\u00f3logo que trabaja en pr\u00e1cticas de reinserci\u00f3n social en la c\u00e1rcel Alto Bonito, se\u00f1ala que complementa la poes\u00eda y el arte terapia con lo tradicional su profesi\u00f3n. Adem\u00e1s, trabaja en un taller de escritura creativa en la casa y galer\u00eda de arte \u201cSabotaje\u201d y vende su libro de poemas titulado &#8220;De Ambulante&#8221;.<\/p>\n<p>\u201cDecid\u00ed escribir sobre pueblos originarios porque sent\u00ed la necesidad de denunciar las injusticias que se cometen sobre la gente de la tierra de una manera creativa y po\u00e9tica, sin caer en el panfleto pol\u00edtico, sino que, desde la empat\u00eda emocional que pueda sentir un chileno que apoya y defiende al pueblo originario\u201d, cuenta Jano Opazo, sobre los versos que lo llevaron a adjudicarse el premio especial \u201cPueblos Originarios\u201d de este certamen nacional.<\/p>\n<p>El psic\u00f3logo puertomontino recibi\u00f3 un premio de 300 mil pesos e, igualmente, un compendi\u00f3 donde se publicaron todas las obras que ganaron a nivel nacional y regional.<\/p>\n<p>El Seremi de Agricultura Juan Vicente Barrientos destac\u00f3 el talento y entusiasmo que el joven poeta puso en su obra. \u201cEstamos muy orgullosos de que uno de los premios nacionales haya salido de la Regi\u00f3n de Los Lagos y que un profesional como Jano dedique parte de su tiempo a rescatar la identidad de los pueblos originarios, que est\u00e1 ligada al mundo rural y campesino\u201d, indic\u00f3 la autoridad regional del agro.<\/p>\n<p><strong>Premio regional<\/strong><\/p>\n<p>Asimismo, Paulina Ag\u00fcero se qued\u00f3 con el tercer lugar regional certamen en la categor\u00eda Poes\u00eda del Mundo Rural con su poema \u201cHaciendo Chicha\u201d. La joven profesora, que hace clases en la Escuela de Puntilla Tenglo, se\u00f1ala que su inspiraci\u00f3n para escribir la obtiene de los lindos recuerdos que tiene desde ni\u00f1a cuando viv\u00eda en las islas Tab\u00f3n y Quenu de Calbuco.<\/p>\n<p>\u201cMe gusta el campo tengo lindos recuerdos de lo que viv\u00ed all\u00ed y de lo que mis abuelos me ense\u00f1aron. Particip\u00e9 del concurso junto a mis estudiantes, son ni\u00f1os que han vivido experiencias similares a las que yo tuve en el mundo rural\u201d, explica Paulina.<\/p>\n<p>La profesional recibi\u00f3 un premio de 100 mil pesos, adem\u00e1s, de un compendi\u00f3 donde se publicaron todas las obras que ganaron a nivel nacional y regional.<\/p>\n<p><strong>Nueva convocatoria<\/strong><\/p>\n<p>El concurso \u201cHistorias de Nuestra Tierra\u201d abri\u00f3 su convocatoria 2018 con importantes novedades como la inclusi\u00f3n de dos premios especiales, que buscan reconocer a los migrantes y, por otro lado, los oficios tradicionales del pa\u00eds.<\/p>\n<p>Este certamen cuenta con 26 a\u00f1os de trayectoria, \u00fanico en su tipo premia a las obras ganadoras a nivel regional y nacional, escogidas por un jurado compuesto por importantes representantes del \u00e1mbito cultural y educativo del pa\u00eds, a trav\u00e9s de distintas categor\u00edas: \u201cMe lo cont\u00f3 mi abuelito\u201d (menores de 14 a\u00f1os), \u201cHistorias campesinas\u201d (mayores de 14 a\u00f1os) y \u201cPoes\u00eda del mundo rural\u201d (todo participante). Asimismo, la premiaci\u00f3n nacional cuenta con los premios especiales \u201cPueblos originarios\u201d, \u201cMujer rural\u201d, \u201cProfesor rural\u201d y \u201cA la trayectoria\u201d.<\/p>\n<p>Para participar en la convocatoria 2018, las obras pueden ser enviadas hasta el viernes 31 de agosto de este a\u00f1o a trav\u00e9s del sitio web www.concursocuentos.cl. Tambi\u00e9n es posible entregarlas en formato impreso en dependencias de la Seremi de Agricultura de cada regi\u00f3n, o bien enviarlas v\u00eda correo postal a las oficinas de la Fundaci\u00f3n de Comunicaciones, Capacitaci\u00f3n y Cultura del Agro (Fucoa), ubicadas en Teatinos 40 piso 5 Santiago, Regi\u00f3n Metropolitana.<\/p>\n","protected":false},"excerpt":{"rendered":"<p>Nueva convocatoria recibir\u00e1 obras hasta el 31 de agosto en www.concursocuentos.cl. (Mundo Agropecuario). \u201cTierra Madre, s\u00e9 que est\u00e1s enferma. S\u00e9 que lloras por las noches cuando llueve\u201d, as\u00ed Jano Opazo&#8230;<\/p>\n","protected":false},"author":3,"featured_media":7287,"comment_status":"closed","ping_status":"closed","sticky":false,"template":"","format":"gallery","meta":{"footnotes":""},"categories":[1987],"tags":[2157,2155,2035],"class_list":["post-7286","post","type-post","status-publish","format-gallery","has-post-thumbnail","hentry","category-instituciones","tag-concurso-cuentos","tag-fucoa","tag-minagri","post_format-post-format-gallery"],"yoast_head":"<!-- This site is optimized with the Yoast SEO plugin v26.6 - https:\/\/yoast.com\/wordpress\/plugins\/seo\/ -->\n<title>Psic\u00f3logo y profesora puertomontinos destacan en concurso de cuentos del agro - Mundoagropecuario<\/title>\n<meta name=\"robots\" content=\"index, follow, max-snippet:-1, max-image-preview:large, max-video-preview:-1\" \/>\n<link rel=\"canonical\" href=\"https:\/\/www.mundoagropecuario.cl\/new\/psicologo-y-profesora-puertomontinos-destacan-en-concurso-de-cuentos-del-agro\/\" \/>\n<meta property=\"og:locale\" content=\"es_ES\" \/>\n<meta property=\"og:type\" content=\"article\" \/>\n<meta property=\"og:title\" content=\"Psic\u00f3logo y profesora puertomontinos destacan en concurso de cuentos del agro - Mundoagropecuario\" \/>\n<meta property=\"og:description\" content=\"Nueva convocatoria recibir\u00e1 obras hasta el 31 de agosto en www.concursocuentos.cl. (Mundo Agropecuario). \u201cTierra Madre, s\u00e9 que est\u00e1s enferma. S\u00e9 que lloras por las noches cuando llueve\u201d, as\u00ed Jano Opazo...\" \/>\n<meta property=\"og:url\" content=\"https:\/\/www.mundoagropecuario.cl\/new\/psicologo-y-profesora-puertomontinos-destacan-en-concurso-de-cuentos-del-agro\/\" \/>\n<meta property=\"og:site_name\" content=\"Mundoagropecuario\" \/>\n<meta property=\"article:publisher\" content=\"https:\/\/www.facebook.com\/mundo.agropecuario.3\" \/>\n<meta property=\"article:published_time\" content=\"2018-06-22T22:03:17+00:00\" \/>\n<meta property=\"article:modified_time\" content=\"2018-06-26T17:06:52+00:00\" \/>\n<meta property=\"og:image\" content=\"https:\/\/www.mundoagropecuario.cl\/new\/wp-content\/uploads\/2018\/06\/Jano-Opazo-Region-de-Los-Lagos.jpg\" \/>\n\t<meta property=\"og:image:width\" content=\"1000\" \/>\n\t<meta property=\"og:image:height\" content=\"667\" \/>\n\t<meta property=\"og:image:type\" content=\"image\/jpeg\" \/>\n<meta name=\"author\" content=\"periodista\" \/>\n<meta name=\"twitter:card\" content=\"summary_large_image\" \/>\n<meta name=\"twitter:creator\" content=\"@MundoAgropecuar\" \/>\n<meta name=\"twitter:site\" content=\"@MundoAgropecuar\" \/>\n<meta name=\"twitter:label1\" content=\"Escrito por\" \/>\n\t<meta name=\"twitter:data1\" content=\"periodista\" \/>\n\t<meta name=\"twitter:label2\" content=\"Tiempo de lectura\" \/>\n\t<meta name=\"twitter:data2\" content=\"3 minutos\" \/>\n<script type=\"application\/ld+json\" class=\"yoast-schema-graph\">{\"@context\":\"https:\/\/schema.org\",\"@graph\":[{\"@type\":\"Article\",\"@id\":\"https:\/\/www.mundoagropecuario.cl\/new\/psicologo-y-profesora-puertomontinos-destacan-en-concurso-de-cuentos-del-agro\/#article\",\"isPartOf\":{\"@id\":\"https:\/\/www.mundoagropecuario.cl\/new\/psicologo-y-profesora-puertomontinos-destacan-en-concurso-de-cuentos-del-agro\/\"},\"author\":{\"name\":\"periodista\",\"@id\":\"https:\/\/www.mundoagropecuario.cl\/new\/#\/schema\/person\/0c221050801c74e45256a7a9a1ff0803\"},\"headline\":\"Psic\u00f3logo y profesora puertomontinos destacan en concurso de cuentos del agro\",\"datePublished\":\"2018-06-22T22:03:17+00:00\",\"dateModified\":\"2018-06-26T17:06:52+00:00\",\"mainEntityOfPage\":{\"@id\":\"https:\/\/www.mundoagropecuario.cl\/new\/psicologo-y-profesora-puertomontinos-destacan-en-concurso-de-cuentos-del-agro\/\"},\"wordCount\":669,\"publisher\":{\"@id\":\"https:\/\/www.mundoagropecuario.cl\/new\/#organization\"},\"image\":{\"@id\":\"https:\/\/www.mundoagropecuario.cl\/new\/psicologo-y-profesora-puertomontinos-destacan-en-concurso-de-cuentos-del-agro\/#primaryimage\"},\"thumbnailUrl\":\"https:\/\/www.mundoagropecuario.cl\/new\/wp-content\/uploads\/2018\/06\/Jano-Opazo-Region-de-Los-Lagos.jpg\",\"keywords\":[\"Concurso Cuentos\",\"Fucoa\",\"Minagri\"],\"articleSection\":[\"Instituciones\"],\"inLanguage\":\"es\"},{\"@type\":\"WebPage\",\"@id\":\"https:\/\/www.mundoagropecuario.cl\/new\/psicologo-y-profesora-puertomontinos-destacan-en-concurso-de-cuentos-del-agro\/\",\"url\":\"https:\/\/www.mundoagropecuario.cl\/new\/psicologo-y-profesora-puertomontinos-destacan-en-concurso-de-cuentos-del-agro\/\",\"name\":\"Psic\u00f3logo y profesora puertomontinos destacan en concurso de cuentos del agro - Mundoagropecuario\",\"isPartOf\":{\"@id\":\"https:\/\/www.mundoagropecuario.cl\/new\/#website\"},\"primaryImageOfPage\":{\"@id\":\"https:\/\/www.mundoagropecuario.cl\/new\/psicologo-y-profesora-puertomontinos-destacan-en-concurso-de-cuentos-del-agro\/#primaryimage\"},\"image\":{\"@id\":\"https:\/\/www.mundoagropecuario.cl\/new\/psicologo-y-profesora-puertomontinos-destacan-en-concurso-de-cuentos-del-agro\/#primaryimage\"},\"thumbnailUrl\":\"https:\/\/www.mundoagropecuario.cl\/new\/wp-content\/uploads\/2018\/06\/Jano-Opazo-Region-de-Los-Lagos.jpg\",\"datePublished\":\"2018-06-22T22:03:17+00:00\",\"dateModified\":\"2018-06-26T17:06:52+00:00\",\"breadcrumb\":{\"@id\":\"https:\/\/www.mundoagropecuario.cl\/new\/psicologo-y-profesora-puertomontinos-destacan-en-concurso-de-cuentos-del-agro\/#breadcrumb\"},\"inLanguage\":\"es\",\"potentialAction\":[{\"@type\":\"ReadAction\",\"target\":[\"https:\/\/www.mundoagropecuario.cl\/new\/psicologo-y-profesora-puertomontinos-destacan-en-concurso-de-cuentos-del-agro\/\"]}]},{\"@type\":\"ImageObject\",\"inLanguage\":\"es\",\"@id\":\"https:\/\/www.mundoagropecuario.cl\/new\/psicologo-y-profesora-puertomontinos-destacan-en-concurso-de-cuentos-del-agro\/#primaryimage\",\"url\":\"https:\/\/www.mundoagropecuario.cl\/new\/wp-content\/uploads\/2018\/06\/Jano-Opazo-Region-de-Los-Lagos.jpg\",\"contentUrl\":\"https:\/\/www.mundoagropecuario.cl\/new\/wp-content\/uploads\/2018\/06\/Jano-Opazo-Region-de-Los-Lagos.jpg\",\"width\":600,\"height\":400},{\"@type\":\"BreadcrumbList\",\"@id\":\"https:\/\/www.mundoagropecuario.cl\/new\/psicologo-y-profesora-puertomontinos-destacan-en-concurso-de-cuentos-del-agro\/#breadcrumb\",\"itemListElement\":[{\"@type\":\"ListItem\",\"position\":1,\"name\":\"Portada\",\"item\":\"https:\/\/www.mundoagropecuario.cl\/new\/\"},{\"@type\":\"ListItem\",\"position\":2,\"name\":\"Psic\u00f3logo y profesora puertomontinos destacan en concurso de cuentos del agro\"}]},{\"@type\":\"WebSite\",\"@id\":\"https:\/\/www.mundoagropecuario.cl\/new\/#website\",\"url\":\"https:\/\/www.mundoagropecuario.cl\/new\/\",\"name\":\"Mundoagropecuario\",\"description\":\"Mundo Agropecuario\",\"publisher\":{\"@id\":\"https:\/\/www.mundoagropecuario.cl\/new\/#organization\"},\"potentialAction\":[{\"@type\":\"SearchAction\",\"target\":{\"@type\":\"EntryPoint\",\"urlTemplate\":\"https:\/\/www.mundoagropecuario.cl\/new\/?s={search_term_string}\"},\"query-input\":{\"@type\":\"PropertyValueSpecification\",\"valueRequired\":true,\"valueName\":\"search_term_string\"}}],\"inLanguage\":\"es\"},{\"@type\":\"Organization\",\"@id\":\"https:\/\/www.mundoagropecuario.cl\/new\/#organization\",\"name\":\"Revista de Agricultura\",\"url\":\"https:\/\/www.mundoagropecuario.cl\/new\/\",\"logo\":{\"@type\":\"ImageObject\",\"inLanguage\":\"es\",\"@id\":\"https:\/\/www.mundoagropecuario.cl\/new\/#\/schema\/logo\/image\/\",\"url\":\"https:\/\/www.mundoagropecuario.cl\/new\/wp-content\/uploads\/2020\/11\/PORTAL-1-1.png\",\"contentUrl\":\"https:\/\/www.mundoagropecuario.cl\/new\/wp-content\/uploads\/2020\/11\/PORTAL-1-1.png\",\"width\":1026,\"height\":100,\"caption\":\"Revista de Agricultura\"},\"image\":{\"@id\":\"https:\/\/www.mundoagropecuario.cl\/new\/#\/schema\/logo\/image\/\"},\"sameAs\":[\"https:\/\/www.facebook.com\/mundo.agropecuario.3\",\"https:\/\/x.com\/MundoAgropecuar\",\"https:\/\/www.linkedin.com\/in\/mundo-agropecuario-934009201\/\"]},{\"@type\":\"Person\",\"@id\":\"https:\/\/www.mundoagropecuario.cl\/new\/#\/schema\/person\/0c221050801c74e45256a7a9a1ff0803\",\"name\":\"periodista\",\"url\":\"https:\/\/www.mundoagropecuario.cl\/new\/author\/periodista\/\"}]}<\/script>\n<!-- \/ Yoast SEO plugin. -->","yoast_head_json":{"title":"Psic\u00f3logo y profesora puertomontinos destacan en concurso de cuentos del agro - Mundoagropecuario","robots":{"index":"index","follow":"follow","max-snippet":"max-snippet:-1","max-image-preview":"max-image-preview:large","max-video-preview":"max-video-preview:-1"},"canonical":"https:\/\/www.mundoagropecuario.cl\/new\/psicologo-y-profesora-puertomontinos-destacan-en-concurso-de-cuentos-del-agro\/","og_locale":"es_ES","og_type":"article","og_title":"Psic\u00f3logo y profesora puertomontinos destacan en concurso de cuentos del agro - Mundoagropecuario","og_description":"Nueva convocatoria recibir\u00e1 obras hasta el 31 de agosto en www.concursocuentos.cl. (Mundo Agropecuario). \u201cTierra Madre, s\u00e9 que est\u00e1s enferma. S\u00e9 que lloras por las noches cuando llueve\u201d, as\u00ed Jano Opazo...","og_url":"https:\/\/www.mundoagropecuario.cl\/new\/psicologo-y-profesora-puertomontinos-destacan-en-concurso-de-cuentos-del-agro\/","og_site_name":"Mundoagropecuario","article_publisher":"https:\/\/www.facebook.com\/mundo.agropecuario.3","article_published_time":"2018-06-22T22:03:17+00:00","article_modified_time":"2018-06-26T17:06:52+00:00","og_image":[{"width":1000,"height":667,"url":"https:\/\/www.mundoagropecuario.cl\/new\/wp-content\/uploads\/2018\/06\/Jano-Opazo-Region-de-Los-Lagos.jpg","type":"image\/jpeg"}],"author":"periodista","twitter_card":"summary_large_image","twitter_creator":"@MundoAgropecuar","twitter_site":"@MundoAgropecuar","twitter_misc":{"Escrito por":"periodista","Tiempo de lectura":"3 minutos"},"schema":{"@context":"https:\/\/schema.org","@graph":[{"@type":"Article","@id":"https:\/\/www.mundoagropecuario.cl\/new\/psicologo-y-profesora-puertomontinos-destacan-en-concurso-de-cuentos-del-agro\/#article","isPartOf":{"@id":"https:\/\/www.mundoagropecuario.cl\/new\/psicologo-y-profesora-puertomontinos-destacan-en-concurso-de-cuentos-del-agro\/"},"author":{"name":"periodista","@id":"https:\/\/www.mundoagropecuario.cl\/new\/#\/schema\/person\/0c221050801c74e45256a7a9a1ff0803"},"headline":"Psic\u00f3logo y profesora puertomontinos destacan en concurso de cuentos del agro","datePublished":"2018-06-22T22:03:17+00:00","dateModified":"2018-06-26T17:06:52+00:00","mainEntityOfPage":{"@id":"https:\/\/www.mundoagropecuario.cl\/new\/psicologo-y-profesora-puertomontinos-destacan-en-concurso-de-cuentos-del-agro\/"},"wordCount":669,"publisher":{"@id":"https:\/\/www.mundoagropecuario.cl\/new\/#organization"},"image":{"@id":"https:\/\/www.mundoagropecuario.cl\/new\/psicologo-y-profesora-puertomontinos-destacan-en-concurso-de-cuentos-del-agro\/#primaryimage"},"thumbnailUrl":"https:\/\/www.mundoagropecuario.cl\/new\/wp-content\/uploads\/2018\/06\/Jano-Opazo-Region-de-Los-Lagos.jpg","keywords":["Concurso Cuentos","Fucoa","Minagri"],"articleSection":["Instituciones"],"inLanguage":"es"},{"@type":"WebPage","@id":"https:\/\/www.mundoagropecuario.cl\/new\/psicologo-y-profesora-puertomontinos-destacan-en-concurso-de-cuentos-del-agro\/","url":"https:\/\/www.mundoagropecuario.cl\/new\/psicologo-y-profesora-puertomontinos-destacan-en-concurso-de-cuentos-del-agro\/","name":"Psic\u00f3logo y profesora puertomontinos destacan en concurso de cuentos del agro - Mundoagropecuario","isPartOf":{"@id":"https:\/\/www.mundoagropecuario.cl\/new\/#website"},"primaryImageOfPage":{"@id":"https:\/\/www.mundoagropecuario.cl\/new\/psicologo-y-profesora-puertomontinos-destacan-en-concurso-de-cuentos-del-agro\/#primaryimage"},"image":{"@id":"https:\/\/www.mundoagropecuario.cl\/new\/psicologo-y-profesora-puertomontinos-destacan-en-concurso-de-cuentos-del-agro\/#primaryimage"},"thumbnailUrl":"https:\/\/www.mundoagropecuario.cl\/new\/wp-content\/uploads\/2018\/06\/Jano-Opazo-Region-de-Los-Lagos.jpg","datePublished":"2018-06-22T22:03:17+00:00","dateModified":"2018-06-26T17:06:52+00:00","breadcrumb":{"@id":"https:\/\/www.mundoagropecuario.cl\/new\/psicologo-y-profesora-puertomontinos-destacan-en-concurso-de-cuentos-del-agro\/#breadcrumb"},"inLanguage":"es","potentialAction":[{"@type":"ReadAction","target":["https:\/\/www.mundoagropecuario.cl\/new\/psicologo-y-profesora-puertomontinos-destacan-en-concurso-de-cuentos-del-agro\/"]}]},{"@type":"ImageObject","inLanguage":"es","@id":"https:\/\/www.mundoagropecuario.cl\/new\/psicologo-y-profesora-puertomontinos-destacan-en-concurso-de-cuentos-del-agro\/#primaryimage","url":"https:\/\/www.mundoagropecuario.cl\/new\/wp-content\/uploads\/2018\/06\/Jano-Opazo-Region-de-Los-Lagos.jpg","contentUrl":"https:\/\/www.mundoagropecuario.cl\/new\/wp-content\/uploads\/2018\/06\/Jano-Opazo-Region-de-Los-Lagos.jpg","width":600,"height":400},{"@type":"BreadcrumbList","@id":"https:\/\/www.mundoagropecuario.cl\/new\/psicologo-y-profesora-puertomontinos-destacan-en-concurso-de-cuentos-del-agro\/#breadcrumb","itemListElement":[{"@type":"ListItem","position":1,"name":"Portada","item":"https:\/\/www.mundoagropecuario.cl\/new\/"},{"@type":"ListItem","position":2,"name":"Psic\u00f3logo y profesora puertomontinos destacan en concurso de cuentos del agro"}]},{"@type":"WebSite","@id":"https:\/\/www.mundoagropecuario.cl\/new\/#website","url":"https:\/\/www.mundoagropecuario.cl\/new\/","name":"Mundoagropecuario","description":"Mundo Agropecuario","publisher":{"@id":"https:\/\/www.mundoagropecuario.cl\/new\/#organization"},"potentialAction":[{"@type":"SearchAction","target":{"@type":"EntryPoint","urlTemplate":"https:\/\/www.mundoagropecuario.cl\/new\/?s={search_term_string}"},"query-input":{"@type":"PropertyValueSpecification","valueRequired":true,"valueName":"search_term_string"}}],"inLanguage":"es"},{"@type":"Organization","@id":"https:\/\/www.mundoagropecuario.cl\/new\/#organization","name":"Revista de Agricultura","url":"https:\/\/www.mundoagropecuario.cl\/new\/","logo":{"@type":"ImageObject","inLanguage":"es","@id":"https:\/\/www.mundoagropecuario.cl\/new\/#\/schema\/logo\/image\/","url":"https:\/\/www.mundoagropecuario.cl\/new\/wp-content\/uploads\/2020\/11\/PORTAL-1-1.png","contentUrl":"https:\/\/www.mundoagropecuario.cl\/new\/wp-content\/uploads\/2020\/11\/PORTAL-1-1.png","width":1026,"height":100,"caption":"Revista de Agricultura"},"image":{"@id":"https:\/\/www.mundoagropecuario.cl\/new\/#\/schema\/logo\/image\/"},"sameAs":["https:\/\/www.facebook.com\/mundo.agropecuario.3","https:\/\/x.com\/MundoAgropecuar","https:\/\/www.linkedin.com\/in\/mundo-agropecuario-934009201\/"]},{"@type":"Person","@id":"https:\/\/www.mundoagropecuario.cl\/new\/#\/schema\/person\/0c221050801c74e45256a7a9a1ff0803","name":"periodista","url":"https:\/\/www.mundoagropecuario.cl\/new\/author\/periodista\/"}]}},"_links":{"self":[{"href":"https:\/\/www.mundoagropecuario.cl\/new\/wp-json\/wp\/v2\/posts\/7286","targetHints":{"allow":["GET"]}}],"collection":[{"href":"https:\/\/www.mundoagropecuario.cl\/new\/wp-json\/wp\/v2\/posts"}],"about":[{"href":"https:\/\/www.mundoagropecuario.cl\/new\/wp-json\/wp\/v2\/types\/post"}],"author":[{"embeddable":true,"href":"https:\/\/www.mundoagropecuario.cl\/new\/wp-json\/wp\/v2\/users\/3"}],"replies":[{"embeddable":true,"href":"https:\/\/www.mundoagropecuario.cl\/new\/wp-json\/wp\/v2\/comments?post=7286"}],"version-history":[{"count":1,"href":"https:\/\/www.mundoagropecuario.cl\/new\/wp-json\/wp\/v2\/posts\/7286\/revisions"}],"predecessor-version":[{"id":7289,"href":"https:\/\/www.mundoagropecuario.cl\/new\/wp-json\/wp\/v2\/posts\/7286\/revisions\/7289"}],"wp:featuredmedia":[{"embeddable":true,"href":"https:\/\/www.mundoagropecuario.cl\/new\/wp-json\/wp\/v2\/media\/7287"}],"wp:attachment":[{"href":"https:\/\/www.mundoagropecuario.cl\/new\/wp-json\/wp\/v2\/media?parent=7286"}],"wp:term":[{"taxonomy":"category","embeddable":true,"href":"https:\/\/www.mundoagropecuario.cl\/new\/wp-json\/wp\/v2\/categories?post=7286"},{"taxonomy":"post_tag","embeddable":true,"href":"https:\/\/www.mundoagropecuario.cl\/new\/wp-json\/wp\/v2\/tags?post=7286"}],"curies":[{"name":"wp","href":"https:\/\/api.w.org\/{rel}","templated":true}]}}