{"id":7233,"date":"2018-06-20T10:57:35","date_gmt":"2018-06-20T13:57:35","guid":{"rendered":"http:\/\/www.mundoagropecuario.cl\/new\/?p=7233"},"modified":"2018-06-20T10:57:35","modified_gmt":"2018-06-20T13:57:35","slug":"especialistas-de-inia-dan-a-conocer-recomendaciones-a-productores-y-asesores-lecheros-de-la-zona-central","status":"publish","type":"post","link":"https:\/\/www.mundoagropecuario.cl\/new\/especialistas-de-inia-dan-a-conocer-recomendaciones-a-productores-y-asesores-lecheros-de-la-zona-central\/","title":{"rendered":"Especialistas de INIA dan a conocer recomendaciones a productores y asesores lecheros de la zona central"},"content":{"rendered":"<blockquote><p><em>A trav\u00e9s de charlas t\u00e9cnicas de nutrici\u00f3n animal y visitas a predios de la zona, la delegaci\u00f3n de asesores y agricultores conoci\u00f3 la realidad de la producci\u00f3n de leche en la zona sur, que concentra m\u00e1s del 70% de la producci\u00f3n nacional de leche bovina. (Mundo Agropecuario).<\/em><\/p><\/blockquote>\n<p>En el marco del convenio INIA-Indap, un grupo de asesores de los Servicios de Asesor\u00eda T\u00e9cnica (SAT) del Instituto de Desarrollo Agropecuario (Indap) y productores de lecher\u00edas de la zona central visit\u00f3 el INIA Remehue, el principal centro de investigaci\u00f3n del sector lechero nacional del Ministerio de Agricultura, ubicado 8 kil\u00f3metros al norte de Osorno.<\/p>\n<p>Este centro cuenta con un equipo integrado por m\u00e1s de 10 profesionales dedicados a desarrollar trabajos de investigaci\u00f3n en \u00e1reas como crianza de terneros, nutrici\u00f3n animal, manejo de praderas, variedades forrajeras, cultivos suplementarios, calidad de leche, bienestar animal, biotecnolog\u00eda aplicada, manejo de purines, producci\u00f3n de biog\u00e1s, adaptaci\u00f3n al cambio clim\u00e1tico y gases de efecto invernadero, entre otras.<\/p>\n<p>Asimismo, INIA Remehue posee una lecher\u00eda dise\u00f1ada especialmente para realizar ensayos y estudios cient\u00edficos, as\u00ed como actividades de transferencia tecnol\u00f3gica y extensi\u00f3n. Adem\u00e1s, pr\u00f3ximamente instalar\u00e1 los primeros robots de orde\u00f1a en sistemas pastoriles dedicados a generar informaci\u00f3n t\u00e9cnica y capacitaciones.<\/p>\n<p>En una primera jornada, los visitantes conocieron resultados de investigaci\u00f3n y antecedentes sobre la producci\u00f3n lechera en el sur a trav\u00e9s de diversos especialistas. Camila Mu\u00f1oz, m\u00e9dico veterinario Ph.D. en nutrici\u00f3n de rumiantes y Natalie Urrutia, m\u00e9dico veterinario Ph.D. especializada en nutrici\u00f3n de vacas lecheras, dictaron charlas sobre nutrici\u00f3n para maximizar los s\u00f3lidos l\u00e1cteos, des\u00f3rdenes y enfermedades causadas por desbalances nutricionales y c\u00e1lculo de raciones para vacas lecheras. Finalmente, Juan Icarte, t\u00e9cnico de lecher\u00eda, dio a conocer el sistema de crianza de terneros de INIA Remehue.<\/p>\n<p>En su segundo d\u00eda de gira, el grupo visit\u00f3 predios de productores lecheros, en compa\u00f1\u00eda del m\u00e9dico veterinario y extensionista de INIA Remehue, Francisco Canto. En primer lugar, el campo de Edmundo Henr\u00edquez, socio del Grupo de Transferencia Tecnol\u00f3gica (GTT) INIA-Colun que funcion\u00f3 entre los a\u00f1os 2010 y 2014 y quien posee una lecher\u00eda robotizada en la zona de R\u00edo Bueno. Luego, la delegaci\u00f3n se traslad\u00f3 al campo de Jaime Villanueva, quien tambi\u00e9n es productor lechero cooperado de Colun y recibi\u00f3 por varios a\u00f1os el apoyo t\u00e9cnico del INIA, a trav\u00e9s del GTT.<\/p>\n<p>Estas actividades de capacitaci\u00f3n para los asesores de Indap de la regi\u00f3n del Libertador Bernardo O\u2019Higgins fueron coordinadas por Patricio Abarca, transferencista de INIA Rayentu\u00e9.<\/p>\n","protected":false},"excerpt":{"rendered":"<p>A trav\u00e9s de charlas t\u00e9cnicas de nutrici\u00f3n animal y visitas a predios de la zona, la delegaci\u00f3n de asesores y agricultores conoci\u00f3 la realidad de la producci\u00f3n de leche en&#8230;<\/p>\n","protected":false},"author":3,"featured_media":7234,"comment_status":"closed","ping_status":"closed","sticky":false,"template":"","format":"standard","meta":{"footnotes":""},"categories":[126],"tags":[1992,2052,2136],"class_list":["post-7233","post","type-post","status-publish","format-standard","has-post-thumbnail","hentry","category-noticias","tag-indap","tag-inia","tag-lecheria"],"yoast_head":"<!-- This site is optimized with the Yoast SEO plugin v26.6 - https:\/\/yoast.com\/wordpress\/plugins\/seo\/ -->\n<title>Especialistas de INIA dan a conocer recomendaciones a productores y asesores lecheros de la zona central - Mundoagropecuario<\/title>\n<meta name=\"robots\" content=\"index, follow, max-snippet:-1, max-image-preview:large, max-video-preview:-1\" \/>\n<link rel=\"canonical\" href=\"https:\/\/www.mundoagropecuario.cl\/new\/especialistas-de-inia-dan-a-conocer-recomendaciones-a-productores-y-asesores-lecheros-de-la-zona-central\/\" \/>\n<meta property=\"og:locale\" content=\"es_ES\" \/>\n<meta property=\"og:type\" content=\"article\" \/>\n<meta property=\"og:title\" content=\"Especialistas de INIA dan a conocer recomendaciones a productores y asesores lecheros de la zona central - Mundoagropecuario\" \/>\n<meta property=\"og:description\" content=\"A trav\u00e9s de charlas t\u00e9cnicas de nutrici\u00f3n animal y visitas a predios de la zona, la delegaci\u00f3n de asesores y agricultores conoci\u00f3 la realidad de la producci\u00f3n de leche en...\" \/>\n<meta property=\"og:url\" content=\"https:\/\/www.mundoagropecuario.cl\/new\/especialistas-de-inia-dan-a-conocer-recomendaciones-a-productores-y-asesores-lecheros-de-la-zona-central\/\" \/>\n<meta property=\"og:site_name\" content=\"Mundoagropecuario\" \/>\n<meta property=\"article:publisher\" content=\"https:\/\/www.facebook.com\/mundo.agropecuario.3\" \/>\n<meta property=\"article:published_time\" content=\"2018-06-20T13:57:35+00:00\" \/>\n<meta property=\"og:image\" content=\"https:\/\/www.mundoagropecuario.cl\/new\/wp-content\/uploads\/2018\/06\/vacas-lecheras2.jpg\" \/>\n\t<meta property=\"og:image:width\" content=\"650\" \/>\n\t<meta property=\"og:image:height\" content=\"265\" \/>\n\t<meta property=\"og:image:type\" content=\"image\/jpeg\" \/>\n<meta name=\"author\" content=\"periodista\" \/>\n<meta name=\"twitter:card\" content=\"summary_large_image\" \/>\n<meta name=\"twitter:creator\" content=\"@MundoAgropecuar\" \/>\n<meta name=\"twitter:site\" content=\"@MundoAgropecuar\" \/>\n<meta name=\"twitter:label1\" content=\"Escrito por\" \/>\n\t<meta name=\"twitter:data1\" content=\"periodista\" \/>\n\t<meta name=\"twitter:label2\" content=\"Tiempo de lectura\" \/>\n\t<meta name=\"twitter:data2\" content=\"2 minutos\" \/>\n<script type=\"application\/ld+json\" class=\"yoast-schema-graph\">{\"@context\":\"https:\/\/schema.org\",\"@graph\":[{\"@type\":\"Article\",\"@id\":\"https:\/\/www.mundoagropecuario.cl\/new\/especialistas-de-inia-dan-a-conocer-recomendaciones-a-productores-y-asesores-lecheros-de-la-zona-central\/#article\",\"isPartOf\":{\"@id\":\"https:\/\/www.mundoagropecuario.cl\/new\/especialistas-de-inia-dan-a-conocer-recomendaciones-a-productores-y-asesores-lecheros-de-la-zona-central\/\"},\"author\":{\"name\":\"periodista\",\"@id\":\"https:\/\/www.mundoagropecuario.cl\/new\/#\/schema\/person\/0c221050801c74e45256a7a9a1ff0803\"},\"headline\":\"Especialistas de INIA dan a conocer recomendaciones a productores y asesores lecheros de la zona central\",\"datePublished\":\"2018-06-20T13:57:35+00:00\",\"mainEntityOfPage\":{\"@id\":\"https:\/\/www.mundoagropecuario.cl\/new\/especialistas-de-inia-dan-a-conocer-recomendaciones-a-productores-y-asesores-lecheros-de-la-zona-central\/\"},\"wordCount\":477,\"publisher\":{\"@id\":\"https:\/\/www.mundoagropecuario.cl\/new\/#organization\"},\"image\":{\"@id\":\"https:\/\/www.mundoagropecuario.cl\/new\/especialistas-de-inia-dan-a-conocer-recomendaciones-a-productores-y-asesores-lecheros-de-la-zona-central\/#primaryimage\"},\"thumbnailUrl\":\"https:\/\/www.mundoagropecuario.cl\/new\/wp-content\/uploads\/2018\/06\/vacas-lecheras2.jpg\",\"keywords\":[\"Indap\",\"INIA\",\"Lecher\u00eda\"],\"articleSection\":[\"Noticias\"],\"inLanguage\":\"es\"},{\"@type\":\"WebPage\",\"@id\":\"https:\/\/www.mundoagropecuario.cl\/new\/especialistas-de-inia-dan-a-conocer-recomendaciones-a-productores-y-asesores-lecheros-de-la-zona-central\/\",\"url\":\"https:\/\/www.mundoagropecuario.cl\/new\/especialistas-de-inia-dan-a-conocer-recomendaciones-a-productores-y-asesores-lecheros-de-la-zona-central\/\",\"name\":\"Especialistas de INIA dan a conocer recomendaciones a productores y asesores lecheros de la zona central - Mundoagropecuario\",\"isPartOf\":{\"@id\":\"https:\/\/www.mundoagropecuario.cl\/new\/#website\"},\"primaryImageOfPage\":{\"@id\":\"https:\/\/www.mundoagropecuario.cl\/new\/especialistas-de-inia-dan-a-conocer-recomendaciones-a-productores-y-asesores-lecheros-de-la-zona-central\/#primaryimage\"},\"image\":{\"@id\":\"https:\/\/www.mundoagropecuario.cl\/new\/especialistas-de-inia-dan-a-conocer-recomendaciones-a-productores-y-asesores-lecheros-de-la-zona-central\/#primaryimage\"},\"thumbnailUrl\":\"https:\/\/www.mundoagropecuario.cl\/new\/wp-content\/uploads\/2018\/06\/vacas-lecheras2.jpg\",\"datePublished\":\"2018-06-20T13:57:35+00:00\",\"breadcrumb\":{\"@id\":\"https:\/\/www.mundoagropecuario.cl\/new\/especialistas-de-inia-dan-a-conocer-recomendaciones-a-productores-y-asesores-lecheros-de-la-zona-central\/#breadcrumb\"},\"inLanguage\":\"es\",\"potentialAction\":[{\"@type\":\"ReadAction\",\"target\":[\"https:\/\/www.mundoagropecuario.cl\/new\/especialistas-de-inia-dan-a-conocer-recomendaciones-a-productores-y-asesores-lecheros-de-la-zona-central\/\"]}]},{\"@type\":\"ImageObject\",\"inLanguage\":\"es\",\"@id\":\"https:\/\/www.mundoagropecuario.cl\/new\/especialistas-de-inia-dan-a-conocer-recomendaciones-a-productores-y-asesores-lecheros-de-la-zona-central\/#primaryimage\",\"url\":\"https:\/\/www.mundoagropecuario.cl\/new\/wp-content\/uploads\/2018\/06\/vacas-lecheras2.jpg\",\"contentUrl\":\"https:\/\/www.mundoagropecuario.cl\/new\/wp-content\/uploads\/2018\/06\/vacas-lecheras2.jpg\",\"width\":650,\"height\":265},{\"@type\":\"BreadcrumbList\",\"@id\":\"https:\/\/www.mundoagropecuario.cl\/new\/especialistas-de-inia-dan-a-conocer-recomendaciones-a-productores-y-asesores-lecheros-de-la-zona-central\/#breadcrumb\",\"itemListElement\":[{\"@type\":\"ListItem\",\"position\":1,\"name\":\"Portada\",\"item\":\"https:\/\/www.mundoagropecuario.cl\/new\/\"},{\"@type\":\"ListItem\",\"position\":2,\"name\":\"Especialistas de INIA dan a conocer recomendaciones a productores y asesores lecheros de la zona central\"}]},{\"@type\":\"WebSite\",\"@id\":\"https:\/\/www.mundoagropecuario.cl\/new\/#website\",\"url\":\"https:\/\/www.mundoagropecuario.cl\/new\/\",\"name\":\"Mundoagropecuario\",\"description\":\"Mundo Agropecuario\",\"publisher\":{\"@id\":\"https:\/\/www.mundoagropecuario.cl\/new\/#organization\"},\"potentialAction\":[{\"@type\":\"SearchAction\",\"target\":{\"@type\":\"EntryPoint\",\"urlTemplate\":\"https:\/\/www.mundoagropecuario.cl\/new\/?s={search_term_string}\"},\"query-input\":{\"@type\":\"PropertyValueSpecification\",\"valueRequired\":true,\"valueName\":\"search_term_string\"}}],\"inLanguage\":\"es\"},{\"@type\":\"Organization\",\"@id\":\"https:\/\/www.mundoagropecuario.cl\/new\/#organization\",\"name\":\"Revista de Agricultura\",\"url\":\"https:\/\/www.mundoagropecuario.cl\/new\/\",\"logo\":{\"@type\":\"ImageObject\",\"inLanguage\":\"es\",\"@id\":\"https:\/\/www.mundoagropecuario.cl\/new\/#\/schema\/logo\/image\/\",\"url\":\"https:\/\/www.mundoagropecuario.cl\/new\/wp-content\/uploads\/2020\/11\/PORTAL-1-1.png\",\"contentUrl\":\"https:\/\/www.mundoagropecuario.cl\/new\/wp-content\/uploads\/2020\/11\/PORTAL-1-1.png\",\"width\":1026,\"height\":100,\"caption\":\"Revista de Agricultura\"},\"image\":{\"@id\":\"https:\/\/www.mundoagropecuario.cl\/new\/#\/schema\/logo\/image\/\"},\"sameAs\":[\"https:\/\/www.facebook.com\/mundo.agropecuario.3\",\"https:\/\/x.com\/MundoAgropecuar\",\"https:\/\/www.linkedin.com\/in\/mundo-agropecuario-934009201\/\"]},{\"@type\":\"Person\",\"@id\":\"https:\/\/www.mundoagropecuario.cl\/new\/#\/schema\/person\/0c221050801c74e45256a7a9a1ff0803\",\"name\":\"periodista\",\"url\":\"https:\/\/www.mundoagropecuario.cl\/new\/author\/periodista\/\"}]}<\/script>\n<!-- \/ Yoast SEO plugin. -->","yoast_head_json":{"title":"Especialistas de INIA dan a conocer recomendaciones a productores y asesores lecheros de la zona central - Mundoagropecuario","robots":{"index":"index","follow":"follow","max-snippet":"max-snippet:-1","max-image-preview":"max-image-preview:large","max-video-preview":"max-video-preview:-1"},"canonical":"https:\/\/www.mundoagropecuario.cl\/new\/especialistas-de-inia-dan-a-conocer-recomendaciones-a-productores-y-asesores-lecheros-de-la-zona-central\/","og_locale":"es_ES","og_type":"article","og_title":"Especialistas de INIA dan a conocer recomendaciones a productores y asesores lecheros de la zona central - Mundoagropecuario","og_description":"A trav\u00e9s de charlas t\u00e9cnicas de nutrici\u00f3n animal y visitas a predios de la zona, la delegaci\u00f3n de asesores y agricultores conoci\u00f3 la realidad de la producci\u00f3n de leche en...","og_url":"https:\/\/www.mundoagropecuario.cl\/new\/especialistas-de-inia-dan-a-conocer-recomendaciones-a-productores-y-asesores-lecheros-de-la-zona-central\/","og_site_name":"Mundoagropecuario","article_publisher":"https:\/\/www.facebook.com\/mundo.agropecuario.3","article_published_time":"2018-06-20T13:57:35+00:00","og_image":[{"width":650,"height":265,"url":"https:\/\/www.mundoagropecuario.cl\/new\/wp-content\/uploads\/2018\/06\/vacas-lecheras2.jpg","type":"image\/jpeg"}],"author":"periodista","twitter_card":"summary_large_image","twitter_creator":"@MundoAgropecuar","twitter_site":"@MundoAgropecuar","twitter_misc":{"Escrito por":"periodista","Tiempo de lectura":"2 minutos"},"schema":{"@context":"https:\/\/schema.org","@graph":[{"@type":"Article","@id":"https:\/\/www.mundoagropecuario.cl\/new\/especialistas-de-inia-dan-a-conocer-recomendaciones-a-productores-y-asesores-lecheros-de-la-zona-central\/#article","isPartOf":{"@id":"https:\/\/www.mundoagropecuario.cl\/new\/especialistas-de-inia-dan-a-conocer-recomendaciones-a-productores-y-asesores-lecheros-de-la-zona-central\/"},"author":{"name":"periodista","@id":"https:\/\/www.mundoagropecuario.cl\/new\/#\/schema\/person\/0c221050801c74e45256a7a9a1ff0803"},"headline":"Especialistas de INIA dan a conocer recomendaciones a productores y asesores lecheros de la zona central","datePublished":"2018-06-20T13:57:35+00:00","mainEntityOfPage":{"@id":"https:\/\/www.mundoagropecuario.cl\/new\/especialistas-de-inia-dan-a-conocer-recomendaciones-a-productores-y-asesores-lecheros-de-la-zona-central\/"},"wordCount":477,"publisher":{"@id":"https:\/\/www.mundoagropecuario.cl\/new\/#organization"},"image":{"@id":"https:\/\/www.mundoagropecuario.cl\/new\/especialistas-de-inia-dan-a-conocer-recomendaciones-a-productores-y-asesores-lecheros-de-la-zona-central\/#primaryimage"},"thumbnailUrl":"https:\/\/www.mundoagropecuario.cl\/new\/wp-content\/uploads\/2018\/06\/vacas-lecheras2.jpg","keywords":["Indap","INIA","Lecher\u00eda"],"articleSection":["Noticias"],"inLanguage":"es"},{"@type":"WebPage","@id":"https:\/\/www.mundoagropecuario.cl\/new\/especialistas-de-inia-dan-a-conocer-recomendaciones-a-productores-y-asesores-lecheros-de-la-zona-central\/","url":"https:\/\/www.mundoagropecuario.cl\/new\/especialistas-de-inia-dan-a-conocer-recomendaciones-a-productores-y-asesores-lecheros-de-la-zona-central\/","name":"Especialistas de INIA dan a conocer recomendaciones a productores y asesores lecheros de la zona central - Mundoagropecuario","isPartOf":{"@id":"https:\/\/www.mundoagropecuario.cl\/new\/#website"},"primaryImageOfPage":{"@id":"https:\/\/www.mundoagropecuario.cl\/new\/especialistas-de-inia-dan-a-conocer-recomendaciones-a-productores-y-asesores-lecheros-de-la-zona-central\/#primaryimage"},"image":{"@id":"https:\/\/www.mundoagropecuario.cl\/new\/especialistas-de-inia-dan-a-conocer-recomendaciones-a-productores-y-asesores-lecheros-de-la-zona-central\/#primaryimage"},"thumbnailUrl":"https:\/\/www.mundoagropecuario.cl\/new\/wp-content\/uploads\/2018\/06\/vacas-lecheras2.jpg","datePublished":"2018-06-20T13:57:35+00:00","breadcrumb":{"@id":"https:\/\/www.mundoagropecuario.cl\/new\/especialistas-de-inia-dan-a-conocer-recomendaciones-a-productores-y-asesores-lecheros-de-la-zona-central\/#breadcrumb"},"inLanguage":"es","potentialAction":[{"@type":"ReadAction","target":["https:\/\/www.mundoagropecuario.cl\/new\/especialistas-de-inia-dan-a-conocer-recomendaciones-a-productores-y-asesores-lecheros-de-la-zona-central\/"]}]},{"@type":"ImageObject","inLanguage":"es","@id":"https:\/\/www.mundoagropecuario.cl\/new\/especialistas-de-inia-dan-a-conocer-recomendaciones-a-productores-y-asesores-lecheros-de-la-zona-central\/#primaryimage","url":"https:\/\/www.mundoagropecuario.cl\/new\/wp-content\/uploads\/2018\/06\/vacas-lecheras2.jpg","contentUrl":"https:\/\/www.mundoagropecuario.cl\/new\/wp-content\/uploads\/2018\/06\/vacas-lecheras2.jpg","width":650,"height":265},{"@type":"BreadcrumbList","@id":"https:\/\/www.mundoagropecuario.cl\/new\/especialistas-de-inia-dan-a-conocer-recomendaciones-a-productores-y-asesores-lecheros-de-la-zona-central\/#breadcrumb","itemListElement":[{"@type":"ListItem","position":1,"name":"Portada","item":"https:\/\/www.mundoagropecuario.cl\/new\/"},{"@type":"ListItem","position":2,"name":"Especialistas de INIA dan a conocer recomendaciones a productores y asesores lecheros de la zona central"}]},{"@type":"WebSite","@id":"https:\/\/www.mundoagropecuario.cl\/new\/#website","url":"https:\/\/www.mundoagropecuario.cl\/new\/","name":"Mundoagropecuario","description":"Mundo Agropecuario","publisher":{"@id":"https:\/\/www.mundoagropecuario.cl\/new\/#organization"},"potentialAction":[{"@type":"SearchAction","target":{"@type":"EntryPoint","urlTemplate":"https:\/\/www.mundoagropecuario.cl\/new\/?s={search_term_string}"},"query-input":{"@type":"PropertyValueSpecification","valueRequired":true,"valueName":"search_term_string"}}],"inLanguage":"es"},{"@type":"Organization","@id":"https:\/\/www.mundoagropecuario.cl\/new\/#organization","name":"Revista de Agricultura","url":"https:\/\/www.mundoagropecuario.cl\/new\/","logo":{"@type":"ImageObject","inLanguage":"es","@id":"https:\/\/www.mundoagropecuario.cl\/new\/#\/schema\/logo\/image\/","url":"https:\/\/www.mundoagropecuario.cl\/new\/wp-content\/uploads\/2020\/11\/PORTAL-1-1.png","contentUrl":"https:\/\/www.mundoagropecuario.cl\/new\/wp-content\/uploads\/2020\/11\/PORTAL-1-1.png","width":1026,"height":100,"caption":"Revista de Agricultura"},"image":{"@id":"https:\/\/www.mundoagropecuario.cl\/new\/#\/schema\/logo\/image\/"},"sameAs":["https:\/\/www.facebook.com\/mundo.agropecuario.3","https:\/\/x.com\/MundoAgropecuar","https:\/\/www.linkedin.com\/in\/mundo-agropecuario-934009201\/"]},{"@type":"Person","@id":"https:\/\/www.mundoagropecuario.cl\/new\/#\/schema\/person\/0c221050801c74e45256a7a9a1ff0803","name":"periodista","url":"https:\/\/www.mundoagropecuario.cl\/new\/author\/periodista\/"}]}},"_links":{"self":[{"href":"https:\/\/www.mundoagropecuario.cl\/new\/wp-json\/wp\/v2\/posts\/7233","targetHints":{"allow":["GET"]}}],"collection":[{"href":"https:\/\/www.mundoagropecuario.cl\/new\/wp-json\/wp\/v2\/posts"}],"about":[{"href":"https:\/\/www.mundoagropecuario.cl\/new\/wp-json\/wp\/v2\/types\/post"}],"author":[{"embeddable":true,"href":"https:\/\/www.mundoagropecuario.cl\/new\/wp-json\/wp\/v2\/users\/3"}],"replies":[{"embeddable":true,"href":"https:\/\/www.mundoagropecuario.cl\/new\/wp-json\/wp\/v2\/comments?post=7233"}],"version-history":[{"count":1,"href":"https:\/\/www.mundoagropecuario.cl\/new\/wp-json\/wp\/v2\/posts\/7233\/revisions"}],"predecessor-version":[{"id":7235,"href":"https:\/\/www.mundoagropecuario.cl\/new\/wp-json\/wp\/v2\/posts\/7233\/revisions\/7235"}],"wp:featuredmedia":[{"embeddable":true,"href":"https:\/\/www.mundoagropecuario.cl\/new\/wp-json\/wp\/v2\/media\/7234"}],"wp:attachment":[{"href":"https:\/\/www.mundoagropecuario.cl\/new\/wp-json\/wp\/v2\/media?parent=7233"}],"wp:term":[{"taxonomy":"category","embeddable":true,"href":"https:\/\/www.mundoagropecuario.cl\/new\/wp-json\/wp\/v2\/categories?post=7233"},{"taxonomy":"post_tag","embeddable":true,"href":"https:\/\/www.mundoagropecuario.cl\/new\/wp-json\/wp\/v2\/tags?post=7233"}],"curies":[{"name":"wp","href":"https:\/\/api.w.org\/{rel}","templated":true}]}}