{"id":7170,"date":"2018-06-18T10:36:27","date_gmt":"2018-06-18T13:36:27","guid":{"rendered":"http:\/\/www.mundoagropecuario.cl\/new\/?p=7170"},"modified":"2018-06-18T10:55:50","modified_gmt":"2018-06-18T13:55:50","slug":"tras-seminario-de-fedefruta-y-sago-boom-fruticola-surge-en-la-region-de-los-lagos","status":"publish","type":"post","link":"https:\/\/www.mundoagropecuario.cl\/new\/tras-seminario-de-fedefruta-y-sago-boom-fruticola-surge-en-la-region-de-los-lagos\/","title":{"rendered":"Tras seminario de Fedefruta y SAGO: boom frut\u00edcola surge en la regi\u00f3n de Los Lagos"},"content":{"rendered":"<blockquote><p><em>Entre los factores que impulsan este mayor inter\u00e9s asoman el cambio clim\u00e1tico, especies mejor adaptadas a la humedad y un precio por hect\u00e1rea m\u00e1s conveniente. (El Mercurio).<\/em><\/p><\/blockquote>\n<p>Ya es un hecho. La frontera de producci\u00f3n frut\u00edcola se est\u00e1 empujando cada vez m\u00e1s hacia el sur del pa\u00eds. En un encuentro regional organizado por la Federaci\u00f3n de Productores de Fruta (Fedefruta) y la Sociedad Agr\u00edcola y Ganadera de Osorno (Sago), el presidente del gremio frut\u00edcola -y reci\u00e9n nombrado embajador de Chile en China-, Luis Schmidt, destac\u00f3 que el boom frut\u00edcola que exhibe la Regi\u00f3n de Los Lagos demuestra que hay muchas oportunidades. Schmidt se\u00f1al\u00f3 que en 2016 hab\u00eda 60 hect\u00e1reas de cerezas, y hoy existen 800 hect\u00e1reas. Asimismo, dijo que los avellanos europeos pasaron de 300 hect\u00e1reas a mil.<\/p>\n<p>Entre los factores que impulsan este mayor inter\u00e9s asoman el cambio clim\u00e1tico, especies mejor adaptadas a la humedad y un precio por hect\u00e1rea m\u00e1s conveniente.<\/p>\n<p>Schmidt recomend\u00f3 a los empresarios de la zona aprovechar las oportunidades antes que lo hagan otros competidores. &#8220;Pa\u00edses como China, Indonesia e India, que tienen una gran poblaci\u00f3n y que no consum\u00edan estos productos, se est\u00e1n occidentalizando. Pero si no lo entienden, no se van a poder apropiar de estas oportunidades. El sector frut\u00edcola tiene rentabilidades mayores que la ganader\u00eda&#8221;, explic\u00f3 el presidente de Fedefruta.<\/p>\n<p>Camilo Scocco, gerente general de AgriChile, ligada a la italiana Ferrero, se\u00f1al\u00f3 que el potencial en avellanos europeos es ilimitado en la zona. &#8220;En el corto plazo, hablar de cinco mil hect\u00e1reas para Los Lagos y 60 mil a nivel nacional es razonable&#8221;. El director de Sago, Cristi\u00e1n Parra, dijo que la proyecci\u00f3n puede ser mayor, ya que Los R\u00edos y Los Lagos llegar\u00edan muy pronto a 30 mil hect\u00e1reas. &#8220;Las proyecciones son interesant\u00edsimas y los ojos de los inversionistas est\u00e1n puestos ac\u00e1. Si AgriChile cree que podemos llegar a 60 mil hect\u00e1reas de avellano europeo, nos quedamos satisfechos al ver que los asociados tienen alternativas importantes&#8221;.<\/p>\n<p>&nbsp;<\/p>\n","protected":false},"excerpt":{"rendered":"<p>Entre los factores que impulsan este mayor inter\u00e9s asoman el cambio clim\u00e1tico, especies mejor adaptadas a la humedad y un precio por hect\u00e1rea m\u00e1s conveniente. (El Mercurio). Ya es un&#8230;<\/p>\n","protected":false},"author":3,"featured_media":7171,"comment_status":"closed","ping_status":"closed","sticky":false,"template":"","format":"standard","meta":{"footnotes":""},"categories":[1986],"tags":[2095,563,2119],"class_list":["post-7170","post","type-post","status-publish","format-standard","has-post-thumbnail","hentry","category-frutas","tag-fedefruta","tag-region-de-los-lagos","tag-sago"],"yoast_head":"<!-- This site is optimized with the Yoast SEO plugin v26.6 - https:\/\/yoast.com\/wordpress\/plugins\/seo\/ -->\n<title>Tras seminario de Fedefruta y SAGO: boom frut\u00edcola surge en la regi\u00f3n de Los Lagos - Mundoagropecuario<\/title>\n<meta name=\"robots\" content=\"index, follow, max-snippet:-1, max-image-preview:large, max-video-preview:-1\" \/>\n<link rel=\"canonical\" href=\"https:\/\/www.mundoagropecuario.cl\/new\/tras-seminario-de-fedefruta-y-sago-boom-fruticola-surge-en-la-region-de-los-lagos\/\" \/>\n<meta property=\"og:locale\" content=\"es_ES\" \/>\n<meta property=\"og:type\" content=\"article\" \/>\n<meta property=\"og:title\" content=\"Tras seminario de Fedefruta y SAGO: boom frut\u00edcola surge en la regi\u00f3n de Los Lagos - Mundoagropecuario\" \/>\n<meta property=\"og:description\" content=\"Entre los factores que impulsan este mayor inter\u00e9s asoman el cambio clim\u00e1tico, especies mejor adaptadas a la humedad y un precio por hect\u00e1rea m\u00e1s conveniente. (El Mercurio). Ya es un...\" \/>\n<meta property=\"og:url\" content=\"https:\/\/www.mundoagropecuario.cl\/new\/tras-seminario-de-fedefruta-y-sago-boom-fruticola-surge-en-la-region-de-los-lagos\/\" \/>\n<meta property=\"og:site_name\" content=\"Mundoagropecuario\" \/>\n<meta property=\"article:publisher\" content=\"https:\/\/www.facebook.com\/mundo.agropecuario.3\" \/>\n<meta property=\"article:published_time\" content=\"2018-06-18T13:36:27+00:00\" \/>\n<meta property=\"article:modified_time\" content=\"2018-06-18T13:55:50+00:00\" \/>\n<meta property=\"og:image\" content=\"https:\/\/www.mundoagropecuario.cl\/new\/wp-content\/uploads\/2018\/06\/DSC_0203.jpg\" \/>\n\t<meta property=\"og:image:width\" content=\"900\" \/>\n\t<meta property=\"og:image:height\" content=\"500\" \/>\n\t<meta property=\"og:image:type\" content=\"image\/jpeg\" \/>\n<meta name=\"author\" content=\"periodista\" \/>\n<meta name=\"twitter:card\" content=\"summary_large_image\" \/>\n<meta name=\"twitter:creator\" content=\"@MundoAgropecuar\" \/>\n<meta name=\"twitter:site\" content=\"@MundoAgropecuar\" \/>\n<meta name=\"twitter:label1\" content=\"Escrito por\" \/>\n\t<meta name=\"twitter:data1\" content=\"periodista\" \/>\n\t<meta name=\"twitter:label2\" content=\"Tiempo de lectura\" \/>\n\t<meta name=\"twitter:data2\" content=\"2 minutos\" \/>\n<script type=\"application\/ld+json\" class=\"yoast-schema-graph\">{\"@context\":\"https:\/\/schema.org\",\"@graph\":[{\"@type\":\"Article\",\"@id\":\"https:\/\/www.mundoagropecuario.cl\/new\/tras-seminario-de-fedefruta-y-sago-boom-fruticola-surge-en-la-region-de-los-lagos\/#article\",\"isPartOf\":{\"@id\":\"https:\/\/www.mundoagropecuario.cl\/new\/tras-seminario-de-fedefruta-y-sago-boom-fruticola-surge-en-la-region-de-los-lagos\/\"},\"author\":{\"name\":\"periodista\",\"@id\":\"https:\/\/www.mundoagropecuario.cl\/new\/#\/schema\/person\/0c221050801c74e45256a7a9a1ff0803\"},\"headline\":\"Tras seminario de Fedefruta y SAGO: boom frut\u00edcola surge en la regi\u00f3n de Los Lagos\",\"datePublished\":\"2018-06-18T13:36:27+00:00\",\"dateModified\":\"2018-06-18T13:55:50+00:00\",\"mainEntityOfPage\":{\"@id\":\"https:\/\/www.mundoagropecuario.cl\/new\/tras-seminario-de-fedefruta-y-sago-boom-fruticola-surge-en-la-region-de-los-lagos\/\"},\"wordCount\":375,\"publisher\":{\"@id\":\"https:\/\/www.mundoagropecuario.cl\/new\/#organization\"},\"image\":{\"@id\":\"https:\/\/www.mundoagropecuario.cl\/new\/tras-seminario-de-fedefruta-y-sago-boom-fruticola-surge-en-la-region-de-los-lagos\/#primaryimage\"},\"thumbnailUrl\":\"https:\/\/www.mundoagropecuario.cl\/new\/wp-content\/uploads\/2018\/06\/DSC_0203.jpg\",\"keywords\":[\"Fedefruta\",\"Regi\u00f3n de Los Lagos\",\"Sago\"],\"articleSection\":[\"Frutas\"],\"inLanguage\":\"es\"},{\"@type\":\"WebPage\",\"@id\":\"https:\/\/www.mundoagropecuario.cl\/new\/tras-seminario-de-fedefruta-y-sago-boom-fruticola-surge-en-la-region-de-los-lagos\/\",\"url\":\"https:\/\/www.mundoagropecuario.cl\/new\/tras-seminario-de-fedefruta-y-sago-boom-fruticola-surge-en-la-region-de-los-lagos\/\",\"name\":\"Tras seminario de Fedefruta y SAGO: boom frut\u00edcola surge en la regi\u00f3n de Los Lagos - Mundoagropecuario\",\"isPartOf\":{\"@id\":\"https:\/\/www.mundoagropecuario.cl\/new\/#website\"},\"primaryImageOfPage\":{\"@id\":\"https:\/\/www.mundoagropecuario.cl\/new\/tras-seminario-de-fedefruta-y-sago-boom-fruticola-surge-en-la-region-de-los-lagos\/#primaryimage\"},\"image\":{\"@id\":\"https:\/\/www.mundoagropecuario.cl\/new\/tras-seminario-de-fedefruta-y-sago-boom-fruticola-surge-en-la-region-de-los-lagos\/#primaryimage\"},\"thumbnailUrl\":\"https:\/\/www.mundoagropecuario.cl\/new\/wp-content\/uploads\/2018\/06\/DSC_0203.jpg\",\"datePublished\":\"2018-06-18T13:36:27+00:00\",\"dateModified\":\"2018-06-18T13:55:50+00:00\",\"breadcrumb\":{\"@id\":\"https:\/\/www.mundoagropecuario.cl\/new\/tras-seminario-de-fedefruta-y-sago-boom-fruticola-surge-en-la-region-de-los-lagos\/#breadcrumb\"},\"inLanguage\":\"es\",\"potentialAction\":[{\"@type\":\"ReadAction\",\"target\":[\"https:\/\/www.mundoagropecuario.cl\/new\/tras-seminario-de-fedefruta-y-sago-boom-fruticola-surge-en-la-region-de-los-lagos\/\"]}]},{\"@type\":\"ImageObject\",\"inLanguage\":\"es\",\"@id\":\"https:\/\/www.mundoagropecuario.cl\/new\/tras-seminario-de-fedefruta-y-sago-boom-fruticola-surge-en-la-region-de-los-lagos\/#primaryimage\",\"url\":\"https:\/\/www.mundoagropecuario.cl\/new\/wp-content\/uploads\/2018\/06\/DSC_0203.jpg\",\"contentUrl\":\"https:\/\/www.mundoagropecuario.cl\/new\/wp-content\/uploads\/2018\/06\/DSC_0203.jpg\",\"width\":720,\"height\":400},{\"@type\":\"BreadcrumbList\",\"@id\":\"https:\/\/www.mundoagropecuario.cl\/new\/tras-seminario-de-fedefruta-y-sago-boom-fruticola-surge-en-la-region-de-los-lagos\/#breadcrumb\",\"itemListElement\":[{\"@type\":\"ListItem\",\"position\":1,\"name\":\"Portada\",\"item\":\"https:\/\/www.mundoagropecuario.cl\/new\/\"},{\"@type\":\"ListItem\",\"position\":2,\"name\":\"Tras seminario de Fedefruta y SAGO: boom frut\u00edcola surge en la regi\u00f3n de Los Lagos\"}]},{\"@type\":\"WebSite\",\"@id\":\"https:\/\/www.mundoagropecuario.cl\/new\/#website\",\"url\":\"https:\/\/www.mundoagropecuario.cl\/new\/\",\"name\":\"Mundoagropecuario\",\"description\":\"Mundo Agropecuario\",\"publisher\":{\"@id\":\"https:\/\/www.mundoagropecuario.cl\/new\/#organization\"},\"potentialAction\":[{\"@type\":\"SearchAction\",\"target\":{\"@type\":\"EntryPoint\",\"urlTemplate\":\"https:\/\/www.mundoagropecuario.cl\/new\/?s={search_term_string}\"},\"query-input\":{\"@type\":\"PropertyValueSpecification\",\"valueRequired\":true,\"valueName\":\"search_term_string\"}}],\"inLanguage\":\"es\"},{\"@type\":\"Organization\",\"@id\":\"https:\/\/www.mundoagropecuario.cl\/new\/#organization\",\"name\":\"Revista de Agricultura\",\"url\":\"https:\/\/www.mundoagropecuario.cl\/new\/\",\"logo\":{\"@type\":\"ImageObject\",\"inLanguage\":\"es\",\"@id\":\"https:\/\/www.mundoagropecuario.cl\/new\/#\/schema\/logo\/image\/\",\"url\":\"https:\/\/www.mundoagropecuario.cl\/new\/wp-content\/uploads\/2020\/11\/PORTAL-1-1.png\",\"contentUrl\":\"https:\/\/www.mundoagropecuario.cl\/new\/wp-content\/uploads\/2020\/11\/PORTAL-1-1.png\",\"width\":1026,\"height\":100,\"caption\":\"Revista de Agricultura\"},\"image\":{\"@id\":\"https:\/\/www.mundoagropecuario.cl\/new\/#\/schema\/logo\/image\/\"},\"sameAs\":[\"https:\/\/www.facebook.com\/mundo.agropecuario.3\",\"https:\/\/x.com\/MundoAgropecuar\",\"https:\/\/www.linkedin.com\/in\/mundo-agropecuario-934009201\/\"]},{\"@type\":\"Person\",\"@id\":\"https:\/\/www.mundoagropecuario.cl\/new\/#\/schema\/person\/0c221050801c74e45256a7a9a1ff0803\",\"name\":\"periodista\",\"url\":\"https:\/\/www.mundoagropecuario.cl\/new\/author\/periodista\/\"}]}<\/script>\n<!-- \/ Yoast SEO plugin. -->","yoast_head_json":{"title":"Tras seminario de Fedefruta y SAGO: boom frut\u00edcola surge en la regi\u00f3n de Los Lagos - Mundoagropecuario","robots":{"index":"index","follow":"follow","max-snippet":"max-snippet:-1","max-image-preview":"max-image-preview:large","max-video-preview":"max-video-preview:-1"},"canonical":"https:\/\/www.mundoagropecuario.cl\/new\/tras-seminario-de-fedefruta-y-sago-boom-fruticola-surge-en-la-region-de-los-lagos\/","og_locale":"es_ES","og_type":"article","og_title":"Tras seminario de Fedefruta y SAGO: boom frut\u00edcola surge en la regi\u00f3n de Los Lagos - Mundoagropecuario","og_description":"Entre los factores que impulsan este mayor inter\u00e9s asoman el cambio clim\u00e1tico, especies mejor adaptadas a la humedad y un precio por hect\u00e1rea m\u00e1s conveniente. (El Mercurio). Ya es un...","og_url":"https:\/\/www.mundoagropecuario.cl\/new\/tras-seminario-de-fedefruta-y-sago-boom-fruticola-surge-en-la-region-de-los-lagos\/","og_site_name":"Mundoagropecuario","article_publisher":"https:\/\/www.facebook.com\/mundo.agropecuario.3","article_published_time":"2018-06-18T13:36:27+00:00","article_modified_time":"2018-06-18T13:55:50+00:00","og_image":[{"width":900,"height":500,"url":"https:\/\/www.mundoagropecuario.cl\/new\/wp-content\/uploads\/2018\/06\/DSC_0203.jpg","type":"image\/jpeg"}],"author":"periodista","twitter_card":"summary_large_image","twitter_creator":"@MundoAgropecuar","twitter_site":"@MundoAgropecuar","twitter_misc":{"Escrito por":"periodista","Tiempo de lectura":"2 minutos"},"schema":{"@context":"https:\/\/schema.org","@graph":[{"@type":"Article","@id":"https:\/\/www.mundoagropecuario.cl\/new\/tras-seminario-de-fedefruta-y-sago-boom-fruticola-surge-en-la-region-de-los-lagos\/#article","isPartOf":{"@id":"https:\/\/www.mundoagropecuario.cl\/new\/tras-seminario-de-fedefruta-y-sago-boom-fruticola-surge-en-la-region-de-los-lagos\/"},"author":{"name":"periodista","@id":"https:\/\/www.mundoagropecuario.cl\/new\/#\/schema\/person\/0c221050801c74e45256a7a9a1ff0803"},"headline":"Tras seminario de Fedefruta y SAGO: boom frut\u00edcola surge en la regi\u00f3n de Los Lagos","datePublished":"2018-06-18T13:36:27+00:00","dateModified":"2018-06-18T13:55:50+00:00","mainEntityOfPage":{"@id":"https:\/\/www.mundoagropecuario.cl\/new\/tras-seminario-de-fedefruta-y-sago-boom-fruticola-surge-en-la-region-de-los-lagos\/"},"wordCount":375,"publisher":{"@id":"https:\/\/www.mundoagropecuario.cl\/new\/#organization"},"image":{"@id":"https:\/\/www.mundoagropecuario.cl\/new\/tras-seminario-de-fedefruta-y-sago-boom-fruticola-surge-en-la-region-de-los-lagos\/#primaryimage"},"thumbnailUrl":"https:\/\/www.mundoagropecuario.cl\/new\/wp-content\/uploads\/2018\/06\/DSC_0203.jpg","keywords":["Fedefruta","Regi\u00f3n de Los Lagos","Sago"],"articleSection":["Frutas"],"inLanguage":"es"},{"@type":"WebPage","@id":"https:\/\/www.mundoagropecuario.cl\/new\/tras-seminario-de-fedefruta-y-sago-boom-fruticola-surge-en-la-region-de-los-lagos\/","url":"https:\/\/www.mundoagropecuario.cl\/new\/tras-seminario-de-fedefruta-y-sago-boom-fruticola-surge-en-la-region-de-los-lagos\/","name":"Tras seminario de Fedefruta y SAGO: boom frut\u00edcola surge en la regi\u00f3n de Los Lagos - Mundoagropecuario","isPartOf":{"@id":"https:\/\/www.mundoagropecuario.cl\/new\/#website"},"primaryImageOfPage":{"@id":"https:\/\/www.mundoagropecuario.cl\/new\/tras-seminario-de-fedefruta-y-sago-boom-fruticola-surge-en-la-region-de-los-lagos\/#primaryimage"},"image":{"@id":"https:\/\/www.mundoagropecuario.cl\/new\/tras-seminario-de-fedefruta-y-sago-boom-fruticola-surge-en-la-region-de-los-lagos\/#primaryimage"},"thumbnailUrl":"https:\/\/www.mundoagropecuario.cl\/new\/wp-content\/uploads\/2018\/06\/DSC_0203.jpg","datePublished":"2018-06-18T13:36:27+00:00","dateModified":"2018-06-18T13:55:50+00:00","breadcrumb":{"@id":"https:\/\/www.mundoagropecuario.cl\/new\/tras-seminario-de-fedefruta-y-sago-boom-fruticola-surge-en-la-region-de-los-lagos\/#breadcrumb"},"inLanguage":"es","potentialAction":[{"@type":"ReadAction","target":["https:\/\/www.mundoagropecuario.cl\/new\/tras-seminario-de-fedefruta-y-sago-boom-fruticola-surge-en-la-region-de-los-lagos\/"]}]},{"@type":"ImageObject","inLanguage":"es","@id":"https:\/\/www.mundoagropecuario.cl\/new\/tras-seminario-de-fedefruta-y-sago-boom-fruticola-surge-en-la-region-de-los-lagos\/#primaryimage","url":"https:\/\/www.mundoagropecuario.cl\/new\/wp-content\/uploads\/2018\/06\/DSC_0203.jpg","contentUrl":"https:\/\/www.mundoagropecuario.cl\/new\/wp-content\/uploads\/2018\/06\/DSC_0203.jpg","width":720,"height":400},{"@type":"BreadcrumbList","@id":"https:\/\/www.mundoagropecuario.cl\/new\/tras-seminario-de-fedefruta-y-sago-boom-fruticola-surge-en-la-region-de-los-lagos\/#breadcrumb","itemListElement":[{"@type":"ListItem","position":1,"name":"Portada","item":"https:\/\/www.mundoagropecuario.cl\/new\/"},{"@type":"ListItem","position":2,"name":"Tras seminario de Fedefruta y SAGO: boom frut\u00edcola surge en la regi\u00f3n de Los Lagos"}]},{"@type":"WebSite","@id":"https:\/\/www.mundoagropecuario.cl\/new\/#website","url":"https:\/\/www.mundoagropecuario.cl\/new\/","name":"Mundoagropecuario","description":"Mundo Agropecuario","publisher":{"@id":"https:\/\/www.mundoagropecuario.cl\/new\/#organization"},"potentialAction":[{"@type":"SearchAction","target":{"@type":"EntryPoint","urlTemplate":"https:\/\/www.mundoagropecuario.cl\/new\/?s={search_term_string}"},"query-input":{"@type":"PropertyValueSpecification","valueRequired":true,"valueName":"search_term_string"}}],"inLanguage":"es"},{"@type":"Organization","@id":"https:\/\/www.mundoagropecuario.cl\/new\/#organization","name":"Revista de Agricultura","url":"https:\/\/www.mundoagropecuario.cl\/new\/","logo":{"@type":"ImageObject","inLanguage":"es","@id":"https:\/\/www.mundoagropecuario.cl\/new\/#\/schema\/logo\/image\/","url":"https:\/\/www.mundoagropecuario.cl\/new\/wp-content\/uploads\/2020\/11\/PORTAL-1-1.png","contentUrl":"https:\/\/www.mundoagropecuario.cl\/new\/wp-content\/uploads\/2020\/11\/PORTAL-1-1.png","width":1026,"height":100,"caption":"Revista de Agricultura"},"image":{"@id":"https:\/\/www.mundoagropecuario.cl\/new\/#\/schema\/logo\/image\/"},"sameAs":["https:\/\/www.facebook.com\/mundo.agropecuario.3","https:\/\/x.com\/MundoAgropecuar","https:\/\/www.linkedin.com\/in\/mundo-agropecuario-934009201\/"]},{"@type":"Person","@id":"https:\/\/www.mundoagropecuario.cl\/new\/#\/schema\/person\/0c221050801c74e45256a7a9a1ff0803","name":"periodista","url":"https:\/\/www.mundoagropecuario.cl\/new\/author\/periodista\/"}]}},"_links":{"self":[{"href":"https:\/\/www.mundoagropecuario.cl\/new\/wp-json\/wp\/v2\/posts\/7170","targetHints":{"allow":["GET"]}}],"collection":[{"href":"https:\/\/www.mundoagropecuario.cl\/new\/wp-json\/wp\/v2\/posts"}],"about":[{"href":"https:\/\/www.mundoagropecuario.cl\/new\/wp-json\/wp\/v2\/types\/post"}],"author":[{"embeddable":true,"href":"https:\/\/www.mundoagropecuario.cl\/new\/wp-json\/wp\/v2\/users\/3"}],"replies":[{"embeddable":true,"href":"https:\/\/www.mundoagropecuario.cl\/new\/wp-json\/wp\/v2\/comments?post=7170"}],"version-history":[{"count":2,"href":"https:\/\/www.mundoagropecuario.cl\/new\/wp-json\/wp\/v2\/posts\/7170\/revisions"}],"predecessor-version":[{"id":7176,"href":"https:\/\/www.mundoagropecuario.cl\/new\/wp-json\/wp\/v2\/posts\/7170\/revisions\/7176"}],"wp:featuredmedia":[{"embeddable":true,"href":"https:\/\/www.mundoagropecuario.cl\/new\/wp-json\/wp\/v2\/media\/7171"}],"wp:attachment":[{"href":"https:\/\/www.mundoagropecuario.cl\/new\/wp-json\/wp\/v2\/media?parent=7170"}],"wp:term":[{"taxonomy":"category","embeddable":true,"href":"https:\/\/www.mundoagropecuario.cl\/new\/wp-json\/wp\/v2\/categories?post=7170"},{"taxonomy":"post_tag","embeddable":true,"href":"https:\/\/www.mundoagropecuario.cl\/new\/wp-json\/wp\/v2\/tags?post=7170"}],"curies":[{"name":"wp","href":"https:\/\/api.w.org\/{rel}","templated":true}]}}