{"id":7161,"date":"2018-06-18T10:15:39","date_gmt":"2018-06-18T13:15:39","guid":{"rendered":"http:\/\/www.mundoagropecuario.cl\/new\/?p=7161"},"modified":"2018-06-18T10:15:39","modified_gmt":"2018-06-18T13:15:39","slug":"ministro-walker-las-politicas-publicas-se-hacen-desde-la-region-y-no-solo-por-personajes-iluminados-que-copian-y-pegan-iniciativas","status":"publish","type":"post","link":"https:\/\/www.mundoagropecuario.cl\/new\/ministro-walker-las-politicas-publicas-se-hacen-desde-la-region-y-no-solo-por-personajes-iluminados-que-copian-y-pegan-iniciativas\/","title":{"rendered":"Ministro Walker: \u201cLas pol\u00edticas p\u00fablicas se hacen desde la regi\u00f3n y no solo por personajes iluminados que copian y pegan iniciativas\u201d"},"content":{"rendered":"<blockquote><p><em>Como lo explic\u00f3 el secretario de Estado, la innovaci\u00f3n se ha convertido en un punto clave para el desarrollo, por lo que es necesario fomentar una cultura en torno a la asociatividad y cooperaci\u00f3n entre el sector p\u00fablico y las instituciones. (Mundo Agropecuario).<\/em><\/p><\/blockquote>\n<p>Un llamado a potenciar el desarrollo de las regiones y en particular de las ideas innovadoras realiz\u00f3 el ministro de Agricultura, Antonio Walker, durante su intervenci\u00f3n en la presentaci\u00f3n del libro \u201cInnovaci\u00f3n para el Desarrollo de Territorios Inteligentes\u201d editado por el presidente de la Corporaci\u00f3n de Investigaciones Econ\u00f3micas para Latinoam\u00e9rica (Cieplan), Alejandro Foxley, y el rector de la Universidad de Talca (UTalca), \u00c1lvaro Rojas.<\/p>\n<p>&#8220;Las pol\u00edticas p\u00fablicas se hacen desde la regi\u00f3n, con las personas que est\u00e1n m\u00e1s cerca de la producci\u00f3n, de los problemas reales; desde las ideas m\u00e1s innovadoras y no solo por personajes iluminados que copian y pegan iniciativas que luego quedan en el camino\u201d, enfatiz\u00f3 Walker.<\/p>\n<p>Esta iniciativa contiene una serie de estudios interdisciplinarios que, desde un enfoque regional, buscan aportar al desarrollo nacional, gracias al aporte de destacados especialistas en seminarios organizados por ambas entidades en Santiago y en Talca.<\/p>\n<p>Y es que tal como lo explic\u00f3 el secretario de Estado, la innovaci\u00f3n se ha convertido en un punto clave para el desarrollo, por lo que es necesario fomentar una cultura en torno a la asociatividad y cooperaci\u00f3n entre el sector p\u00fablico y las instituciones responsables de promover la innovaci\u00f3n.<\/p>\n<p>En el detalle el libro tambi\u00e9n contiene experiencias que destacan la innovaci\u00f3n desde los territorios y busca hacer un llamado a los actores de a llevar adelante un proceso gradual de descentralizaci\u00f3n a trav\u00e9s del potenciamiento de los territorios inteligentes.<\/p>\n<p><strong>Encuentro con apicultores<\/strong><\/p>\n<p>Durante su visita a la regi\u00f3n del Maule, el ministro Walker tambi\u00e9n se reuni\u00f3 con agricultores de la cooperativa ap\u00edcola el Quillay, quienes le mostraron las obras de ampliaci\u00f3n y mejoramiento de una bodega financiada gracias a un proyecto Indap-Gore Maule de apoyo a organizaciones campesinas.<\/p>\n<p>Esta ampliaci\u00f3n les permitir\u00e1 mejorar los servicios que presta la cooperativa como lo es el proceso de colocaci\u00f3n de cera nueva en los marcos.<\/p>\n<p>La cooperativa campesina est\u00e1 conformada por 19 cooperados (14 Usuarios de Indap), los cuales suman m\u00e1s de 3500 colmenas en producci\u00f3n, que les permite en la temporada producir m\u00e1s 80.000 kg de miel, los cuales comercializa principalmente con empresas exportadoras.<\/p>\n<p>M\u00e1s tarde la autoridad particip\u00f3 del Consejo Tripartito Regional de Usuarios de la Direcci\u00f3n Regional del Trabajo del Maule, donde se analizaron tem\u00e1ticas referentes al sector agr\u00edcola de cara a la pr\u00f3xima temporada.<\/p>\n","protected":false},"excerpt":{"rendered":"<p>Como lo explic\u00f3 el secretario de Estado, la innovaci\u00f3n se ha convertido en un punto clave para el desarrollo, por lo que es necesario fomentar una cultura en torno a&#8230;<\/p>\n","protected":false},"author":3,"featured_media":7162,"comment_status":"closed","ping_status":"closed","sticky":false,"template":"","format":"standard","meta":{"footnotes":""},"categories":[1987],"tags":[1525,2035],"class_list":["post-7161","post","type-post","status-publish","format-standard","has-post-thumbnail","hentry","category-instituciones","tag-antonio-walker","tag-minagri"],"yoast_head":"<!-- This site is optimized with the Yoast SEO plugin v26.6 - https:\/\/yoast.com\/wordpress\/plugins\/seo\/ -->\n<title>Ministro Walker: \u201cLas pol\u00edticas p\u00fablicas se hacen desde la regi\u00f3n y no solo por personajes iluminados que copian y pegan iniciativas\u201d - Mundoagropecuario<\/title>\n<meta name=\"robots\" content=\"index, follow, max-snippet:-1, max-image-preview:large, max-video-preview:-1\" \/>\n<link rel=\"canonical\" href=\"https:\/\/www.mundoagropecuario.cl\/new\/ministro-walker-las-politicas-publicas-se-hacen-desde-la-region-y-no-solo-por-personajes-iluminados-que-copian-y-pegan-iniciativas\/\" \/>\n<meta property=\"og:locale\" content=\"es_ES\" \/>\n<meta property=\"og:type\" content=\"article\" \/>\n<meta property=\"og:title\" content=\"Ministro Walker: \u201cLas pol\u00edticas p\u00fablicas se hacen desde la regi\u00f3n y no solo por personajes iluminados que copian y pegan iniciativas\u201d - Mundoagropecuario\" \/>\n<meta property=\"og:description\" content=\"Como lo explic\u00f3 el secretario de Estado, la innovaci\u00f3n se ha convertido en un punto clave para el desarrollo, por lo que es necesario fomentar una cultura en torno a...\" \/>\n<meta property=\"og:url\" content=\"https:\/\/www.mundoagropecuario.cl\/new\/ministro-walker-las-politicas-publicas-se-hacen-desde-la-region-y-no-solo-por-personajes-iluminados-que-copian-y-pegan-iniciativas\/\" \/>\n<meta property=\"og:site_name\" content=\"Mundoagropecuario\" \/>\n<meta property=\"article:publisher\" content=\"https:\/\/www.facebook.com\/mundo.agropecuario.3\" \/>\n<meta property=\"article:published_time\" content=\"2018-06-18T13:15:39+00:00\" \/>\n<meta property=\"og:image\" content=\"https:\/\/www.mundoagropecuario.cl\/new\/wp-content\/uploads\/2018\/06\/IMG-20180615-WA0022-1.jpg\" \/>\n\t<meta property=\"og:image:width\" content=\"1000\" \/>\n\t<meta property=\"og:image:height\" content=\"666\" \/>\n\t<meta property=\"og:image:type\" content=\"image\/jpeg\" \/>\n<meta name=\"author\" content=\"periodista\" \/>\n<meta name=\"twitter:card\" content=\"summary_large_image\" \/>\n<meta name=\"twitter:creator\" content=\"@MundoAgropecuar\" \/>\n<meta name=\"twitter:site\" content=\"@MundoAgropecuar\" \/>\n<meta name=\"twitter:label1\" content=\"Escrito por\" \/>\n\t<meta name=\"twitter:data1\" content=\"periodista\" \/>\n\t<meta name=\"twitter:label2\" content=\"Tiempo de lectura\" \/>\n\t<meta name=\"twitter:data2\" content=\"2 minutos\" \/>\n<script type=\"application\/ld+json\" class=\"yoast-schema-graph\">{\"@context\":\"https:\/\/schema.org\",\"@graph\":[{\"@type\":\"Article\",\"@id\":\"https:\/\/www.mundoagropecuario.cl\/new\/ministro-walker-las-politicas-publicas-se-hacen-desde-la-region-y-no-solo-por-personajes-iluminados-que-copian-y-pegan-iniciativas\/#article\",\"isPartOf\":{\"@id\":\"https:\/\/www.mundoagropecuario.cl\/new\/ministro-walker-las-politicas-publicas-se-hacen-desde-la-region-y-no-solo-por-personajes-iluminados-que-copian-y-pegan-iniciativas\/\"},\"author\":{\"name\":\"periodista\",\"@id\":\"https:\/\/www.mundoagropecuario.cl\/new\/#\/schema\/person\/0c221050801c74e45256a7a9a1ff0803\"},\"headline\":\"Ministro Walker: \u201cLas pol\u00edticas p\u00fablicas se hacen desde la regi\u00f3n y no solo por personajes iluminados que copian y pegan iniciativas\u201d\",\"datePublished\":\"2018-06-18T13:15:39+00:00\",\"mainEntityOfPage\":{\"@id\":\"https:\/\/www.mundoagropecuario.cl\/new\/ministro-walker-las-politicas-publicas-se-hacen-desde-la-region-y-no-solo-por-personajes-iluminados-que-copian-y-pegan-iniciativas\/\"},\"wordCount\":482,\"publisher\":{\"@id\":\"https:\/\/www.mundoagropecuario.cl\/new\/#organization\"},\"image\":{\"@id\":\"https:\/\/www.mundoagropecuario.cl\/new\/ministro-walker-las-politicas-publicas-se-hacen-desde-la-region-y-no-solo-por-personajes-iluminados-que-copian-y-pegan-iniciativas\/#primaryimage\"},\"thumbnailUrl\":\"https:\/\/www.mundoagropecuario.cl\/new\/wp-content\/uploads\/2018\/06\/IMG-20180615-WA0022-1.jpg\",\"keywords\":[\"Antonio Walker\",\"Minagri\"],\"articleSection\":[\"Instituciones\"],\"inLanguage\":\"es\"},{\"@type\":\"WebPage\",\"@id\":\"https:\/\/www.mundoagropecuario.cl\/new\/ministro-walker-las-politicas-publicas-se-hacen-desde-la-region-y-no-solo-por-personajes-iluminados-que-copian-y-pegan-iniciativas\/\",\"url\":\"https:\/\/www.mundoagropecuario.cl\/new\/ministro-walker-las-politicas-publicas-se-hacen-desde-la-region-y-no-solo-por-personajes-iluminados-que-copian-y-pegan-iniciativas\/\",\"name\":\"Ministro Walker: \u201cLas pol\u00edticas p\u00fablicas se hacen desde la regi\u00f3n y no solo por personajes iluminados que copian y pegan iniciativas\u201d - Mundoagropecuario\",\"isPartOf\":{\"@id\":\"https:\/\/www.mundoagropecuario.cl\/new\/#website\"},\"primaryImageOfPage\":{\"@id\":\"https:\/\/www.mundoagropecuario.cl\/new\/ministro-walker-las-politicas-publicas-se-hacen-desde-la-region-y-no-solo-por-personajes-iluminados-que-copian-y-pegan-iniciativas\/#primaryimage\"},\"image\":{\"@id\":\"https:\/\/www.mundoagropecuario.cl\/new\/ministro-walker-las-politicas-publicas-se-hacen-desde-la-region-y-no-solo-por-personajes-iluminados-que-copian-y-pegan-iniciativas\/#primaryimage\"},\"thumbnailUrl\":\"https:\/\/www.mundoagropecuario.cl\/new\/wp-content\/uploads\/2018\/06\/IMG-20180615-WA0022-1.jpg\",\"datePublished\":\"2018-06-18T13:15:39+00:00\",\"breadcrumb\":{\"@id\":\"https:\/\/www.mundoagropecuario.cl\/new\/ministro-walker-las-politicas-publicas-se-hacen-desde-la-region-y-no-solo-por-personajes-iluminados-que-copian-y-pegan-iniciativas\/#breadcrumb\"},\"inLanguage\":\"es\",\"potentialAction\":[{\"@type\":\"ReadAction\",\"target\":[\"https:\/\/www.mundoagropecuario.cl\/new\/ministro-walker-las-politicas-publicas-se-hacen-desde-la-region-y-no-solo-por-personajes-iluminados-que-copian-y-pegan-iniciativas\/\"]}]},{\"@type\":\"ImageObject\",\"inLanguage\":\"es\",\"@id\":\"https:\/\/www.mundoagropecuario.cl\/new\/ministro-walker-las-politicas-publicas-se-hacen-desde-la-region-y-no-solo-por-personajes-iluminados-que-copian-y-pegan-iniciativas\/#primaryimage\",\"url\":\"https:\/\/www.mundoagropecuario.cl\/new\/wp-content\/uploads\/2018\/06\/IMG-20180615-WA0022-1.jpg\",\"contentUrl\":\"https:\/\/www.mundoagropecuario.cl\/new\/wp-content\/uploads\/2018\/06\/IMG-20180615-WA0022-1.jpg\",\"width\":601,\"height\":400},{\"@type\":\"BreadcrumbList\",\"@id\":\"https:\/\/www.mundoagropecuario.cl\/new\/ministro-walker-las-politicas-publicas-se-hacen-desde-la-region-y-no-solo-por-personajes-iluminados-que-copian-y-pegan-iniciativas\/#breadcrumb\",\"itemListElement\":[{\"@type\":\"ListItem\",\"position\":1,\"name\":\"Portada\",\"item\":\"https:\/\/www.mundoagropecuario.cl\/new\/\"},{\"@type\":\"ListItem\",\"position\":2,\"name\":\"Ministro Walker: \u201cLas pol\u00edticas p\u00fablicas se hacen desde la regi\u00f3n y no solo por personajes iluminados que copian y pegan iniciativas\u201d\"}]},{\"@type\":\"WebSite\",\"@id\":\"https:\/\/www.mundoagropecuario.cl\/new\/#website\",\"url\":\"https:\/\/www.mundoagropecuario.cl\/new\/\",\"name\":\"Mundoagropecuario\",\"description\":\"Mundo Agropecuario\",\"publisher\":{\"@id\":\"https:\/\/www.mundoagropecuario.cl\/new\/#organization\"},\"potentialAction\":[{\"@type\":\"SearchAction\",\"target\":{\"@type\":\"EntryPoint\",\"urlTemplate\":\"https:\/\/www.mundoagropecuario.cl\/new\/?s={search_term_string}\"},\"query-input\":{\"@type\":\"PropertyValueSpecification\",\"valueRequired\":true,\"valueName\":\"search_term_string\"}}],\"inLanguage\":\"es\"},{\"@type\":\"Organization\",\"@id\":\"https:\/\/www.mundoagropecuario.cl\/new\/#organization\",\"name\":\"Revista de Agricultura\",\"url\":\"https:\/\/www.mundoagropecuario.cl\/new\/\",\"logo\":{\"@type\":\"ImageObject\",\"inLanguage\":\"es\",\"@id\":\"https:\/\/www.mundoagropecuario.cl\/new\/#\/schema\/logo\/image\/\",\"url\":\"https:\/\/www.mundoagropecuario.cl\/new\/wp-content\/uploads\/2020\/11\/PORTAL-1-1.png\",\"contentUrl\":\"https:\/\/www.mundoagropecuario.cl\/new\/wp-content\/uploads\/2020\/11\/PORTAL-1-1.png\",\"width\":1026,\"height\":100,\"caption\":\"Revista de Agricultura\"},\"image\":{\"@id\":\"https:\/\/www.mundoagropecuario.cl\/new\/#\/schema\/logo\/image\/\"},\"sameAs\":[\"https:\/\/www.facebook.com\/mundo.agropecuario.3\",\"https:\/\/x.com\/MundoAgropecuar\",\"https:\/\/www.linkedin.com\/in\/mundo-agropecuario-934009201\/\"]},{\"@type\":\"Person\",\"@id\":\"https:\/\/www.mundoagropecuario.cl\/new\/#\/schema\/person\/0c221050801c74e45256a7a9a1ff0803\",\"name\":\"periodista\",\"url\":\"https:\/\/www.mundoagropecuario.cl\/new\/author\/periodista\/\"}]}<\/script>\n<!-- \/ Yoast SEO plugin. -->","yoast_head_json":{"title":"Ministro Walker: \u201cLas pol\u00edticas p\u00fablicas se hacen desde la regi\u00f3n y no solo por personajes iluminados que copian y pegan iniciativas\u201d - Mundoagropecuario","robots":{"index":"index","follow":"follow","max-snippet":"max-snippet:-1","max-image-preview":"max-image-preview:large","max-video-preview":"max-video-preview:-1"},"canonical":"https:\/\/www.mundoagropecuario.cl\/new\/ministro-walker-las-politicas-publicas-se-hacen-desde-la-region-y-no-solo-por-personajes-iluminados-que-copian-y-pegan-iniciativas\/","og_locale":"es_ES","og_type":"article","og_title":"Ministro Walker: \u201cLas pol\u00edticas p\u00fablicas se hacen desde la regi\u00f3n y no solo por personajes iluminados que copian y pegan iniciativas\u201d - Mundoagropecuario","og_description":"Como lo explic\u00f3 el secretario de Estado, la innovaci\u00f3n se ha convertido en un punto clave para el desarrollo, por lo que es necesario fomentar una cultura en torno a...","og_url":"https:\/\/www.mundoagropecuario.cl\/new\/ministro-walker-las-politicas-publicas-se-hacen-desde-la-region-y-no-solo-por-personajes-iluminados-que-copian-y-pegan-iniciativas\/","og_site_name":"Mundoagropecuario","article_publisher":"https:\/\/www.facebook.com\/mundo.agropecuario.3","article_published_time":"2018-06-18T13:15:39+00:00","og_image":[{"width":1000,"height":666,"url":"https:\/\/www.mundoagropecuario.cl\/new\/wp-content\/uploads\/2018\/06\/IMG-20180615-WA0022-1.jpg","type":"image\/jpeg"}],"author":"periodista","twitter_card":"summary_large_image","twitter_creator":"@MundoAgropecuar","twitter_site":"@MundoAgropecuar","twitter_misc":{"Escrito por":"periodista","Tiempo de lectura":"2 minutos"},"schema":{"@context":"https:\/\/schema.org","@graph":[{"@type":"Article","@id":"https:\/\/www.mundoagropecuario.cl\/new\/ministro-walker-las-politicas-publicas-se-hacen-desde-la-region-y-no-solo-por-personajes-iluminados-que-copian-y-pegan-iniciativas\/#article","isPartOf":{"@id":"https:\/\/www.mundoagropecuario.cl\/new\/ministro-walker-las-politicas-publicas-se-hacen-desde-la-region-y-no-solo-por-personajes-iluminados-que-copian-y-pegan-iniciativas\/"},"author":{"name":"periodista","@id":"https:\/\/www.mundoagropecuario.cl\/new\/#\/schema\/person\/0c221050801c74e45256a7a9a1ff0803"},"headline":"Ministro Walker: \u201cLas pol\u00edticas p\u00fablicas se hacen desde la regi\u00f3n y no solo por personajes iluminados que copian y pegan iniciativas\u201d","datePublished":"2018-06-18T13:15:39+00:00","mainEntityOfPage":{"@id":"https:\/\/www.mundoagropecuario.cl\/new\/ministro-walker-las-politicas-publicas-se-hacen-desde-la-region-y-no-solo-por-personajes-iluminados-que-copian-y-pegan-iniciativas\/"},"wordCount":482,"publisher":{"@id":"https:\/\/www.mundoagropecuario.cl\/new\/#organization"},"image":{"@id":"https:\/\/www.mundoagropecuario.cl\/new\/ministro-walker-las-politicas-publicas-se-hacen-desde-la-region-y-no-solo-por-personajes-iluminados-que-copian-y-pegan-iniciativas\/#primaryimage"},"thumbnailUrl":"https:\/\/www.mundoagropecuario.cl\/new\/wp-content\/uploads\/2018\/06\/IMG-20180615-WA0022-1.jpg","keywords":["Antonio Walker","Minagri"],"articleSection":["Instituciones"],"inLanguage":"es"},{"@type":"WebPage","@id":"https:\/\/www.mundoagropecuario.cl\/new\/ministro-walker-las-politicas-publicas-se-hacen-desde-la-region-y-no-solo-por-personajes-iluminados-que-copian-y-pegan-iniciativas\/","url":"https:\/\/www.mundoagropecuario.cl\/new\/ministro-walker-las-politicas-publicas-se-hacen-desde-la-region-y-no-solo-por-personajes-iluminados-que-copian-y-pegan-iniciativas\/","name":"Ministro Walker: \u201cLas pol\u00edticas p\u00fablicas se hacen desde la regi\u00f3n y no solo por personajes iluminados que copian y pegan iniciativas\u201d - Mundoagropecuario","isPartOf":{"@id":"https:\/\/www.mundoagropecuario.cl\/new\/#website"},"primaryImageOfPage":{"@id":"https:\/\/www.mundoagropecuario.cl\/new\/ministro-walker-las-politicas-publicas-se-hacen-desde-la-region-y-no-solo-por-personajes-iluminados-que-copian-y-pegan-iniciativas\/#primaryimage"},"image":{"@id":"https:\/\/www.mundoagropecuario.cl\/new\/ministro-walker-las-politicas-publicas-se-hacen-desde-la-region-y-no-solo-por-personajes-iluminados-que-copian-y-pegan-iniciativas\/#primaryimage"},"thumbnailUrl":"https:\/\/www.mundoagropecuario.cl\/new\/wp-content\/uploads\/2018\/06\/IMG-20180615-WA0022-1.jpg","datePublished":"2018-06-18T13:15:39+00:00","breadcrumb":{"@id":"https:\/\/www.mundoagropecuario.cl\/new\/ministro-walker-las-politicas-publicas-se-hacen-desde-la-region-y-no-solo-por-personajes-iluminados-que-copian-y-pegan-iniciativas\/#breadcrumb"},"inLanguage":"es","potentialAction":[{"@type":"ReadAction","target":["https:\/\/www.mundoagropecuario.cl\/new\/ministro-walker-las-politicas-publicas-se-hacen-desde-la-region-y-no-solo-por-personajes-iluminados-que-copian-y-pegan-iniciativas\/"]}]},{"@type":"ImageObject","inLanguage":"es","@id":"https:\/\/www.mundoagropecuario.cl\/new\/ministro-walker-las-politicas-publicas-se-hacen-desde-la-region-y-no-solo-por-personajes-iluminados-que-copian-y-pegan-iniciativas\/#primaryimage","url":"https:\/\/www.mundoagropecuario.cl\/new\/wp-content\/uploads\/2018\/06\/IMG-20180615-WA0022-1.jpg","contentUrl":"https:\/\/www.mundoagropecuario.cl\/new\/wp-content\/uploads\/2018\/06\/IMG-20180615-WA0022-1.jpg","width":601,"height":400},{"@type":"BreadcrumbList","@id":"https:\/\/www.mundoagropecuario.cl\/new\/ministro-walker-las-politicas-publicas-se-hacen-desde-la-region-y-no-solo-por-personajes-iluminados-que-copian-y-pegan-iniciativas\/#breadcrumb","itemListElement":[{"@type":"ListItem","position":1,"name":"Portada","item":"https:\/\/www.mundoagropecuario.cl\/new\/"},{"@type":"ListItem","position":2,"name":"Ministro Walker: \u201cLas pol\u00edticas p\u00fablicas se hacen desde la regi\u00f3n y no solo por personajes iluminados que copian y pegan iniciativas\u201d"}]},{"@type":"WebSite","@id":"https:\/\/www.mundoagropecuario.cl\/new\/#website","url":"https:\/\/www.mundoagropecuario.cl\/new\/","name":"Mundoagropecuario","description":"Mundo Agropecuario","publisher":{"@id":"https:\/\/www.mundoagropecuario.cl\/new\/#organization"},"potentialAction":[{"@type":"SearchAction","target":{"@type":"EntryPoint","urlTemplate":"https:\/\/www.mundoagropecuario.cl\/new\/?s={search_term_string}"},"query-input":{"@type":"PropertyValueSpecification","valueRequired":true,"valueName":"search_term_string"}}],"inLanguage":"es"},{"@type":"Organization","@id":"https:\/\/www.mundoagropecuario.cl\/new\/#organization","name":"Revista de Agricultura","url":"https:\/\/www.mundoagropecuario.cl\/new\/","logo":{"@type":"ImageObject","inLanguage":"es","@id":"https:\/\/www.mundoagropecuario.cl\/new\/#\/schema\/logo\/image\/","url":"https:\/\/www.mundoagropecuario.cl\/new\/wp-content\/uploads\/2020\/11\/PORTAL-1-1.png","contentUrl":"https:\/\/www.mundoagropecuario.cl\/new\/wp-content\/uploads\/2020\/11\/PORTAL-1-1.png","width":1026,"height":100,"caption":"Revista de Agricultura"},"image":{"@id":"https:\/\/www.mundoagropecuario.cl\/new\/#\/schema\/logo\/image\/"},"sameAs":["https:\/\/www.facebook.com\/mundo.agropecuario.3","https:\/\/x.com\/MundoAgropecuar","https:\/\/www.linkedin.com\/in\/mundo-agropecuario-934009201\/"]},{"@type":"Person","@id":"https:\/\/www.mundoagropecuario.cl\/new\/#\/schema\/person\/0c221050801c74e45256a7a9a1ff0803","name":"periodista","url":"https:\/\/www.mundoagropecuario.cl\/new\/author\/periodista\/"}]}},"_links":{"self":[{"href":"https:\/\/www.mundoagropecuario.cl\/new\/wp-json\/wp\/v2\/posts\/7161","targetHints":{"allow":["GET"]}}],"collection":[{"href":"https:\/\/www.mundoagropecuario.cl\/new\/wp-json\/wp\/v2\/posts"}],"about":[{"href":"https:\/\/www.mundoagropecuario.cl\/new\/wp-json\/wp\/v2\/types\/post"}],"author":[{"embeddable":true,"href":"https:\/\/www.mundoagropecuario.cl\/new\/wp-json\/wp\/v2\/users\/3"}],"replies":[{"embeddable":true,"href":"https:\/\/www.mundoagropecuario.cl\/new\/wp-json\/wp\/v2\/comments?post=7161"}],"version-history":[{"count":1,"href":"https:\/\/www.mundoagropecuario.cl\/new\/wp-json\/wp\/v2\/posts\/7161\/revisions"}],"predecessor-version":[{"id":7163,"href":"https:\/\/www.mundoagropecuario.cl\/new\/wp-json\/wp\/v2\/posts\/7161\/revisions\/7163"}],"wp:featuredmedia":[{"embeddable":true,"href":"https:\/\/www.mundoagropecuario.cl\/new\/wp-json\/wp\/v2\/media\/7162"}],"wp:attachment":[{"href":"https:\/\/www.mundoagropecuario.cl\/new\/wp-json\/wp\/v2\/media?parent=7161"}],"wp:term":[{"taxonomy":"category","embeddable":true,"href":"https:\/\/www.mundoagropecuario.cl\/new\/wp-json\/wp\/v2\/categories?post=7161"},{"taxonomy":"post_tag","embeddable":true,"href":"https:\/\/www.mundoagropecuario.cl\/new\/wp-json\/wp\/v2\/tags?post=7161"}],"curies":[{"name":"wp","href":"https:\/\/api.w.org\/{rel}","templated":true}]}}