{"id":7109,"date":"2018-06-15T10:13:30","date_gmt":"2018-06-15T13:13:30","guid":{"rendered":"http:\/\/www.mundoagropecuario.cl\/new\/?p=7109"},"modified":"2018-06-18T11:27:08","modified_gmt":"2018-06-18T14:27:08","slug":"luis-schmidt-presidente-de-fedefruta-hemos-traido-un-mensaje-de-realidad-sobre-lo-que-esta-ocurriendo-en-la-region-de-los-lagos","status":"publish","type":"post","link":"https:\/\/www.mundoagropecuario.cl\/new\/luis-schmidt-presidente-de-fedefruta-hemos-traido-un-mensaje-de-realidad-sobre-lo-que-esta-ocurriendo-en-la-region-de-los-lagos\/","title":{"rendered":"Luis Schmidt, presidente de Fedefruta: \u201cHemos tra\u00eddo un mensaje de realidad sobre lo que est\u00e1 ocurriendo en la regi\u00f3n de Los Lagos\u201d"},"content":{"rendered":"<blockquote><p><em>Una gran cantidad de productores concurri\u00f3 al Encuentro Regional Frut\u00edcola organizado por Fedefruta y SAGO A.G., el que arroj\u00f3 dentro de sus conclusiones una importante proyecci\u00f3n de crecimiento para avellano europeo, cerezos, ar\u00e1ndanos y tambi\u00e9n para rubros emergentes, como maqui, nogales y frambuesas. (Mundo Agropecuario).<\/em><\/p><\/blockquote>\n<p>\u201cUn mensaje de realidad\u201d respecto de lo que est\u00e1 ocurriendo en la Regi\u00f3n de Los Lagos dej\u00f3 a los productores de la zona el presidente de la Federaci\u00f3n Nacional de Productores de Fruta (Fedefruta), Luis Schmidt, en el marco del ciclo de Encuentros Regionales de Productores Frut\u00edcolas que, en su versi\u00f3n realizada en Osorno, cont\u00f3 con el respaldo de la Sociedad Agr\u00edcola y Ganadera de Osorno, SAGO A.G.<\/p>\n<p>\u201cCuando uno ve que en dos a\u00f1os se han duplicado las plantaciones y que aquello va a continuar, nos damos cuenta de que ha crecido la frontera frut\u00edcola de Chile. Seg\u00fan estad\u00edsticas oficiales, en 2016 hab\u00eda 60 hect\u00e1reas de cerezas y hoy, 800. Asimismo, los avellanos europeos pasaron de 300 a mil. Y si bien decrecieron las plantaciones de ar\u00e1ndanos, ya volvieron a sus niveles m\u00e1ximos de hace algunos a\u00f1os: m\u00e1s de 1.000 hect\u00e1reas. Por ello, vemos que esto va a seguir y se van a desarrollar, adem\u00e1s, las frambuesas, los nogales y el maqui, que tienen gran futuro en la zona\u201d, explic\u00f3 Schmidt.<\/p>\n<p>El presidente de Fedefruta agradeci\u00f3 a SAGO A.G. por la realizaci\u00f3n de este seminario, porque permite exhibir lo que est\u00e1 ocurriendo. \u201cDemuestra que hay oportunidades que se abren para los agricultores de la zona\u201d, asegur\u00f3.<\/p>\n<p>Durante las exposiciones del encuentro, desarrollado en el Recinto SAGO con una alta participaci\u00f3n de socios del gremio y productores en general, se concluy\u00f3 que hay una serie de factores que est\u00e1 incidiendo en el \u201cboom frut\u00edcola\u201d de esta zona del sur del pa\u00eds, siendo el primero de ellos el cambio clim\u00e1tico. Junto con lo anterior, hay especies y variedades mejor adaptadas a la humedad y un precio por hect\u00e1rea m\u00e1s viable para la inversi\u00f3n.<\/p>\n<p>\u201cSi ustedes tienen las ventajas comparativas, es mejor que las aprovechen ahora antes de que lo hagan otros. Pa\u00edses como China, Indonesia e India, que cuentan con una gran poblaci\u00f3n y que no consum\u00edan estos productos, se est\u00e1n occidentalizando, pero si no entienden aquello, no se van a poder apropiar de estas oportunidades. El sector frut\u00edcola tiene hoy rentabilidades mayores que la ganader\u00eda\u201d, explic\u00f3 Schmidt.<\/p>\n<p>Entre los c\u00e1lculos que maneja Fedefruta, se estima que, en el corto plazo, las cerezas pueden llegar a abarcar 6 mil hect\u00e1reas del territorio, el avellano europeo 5 mil y los ar\u00e1ndanos 1.500, a lo que se debe agregar luego el desarrollo potencial de las frambuesas, maqui y nogales.<\/p>\n<p>Camilo Scoco, gerente general de Agrichile, indic\u00f3 que el potencial en materia de avellanos europeos es ilimitado en la zona. \u201cEn el corto plazo, hablar de 5 mil hect\u00e1reas para esta regi\u00f3n y 60 mil a nivel nacional es razonable. China a futuro es un gran mercado para Chile que permite sustentar el crecimiento. El pa\u00eds tiene buenos niveles de producci\u00f3n y calidad por hect\u00e1rea\u201d, afirm\u00f3.<\/p>\n<p>A juicio del director de SAGO A.G., Cristi\u00e1n Parra, la proyecci\u00f3n puede ser mayor, ya que los R\u00edos y Los Lagos llegar\u00edan muy pronto a 30 mil hect\u00e1reas. \u201cQue Fedefruta haya venido hasta ac\u00e1 y elegido a nuestro gremio como trampol\u00edn, muestra que la zona sur puede diversificar abri\u00e9ndose a nuevos rubros, ya que tenemos caracter\u00edsticas de clima, suelo, inocuidad y agua\u201d, asegur\u00f3.<\/p>\n<p>Agreg\u00f3 que \u201clas proyecciones son interesant\u00edsimas y los ojos de los inversionistas est\u00e1n puestos ac\u00e1. Si Agrichile considera que podemos llegar a 60 mil hect\u00e1reas s\u00f3lo de avellano europeo, nos quedamos muy satisfechos al darnos cuenta de que nuestros asociados tienen a la mano alternativas importantes para analizar. En el a\u00f1o 2000 partimos muy pocos y hoy vemos un rubro consolidado con much\u00edsimo potencial de crecimiento\u201d.<\/p>\n<p>Finalmente, durante el seminario se explic\u00f3, adem\u00e1s, que la fruticultura constituye tambi\u00e9n una oportunidad para los productores de la agricultura familiar campesina y medianos propietarios que cuentan con extensiones reducidas de terreno para el desarrollo de la ganader\u00eda, pero que resultan, sin embargo, muy adecuadas para ar\u00e1ndanos, avellanos y cerezos, entre otros. \u201cHay que hacer un Colun de la fruta buscando mecanismos que permitan asociar a productores m\u00e1s chicos, para aprovechar las ventajas que se est\u00e1n dando en el mercado internacional, donde partimos primero que otros competidores y que hoy reporta a la econom\u00eda del pa\u00eds m\u00e1s de 5.500 millones de d\u00f3lares\u201d, concluy\u00f3 el presidente de Fedefruta.<\/p>\n","protected":false},"excerpt":{"rendered":"<p>Una gran cantidad de productores concurri\u00f3 al Encuentro Regional Frut\u00edcola organizado por Fedefruta y SAGO A.G., el que arroj\u00f3 dentro de sus conclusiones una importante proyecci\u00f3n de crecimiento para avellano&#8230;<\/p>\n","protected":false},"author":3,"featured_media":7110,"comment_status":"closed","ping_status":"closed","sticky":false,"template":"","format":"standard","meta":{"footnotes":""},"categories":[1986],"tags":[2095,2103],"class_list":["post-7109","post","type-post","status-publish","format-standard","has-post-thumbnail","hentry","category-frutas","tag-fedefruta","tag-sago-a-g"],"yoast_head":"<!-- This site is optimized with the Yoast SEO plugin v26.6 - https:\/\/yoast.com\/wordpress\/plugins\/seo\/ -->\n<title>Luis Schmidt, presidente de Fedefruta: \u201cHemos tra\u00eddo un mensaje de realidad sobre lo que est\u00e1 ocurriendo en la regi\u00f3n de Los Lagos\u201d - Mundoagropecuario<\/title>\n<meta name=\"robots\" content=\"index, follow, max-snippet:-1, max-image-preview:large, max-video-preview:-1\" \/>\n<link rel=\"canonical\" href=\"https:\/\/www.mundoagropecuario.cl\/new\/luis-schmidt-presidente-de-fedefruta-hemos-traido-un-mensaje-de-realidad-sobre-lo-que-esta-ocurriendo-en-la-region-de-los-lagos\/\" \/>\n<meta property=\"og:locale\" content=\"es_ES\" \/>\n<meta property=\"og:type\" content=\"article\" \/>\n<meta property=\"og:title\" content=\"Luis Schmidt, presidente de Fedefruta: \u201cHemos tra\u00eddo un mensaje de realidad sobre lo que est\u00e1 ocurriendo en la regi\u00f3n de Los Lagos\u201d - Mundoagropecuario\" \/>\n<meta property=\"og:description\" content=\"Una gran cantidad de productores concurri\u00f3 al Encuentro Regional Frut\u00edcola organizado por Fedefruta y SAGO A.G., el que arroj\u00f3 dentro de sus conclusiones una importante proyecci\u00f3n de crecimiento para avellano...\" \/>\n<meta property=\"og:url\" content=\"https:\/\/www.mundoagropecuario.cl\/new\/luis-schmidt-presidente-de-fedefruta-hemos-traido-un-mensaje-de-realidad-sobre-lo-que-esta-ocurriendo-en-la-region-de-los-lagos\/\" \/>\n<meta property=\"og:site_name\" content=\"Mundoagropecuario\" \/>\n<meta property=\"article:publisher\" content=\"https:\/\/www.facebook.com\/mundo.agropecuario.3\" \/>\n<meta property=\"article:published_time\" content=\"2018-06-15T13:13:30+00:00\" \/>\n<meta property=\"article:modified_time\" content=\"2018-06-18T14:27:08+00:00\" \/>\n<meta property=\"og:image\" content=\"https:\/\/www.mundoagropecuario.cl\/new\/wp-content\/uploads\/2018\/06\/seleccionada.jpg\" \/>\n\t<meta property=\"og:image:width\" content=\"1000\" \/>\n\t<meta property=\"og:image:height\" content=\"663\" \/>\n\t<meta property=\"og:image:type\" content=\"image\/jpeg\" \/>\n<meta name=\"author\" content=\"periodista\" \/>\n<meta name=\"twitter:card\" content=\"summary_large_image\" \/>\n<meta name=\"twitter:creator\" content=\"@MundoAgropecuar\" \/>\n<meta name=\"twitter:site\" content=\"@MundoAgropecuar\" \/>\n<meta name=\"twitter:label1\" content=\"Escrito por\" \/>\n\t<meta name=\"twitter:data1\" content=\"periodista\" \/>\n\t<meta name=\"twitter:label2\" content=\"Tiempo de lectura\" \/>\n\t<meta name=\"twitter:data2\" content=\"4 minutos\" \/>\n<script type=\"application\/ld+json\" class=\"yoast-schema-graph\">{\"@context\":\"https:\/\/schema.org\",\"@graph\":[{\"@type\":\"Article\",\"@id\":\"https:\/\/www.mundoagropecuario.cl\/new\/luis-schmidt-presidente-de-fedefruta-hemos-traido-un-mensaje-de-realidad-sobre-lo-que-esta-ocurriendo-en-la-region-de-los-lagos\/#article\",\"isPartOf\":{\"@id\":\"https:\/\/www.mundoagropecuario.cl\/new\/luis-schmidt-presidente-de-fedefruta-hemos-traido-un-mensaje-de-realidad-sobre-lo-que-esta-ocurriendo-en-la-region-de-los-lagos\/\"},\"author\":{\"name\":\"periodista\",\"@id\":\"https:\/\/www.mundoagropecuario.cl\/new\/#\/schema\/person\/0c221050801c74e45256a7a9a1ff0803\"},\"headline\":\"Luis Schmidt, presidente de Fedefruta: \u201cHemos tra\u00eddo un mensaje de realidad sobre lo que est\u00e1 ocurriendo en la regi\u00f3n de Los Lagos\u201d\",\"datePublished\":\"2018-06-15T13:13:30+00:00\",\"dateModified\":\"2018-06-18T14:27:08+00:00\",\"mainEntityOfPage\":{\"@id\":\"https:\/\/www.mundoagropecuario.cl\/new\/luis-schmidt-presidente-de-fedefruta-hemos-traido-un-mensaje-de-realidad-sobre-lo-que-esta-ocurriendo-en-la-region-de-los-lagos\/\"},\"wordCount\":824,\"publisher\":{\"@id\":\"https:\/\/www.mundoagropecuario.cl\/new\/#organization\"},\"image\":{\"@id\":\"https:\/\/www.mundoagropecuario.cl\/new\/luis-schmidt-presidente-de-fedefruta-hemos-traido-un-mensaje-de-realidad-sobre-lo-que-esta-ocurriendo-en-la-region-de-los-lagos\/#primaryimage\"},\"thumbnailUrl\":\"https:\/\/www.mundoagropecuario.cl\/new\/wp-content\/uploads\/2018\/06\/seleccionada.jpg\",\"keywords\":[\"Fedefruta\",\"SAGO A.G.\"],\"articleSection\":[\"Frutas\"],\"inLanguage\":\"es\"},{\"@type\":\"WebPage\",\"@id\":\"https:\/\/www.mundoagropecuario.cl\/new\/luis-schmidt-presidente-de-fedefruta-hemos-traido-un-mensaje-de-realidad-sobre-lo-que-esta-ocurriendo-en-la-region-de-los-lagos\/\",\"url\":\"https:\/\/www.mundoagropecuario.cl\/new\/luis-schmidt-presidente-de-fedefruta-hemos-traido-un-mensaje-de-realidad-sobre-lo-que-esta-ocurriendo-en-la-region-de-los-lagos\/\",\"name\":\"Luis Schmidt, presidente de Fedefruta: \u201cHemos tra\u00eddo un mensaje de realidad sobre lo que est\u00e1 ocurriendo en la regi\u00f3n de Los Lagos\u201d - Mundoagropecuario\",\"isPartOf\":{\"@id\":\"https:\/\/www.mundoagropecuario.cl\/new\/#website\"},\"primaryImageOfPage\":{\"@id\":\"https:\/\/www.mundoagropecuario.cl\/new\/luis-schmidt-presidente-de-fedefruta-hemos-traido-un-mensaje-de-realidad-sobre-lo-que-esta-ocurriendo-en-la-region-de-los-lagos\/#primaryimage\"},\"image\":{\"@id\":\"https:\/\/www.mundoagropecuario.cl\/new\/luis-schmidt-presidente-de-fedefruta-hemos-traido-un-mensaje-de-realidad-sobre-lo-que-esta-ocurriendo-en-la-region-de-los-lagos\/#primaryimage\"},\"thumbnailUrl\":\"https:\/\/www.mundoagropecuario.cl\/new\/wp-content\/uploads\/2018\/06\/seleccionada.jpg\",\"datePublished\":\"2018-06-15T13:13:30+00:00\",\"dateModified\":\"2018-06-18T14:27:08+00:00\",\"breadcrumb\":{\"@id\":\"https:\/\/www.mundoagropecuario.cl\/new\/luis-schmidt-presidente-de-fedefruta-hemos-traido-un-mensaje-de-realidad-sobre-lo-que-esta-ocurriendo-en-la-region-de-los-lagos\/#breadcrumb\"},\"inLanguage\":\"es\",\"potentialAction\":[{\"@type\":\"ReadAction\",\"target\":[\"https:\/\/www.mundoagropecuario.cl\/new\/luis-schmidt-presidente-de-fedefruta-hemos-traido-un-mensaje-de-realidad-sobre-lo-que-esta-ocurriendo-en-la-region-de-los-lagos\/\"]}]},{\"@type\":\"ImageObject\",\"inLanguage\":\"es\",\"@id\":\"https:\/\/www.mundoagropecuario.cl\/new\/luis-schmidt-presidente-de-fedefruta-hemos-traido-un-mensaje-de-realidad-sobre-lo-que-esta-ocurriendo-en-la-region-de-los-lagos\/#primaryimage\",\"url\":\"https:\/\/www.mundoagropecuario.cl\/new\/wp-content\/uploads\/2018\/06\/seleccionada.jpg\",\"contentUrl\":\"https:\/\/www.mundoagropecuario.cl\/new\/wp-content\/uploads\/2018\/06\/seleccionada.jpg\",\"width\":603,\"height\":400},{\"@type\":\"BreadcrumbList\",\"@id\":\"https:\/\/www.mundoagropecuario.cl\/new\/luis-schmidt-presidente-de-fedefruta-hemos-traido-un-mensaje-de-realidad-sobre-lo-que-esta-ocurriendo-en-la-region-de-los-lagos\/#breadcrumb\",\"itemListElement\":[{\"@type\":\"ListItem\",\"position\":1,\"name\":\"Portada\",\"item\":\"https:\/\/www.mundoagropecuario.cl\/new\/\"},{\"@type\":\"ListItem\",\"position\":2,\"name\":\"Luis Schmidt, presidente de Fedefruta: \u201cHemos tra\u00eddo un mensaje de realidad sobre lo que est\u00e1 ocurriendo en la regi\u00f3n de Los Lagos\u201d\"}]},{\"@type\":\"WebSite\",\"@id\":\"https:\/\/www.mundoagropecuario.cl\/new\/#website\",\"url\":\"https:\/\/www.mundoagropecuario.cl\/new\/\",\"name\":\"Mundoagropecuario\",\"description\":\"Mundo Agropecuario\",\"publisher\":{\"@id\":\"https:\/\/www.mundoagropecuario.cl\/new\/#organization\"},\"potentialAction\":[{\"@type\":\"SearchAction\",\"target\":{\"@type\":\"EntryPoint\",\"urlTemplate\":\"https:\/\/www.mundoagropecuario.cl\/new\/?s={search_term_string}\"},\"query-input\":{\"@type\":\"PropertyValueSpecification\",\"valueRequired\":true,\"valueName\":\"search_term_string\"}}],\"inLanguage\":\"es\"},{\"@type\":\"Organization\",\"@id\":\"https:\/\/www.mundoagropecuario.cl\/new\/#organization\",\"name\":\"Revista de Agricultura\",\"url\":\"https:\/\/www.mundoagropecuario.cl\/new\/\",\"logo\":{\"@type\":\"ImageObject\",\"inLanguage\":\"es\",\"@id\":\"https:\/\/www.mundoagropecuario.cl\/new\/#\/schema\/logo\/image\/\",\"url\":\"https:\/\/www.mundoagropecuario.cl\/new\/wp-content\/uploads\/2020\/11\/PORTAL-1-1.png\",\"contentUrl\":\"https:\/\/www.mundoagropecuario.cl\/new\/wp-content\/uploads\/2020\/11\/PORTAL-1-1.png\",\"width\":1026,\"height\":100,\"caption\":\"Revista de Agricultura\"},\"image\":{\"@id\":\"https:\/\/www.mundoagropecuario.cl\/new\/#\/schema\/logo\/image\/\"},\"sameAs\":[\"https:\/\/www.facebook.com\/mundo.agropecuario.3\",\"https:\/\/x.com\/MundoAgropecuar\",\"https:\/\/www.linkedin.com\/in\/mundo-agropecuario-934009201\/\"]},{\"@type\":\"Person\",\"@id\":\"https:\/\/www.mundoagropecuario.cl\/new\/#\/schema\/person\/0c221050801c74e45256a7a9a1ff0803\",\"name\":\"periodista\",\"url\":\"https:\/\/www.mundoagropecuario.cl\/new\/author\/periodista\/\"}]}<\/script>\n<!-- \/ Yoast SEO plugin. -->","yoast_head_json":{"title":"Luis Schmidt, presidente de Fedefruta: \u201cHemos tra\u00eddo un mensaje de realidad sobre lo que est\u00e1 ocurriendo en la regi\u00f3n de Los Lagos\u201d - Mundoagropecuario","robots":{"index":"index","follow":"follow","max-snippet":"max-snippet:-1","max-image-preview":"max-image-preview:large","max-video-preview":"max-video-preview:-1"},"canonical":"https:\/\/www.mundoagropecuario.cl\/new\/luis-schmidt-presidente-de-fedefruta-hemos-traido-un-mensaje-de-realidad-sobre-lo-que-esta-ocurriendo-en-la-region-de-los-lagos\/","og_locale":"es_ES","og_type":"article","og_title":"Luis Schmidt, presidente de Fedefruta: \u201cHemos tra\u00eddo un mensaje de realidad sobre lo que est\u00e1 ocurriendo en la regi\u00f3n de Los Lagos\u201d - Mundoagropecuario","og_description":"Una gran cantidad de productores concurri\u00f3 al Encuentro Regional Frut\u00edcola organizado por Fedefruta y SAGO A.G., el que arroj\u00f3 dentro de sus conclusiones una importante proyecci\u00f3n de crecimiento para avellano...","og_url":"https:\/\/www.mundoagropecuario.cl\/new\/luis-schmidt-presidente-de-fedefruta-hemos-traido-un-mensaje-de-realidad-sobre-lo-que-esta-ocurriendo-en-la-region-de-los-lagos\/","og_site_name":"Mundoagropecuario","article_publisher":"https:\/\/www.facebook.com\/mundo.agropecuario.3","article_published_time":"2018-06-15T13:13:30+00:00","article_modified_time":"2018-06-18T14:27:08+00:00","og_image":[{"width":1000,"height":663,"url":"https:\/\/www.mundoagropecuario.cl\/new\/wp-content\/uploads\/2018\/06\/seleccionada.jpg","type":"image\/jpeg"}],"author":"periodista","twitter_card":"summary_large_image","twitter_creator":"@MundoAgropecuar","twitter_site":"@MundoAgropecuar","twitter_misc":{"Escrito por":"periodista","Tiempo de lectura":"4 minutos"},"schema":{"@context":"https:\/\/schema.org","@graph":[{"@type":"Article","@id":"https:\/\/www.mundoagropecuario.cl\/new\/luis-schmidt-presidente-de-fedefruta-hemos-traido-un-mensaje-de-realidad-sobre-lo-que-esta-ocurriendo-en-la-region-de-los-lagos\/#article","isPartOf":{"@id":"https:\/\/www.mundoagropecuario.cl\/new\/luis-schmidt-presidente-de-fedefruta-hemos-traido-un-mensaje-de-realidad-sobre-lo-que-esta-ocurriendo-en-la-region-de-los-lagos\/"},"author":{"name":"periodista","@id":"https:\/\/www.mundoagropecuario.cl\/new\/#\/schema\/person\/0c221050801c74e45256a7a9a1ff0803"},"headline":"Luis Schmidt, presidente de Fedefruta: \u201cHemos tra\u00eddo un mensaje de realidad sobre lo que est\u00e1 ocurriendo en la regi\u00f3n de Los Lagos\u201d","datePublished":"2018-06-15T13:13:30+00:00","dateModified":"2018-06-18T14:27:08+00:00","mainEntityOfPage":{"@id":"https:\/\/www.mundoagropecuario.cl\/new\/luis-schmidt-presidente-de-fedefruta-hemos-traido-un-mensaje-de-realidad-sobre-lo-que-esta-ocurriendo-en-la-region-de-los-lagos\/"},"wordCount":824,"publisher":{"@id":"https:\/\/www.mundoagropecuario.cl\/new\/#organization"},"image":{"@id":"https:\/\/www.mundoagropecuario.cl\/new\/luis-schmidt-presidente-de-fedefruta-hemos-traido-un-mensaje-de-realidad-sobre-lo-que-esta-ocurriendo-en-la-region-de-los-lagos\/#primaryimage"},"thumbnailUrl":"https:\/\/www.mundoagropecuario.cl\/new\/wp-content\/uploads\/2018\/06\/seleccionada.jpg","keywords":["Fedefruta","SAGO A.G."],"articleSection":["Frutas"],"inLanguage":"es"},{"@type":"WebPage","@id":"https:\/\/www.mundoagropecuario.cl\/new\/luis-schmidt-presidente-de-fedefruta-hemos-traido-un-mensaje-de-realidad-sobre-lo-que-esta-ocurriendo-en-la-region-de-los-lagos\/","url":"https:\/\/www.mundoagropecuario.cl\/new\/luis-schmidt-presidente-de-fedefruta-hemos-traido-un-mensaje-de-realidad-sobre-lo-que-esta-ocurriendo-en-la-region-de-los-lagos\/","name":"Luis Schmidt, presidente de Fedefruta: \u201cHemos tra\u00eddo un mensaje de realidad sobre lo que est\u00e1 ocurriendo en la regi\u00f3n de Los Lagos\u201d - Mundoagropecuario","isPartOf":{"@id":"https:\/\/www.mundoagropecuario.cl\/new\/#website"},"primaryImageOfPage":{"@id":"https:\/\/www.mundoagropecuario.cl\/new\/luis-schmidt-presidente-de-fedefruta-hemos-traido-un-mensaje-de-realidad-sobre-lo-que-esta-ocurriendo-en-la-region-de-los-lagos\/#primaryimage"},"image":{"@id":"https:\/\/www.mundoagropecuario.cl\/new\/luis-schmidt-presidente-de-fedefruta-hemos-traido-un-mensaje-de-realidad-sobre-lo-que-esta-ocurriendo-en-la-region-de-los-lagos\/#primaryimage"},"thumbnailUrl":"https:\/\/www.mundoagropecuario.cl\/new\/wp-content\/uploads\/2018\/06\/seleccionada.jpg","datePublished":"2018-06-15T13:13:30+00:00","dateModified":"2018-06-18T14:27:08+00:00","breadcrumb":{"@id":"https:\/\/www.mundoagropecuario.cl\/new\/luis-schmidt-presidente-de-fedefruta-hemos-traido-un-mensaje-de-realidad-sobre-lo-que-esta-ocurriendo-en-la-region-de-los-lagos\/#breadcrumb"},"inLanguage":"es","potentialAction":[{"@type":"ReadAction","target":["https:\/\/www.mundoagropecuario.cl\/new\/luis-schmidt-presidente-de-fedefruta-hemos-traido-un-mensaje-de-realidad-sobre-lo-que-esta-ocurriendo-en-la-region-de-los-lagos\/"]}]},{"@type":"ImageObject","inLanguage":"es","@id":"https:\/\/www.mundoagropecuario.cl\/new\/luis-schmidt-presidente-de-fedefruta-hemos-traido-un-mensaje-de-realidad-sobre-lo-que-esta-ocurriendo-en-la-region-de-los-lagos\/#primaryimage","url":"https:\/\/www.mundoagropecuario.cl\/new\/wp-content\/uploads\/2018\/06\/seleccionada.jpg","contentUrl":"https:\/\/www.mundoagropecuario.cl\/new\/wp-content\/uploads\/2018\/06\/seleccionada.jpg","width":603,"height":400},{"@type":"BreadcrumbList","@id":"https:\/\/www.mundoagropecuario.cl\/new\/luis-schmidt-presidente-de-fedefruta-hemos-traido-un-mensaje-de-realidad-sobre-lo-que-esta-ocurriendo-en-la-region-de-los-lagos\/#breadcrumb","itemListElement":[{"@type":"ListItem","position":1,"name":"Portada","item":"https:\/\/www.mundoagropecuario.cl\/new\/"},{"@type":"ListItem","position":2,"name":"Luis Schmidt, presidente de Fedefruta: \u201cHemos tra\u00eddo un mensaje de realidad sobre lo que est\u00e1 ocurriendo en la regi\u00f3n de Los Lagos\u201d"}]},{"@type":"WebSite","@id":"https:\/\/www.mundoagropecuario.cl\/new\/#website","url":"https:\/\/www.mundoagropecuario.cl\/new\/","name":"Mundoagropecuario","description":"Mundo Agropecuario","publisher":{"@id":"https:\/\/www.mundoagropecuario.cl\/new\/#organization"},"potentialAction":[{"@type":"SearchAction","target":{"@type":"EntryPoint","urlTemplate":"https:\/\/www.mundoagropecuario.cl\/new\/?s={search_term_string}"},"query-input":{"@type":"PropertyValueSpecification","valueRequired":true,"valueName":"search_term_string"}}],"inLanguage":"es"},{"@type":"Organization","@id":"https:\/\/www.mundoagropecuario.cl\/new\/#organization","name":"Revista de Agricultura","url":"https:\/\/www.mundoagropecuario.cl\/new\/","logo":{"@type":"ImageObject","inLanguage":"es","@id":"https:\/\/www.mundoagropecuario.cl\/new\/#\/schema\/logo\/image\/","url":"https:\/\/www.mundoagropecuario.cl\/new\/wp-content\/uploads\/2020\/11\/PORTAL-1-1.png","contentUrl":"https:\/\/www.mundoagropecuario.cl\/new\/wp-content\/uploads\/2020\/11\/PORTAL-1-1.png","width":1026,"height":100,"caption":"Revista de Agricultura"},"image":{"@id":"https:\/\/www.mundoagropecuario.cl\/new\/#\/schema\/logo\/image\/"},"sameAs":["https:\/\/www.facebook.com\/mundo.agropecuario.3","https:\/\/x.com\/MundoAgropecuar","https:\/\/www.linkedin.com\/in\/mundo-agropecuario-934009201\/"]},{"@type":"Person","@id":"https:\/\/www.mundoagropecuario.cl\/new\/#\/schema\/person\/0c221050801c74e45256a7a9a1ff0803","name":"periodista","url":"https:\/\/www.mundoagropecuario.cl\/new\/author\/periodista\/"}]}},"_links":{"self":[{"href":"https:\/\/www.mundoagropecuario.cl\/new\/wp-json\/wp\/v2\/posts\/7109","targetHints":{"allow":["GET"]}}],"collection":[{"href":"https:\/\/www.mundoagropecuario.cl\/new\/wp-json\/wp\/v2\/posts"}],"about":[{"href":"https:\/\/www.mundoagropecuario.cl\/new\/wp-json\/wp\/v2\/types\/post"}],"author":[{"embeddable":true,"href":"https:\/\/www.mundoagropecuario.cl\/new\/wp-json\/wp\/v2\/users\/3"}],"replies":[{"embeddable":true,"href":"https:\/\/www.mundoagropecuario.cl\/new\/wp-json\/wp\/v2\/comments?post=7109"}],"version-history":[{"count":1,"href":"https:\/\/www.mundoagropecuario.cl\/new\/wp-json\/wp\/v2\/posts\/7109\/revisions"}],"predecessor-version":[{"id":7111,"href":"https:\/\/www.mundoagropecuario.cl\/new\/wp-json\/wp\/v2\/posts\/7109\/revisions\/7111"}],"wp:featuredmedia":[{"embeddable":true,"href":"https:\/\/www.mundoagropecuario.cl\/new\/wp-json\/wp\/v2\/media\/7110"}],"wp:attachment":[{"href":"https:\/\/www.mundoagropecuario.cl\/new\/wp-json\/wp\/v2\/media?parent=7109"}],"wp:term":[{"taxonomy":"category","embeddable":true,"href":"https:\/\/www.mundoagropecuario.cl\/new\/wp-json\/wp\/v2\/categories?post=7109"},{"taxonomy":"post_tag","embeddable":true,"href":"https:\/\/www.mundoagropecuario.cl\/new\/wp-json\/wp\/v2\/tags?post=7109"}],"curies":[{"name":"wp","href":"https:\/\/api.w.org\/{rel}","templated":true}]}}