{"id":7104,"date":"2018-06-14T11:32:34","date_gmt":"2018-06-14T14:32:34","guid":{"rendered":"http:\/\/www.mundoagropecuario.cl\/new\/?p=7104"},"modified":"2018-06-14T11:32:34","modified_gmt":"2018-06-14T14:32:34","slug":"se-levanta-cuarentena-de-tuberculosis-bovina-en-centro-experimental-inia-kampenaike","status":"publish","type":"post","link":"https:\/\/www.mundoagropecuario.cl\/new\/se-levanta-cuarentena-de-tuberculosis-bovina-en-centro-experimental-inia-kampenaike\/","title":{"rendered":"Se levanta cuarentena de tuberculosis bovina en Centro Experimental INIA Kampenaike"},"content":{"rendered":"<blockquote><p><strong>La noticia fue recibida con alegr\u00eda por los trabajadores del Instituto de Investigaciones Agropecuarias (INIA) el 13 de junio, luego de un esfuerzo t\u00e9cnico y econ\u00f3mico que levanta a INIA Kampenaike (Mundo Agropecuario)<\/strong><\/p><\/blockquote>\n<p>Seg\u00fan el Servicio Agr\u00edcola Ganadero (SAG), la tuberculosis bovina (TB) es una enfermedad zoon\u00f3tica (se puede transmitir al ser humano), causada por la bacteria Mycobacterium bovis. Presenta un impacto directo en la eficiencia de los sistemas productivos y en la industria del sector pecuario, porque provoca importantes p\u00e9rdidas en la producci\u00f3n de carne y de leche. Adem\u00e1s, constituye una restricci\u00f3n a la exportaci\u00f3n de los alimentos de origen pecuario.<\/p>\n<p>El Centro Experimental INIA Kampenaike se encontraba cuarentenado desde el a\u00f1o 2015, generando de esta manera limitaciones en t\u00e9rminos de venta de animales y de transferencia al no encontrarse en una condici\u00f3n \u00f3ptima correspondiente a una estancia modelo.<\/p>\n<p>Francisco Sales, Director Regional de INIA Kampenaike, destaca: \u201cla nueva condici\u00f3n sanitaria, posiciona a INIA Kampenaike como una de las pocas estancias a nivel regional que se encuentran libres de tuberculosis. Esta condici\u00f3n sanitaria superior es un factor diferenciador relevante en t\u00e9rminos productivos y que deben ser transmitidas a los productores regionales. Nos permite continuar con mayor \u00edmpetu con el Plan de Mejoramiento Gen\u00e9tico INIA y volver a retomar la actividad \u201cD\u00eda del Toro\u201d como apoyo directo a la ganader\u00eda regional. Por \u00faltimo, agradecemos al Servicio Agr\u00edcola Ganadero de Magallanes por todo su apoyo en el proceso de erradicaci\u00f3n de la enfermedad\u201d.<\/p>\n<p>A nivel pa\u00eds, la TB se divide por zonas seg\u00fan estudios relativos a la ocurrencia de la enfermedad. Magallanes se encuentra en la Zona IV, que es de presentaci\u00f3n espor\u00e1dica con muy baja prevalencia. Hay que indicar que esta zona incluye parte de la Regi\u00f3n de Los Lagos y Ays\u00e9n.<\/p>\n<p>Seg\u00fan datos de la Oficina de Pol\u00edticas Agrarias, al a\u00f1o 2015, Magallanes posee alrededor de 128 mil cabezas bovinas, lo cual corresponde a un 4,7% de la participaci\u00f3n regional con respecto al pa\u00eds.<\/p>\n","protected":false},"excerpt":{"rendered":"<p>La noticia fue recibida con alegr\u00eda por los trabajadores del Instituto de Investigaciones Agropecuarias (INIA) el 13 de junio, luego de un esfuerzo t\u00e9cnico y econ\u00f3mico que levanta a INIA&#8230;<\/p>\n","protected":false},"author":2,"featured_media":7102,"comment_status":"closed","ping_status":"closed","sticky":false,"template":"","format":"standard","meta":{"footnotes":""},"categories":[404],"tags":[2100,2099],"class_list":["post-7104","post","type-post","status-publish","format-standard","has-post-thumbnail","hentry","category-titular-2","tag-servicio-agricola-ganadero-de-magallanes","tag-tuberculosis-bovina-en-centro-experimental-inia-kampenaike"],"yoast_head":"<!-- This site is optimized with the Yoast SEO plugin v26.6 - https:\/\/yoast.com\/wordpress\/plugins\/seo\/ -->\n<title>Se levanta cuarentena de tuberculosis bovina en Centro Experimental INIA Kampenaike - Mundoagropecuario<\/title>\n<meta name=\"robots\" content=\"index, follow, max-snippet:-1, max-image-preview:large, max-video-preview:-1\" \/>\n<link rel=\"canonical\" href=\"https:\/\/www.mundoagropecuario.cl\/new\/se-levanta-cuarentena-de-tuberculosis-bovina-en-centro-experimental-inia-kampenaike\/\" \/>\n<meta property=\"og:locale\" content=\"es_ES\" \/>\n<meta property=\"og:type\" content=\"article\" \/>\n<meta property=\"og:title\" content=\"Se levanta cuarentena de tuberculosis bovina en Centro Experimental INIA Kampenaike - Mundoagropecuario\" \/>\n<meta property=\"og:description\" content=\"La noticia fue recibida con alegr\u00eda por los trabajadores del Instituto de Investigaciones Agropecuarias (INIA) el 13 de junio, luego de un esfuerzo t\u00e9cnico y econ\u00f3mico que levanta a INIA...\" \/>\n<meta property=\"og:url\" content=\"https:\/\/www.mundoagropecuario.cl\/new\/se-levanta-cuarentena-de-tuberculosis-bovina-en-centro-experimental-inia-kampenaike\/\" \/>\n<meta property=\"og:site_name\" content=\"Mundoagropecuario\" \/>\n<meta property=\"article:publisher\" content=\"https:\/\/www.facebook.com\/mundo.agropecuario.3\" \/>\n<meta property=\"article:published_time\" content=\"2018-06-14T14:32:34+00:00\" \/>\n<meta property=\"og:image\" content=\"https:\/\/www.mundoagropecuario.cl\/new\/wp-content\/uploads\/2018\/06\/vacas-e1528988082125.jpg\" \/>\n\t<meta property=\"og:image:width\" content=\"514\" \/>\n\t<meta property=\"og:image:height\" content=\"341\" \/>\n\t<meta property=\"og:image:type\" content=\"image\/jpeg\" \/>\n<meta name=\"author\" content=\"mundo\" \/>\n<meta name=\"twitter:card\" content=\"summary_large_image\" \/>\n<meta name=\"twitter:creator\" content=\"@MundoAgropecuar\" \/>\n<meta name=\"twitter:site\" content=\"@MundoAgropecuar\" \/>\n<meta name=\"twitter:label1\" content=\"Escrito por\" \/>\n\t<meta name=\"twitter:data1\" content=\"mundo\" \/>\n\t<meta name=\"twitter:label2\" content=\"Tiempo de lectura\" \/>\n\t<meta name=\"twitter:data2\" content=\"2 minutos\" \/>\n<script type=\"application\/ld+json\" class=\"yoast-schema-graph\">{\"@context\":\"https:\/\/schema.org\",\"@graph\":[{\"@type\":\"Article\",\"@id\":\"https:\/\/www.mundoagropecuario.cl\/new\/se-levanta-cuarentena-de-tuberculosis-bovina-en-centro-experimental-inia-kampenaike\/#article\",\"isPartOf\":{\"@id\":\"https:\/\/www.mundoagropecuario.cl\/new\/se-levanta-cuarentena-de-tuberculosis-bovina-en-centro-experimental-inia-kampenaike\/\"},\"author\":{\"name\":\"mundo\",\"@id\":\"https:\/\/www.mundoagropecuario.cl\/new\/#\/schema\/person\/4e9f74a82a7dac260eb1c44b7eebeb18\"},\"headline\":\"Se levanta cuarentena de tuberculosis bovina en Centro Experimental INIA Kampenaike\",\"datePublished\":\"2018-06-14T14:32:34+00:00\",\"mainEntityOfPage\":{\"@id\":\"https:\/\/www.mundoagropecuario.cl\/new\/se-levanta-cuarentena-de-tuberculosis-bovina-en-centro-experimental-inia-kampenaike\/\"},\"wordCount\":364,\"publisher\":{\"@id\":\"https:\/\/www.mundoagropecuario.cl\/new\/#organization\"},\"image\":{\"@id\":\"https:\/\/www.mundoagropecuario.cl\/new\/se-levanta-cuarentena-de-tuberculosis-bovina-en-centro-experimental-inia-kampenaike\/#primaryimage\"},\"thumbnailUrl\":\"https:\/\/www.mundoagropecuario.cl\/new\/wp-content\/uploads\/2018\/06\/vacas-e1528988082125.jpg\",\"keywords\":[\"Servicio Agr\u00edcola Ganadero de Magallanes\",\"tuberculosis bovina en Centro Experimental INIA Kampenaike\"],\"articleSection\":[\"Titular 2\"],\"inLanguage\":\"es\"},{\"@type\":\"WebPage\",\"@id\":\"https:\/\/www.mundoagropecuario.cl\/new\/se-levanta-cuarentena-de-tuberculosis-bovina-en-centro-experimental-inia-kampenaike\/\",\"url\":\"https:\/\/www.mundoagropecuario.cl\/new\/se-levanta-cuarentena-de-tuberculosis-bovina-en-centro-experimental-inia-kampenaike\/\",\"name\":\"Se levanta cuarentena de tuberculosis bovina en Centro Experimental INIA Kampenaike - Mundoagropecuario\",\"isPartOf\":{\"@id\":\"https:\/\/www.mundoagropecuario.cl\/new\/#website\"},\"primaryImageOfPage\":{\"@id\":\"https:\/\/www.mundoagropecuario.cl\/new\/se-levanta-cuarentena-de-tuberculosis-bovina-en-centro-experimental-inia-kampenaike\/#primaryimage\"},\"image\":{\"@id\":\"https:\/\/www.mundoagropecuario.cl\/new\/se-levanta-cuarentena-de-tuberculosis-bovina-en-centro-experimental-inia-kampenaike\/#primaryimage\"},\"thumbnailUrl\":\"https:\/\/www.mundoagropecuario.cl\/new\/wp-content\/uploads\/2018\/06\/vacas-e1528988082125.jpg\",\"datePublished\":\"2018-06-14T14:32:34+00:00\",\"breadcrumb\":{\"@id\":\"https:\/\/www.mundoagropecuario.cl\/new\/se-levanta-cuarentena-de-tuberculosis-bovina-en-centro-experimental-inia-kampenaike\/#breadcrumb\"},\"inLanguage\":\"es\",\"potentialAction\":[{\"@type\":\"ReadAction\",\"target\":[\"https:\/\/www.mundoagropecuario.cl\/new\/se-levanta-cuarentena-de-tuberculosis-bovina-en-centro-experimental-inia-kampenaike\/\"]}]},{\"@type\":\"ImageObject\",\"inLanguage\":\"es\",\"@id\":\"https:\/\/www.mundoagropecuario.cl\/new\/se-levanta-cuarentena-de-tuberculosis-bovina-en-centro-experimental-inia-kampenaike\/#primaryimage\",\"url\":\"https:\/\/www.mundoagropecuario.cl\/new\/wp-content\/uploads\/2018\/06\/vacas-e1528988082125.jpg\",\"contentUrl\":\"https:\/\/www.mundoagropecuario.cl\/new\/wp-content\/uploads\/2018\/06\/vacas-e1528988082125.jpg\",\"width\":514,\"height\":341},{\"@type\":\"BreadcrumbList\",\"@id\":\"https:\/\/www.mundoagropecuario.cl\/new\/se-levanta-cuarentena-de-tuberculosis-bovina-en-centro-experimental-inia-kampenaike\/#breadcrumb\",\"itemListElement\":[{\"@type\":\"ListItem\",\"position\":1,\"name\":\"Portada\",\"item\":\"https:\/\/www.mundoagropecuario.cl\/new\/\"},{\"@type\":\"ListItem\",\"position\":2,\"name\":\"Se levanta cuarentena de tuberculosis bovina en Centro Experimental INIA Kampenaike\"}]},{\"@type\":\"WebSite\",\"@id\":\"https:\/\/www.mundoagropecuario.cl\/new\/#website\",\"url\":\"https:\/\/www.mundoagropecuario.cl\/new\/\",\"name\":\"Mundoagropecuario\",\"description\":\"Mundo Agropecuario\",\"publisher\":{\"@id\":\"https:\/\/www.mundoagropecuario.cl\/new\/#organization\"},\"potentialAction\":[{\"@type\":\"SearchAction\",\"target\":{\"@type\":\"EntryPoint\",\"urlTemplate\":\"https:\/\/www.mundoagropecuario.cl\/new\/?s={search_term_string}\"},\"query-input\":{\"@type\":\"PropertyValueSpecification\",\"valueRequired\":true,\"valueName\":\"search_term_string\"}}],\"inLanguage\":\"es\"},{\"@type\":\"Organization\",\"@id\":\"https:\/\/www.mundoagropecuario.cl\/new\/#organization\",\"name\":\"Revista de Agricultura\",\"url\":\"https:\/\/www.mundoagropecuario.cl\/new\/\",\"logo\":{\"@type\":\"ImageObject\",\"inLanguage\":\"es\",\"@id\":\"https:\/\/www.mundoagropecuario.cl\/new\/#\/schema\/logo\/image\/\",\"url\":\"https:\/\/www.mundoagropecuario.cl\/new\/wp-content\/uploads\/2020\/11\/PORTAL-1-1.png\",\"contentUrl\":\"https:\/\/www.mundoagropecuario.cl\/new\/wp-content\/uploads\/2020\/11\/PORTAL-1-1.png\",\"width\":1026,\"height\":100,\"caption\":\"Revista de Agricultura\"},\"image\":{\"@id\":\"https:\/\/www.mundoagropecuario.cl\/new\/#\/schema\/logo\/image\/\"},\"sameAs\":[\"https:\/\/www.facebook.com\/mundo.agropecuario.3\",\"https:\/\/x.com\/MundoAgropecuar\",\"https:\/\/www.linkedin.com\/in\/mundo-agropecuario-934009201\/\"]},{\"@type\":\"Person\",\"@id\":\"https:\/\/www.mundoagropecuario.cl\/new\/#\/schema\/person\/4e9f74a82a7dac260eb1c44b7eebeb18\",\"name\":\"mundo\",\"url\":\"https:\/\/www.mundoagropecuario.cl\/new\/author\/mundo\/\"}]}<\/script>\n<!-- \/ Yoast SEO plugin. -->","yoast_head_json":{"title":"Se levanta cuarentena de tuberculosis bovina en Centro Experimental INIA Kampenaike - Mundoagropecuario","robots":{"index":"index","follow":"follow","max-snippet":"max-snippet:-1","max-image-preview":"max-image-preview:large","max-video-preview":"max-video-preview:-1"},"canonical":"https:\/\/www.mundoagropecuario.cl\/new\/se-levanta-cuarentena-de-tuberculosis-bovina-en-centro-experimental-inia-kampenaike\/","og_locale":"es_ES","og_type":"article","og_title":"Se levanta cuarentena de tuberculosis bovina en Centro Experimental INIA Kampenaike - Mundoagropecuario","og_description":"La noticia fue recibida con alegr\u00eda por los trabajadores del Instituto de Investigaciones Agropecuarias (INIA) el 13 de junio, luego de un esfuerzo t\u00e9cnico y econ\u00f3mico que levanta a INIA...","og_url":"https:\/\/www.mundoagropecuario.cl\/new\/se-levanta-cuarentena-de-tuberculosis-bovina-en-centro-experimental-inia-kampenaike\/","og_site_name":"Mundoagropecuario","article_publisher":"https:\/\/www.facebook.com\/mundo.agropecuario.3","article_published_time":"2018-06-14T14:32:34+00:00","og_image":[{"width":514,"height":341,"url":"https:\/\/www.mundoagropecuario.cl\/new\/wp-content\/uploads\/2018\/06\/vacas-e1528988082125.jpg","type":"image\/jpeg"}],"author":"mundo","twitter_card":"summary_large_image","twitter_creator":"@MundoAgropecuar","twitter_site":"@MundoAgropecuar","twitter_misc":{"Escrito por":"mundo","Tiempo de lectura":"2 minutos"},"schema":{"@context":"https:\/\/schema.org","@graph":[{"@type":"Article","@id":"https:\/\/www.mundoagropecuario.cl\/new\/se-levanta-cuarentena-de-tuberculosis-bovina-en-centro-experimental-inia-kampenaike\/#article","isPartOf":{"@id":"https:\/\/www.mundoagropecuario.cl\/new\/se-levanta-cuarentena-de-tuberculosis-bovina-en-centro-experimental-inia-kampenaike\/"},"author":{"name":"mundo","@id":"https:\/\/www.mundoagropecuario.cl\/new\/#\/schema\/person\/4e9f74a82a7dac260eb1c44b7eebeb18"},"headline":"Se levanta cuarentena de tuberculosis bovina en Centro Experimental INIA Kampenaike","datePublished":"2018-06-14T14:32:34+00:00","mainEntityOfPage":{"@id":"https:\/\/www.mundoagropecuario.cl\/new\/se-levanta-cuarentena-de-tuberculosis-bovina-en-centro-experimental-inia-kampenaike\/"},"wordCount":364,"publisher":{"@id":"https:\/\/www.mundoagropecuario.cl\/new\/#organization"},"image":{"@id":"https:\/\/www.mundoagropecuario.cl\/new\/se-levanta-cuarentena-de-tuberculosis-bovina-en-centro-experimental-inia-kampenaike\/#primaryimage"},"thumbnailUrl":"https:\/\/www.mundoagropecuario.cl\/new\/wp-content\/uploads\/2018\/06\/vacas-e1528988082125.jpg","keywords":["Servicio Agr\u00edcola Ganadero de Magallanes","tuberculosis bovina en Centro Experimental INIA Kampenaike"],"articleSection":["Titular 2"],"inLanguage":"es"},{"@type":"WebPage","@id":"https:\/\/www.mundoagropecuario.cl\/new\/se-levanta-cuarentena-de-tuberculosis-bovina-en-centro-experimental-inia-kampenaike\/","url":"https:\/\/www.mundoagropecuario.cl\/new\/se-levanta-cuarentena-de-tuberculosis-bovina-en-centro-experimental-inia-kampenaike\/","name":"Se levanta cuarentena de tuberculosis bovina en Centro Experimental INIA Kampenaike - Mundoagropecuario","isPartOf":{"@id":"https:\/\/www.mundoagropecuario.cl\/new\/#website"},"primaryImageOfPage":{"@id":"https:\/\/www.mundoagropecuario.cl\/new\/se-levanta-cuarentena-de-tuberculosis-bovina-en-centro-experimental-inia-kampenaike\/#primaryimage"},"image":{"@id":"https:\/\/www.mundoagropecuario.cl\/new\/se-levanta-cuarentena-de-tuberculosis-bovina-en-centro-experimental-inia-kampenaike\/#primaryimage"},"thumbnailUrl":"https:\/\/www.mundoagropecuario.cl\/new\/wp-content\/uploads\/2018\/06\/vacas-e1528988082125.jpg","datePublished":"2018-06-14T14:32:34+00:00","breadcrumb":{"@id":"https:\/\/www.mundoagropecuario.cl\/new\/se-levanta-cuarentena-de-tuberculosis-bovina-en-centro-experimental-inia-kampenaike\/#breadcrumb"},"inLanguage":"es","potentialAction":[{"@type":"ReadAction","target":["https:\/\/www.mundoagropecuario.cl\/new\/se-levanta-cuarentena-de-tuberculosis-bovina-en-centro-experimental-inia-kampenaike\/"]}]},{"@type":"ImageObject","inLanguage":"es","@id":"https:\/\/www.mundoagropecuario.cl\/new\/se-levanta-cuarentena-de-tuberculosis-bovina-en-centro-experimental-inia-kampenaike\/#primaryimage","url":"https:\/\/www.mundoagropecuario.cl\/new\/wp-content\/uploads\/2018\/06\/vacas-e1528988082125.jpg","contentUrl":"https:\/\/www.mundoagropecuario.cl\/new\/wp-content\/uploads\/2018\/06\/vacas-e1528988082125.jpg","width":514,"height":341},{"@type":"BreadcrumbList","@id":"https:\/\/www.mundoagropecuario.cl\/new\/se-levanta-cuarentena-de-tuberculosis-bovina-en-centro-experimental-inia-kampenaike\/#breadcrumb","itemListElement":[{"@type":"ListItem","position":1,"name":"Portada","item":"https:\/\/www.mundoagropecuario.cl\/new\/"},{"@type":"ListItem","position":2,"name":"Se levanta cuarentena de tuberculosis bovina en Centro Experimental INIA Kampenaike"}]},{"@type":"WebSite","@id":"https:\/\/www.mundoagropecuario.cl\/new\/#website","url":"https:\/\/www.mundoagropecuario.cl\/new\/","name":"Mundoagropecuario","description":"Mundo Agropecuario","publisher":{"@id":"https:\/\/www.mundoagropecuario.cl\/new\/#organization"},"potentialAction":[{"@type":"SearchAction","target":{"@type":"EntryPoint","urlTemplate":"https:\/\/www.mundoagropecuario.cl\/new\/?s={search_term_string}"},"query-input":{"@type":"PropertyValueSpecification","valueRequired":true,"valueName":"search_term_string"}}],"inLanguage":"es"},{"@type":"Organization","@id":"https:\/\/www.mundoagropecuario.cl\/new\/#organization","name":"Revista de Agricultura","url":"https:\/\/www.mundoagropecuario.cl\/new\/","logo":{"@type":"ImageObject","inLanguage":"es","@id":"https:\/\/www.mundoagropecuario.cl\/new\/#\/schema\/logo\/image\/","url":"https:\/\/www.mundoagropecuario.cl\/new\/wp-content\/uploads\/2020\/11\/PORTAL-1-1.png","contentUrl":"https:\/\/www.mundoagropecuario.cl\/new\/wp-content\/uploads\/2020\/11\/PORTAL-1-1.png","width":1026,"height":100,"caption":"Revista de Agricultura"},"image":{"@id":"https:\/\/www.mundoagropecuario.cl\/new\/#\/schema\/logo\/image\/"},"sameAs":["https:\/\/www.facebook.com\/mundo.agropecuario.3","https:\/\/x.com\/MundoAgropecuar","https:\/\/www.linkedin.com\/in\/mundo-agropecuario-934009201\/"]},{"@type":"Person","@id":"https:\/\/www.mundoagropecuario.cl\/new\/#\/schema\/person\/4e9f74a82a7dac260eb1c44b7eebeb18","name":"mundo","url":"https:\/\/www.mundoagropecuario.cl\/new\/author\/mundo\/"}]}},"_links":{"self":[{"href":"https:\/\/www.mundoagropecuario.cl\/new\/wp-json\/wp\/v2\/posts\/7104","targetHints":{"allow":["GET"]}}],"collection":[{"href":"https:\/\/www.mundoagropecuario.cl\/new\/wp-json\/wp\/v2\/posts"}],"about":[{"href":"https:\/\/www.mundoagropecuario.cl\/new\/wp-json\/wp\/v2\/types\/post"}],"author":[{"embeddable":true,"href":"https:\/\/www.mundoagropecuario.cl\/new\/wp-json\/wp\/v2\/users\/2"}],"replies":[{"embeddable":true,"href":"https:\/\/www.mundoagropecuario.cl\/new\/wp-json\/wp\/v2\/comments?post=7104"}],"version-history":[{"count":1,"href":"https:\/\/www.mundoagropecuario.cl\/new\/wp-json\/wp\/v2\/posts\/7104\/revisions"}],"predecessor-version":[{"id":7105,"href":"https:\/\/www.mundoagropecuario.cl\/new\/wp-json\/wp\/v2\/posts\/7104\/revisions\/7105"}],"wp:featuredmedia":[{"embeddable":true,"href":"https:\/\/www.mundoagropecuario.cl\/new\/wp-json\/wp\/v2\/media\/7102"}],"wp:attachment":[{"href":"https:\/\/www.mundoagropecuario.cl\/new\/wp-json\/wp\/v2\/media?parent=7104"}],"wp:term":[{"taxonomy":"category","embeddable":true,"href":"https:\/\/www.mundoagropecuario.cl\/new\/wp-json\/wp\/v2\/categories?post=7104"},{"taxonomy":"post_tag","embeddable":true,"href":"https:\/\/www.mundoagropecuario.cl\/new\/wp-json\/wp\/v2\/tags?post=7104"}],"curies":[{"name":"wp","href":"https:\/\/api.w.org\/{rel}","templated":true}]}}