{"id":7085,"date":"2018-06-14T06:30:03","date_gmt":"2018-06-14T09:30:03","guid":{"rendered":"http:\/\/www.mundoagropecuario.cl\/new\/?p=7085"},"modified":"2018-06-18T11:24:48","modified_gmt":"2018-06-18T14:24:48","slug":"subsecretario-de-agricultura-participa-en-5ta-version-de-iniciativa-volver-a-tejer","status":"publish","type":"post","link":"https:\/\/www.mundoagropecuario.cl\/new\/subsecretario-de-agricultura-participa-en-5ta-version-de-iniciativa-volver-a-tejer\/","title":{"rendered":"Subsecretario de Agricultura participa en 5ta versi\u00f3n de iniciativa \u201cVolver a Tejer\u201d"},"content":{"rendered":"<blockquote><p><em>Prendas terminadas y trazabilidad desde el origen son las novedades en quinta versi\u00f3n de la iniciativa impulsada por Indap, Tiendas Paris y Fundaci\u00f3n Ona. (Mundo Agropecuario).<\/em><\/p><\/blockquote>\n<p>Con un innovador hilado de llama, alpaca y oveja, mujeres de 24 localidades de las regiones de Antofagasta, Valpara\u00edso y Los R\u00edos tejieron a palillo 1.300 art\u00edculos de vestir.<\/p>\n<p>Un centenar de artesanas de 24 localidades rurales de las regiones de Antofagasta, Valpara\u00edso y Los R\u00edos dieron vida a la quinta versi\u00f3n de \u201cVolver a Tejer\u201d, proyecto social y comercial creado por el Instituto de Desarrollo Agropecuario (Indap), Tiendas Paris y Fundaci\u00f3n Ona que busca recuperar y poner en valor el oficio textil y que en esta ocasi\u00f3n llega al mercado con 1.300 art\u00edculos de vestuario para ni\u00f1os y ni\u00f1as de 2 a 8 a\u00f1os.<\/p>\n<p>En el lanzamiento de esta iniciativa p\u00fablico-privada, realizado en el Foyer de la Cineteca Nacional, en el Centro Cultural Palacio La Moneda, participaron la ministra de las Culturas, las Artes y el Patrimonio, Alejandra P\u00e9rez; el subsecretario de Agricultura, Alfonso Vargas; el director nacional de Indap, Carlos Recondo; la gerente de Negocios Infantil Paris, Jeanne Marie Delherbe, y tejedoras e hilanderas de la agrupaci\u00f3n Wanaku de La Ligua.<\/p>\n<p>La ejecuci\u00f3n del proyecto estuvo a cargo de la Fundaci\u00f3n Ona, que coordin\u00f3 a las artesanas en talleres t\u00e9cnico-pr\u00e1cticos para cumplir con los est\u00e1ndares de calidad requeridos. El desaf\u00edo de innovaci\u00f3n estuvo en entregar por primera vez prendas terminadas -en a\u00f1os anteriores fueron ovillos- y en la creaci\u00f3n y uso de una materia prima \u00fanica en el mundo: un tripe hilado 100% natural y nacional compuesto por 40% de baby alpaca, 40% de llama y 20% de oveja.<\/p>\n<p><strong>Exitosa alianza p\u00fablico-privada<\/strong><\/p>\n<p>El subsecretario de Agricultura, Alfonso Vargas se\u00f1al\u00f3 que \u201ccomo Ministerio de Agricultura valoramos profundamente iniciativas de este tipo, que generan sinergias en el sector rural porque, por un lado, potencian la asociatividad y el desarrollo de usuarias de Indap que tienen una vinculaci\u00f3n con el oficio textil de tejedur\u00eda tradicional en palillo y crochet. Por otro lado, contribuyen a elevar los est\u00e1ndares de los ganaderos, al orientarlos y ayudarlos a producir una esquila para fibras de lujo, debidamente rotulada y en formatos que faciliten su venta\u201d.<\/p>\n<p>La autoridad del Agro puntualiz\u00f3 que otro \u201caspecto que deseo destacar, y que es promovido activamente por nuestro ministerio, es que en este proyecto lo econ\u00f3mico productivo y lo identitario se refuerzan mutuamente\u201d.<\/p>\n<p>Por su parte, Carlos Recondo, director nacional de Indap, afirm\u00f3 que esta alianza con Paris \u201cbusca ampliar los mercados para que las artesanas puedan comercializar en mejores condiciones sus productos y, por su parte, los consumidores accedan a prendas \u00fanicas y de gran calidad, 100% hechas a mano y con una materia prima \u00fanica\u201d.<\/p>\n<p>A\u00f1adi\u00f3 que la iniciativa tiene un conjunto de virtudes, que comienzan en la producci\u00f3n ganadera, siguen en las manos de las artesanas y llegan con un valor agregado al mercado, \u201cy nos muestra el camino que debe seguir Indap y que ha trazado el gobierno del Presidente Pi\u00f1era, asociatividad y encadenamiento productivo, algo que vamos a seguir replicando\u201d.<\/p>\n<p>La ministra de las Culturas, las Artes y el Patrimonio, Alejandra P\u00e9rez, destac\u00f3 en las tejedoras presentes la dignidad y la pasi\u00f3n del arte que llega del campo a la ciudad. \u201cEllas son parte de un trabajo que no es meramente testimonial, porque lo que aqu\u00ed se teje se encuentra en las tiendas. As\u00ed, al tejer, cerramos un c\u00edrculo y tejemos no solo prendas de ropa, sino destino: el destino de las artesanas que llegan a las grandes tiendas y el de los ni\u00f1os que visten un poco de su pa\u00eds, de su historia, de su leyenda\u201d.<\/p>\n<p>Mar\u00eda Nury Esperguez, artesana de Wanaku La Ligua, destac\u00f3 la importancia de esta experiencia para ella, sus compa\u00f1eras de oficio y su comuna: \u201cAl inicio partimos con mucha incertidumbre, pero llegar a esta meta com\u00fan es algo que nos enorgullece. Hoy queremos que esta experiencia se vuelva a repetir\u201d.<\/p>\n<p>\u201cComo empresa estamos emocionados. Creemos que este trabajo es maravilloso y esperamos que sea reconocido por nuestros clientes. Yo quer\u00eda m\u00e1s productos, porque me parec\u00edan pocos, pero espero que sea el inicio de muchos proyectos m\u00e1s. Con estas nobles fibras de llama, alpaca y oveja, nuestros ni\u00f1os van a estar s\u00faper abrigados este invierno\u201d, expres\u00f3 la gerente de Negocios Infantil Paris, Jeanne Marie Delherbe.<\/p>\n<p>Para la directora ejecutiva de Fundaci\u00f3n Ona, Macarena Pe\u00f1a, esta quinta versi\u00f3n de \u201cVolver a Tejer\u201d fue una locura, porque la innovaci\u00f3n es locura. \u201cHemos unido por primera vez el mundo del patrimonio cultural del tejido y el patrimonio natural de la fibra, que tambi\u00e9n es nuestra herencia. Este trabajo es con fibra del predio, lo que hasta hace unos a\u00f1os era t\u00e9cnicamente imposible. Otro salto es que entra la prenda final al punto de venta, por lo tanto, la cadena de la moda entera es local, trazable y sustentable. La tercera novedad es que Paris est\u00e1 comprando las prendas a trav\u00e9s de su departamento comercial y esperamos que tenga una buena venta, porque as\u00ed se abren m\u00e1s ventanas. Este es un proyecto replicable y es posible seguir sumando con apoyo p\u00fablico y privado. Es un proyecto de personas, es como una artesan\u00eda social. Aqu\u00ed hay compromiso personal, trabajo profesional y pasi\u00f3n y amor por el tejido\u201d, afirm\u00f3.<\/p>\n<p><strong>Hilado con identidad<\/strong><\/p>\n<p><a href=\"https:\/\/www.mundoagropecuario.cl\/new\/wp-content\/uploads\/2018\/06\/volver-a-tejer.jpg\"><img loading=\"lazy\" decoding=\"async\" class=\"alignleft wp-image-7087 size-medium\" src=\"https:\/\/www.mundoagropecuario.cl\/new\/wp-content\/uploads\/2018\/06\/volver-a-tejer-586x390.jpg\" alt=\"\" width=\"586\" height=\"390\" srcset=\"https:\/\/www.mundoagropecuario.cl\/new\/wp-content\/uploads\/2018\/06\/volver-a-tejer-586x390.jpg 586w, https:\/\/www.mundoagropecuario.cl\/new\/wp-content\/uploads\/2018\/06\/volver-a-tejer-768x511.jpg 768w, https:\/\/www.mundoagropecuario.cl\/new\/wp-content\/uploads\/2018\/06\/volver-a-tejer.jpg 601w\" sizes=\"auto, (max-width: 586px) 100vw, 586px\" \/><\/a>Para crear este hilado, denominado \u201craza local\u201d, que busca representar nuestra rica geograf\u00eda, se adquirieron materias primas directamente con productores ganaderos de las zonas norte (llama), centro (alpaca) y sur (oveja) del pa\u00eds. Tanto el hilado como el te\u00f1ido, con tintes biodegradables, se realiz\u00f3 en la granja Quintessence, de Llay-Llay. En total se usaron 600 kilos brutos de lana.<\/p>\n<p>El proyecto tambi\u00e9n incorpor\u00f3 una matriz de trazabilidad desde el origen, que da cuenta de cada cadena del eslab\u00f3n productivo, desde cu\u00e1ntos animales fueron esquilados y en qu\u00e9 predios hasta las fichas t\u00e9cnicas de los procesos, pasando por quienes confeccionaron los diferentes art\u00edculos, algo nuevo para el retail.<\/p>\n<p>Las tejedoras, que trabajaron desde mayo con t\u00e9cnica de palillo, pertenecen a las localidades de Toconao y Ayquina, en la Regi\u00f3n de Antofagasta; Panguipulli, Huerquehue, Tralcapulli, Dollico, Chauquen, Huellahue, Melefquen, Tralahuapi, Coihueco, \u00d1ancul, Tallos Altos y Huitag, Regi\u00f3n de Los R\u00edos; y La Ligua, Cabildo, Catapilco, Zapallar, Puchuncav\u00ed, Putaendo, Nogales, Papudo, La Calera y Pullally, Regi\u00f3n de Valpara\u00edso.<\/p>\n<p>En esta versi\u00f3n destaca la participaci\u00f3n por primera vez de la comunidad de artesanas Wanaku La Ligua. Se trata de mujeres con una larga historia textil, que han permanecido vinculadas al tejido con identidad por generaciones, aprendieron a trabajar en forma asociativa y est\u00e1n empe\u00f1adas en que su comuna recupere su tradici\u00f3n artesanal.<\/p>\n<p>Las prendas, chalecos y gorros, se comercializar\u00e1n a trav\u00e9s de colecciones de las marcas Tribu y Umbrale Kids en las Tiendas Paris de Alto las Condes, Parque Arauco, Casa Costanera, Mall La Dehesa, Mall Marina Arauco, Mall Plaza El Tr\u00e9bol, Portal Temuco y Paris.cl.<\/p>\n<p>En el lanzamiento de \u201cVolver a Tejer\u201d tambi\u00e9n estuvieron presentes representantes de Fundaci\u00f3n Artesan\u00edas de Chile, ProChile, Fucoa y la empresa Sopraval.<\/p>\n","protected":false},"excerpt":{"rendered":"<p>Prendas terminadas y trazabilidad desde el origen son las novedades en quinta versi\u00f3n de la iniciativa impulsada por Indap, Tiendas Paris y Fundaci\u00f3n Ona. (Mundo Agropecuario). Con un innovador hilado&#8230;<\/p>\n","protected":false},"author":3,"featured_media":7086,"comment_status":"closed","ping_status":"closed","sticky":false,"template":"","format":"standard","meta":{"footnotes":""},"categories":[1987],"tags":[1992,2035,2092],"class_list":["post-7085","post","type-post","status-publish","format-standard","has-post-thumbnail","hentry","category-instituciones","tag-indap","tag-minagri","tag-subsecretaria-de-agricultura"],"yoast_head":"<!-- This site is optimized with the Yoast SEO plugin v26.6 - https:\/\/yoast.com\/wordpress\/plugins\/seo\/ -->\n<title>Subsecretario de Agricultura participa en 5ta versi\u00f3n de iniciativa \u201cVolver a Tejer\u201d - Mundoagropecuario<\/title>\n<meta name=\"robots\" content=\"index, follow, max-snippet:-1, max-image-preview:large, max-video-preview:-1\" \/>\n<link rel=\"canonical\" href=\"https:\/\/www.mundoagropecuario.cl\/new\/subsecretario-de-agricultura-participa-en-5ta-version-de-iniciativa-volver-a-tejer\/\" \/>\n<meta property=\"og:locale\" content=\"es_ES\" \/>\n<meta property=\"og:type\" content=\"article\" \/>\n<meta property=\"og:title\" content=\"Subsecretario de Agricultura participa en 5ta versi\u00f3n de iniciativa \u201cVolver a Tejer\u201d - Mundoagropecuario\" \/>\n<meta property=\"og:description\" content=\"Prendas terminadas y trazabilidad desde el origen son las novedades en quinta versi\u00f3n de la iniciativa impulsada por Indap, Tiendas Paris y Fundaci\u00f3n Ona. (Mundo Agropecuario). Con un innovador hilado...\" \/>\n<meta property=\"og:url\" content=\"https:\/\/www.mundoagropecuario.cl\/new\/subsecretario-de-agricultura-participa-en-5ta-version-de-iniciativa-volver-a-tejer\/\" \/>\n<meta property=\"og:site_name\" content=\"Mundoagropecuario\" \/>\n<meta property=\"article:publisher\" content=\"https:\/\/www.facebook.com\/mundo.agropecuario.3\" \/>\n<meta property=\"article:published_time\" content=\"2018-06-14T09:30:03+00:00\" \/>\n<meta property=\"article:modified_time\" content=\"2018-06-18T14:24:48+00:00\" \/>\n<meta property=\"og:image\" content=\"https:\/\/www.mundoagropecuario.cl\/new\/wp-content\/uploads\/2018\/06\/Subsecretario-de-Agricultura-_-Volver-a-Tejer-e1528989502224.jpg\" \/>\n\t<meta property=\"og:image:width\" content=\"832\" \/>\n\t<meta property=\"og:image:height\" content=\"655\" \/>\n\t<meta property=\"og:image:type\" content=\"image\/jpeg\" \/>\n<meta name=\"author\" content=\"periodista\" \/>\n<meta name=\"twitter:card\" content=\"summary_large_image\" \/>\n<meta name=\"twitter:creator\" content=\"@MundoAgropecuar\" \/>\n<meta name=\"twitter:site\" content=\"@MundoAgropecuar\" \/>\n<meta name=\"twitter:label1\" content=\"Escrito por\" \/>\n\t<meta name=\"twitter:data1\" content=\"periodista\" \/>\n\t<meta name=\"twitter:label2\" content=\"Tiempo de lectura\" \/>\n\t<meta name=\"twitter:data2\" content=\"6 minutos\" \/>\n<script type=\"application\/ld+json\" class=\"yoast-schema-graph\">{\"@context\":\"https:\/\/schema.org\",\"@graph\":[{\"@type\":\"Article\",\"@id\":\"https:\/\/www.mundoagropecuario.cl\/new\/subsecretario-de-agricultura-participa-en-5ta-version-de-iniciativa-volver-a-tejer\/#article\",\"isPartOf\":{\"@id\":\"https:\/\/www.mundoagropecuario.cl\/new\/subsecretario-de-agricultura-participa-en-5ta-version-de-iniciativa-volver-a-tejer\/\"},\"author\":{\"name\":\"periodista\",\"@id\":\"https:\/\/www.mundoagropecuario.cl\/new\/#\/schema\/person\/0c221050801c74e45256a7a9a1ff0803\"},\"headline\":\"Subsecretario de Agricultura participa en 5ta versi\u00f3n de iniciativa \u201cVolver a Tejer\u201d\",\"datePublished\":\"2018-06-14T09:30:03+00:00\",\"dateModified\":\"2018-06-18T14:24:48+00:00\",\"mainEntityOfPage\":{\"@id\":\"https:\/\/www.mundoagropecuario.cl\/new\/subsecretario-de-agricultura-participa-en-5ta-version-de-iniciativa-volver-a-tejer\/\"},\"wordCount\":1254,\"publisher\":{\"@id\":\"https:\/\/www.mundoagropecuario.cl\/new\/#organization\"},\"image\":{\"@id\":\"https:\/\/www.mundoagropecuario.cl\/new\/subsecretario-de-agricultura-participa-en-5ta-version-de-iniciativa-volver-a-tejer\/#primaryimage\"},\"thumbnailUrl\":\"https:\/\/www.mundoagropecuario.cl\/new\/wp-content\/uploads\/2018\/06\/Subsecretario-de-Agricultura-_-Volver-a-Tejer-e1528989502224.jpg\",\"keywords\":[\"Indap\",\"Minagri\",\"Subsecretar\u00eda de Agricultura\"],\"articleSection\":[\"Instituciones\"],\"inLanguage\":\"es\"},{\"@type\":\"WebPage\",\"@id\":\"https:\/\/www.mundoagropecuario.cl\/new\/subsecretario-de-agricultura-participa-en-5ta-version-de-iniciativa-volver-a-tejer\/\",\"url\":\"https:\/\/www.mundoagropecuario.cl\/new\/subsecretario-de-agricultura-participa-en-5ta-version-de-iniciativa-volver-a-tejer\/\",\"name\":\"Subsecretario de Agricultura participa en 5ta versi\u00f3n de iniciativa \u201cVolver a Tejer\u201d - Mundoagropecuario\",\"isPartOf\":{\"@id\":\"https:\/\/www.mundoagropecuario.cl\/new\/#website\"},\"primaryImageOfPage\":{\"@id\":\"https:\/\/www.mundoagropecuario.cl\/new\/subsecretario-de-agricultura-participa-en-5ta-version-de-iniciativa-volver-a-tejer\/#primaryimage\"},\"image\":{\"@id\":\"https:\/\/www.mundoagropecuario.cl\/new\/subsecretario-de-agricultura-participa-en-5ta-version-de-iniciativa-volver-a-tejer\/#primaryimage\"},\"thumbnailUrl\":\"https:\/\/www.mundoagropecuario.cl\/new\/wp-content\/uploads\/2018\/06\/Subsecretario-de-Agricultura-_-Volver-a-Tejer-e1528989502224.jpg\",\"datePublished\":\"2018-06-14T09:30:03+00:00\",\"dateModified\":\"2018-06-18T14:24:48+00:00\",\"breadcrumb\":{\"@id\":\"https:\/\/www.mundoagropecuario.cl\/new\/subsecretario-de-agricultura-participa-en-5ta-version-de-iniciativa-volver-a-tejer\/#breadcrumb\"},\"inLanguage\":\"es\",\"potentialAction\":[{\"@type\":\"ReadAction\",\"target\":[\"https:\/\/www.mundoagropecuario.cl\/new\/subsecretario-de-agricultura-participa-en-5ta-version-de-iniciativa-volver-a-tejer\/\"]}]},{\"@type\":\"ImageObject\",\"inLanguage\":\"es\",\"@id\":\"https:\/\/www.mundoagropecuario.cl\/new\/subsecretario-de-agricultura-participa-en-5ta-version-de-iniciativa-volver-a-tejer\/#primaryimage\",\"url\":\"https:\/\/www.mundoagropecuario.cl\/new\/wp-content\/uploads\/2018\/06\/Subsecretario-de-Agricultura-_-Volver-a-Tejer-e1528989502224.jpg\",\"contentUrl\":\"https:\/\/www.mundoagropecuario.cl\/new\/wp-content\/uploads\/2018\/06\/Subsecretario-de-Agricultura-_-Volver-a-Tejer-e1528989502224.jpg\",\"width\":508,\"height\":400},{\"@type\":\"BreadcrumbList\",\"@id\":\"https:\/\/www.mundoagropecuario.cl\/new\/subsecretario-de-agricultura-participa-en-5ta-version-de-iniciativa-volver-a-tejer\/#breadcrumb\",\"itemListElement\":[{\"@type\":\"ListItem\",\"position\":1,\"name\":\"Portada\",\"item\":\"https:\/\/www.mundoagropecuario.cl\/new\/\"},{\"@type\":\"ListItem\",\"position\":2,\"name\":\"Subsecretario de Agricultura participa en 5ta versi\u00f3n de iniciativa \u201cVolver a Tejer\u201d\"}]},{\"@type\":\"WebSite\",\"@id\":\"https:\/\/www.mundoagropecuario.cl\/new\/#website\",\"url\":\"https:\/\/www.mundoagropecuario.cl\/new\/\",\"name\":\"Mundoagropecuario\",\"description\":\"Mundo Agropecuario\",\"publisher\":{\"@id\":\"https:\/\/www.mundoagropecuario.cl\/new\/#organization\"},\"potentialAction\":[{\"@type\":\"SearchAction\",\"target\":{\"@type\":\"EntryPoint\",\"urlTemplate\":\"https:\/\/www.mundoagropecuario.cl\/new\/?s={search_term_string}\"},\"query-input\":{\"@type\":\"PropertyValueSpecification\",\"valueRequired\":true,\"valueName\":\"search_term_string\"}}],\"inLanguage\":\"es\"},{\"@type\":\"Organization\",\"@id\":\"https:\/\/www.mundoagropecuario.cl\/new\/#organization\",\"name\":\"Revista de Agricultura\",\"url\":\"https:\/\/www.mundoagropecuario.cl\/new\/\",\"logo\":{\"@type\":\"ImageObject\",\"inLanguage\":\"es\",\"@id\":\"https:\/\/www.mundoagropecuario.cl\/new\/#\/schema\/logo\/image\/\",\"url\":\"https:\/\/www.mundoagropecuario.cl\/new\/wp-content\/uploads\/2020\/11\/PORTAL-1-1.png\",\"contentUrl\":\"https:\/\/www.mundoagropecuario.cl\/new\/wp-content\/uploads\/2020\/11\/PORTAL-1-1.png\",\"width\":1026,\"height\":100,\"caption\":\"Revista de Agricultura\"},\"image\":{\"@id\":\"https:\/\/www.mundoagropecuario.cl\/new\/#\/schema\/logo\/image\/\"},\"sameAs\":[\"https:\/\/www.facebook.com\/mundo.agropecuario.3\",\"https:\/\/x.com\/MundoAgropecuar\",\"https:\/\/www.linkedin.com\/in\/mundo-agropecuario-934009201\/\"]},{\"@type\":\"Person\",\"@id\":\"https:\/\/www.mundoagropecuario.cl\/new\/#\/schema\/person\/0c221050801c74e45256a7a9a1ff0803\",\"name\":\"periodista\",\"url\":\"https:\/\/www.mundoagropecuario.cl\/new\/author\/periodista\/\"}]}<\/script>\n<!-- \/ Yoast SEO plugin. -->","yoast_head_json":{"title":"Subsecretario de Agricultura participa en 5ta versi\u00f3n de iniciativa \u201cVolver a Tejer\u201d - Mundoagropecuario","robots":{"index":"index","follow":"follow","max-snippet":"max-snippet:-1","max-image-preview":"max-image-preview:large","max-video-preview":"max-video-preview:-1"},"canonical":"https:\/\/www.mundoagropecuario.cl\/new\/subsecretario-de-agricultura-participa-en-5ta-version-de-iniciativa-volver-a-tejer\/","og_locale":"es_ES","og_type":"article","og_title":"Subsecretario de Agricultura participa en 5ta versi\u00f3n de iniciativa \u201cVolver a Tejer\u201d - Mundoagropecuario","og_description":"Prendas terminadas y trazabilidad desde el origen son las novedades en quinta versi\u00f3n de la iniciativa impulsada por Indap, Tiendas Paris y Fundaci\u00f3n Ona. (Mundo Agropecuario). Con un innovador hilado...","og_url":"https:\/\/www.mundoagropecuario.cl\/new\/subsecretario-de-agricultura-participa-en-5ta-version-de-iniciativa-volver-a-tejer\/","og_site_name":"Mundoagropecuario","article_publisher":"https:\/\/www.facebook.com\/mundo.agropecuario.3","article_published_time":"2018-06-14T09:30:03+00:00","article_modified_time":"2018-06-18T14:24:48+00:00","og_image":[{"width":832,"height":655,"url":"https:\/\/www.mundoagropecuario.cl\/new\/wp-content\/uploads\/2018\/06\/Subsecretario-de-Agricultura-_-Volver-a-Tejer-e1528989502224.jpg","type":"image\/jpeg"}],"author":"periodista","twitter_card":"summary_large_image","twitter_creator":"@MundoAgropecuar","twitter_site":"@MundoAgropecuar","twitter_misc":{"Escrito por":"periodista","Tiempo de lectura":"6 minutos"},"schema":{"@context":"https:\/\/schema.org","@graph":[{"@type":"Article","@id":"https:\/\/www.mundoagropecuario.cl\/new\/subsecretario-de-agricultura-participa-en-5ta-version-de-iniciativa-volver-a-tejer\/#article","isPartOf":{"@id":"https:\/\/www.mundoagropecuario.cl\/new\/subsecretario-de-agricultura-participa-en-5ta-version-de-iniciativa-volver-a-tejer\/"},"author":{"name":"periodista","@id":"https:\/\/www.mundoagropecuario.cl\/new\/#\/schema\/person\/0c221050801c74e45256a7a9a1ff0803"},"headline":"Subsecretario de Agricultura participa en 5ta versi\u00f3n de iniciativa \u201cVolver a Tejer\u201d","datePublished":"2018-06-14T09:30:03+00:00","dateModified":"2018-06-18T14:24:48+00:00","mainEntityOfPage":{"@id":"https:\/\/www.mundoagropecuario.cl\/new\/subsecretario-de-agricultura-participa-en-5ta-version-de-iniciativa-volver-a-tejer\/"},"wordCount":1254,"publisher":{"@id":"https:\/\/www.mundoagropecuario.cl\/new\/#organization"},"image":{"@id":"https:\/\/www.mundoagropecuario.cl\/new\/subsecretario-de-agricultura-participa-en-5ta-version-de-iniciativa-volver-a-tejer\/#primaryimage"},"thumbnailUrl":"https:\/\/www.mundoagropecuario.cl\/new\/wp-content\/uploads\/2018\/06\/Subsecretario-de-Agricultura-_-Volver-a-Tejer-e1528989502224.jpg","keywords":["Indap","Minagri","Subsecretar\u00eda de Agricultura"],"articleSection":["Instituciones"],"inLanguage":"es"},{"@type":"WebPage","@id":"https:\/\/www.mundoagropecuario.cl\/new\/subsecretario-de-agricultura-participa-en-5ta-version-de-iniciativa-volver-a-tejer\/","url":"https:\/\/www.mundoagropecuario.cl\/new\/subsecretario-de-agricultura-participa-en-5ta-version-de-iniciativa-volver-a-tejer\/","name":"Subsecretario de Agricultura participa en 5ta versi\u00f3n de iniciativa \u201cVolver a Tejer\u201d - Mundoagropecuario","isPartOf":{"@id":"https:\/\/www.mundoagropecuario.cl\/new\/#website"},"primaryImageOfPage":{"@id":"https:\/\/www.mundoagropecuario.cl\/new\/subsecretario-de-agricultura-participa-en-5ta-version-de-iniciativa-volver-a-tejer\/#primaryimage"},"image":{"@id":"https:\/\/www.mundoagropecuario.cl\/new\/subsecretario-de-agricultura-participa-en-5ta-version-de-iniciativa-volver-a-tejer\/#primaryimage"},"thumbnailUrl":"https:\/\/www.mundoagropecuario.cl\/new\/wp-content\/uploads\/2018\/06\/Subsecretario-de-Agricultura-_-Volver-a-Tejer-e1528989502224.jpg","datePublished":"2018-06-14T09:30:03+00:00","dateModified":"2018-06-18T14:24:48+00:00","breadcrumb":{"@id":"https:\/\/www.mundoagropecuario.cl\/new\/subsecretario-de-agricultura-participa-en-5ta-version-de-iniciativa-volver-a-tejer\/#breadcrumb"},"inLanguage":"es","potentialAction":[{"@type":"ReadAction","target":["https:\/\/www.mundoagropecuario.cl\/new\/subsecretario-de-agricultura-participa-en-5ta-version-de-iniciativa-volver-a-tejer\/"]}]},{"@type":"ImageObject","inLanguage":"es","@id":"https:\/\/www.mundoagropecuario.cl\/new\/subsecretario-de-agricultura-participa-en-5ta-version-de-iniciativa-volver-a-tejer\/#primaryimage","url":"https:\/\/www.mundoagropecuario.cl\/new\/wp-content\/uploads\/2018\/06\/Subsecretario-de-Agricultura-_-Volver-a-Tejer-e1528989502224.jpg","contentUrl":"https:\/\/www.mundoagropecuario.cl\/new\/wp-content\/uploads\/2018\/06\/Subsecretario-de-Agricultura-_-Volver-a-Tejer-e1528989502224.jpg","width":508,"height":400},{"@type":"BreadcrumbList","@id":"https:\/\/www.mundoagropecuario.cl\/new\/subsecretario-de-agricultura-participa-en-5ta-version-de-iniciativa-volver-a-tejer\/#breadcrumb","itemListElement":[{"@type":"ListItem","position":1,"name":"Portada","item":"https:\/\/www.mundoagropecuario.cl\/new\/"},{"@type":"ListItem","position":2,"name":"Subsecretario de Agricultura participa en 5ta versi\u00f3n de iniciativa \u201cVolver a Tejer\u201d"}]},{"@type":"WebSite","@id":"https:\/\/www.mundoagropecuario.cl\/new\/#website","url":"https:\/\/www.mundoagropecuario.cl\/new\/","name":"Mundoagropecuario","description":"Mundo Agropecuario","publisher":{"@id":"https:\/\/www.mundoagropecuario.cl\/new\/#organization"},"potentialAction":[{"@type":"SearchAction","target":{"@type":"EntryPoint","urlTemplate":"https:\/\/www.mundoagropecuario.cl\/new\/?s={search_term_string}"},"query-input":{"@type":"PropertyValueSpecification","valueRequired":true,"valueName":"search_term_string"}}],"inLanguage":"es"},{"@type":"Organization","@id":"https:\/\/www.mundoagropecuario.cl\/new\/#organization","name":"Revista de Agricultura","url":"https:\/\/www.mundoagropecuario.cl\/new\/","logo":{"@type":"ImageObject","inLanguage":"es","@id":"https:\/\/www.mundoagropecuario.cl\/new\/#\/schema\/logo\/image\/","url":"https:\/\/www.mundoagropecuario.cl\/new\/wp-content\/uploads\/2020\/11\/PORTAL-1-1.png","contentUrl":"https:\/\/www.mundoagropecuario.cl\/new\/wp-content\/uploads\/2020\/11\/PORTAL-1-1.png","width":1026,"height":100,"caption":"Revista de Agricultura"},"image":{"@id":"https:\/\/www.mundoagropecuario.cl\/new\/#\/schema\/logo\/image\/"},"sameAs":["https:\/\/www.facebook.com\/mundo.agropecuario.3","https:\/\/x.com\/MundoAgropecuar","https:\/\/www.linkedin.com\/in\/mundo-agropecuario-934009201\/"]},{"@type":"Person","@id":"https:\/\/www.mundoagropecuario.cl\/new\/#\/schema\/person\/0c221050801c74e45256a7a9a1ff0803","name":"periodista","url":"https:\/\/www.mundoagropecuario.cl\/new\/author\/periodista\/"}]}},"_links":{"self":[{"href":"https:\/\/www.mundoagropecuario.cl\/new\/wp-json\/wp\/v2\/posts\/7085","targetHints":{"allow":["GET"]}}],"collection":[{"href":"https:\/\/www.mundoagropecuario.cl\/new\/wp-json\/wp\/v2\/posts"}],"about":[{"href":"https:\/\/www.mundoagropecuario.cl\/new\/wp-json\/wp\/v2\/types\/post"}],"author":[{"embeddable":true,"href":"https:\/\/www.mundoagropecuario.cl\/new\/wp-json\/wp\/v2\/users\/3"}],"replies":[{"embeddable":true,"href":"https:\/\/www.mundoagropecuario.cl\/new\/wp-json\/wp\/v2\/comments?post=7085"}],"version-history":[{"count":1,"href":"https:\/\/www.mundoagropecuario.cl\/new\/wp-json\/wp\/v2\/posts\/7085\/revisions"}],"predecessor-version":[{"id":7088,"href":"https:\/\/www.mundoagropecuario.cl\/new\/wp-json\/wp\/v2\/posts\/7085\/revisions\/7088"}],"wp:featuredmedia":[{"embeddable":true,"href":"https:\/\/www.mundoagropecuario.cl\/new\/wp-json\/wp\/v2\/media\/7086"}],"wp:attachment":[{"href":"https:\/\/www.mundoagropecuario.cl\/new\/wp-json\/wp\/v2\/media?parent=7085"}],"wp:term":[{"taxonomy":"category","embeddable":true,"href":"https:\/\/www.mundoagropecuario.cl\/new\/wp-json\/wp\/v2\/categories?post=7085"},{"taxonomy":"post_tag","embeddable":true,"href":"https:\/\/www.mundoagropecuario.cl\/new\/wp-json\/wp\/v2\/tags?post=7085"}],"curies":[{"name":"wp","href":"https:\/\/api.w.org\/{rel}","templated":true}]}}