{"id":6996,"date":"2018-06-08T11:03:33","date_gmt":"2018-06-08T14:03:33","guid":{"rendered":"http:\/\/www.mundoagropecuario.cl\/new\/?p=6996"},"modified":"2018-06-11T10:48:45","modified_gmt":"2018-06-11T13:48:45","slug":"primera-licitacion-de-junio-muestra-leve-baja-en-el-gdt-de-fonterra","status":"publish","type":"post","link":"https:\/\/www.mundoagropecuario.cl\/new\/primera-licitacion-de-junio-muestra-leve-baja-en-el-gdt-de-fonterra\/","title":{"rendered":"Primera licitaci\u00f3n de junio muestra leve baja en el GDT de Fonterra"},"content":{"rendered":"<blockquote><p><em>En la primera licitaci\u00f3n de junio se depreci\u00f3 1,3% y precio medio se ubic\u00f3 en US$ 3.487 por tonelada. (Portalechero.com).<\/em><\/p><\/blockquote>\n<p>Los l\u00e1cteos comenzaron junio con una ca\u00edda de precios. En la primera venta del mes la canasta de productos se depreci\u00f3 un 1,3% frente a la \u00faltima referencia y el valor promedio se ubic\u00f3 en US$ 3.487 por tonelada. En total se comercializaron 21.580 toneladas.<\/p>\n<p>En las primeras once licitaciones del a\u00f1o los l\u00e1cteos se revalorizaron un 12,5%, incremento que se vio m\u00e1s favorecido en las tres primeras ventas del 2018 con subas consecutivas del 13%. En los meses siguientes el mercado se mostr\u00f3 m\u00e1s equilibrado.<\/p>\n<p>La leche en polvo entera, el principal producto exportado por Uruguay, tambi\u00e9n sufri\u00f3 una p\u00e9rdida de valor en el remate de junio. La ca\u00edda fue del 1,1% y el precio medio se posicion\u00f3 en US$ 3.205 por tonelada. Sin embargo, el acumulado del a\u00f1o fue de US$ 319 por tonelada.<\/p>\n<p>El resto de los productos tambi\u00e9n experimentaron inestabilidad. La leche en polvo descremada mantuvo el equilibrio con un aumento del 0,3% (US$ 2.051 por tonelada), el queso Cheddar baj\u00f3 3,6% (US$ 3.998 por tonelada) y la manteca tambi\u00e9n perdi\u00f3 un 3,5% (US$ 5.581 por tonelada).<\/p>\n","protected":false},"excerpt":{"rendered":"<p>En la primera licitaci\u00f3n de junio se depreci\u00f3 1,3% y precio medio se ubic\u00f3 en US$ 3.487 por tonelada. (Portalechero.com). Los l\u00e1cteos comenzaron junio con una ca\u00edda de precios. En&#8230;<\/p>\n","protected":false},"author":3,"featured_media":6997,"comment_status":"closed","ping_status":"closed","sticky":false,"template":"","format":"standard","meta":{"footnotes":""},"categories":[1950],"tags":[2064],"class_list":["post-6996","post","type-post","status-publish","format-standard","has-post-thumbnail","hentry","category-empresa","tag-fonterra"],"yoast_head":"<!-- This site is optimized with the Yoast SEO plugin v26.6 - https:\/\/yoast.com\/wordpress\/plugins\/seo\/ -->\n<title>Primera licitaci\u00f3n de junio muestra leve baja en el GDT de Fonterra - Mundoagropecuario<\/title>\n<meta name=\"robots\" content=\"index, follow, max-snippet:-1, max-image-preview:large, max-video-preview:-1\" \/>\n<link rel=\"canonical\" href=\"https:\/\/www.mundoagropecuario.cl\/new\/primera-licitacion-de-junio-muestra-leve-baja-en-el-gdt-de-fonterra\/\" \/>\n<meta property=\"og:locale\" content=\"es_ES\" \/>\n<meta property=\"og:type\" content=\"article\" \/>\n<meta property=\"og:title\" content=\"Primera licitaci\u00f3n de junio muestra leve baja en el GDT de Fonterra - Mundoagropecuario\" \/>\n<meta property=\"og:description\" content=\"En la primera licitaci\u00f3n de junio se depreci\u00f3 1,3% y precio medio se ubic\u00f3 en US$ 3.487 por tonelada. (Portalechero.com). Los l\u00e1cteos comenzaron junio con una ca\u00edda de precios. En...\" \/>\n<meta property=\"og:url\" content=\"https:\/\/www.mundoagropecuario.cl\/new\/primera-licitacion-de-junio-muestra-leve-baja-en-el-gdt-de-fonterra\/\" \/>\n<meta property=\"og:site_name\" content=\"Mundoagropecuario\" \/>\n<meta property=\"article:publisher\" content=\"https:\/\/www.facebook.com\/mundo.agropecuario.3\" \/>\n<meta property=\"article:published_time\" content=\"2018-06-08T14:03:33+00:00\" \/>\n<meta property=\"article:modified_time\" content=\"2018-06-11T13:48:45+00:00\" \/>\n<meta property=\"og:image\" content=\"https:\/\/www.mundoagropecuario.cl\/new\/wp-content\/uploads\/2018\/06\/fonterra911.jpg\" \/>\n\t<meta property=\"og:image:width\" content=\"1000\" \/>\n\t<meta property=\"og:image:height\" content=\"667\" \/>\n\t<meta property=\"og:image:type\" content=\"image\/jpeg\" \/>\n<meta name=\"author\" content=\"periodista\" \/>\n<meta name=\"twitter:card\" content=\"summary_large_image\" \/>\n<meta name=\"twitter:creator\" content=\"@MundoAgropecuar\" \/>\n<meta name=\"twitter:site\" content=\"@MundoAgropecuar\" \/>\n<meta name=\"twitter:label1\" content=\"Escrito por\" \/>\n\t<meta name=\"twitter:data1\" content=\"periodista\" \/>\n\t<meta name=\"twitter:label2\" content=\"Tiempo de lectura\" \/>\n\t<meta name=\"twitter:data2\" content=\"1 minuto\" \/>\n<script type=\"application\/ld+json\" class=\"yoast-schema-graph\">{\"@context\":\"https:\/\/schema.org\",\"@graph\":[{\"@type\":\"Article\",\"@id\":\"https:\/\/www.mundoagropecuario.cl\/new\/primera-licitacion-de-junio-muestra-leve-baja-en-el-gdt-de-fonterra\/#article\",\"isPartOf\":{\"@id\":\"https:\/\/www.mundoagropecuario.cl\/new\/primera-licitacion-de-junio-muestra-leve-baja-en-el-gdt-de-fonterra\/\"},\"author\":{\"name\":\"periodista\",\"@id\":\"https:\/\/www.mundoagropecuario.cl\/new\/#\/schema\/person\/0c221050801c74e45256a7a9a1ff0803\"},\"headline\":\"Primera licitaci\u00f3n de junio muestra leve baja en el GDT de Fonterra\",\"datePublished\":\"2018-06-08T14:03:33+00:00\",\"dateModified\":\"2018-06-11T13:48:45+00:00\",\"mainEntityOfPage\":{\"@id\":\"https:\/\/www.mundoagropecuario.cl\/new\/primera-licitacion-de-junio-muestra-leve-baja-en-el-gdt-de-fonterra\/\"},\"wordCount\":211,\"publisher\":{\"@id\":\"https:\/\/www.mundoagropecuario.cl\/new\/#organization\"},\"image\":{\"@id\":\"https:\/\/www.mundoagropecuario.cl\/new\/primera-licitacion-de-junio-muestra-leve-baja-en-el-gdt-de-fonterra\/#primaryimage\"},\"thumbnailUrl\":\"https:\/\/www.mundoagropecuario.cl\/new\/wp-content\/uploads\/2018\/06\/fonterra911.jpg\",\"keywords\":[\"Fonterra\"],\"articleSection\":[\"Empresa\"],\"inLanguage\":\"es\"},{\"@type\":\"WebPage\",\"@id\":\"https:\/\/www.mundoagropecuario.cl\/new\/primera-licitacion-de-junio-muestra-leve-baja-en-el-gdt-de-fonterra\/\",\"url\":\"https:\/\/www.mundoagropecuario.cl\/new\/primera-licitacion-de-junio-muestra-leve-baja-en-el-gdt-de-fonterra\/\",\"name\":\"Primera licitaci\u00f3n de junio muestra leve baja en el GDT de Fonterra - Mundoagropecuario\",\"isPartOf\":{\"@id\":\"https:\/\/www.mundoagropecuario.cl\/new\/#website\"},\"primaryImageOfPage\":{\"@id\":\"https:\/\/www.mundoagropecuario.cl\/new\/primera-licitacion-de-junio-muestra-leve-baja-en-el-gdt-de-fonterra\/#primaryimage\"},\"image\":{\"@id\":\"https:\/\/www.mundoagropecuario.cl\/new\/primera-licitacion-de-junio-muestra-leve-baja-en-el-gdt-de-fonterra\/#primaryimage\"},\"thumbnailUrl\":\"https:\/\/www.mundoagropecuario.cl\/new\/wp-content\/uploads\/2018\/06\/fonterra911.jpg\",\"datePublished\":\"2018-06-08T14:03:33+00:00\",\"dateModified\":\"2018-06-11T13:48:45+00:00\",\"breadcrumb\":{\"@id\":\"https:\/\/www.mundoagropecuario.cl\/new\/primera-licitacion-de-junio-muestra-leve-baja-en-el-gdt-de-fonterra\/#breadcrumb\"},\"inLanguage\":\"es\",\"potentialAction\":[{\"@type\":\"ReadAction\",\"target\":[\"https:\/\/www.mundoagropecuario.cl\/new\/primera-licitacion-de-junio-muestra-leve-baja-en-el-gdt-de-fonterra\/\"]}]},{\"@type\":\"ImageObject\",\"inLanguage\":\"es\",\"@id\":\"https:\/\/www.mundoagropecuario.cl\/new\/primera-licitacion-de-junio-muestra-leve-baja-en-el-gdt-de-fonterra\/#primaryimage\",\"url\":\"https:\/\/www.mundoagropecuario.cl\/new\/wp-content\/uploads\/2018\/06\/fonterra911.jpg\",\"contentUrl\":\"https:\/\/www.mundoagropecuario.cl\/new\/wp-content\/uploads\/2018\/06\/fonterra911.jpg\",\"width\":600,\"height\":400},{\"@type\":\"BreadcrumbList\",\"@id\":\"https:\/\/www.mundoagropecuario.cl\/new\/primera-licitacion-de-junio-muestra-leve-baja-en-el-gdt-de-fonterra\/#breadcrumb\",\"itemListElement\":[{\"@type\":\"ListItem\",\"position\":1,\"name\":\"Portada\",\"item\":\"https:\/\/www.mundoagropecuario.cl\/new\/\"},{\"@type\":\"ListItem\",\"position\":2,\"name\":\"Primera licitaci\u00f3n de junio muestra leve baja en el GDT de Fonterra\"}]},{\"@type\":\"WebSite\",\"@id\":\"https:\/\/www.mundoagropecuario.cl\/new\/#website\",\"url\":\"https:\/\/www.mundoagropecuario.cl\/new\/\",\"name\":\"Mundoagropecuario\",\"description\":\"Mundo Agropecuario\",\"publisher\":{\"@id\":\"https:\/\/www.mundoagropecuario.cl\/new\/#organization\"},\"potentialAction\":[{\"@type\":\"SearchAction\",\"target\":{\"@type\":\"EntryPoint\",\"urlTemplate\":\"https:\/\/www.mundoagropecuario.cl\/new\/?s={search_term_string}\"},\"query-input\":{\"@type\":\"PropertyValueSpecification\",\"valueRequired\":true,\"valueName\":\"search_term_string\"}}],\"inLanguage\":\"es\"},{\"@type\":\"Organization\",\"@id\":\"https:\/\/www.mundoagropecuario.cl\/new\/#organization\",\"name\":\"Revista de Agricultura\",\"url\":\"https:\/\/www.mundoagropecuario.cl\/new\/\",\"logo\":{\"@type\":\"ImageObject\",\"inLanguage\":\"es\",\"@id\":\"https:\/\/www.mundoagropecuario.cl\/new\/#\/schema\/logo\/image\/\",\"url\":\"https:\/\/www.mundoagropecuario.cl\/new\/wp-content\/uploads\/2020\/11\/PORTAL-1-1.png\",\"contentUrl\":\"https:\/\/www.mundoagropecuario.cl\/new\/wp-content\/uploads\/2020\/11\/PORTAL-1-1.png\",\"width\":1026,\"height\":100,\"caption\":\"Revista de Agricultura\"},\"image\":{\"@id\":\"https:\/\/www.mundoagropecuario.cl\/new\/#\/schema\/logo\/image\/\"},\"sameAs\":[\"https:\/\/www.facebook.com\/mundo.agropecuario.3\",\"https:\/\/x.com\/MundoAgropecuar\",\"https:\/\/www.linkedin.com\/in\/mundo-agropecuario-934009201\/\"]},{\"@type\":\"Person\",\"@id\":\"https:\/\/www.mundoagropecuario.cl\/new\/#\/schema\/person\/0c221050801c74e45256a7a9a1ff0803\",\"name\":\"periodista\",\"url\":\"https:\/\/www.mundoagropecuario.cl\/new\/author\/periodista\/\"}]}<\/script>\n<!-- \/ Yoast SEO plugin. -->","yoast_head_json":{"title":"Primera licitaci\u00f3n de junio muestra leve baja en el GDT de Fonterra - Mundoagropecuario","robots":{"index":"index","follow":"follow","max-snippet":"max-snippet:-1","max-image-preview":"max-image-preview:large","max-video-preview":"max-video-preview:-1"},"canonical":"https:\/\/www.mundoagropecuario.cl\/new\/primera-licitacion-de-junio-muestra-leve-baja-en-el-gdt-de-fonterra\/","og_locale":"es_ES","og_type":"article","og_title":"Primera licitaci\u00f3n de junio muestra leve baja en el GDT de Fonterra - Mundoagropecuario","og_description":"En la primera licitaci\u00f3n de junio se depreci\u00f3 1,3% y precio medio se ubic\u00f3 en US$ 3.487 por tonelada. (Portalechero.com). Los l\u00e1cteos comenzaron junio con una ca\u00edda de precios. En...","og_url":"https:\/\/www.mundoagropecuario.cl\/new\/primera-licitacion-de-junio-muestra-leve-baja-en-el-gdt-de-fonterra\/","og_site_name":"Mundoagropecuario","article_publisher":"https:\/\/www.facebook.com\/mundo.agropecuario.3","article_published_time":"2018-06-08T14:03:33+00:00","article_modified_time":"2018-06-11T13:48:45+00:00","og_image":[{"width":1000,"height":667,"url":"https:\/\/www.mundoagropecuario.cl\/new\/wp-content\/uploads\/2018\/06\/fonterra911.jpg","type":"image\/jpeg"}],"author":"periodista","twitter_card":"summary_large_image","twitter_creator":"@MundoAgropecuar","twitter_site":"@MundoAgropecuar","twitter_misc":{"Escrito por":"periodista","Tiempo de lectura":"1 minuto"},"schema":{"@context":"https:\/\/schema.org","@graph":[{"@type":"Article","@id":"https:\/\/www.mundoagropecuario.cl\/new\/primera-licitacion-de-junio-muestra-leve-baja-en-el-gdt-de-fonterra\/#article","isPartOf":{"@id":"https:\/\/www.mundoagropecuario.cl\/new\/primera-licitacion-de-junio-muestra-leve-baja-en-el-gdt-de-fonterra\/"},"author":{"name":"periodista","@id":"https:\/\/www.mundoagropecuario.cl\/new\/#\/schema\/person\/0c221050801c74e45256a7a9a1ff0803"},"headline":"Primera licitaci\u00f3n de junio muestra leve baja en el GDT de Fonterra","datePublished":"2018-06-08T14:03:33+00:00","dateModified":"2018-06-11T13:48:45+00:00","mainEntityOfPage":{"@id":"https:\/\/www.mundoagropecuario.cl\/new\/primera-licitacion-de-junio-muestra-leve-baja-en-el-gdt-de-fonterra\/"},"wordCount":211,"publisher":{"@id":"https:\/\/www.mundoagropecuario.cl\/new\/#organization"},"image":{"@id":"https:\/\/www.mundoagropecuario.cl\/new\/primera-licitacion-de-junio-muestra-leve-baja-en-el-gdt-de-fonterra\/#primaryimage"},"thumbnailUrl":"https:\/\/www.mundoagropecuario.cl\/new\/wp-content\/uploads\/2018\/06\/fonterra911.jpg","keywords":["Fonterra"],"articleSection":["Empresa"],"inLanguage":"es"},{"@type":"WebPage","@id":"https:\/\/www.mundoagropecuario.cl\/new\/primera-licitacion-de-junio-muestra-leve-baja-en-el-gdt-de-fonterra\/","url":"https:\/\/www.mundoagropecuario.cl\/new\/primera-licitacion-de-junio-muestra-leve-baja-en-el-gdt-de-fonterra\/","name":"Primera licitaci\u00f3n de junio muestra leve baja en el GDT de Fonterra - Mundoagropecuario","isPartOf":{"@id":"https:\/\/www.mundoagropecuario.cl\/new\/#website"},"primaryImageOfPage":{"@id":"https:\/\/www.mundoagropecuario.cl\/new\/primera-licitacion-de-junio-muestra-leve-baja-en-el-gdt-de-fonterra\/#primaryimage"},"image":{"@id":"https:\/\/www.mundoagropecuario.cl\/new\/primera-licitacion-de-junio-muestra-leve-baja-en-el-gdt-de-fonterra\/#primaryimage"},"thumbnailUrl":"https:\/\/www.mundoagropecuario.cl\/new\/wp-content\/uploads\/2018\/06\/fonterra911.jpg","datePublished":"2018-06-08T14:03:33+00:00","dateModified":"2018-06-11T13:48:45+00:00","breadcrumb":{"@id":"https:\/\/www.mundoagropecuario.cl\/new\/primera-licitacion-de-junio-muestra-leve-baja-en-el-gdt-de-fonterra\/#breadcrumb"},"inLanguage":"es","potentialAction":[{"@type":"ReadAction","target":["https:\/\/www.mundoagropecuario.cl\/new\/primera-licitacion-de-junio-muestra-leve-baja-en-el-gdt-de-fonterra\/"]}]},{"@type":"ImageObject","inLanguage":"es","@id":"https:\/\/www.mundoagropecuario.cl\/new\/primera-licitacion-de-junio-muestra-leve-baja-en-el-gdt-de-fonterra\/#primaryimage","url":"https:\/\/www.mundoagropecuario.cl\/new\/wp-content\/uploads\/2018\/06\/fonterra911.jpg","contentUrl":"https:\/\/www.mundoagropecuario.cl\/new\/wp-content\/uploads\/2018\/06\/fonterra911.jpg","width":600,"height":400},{"@type":"BreadcrumbList","@id":"https:\/\/www.mundoagropecuario.cl\/new\/primera-licitacion-de-junio-muestra-leve-baja-en-el-gdt-de-fonterra\/#breadcrumb","itemListElement":[{"@type":"ListItem","position":1,"name":"Portada","item":"https:\/\/www.mundoagropecuario.cl\/new\/"},{"@type":"ListItem","position":2,"name":"Primera licitaci\u00f3n de junio muestra leve baja en el GDT de Fonterra"}]},{"@type":"WebSite","@id":"https:\/\/www.mundoagropecuario.cl\/new\/#website","url":"https:\/\/www.mundoagropecuario.cl\/new\/","name":"Mundoagropecuario","description":"Mundo Agropecuario","publisher":{"@id":"https:\/\/www.mundoagropecuario.cl\/new\/#organization"},"potentialAction":[{"@type":"SearchAction","target":{"@type":"EntryPoint","urlTemplate":"https:\/\/www.mundoagropecuario.cl\/new\/?s={search_term_string}"},"query-input":{"@type":"PropertyValueSpecification","valueRequired":true,"valueName":"search_term_string"}}],"inLanguage":"es"},{"@type":"Organization","@id":"https:\/\/www.mundoagropecuario.cl\/new\/#organization","name":"Revista de Agricultura","url":"https:\/\/www.mundoagropecuario.cl\/new\/","logo":{"@type":"ImageObject","inLanguage":"es","@id":"https:\/\/www.mundoagropecuario.cl\/new\/#\/schema\/logo\/image\/","url":"https:\/\/www.mundoagropecuario.cl\/new\/wp-content\/uploads\/2020\/11\/PORTAL-1-1.png","contentUrl":"https:\/\/www.mundoagropecuario.cl\/new\/wp-content\/uploads\/2020\/11\/PORTAL-1-1.png","width":1026,"height":100,"caption":"Revista de Agricultura"},"image":{"@id":"https:\/\/www.mundoagropecuario.cl\/new\/#\/schema\/logo\/image\/"},"sameAs":["https:\/\/www.facebook.com\/mundo.agropecuario.3","https:\/\/x.com\/MundoAgropecuar","https:\/\/www.linkedin.com\/in\/mundo-agropecuario-934009201\/"]},{"@type":"Person","@id":"https:\/\/www.mundoagropecuario.cl\/new\/#\/schema\/person\/0c221050801c74e45256a7a9a1ff0803","name":"periodista","url":"https:\/\/www.mundoagropecuario.cl\/new\/author\/periodista\/"}]}},"_links":{"self":[{"href":"https:\/\/www.mundoagropecuario.cl\/new\/wp-json\/wp\/v2\/posts\/6996","targetHints":{"allow":["GET"]}}],"collection":[{"href":"https:\/\/www.mundoagropecuario.cl\/new\/wp-json\/wp\/v2\/posts"}],"about":[{"href":"https:\/\/www.mundoagropecuario.cl\/new\/wp-json\/wp\/v2\/types\/post"}],"author":[{"embeddable":true,"href":"https:\/\/www.mundoagropecuario.cl\/new\/wp-json\/wp\/v2\/users\/3"}],"replies":[{"embeddable":true,"href":"https:\/\/www.mundoagropecuario.cl\/new\/wp-json\/wp\/v2\/comments?post=6996"}],"version-history":[{"count":1,"href":"https:\/\/www.mundoagropecuario.cl\/new\/wp-json\/wp\/v2\/posts\/6996\/revisions"}],"predecessor-version":[{"id":6998,"href":"https:\/\/www.mundoagropecuario.cl\/new\/wp-json\/wp\/v2\/posts\/6996\/revisions\/6998"}],"wp:featuredmedia":[{"embeddable":true,"href":"https:\/\/www.mundoagropecuario.cl\/new\/wp-json\/wp\/v2\/media\/6997"}],"wp:attachment":[{"href":"https:\/\/www.mundoagropecuario.cl\/new\/wp-json\/wp\/v2\/media?parent=6996"}],"wp:term":[{"taxonomy":"category","embeddable":true,"href":"https:\/\/www.mundoagropecuario.cl\/new\/wp-json\/wp\/v2\/categories?post=6996"},{"taxonomy":"post_tag","embeddable":true,"href":"https:\/\/www.mundoagropecuario.cl\/new\/wp-json\/wp\/v2\/tags?post=6996"}],"curies":[{"name":"wp","href":"https:\/\/api.w.org\/{rel}","templated":true}]}}