{"id":6950,"date":"2018-06-07T10:43:06","date_gmt":"2018-06-07T13:43:06","guid":{"rendered":"http:\/\/www.mundoagropecuario.cl\/new\/?p=6950"},"modified":"2018-06-07T10:43:06","modified_gmt":"2018-06-07T13:43:06","slug":"buscan-proteger-a-productores-trigueros-de-nuble","status":"publish","type":"post","link":"https:\/\/www.mundoagropecuario.cl\/new\/buscan-proteger-a-productores-trigueros-de-nuble\/","title":{"rendered":"Buscan proteger a productores trigueros de \u00d1uble"},"content":{"rendered":"<blockquote><p><em>Proyecto de ley que busca restringir el acceso de trigo extranjero en la \u00e9poca en que en chile se encuentra cosechando dicho cereal, present\u00f3 la tarde de este martes el diputado representante de la regi\u00f3n de \u00d1uble, Frank Sauerbaum. (La Discusi\u00f3n).<\/em><\/p><\/blockquote>\n<p>El parlamentario, quien es miembro de la comisi\u00f3n de Agricultura de la C\u00e1mara, sostuvo que la libertad que existe en la actualidad para la compra en el exterior ha incidido no s\u00f3lo en los bajos precios para los productores nacionales, sino que tambi\u00e9n en la p\u00e9rdida de hect\u00e1reas sembradas y de intenci\u00f3n de siempre del mencionado cereal.<\/p>\n<p>&#8220;las abundantes cosechas que se han producido en el hemisferio norte, los altos stocks internacionales y la ca\u00edda del d\u00f3lar frente al peso, han contribuido a generar un verdadero descalabro en la industria, la que no s\u00f3lo entrega muchos puestos de empleo en el pa\u00eds, sino que es la forma de vida de muchas familias chilenas&#8221;, expres\u00f3 Sauerbaum.<\/p>\n<p>El proyecto de ley, busca que el Presidente Sebasti\u00e1n Pi\u00f1era instruya a los ministerios de Econom\u00eda y Agricultura a desarrollar estrategias que permitan enfrentar este problema.<\/p>\n<p>El legislador por la Regi\u00f3n de \u00d1uble explic\u00f3 que la idea de la petici\u00f3n al Ejecutivo \u201ces que se establezca un mecanismo similar al \u2018Marketing Order\u2019 en Estados Unidos, que impide la importaci\u00f3n\u00a0 masiva de trigo y ma\u00edz durante el periodos de cosecha\u201d.<\/p>\n<p>\u201cEn diez a\u00f1os Chile ha perdido alrededor de cien mil hect\u00e1reas de intenci\u00f3n de siembra de trigo, justamente por los malos precios y por la incertidumbre del mercado. Dependemos hoy d\u00eda absolutamente de la importaci\u00f3n de los pa\u00edses vecinos, especialmente de Argentina. El ochenta por ciento de lo que se importa se hace desde Argentina y hoy d\u00eda nosotros tenemos un trigo de mejor calidad que se mezcla con trigo que tiene caracter\u00edsticas distintas para finalmente hacer la harina\u201d, a\u00f1adi\u00f3 el diputado Sauerbaum.<\/p>\n<p>Entre las solicitudes al Gobierno, se encuentran tambi\u00e9n un fortalecimiento de la Comercializadora de Trigo S.A. (Cotrisa), de la cual Corfo tiene el control mayoritario, que se verifique y fiscalice que los granos importados sean para el prop\u00f3sito que efectivamente declaran sus glosas y crear programas espec\u00edficos que fomenten y permitan desarrollar derivados financieros para cultivos anuales.<\/p>\n<p>Asimismo, en el escrito, el parlamentario recomienda que se analice la pertinencia de seguir perteneciendo al Mercosur, debido a que a juicio del legislador, esta alianza no ha favorecido a los agricultores nacionales.<\/p>\n<p>\u201cHoy quienes est\u00e1n ganando son los molinos y nosotros queremos que ganen tambi\u00e9n nuestros productores. Por eso\u00a0 le hemos pedido al Gobierno que fortalezca Cotrisa y finalmente pueda establecer nuevos seguros y nuevas posibilidades de financiamiento para nuestros agricultores de trigo, ma\u00edz y cereales en general\u201d, remat\u00f3 Frank Sauerbaum.<\/p>\n","protected":false},"excerpt":{"rendered":"<p>Proyecto de ley que busca restringir el acceso de trigo extranjero en la \u00e9poca en que en chile se encuentra cosechando dicho cereal, present\u00f3 la tarde de este martes el&#8230;<\/p>\n","protected":false},"author":3,"featured_media":6951,"comment_status":"closed","ping_status":"closed","sticky":false,"template":"","format":"standard","meta":{"footnotes":""},"categories":[1945],"tags":[2050,2049],"class_list":["post-6950","post","type-post","status-publish","format-standard","has-post-thumbnail","hentry","category-agricultura","tag-cotrisa","tag-trigo"],"yoast_head":"<!-- This site is optimized with the Yoast SEO plugin v26.6 - https:\/\/yoast.com\/wordpress\/plugins\/seo\/ -->\n<title>Buscan proteger a productores trigueros de \u00d1uble - Mundoagropecuario<\/title>\n<meta name=\"robots\" content=\"index, follow, max-snippet:-1, max-image-preview:large, max-video-preview:-1\" \/>\n<link rel=\"canonical\" href=\"https:\/\/www.mundoagropecuario.cl\/new\/buscan-proteger-a-productores-trigueros-de-nuble\/\" \/>\n<meta property=\"og:locale\" content=\"es_ES\" \/>\n<meta property=\"og:type\" content=\"article\" \/>\n<meta property=\"og:title\" content=\"Buscan proteger a productores trigueros de \u00d1uble - Mundoagropecuario\" \/>\n<meta property=\"og:description\" content=\"Proyecto de ley que busca restringir el acceso de trigo extranjero en la \u00e9poca en que en chile se encuentra cosechando dicho cereal, present\u00f3 la tarde de este martes el...\" \/>\n<meta property=\"og:url\" content=\"https:\/\/www.mundoagropecuario.cl\/new\/buscan-proteger-a-productores-trigueros-de-nuble\/\" \/>\n<meta property=\"og:site_name\" content=\"Mundoagropecuario\" \/>\n<meta property=\"article:publisher\" content=\"https:\/\/www.facebook.com\/mundo.agropecuario.3\" \/>\n<meta property=\"article:published_time\" content=\"2018-06-07T13:43:06+00:00\" \/>\n<meta property=\"og:image\" content=\"https:\/\/www.mundoagropecuario.cl\/new\/wp-content\/uploads\/2018\/06\/trigo.jpg\" \/>\n\t<meta property=\"og:image:width\" content=\"850\" \/>\n\t<meta property=\"og:image:height\" content=\"562\" \/>\n\t<meta property=\"og:image:type\" content=\"image\/jpeg\" \/>\n<meta name=\"author\" content=\"periodista\" \/>\n<meta name=\"twitter:card\" content=\"summary_large_image\" \/>\n<meta name=\"twitter:creator\" content=\"@MundoAgropecuar\" \/>\n<meta name=\"twitter:site\" content=\"@MundoAgropecuar\" \/>\n<meta name=\"twitter:label1\" content=\"Escrito por\" \/>\n\t<meta name=\"twitter:data1\" content=\"periodista\" \/>\n\t<meta name=\"twitter:label2\" content=\"Tiempo de lectura\" \/>\n\t<meta name=\"twitter:data2\" content=\"2 minutos\" \/>\n<script type=\"application\/ld+json\" class=\"yoast-schema-graph\">{\"@context\":\"https:\/\/schema.org\",\"@graph\":[{\"@type\":\"Article\",\"@id\":\"https:\/\/www.mundoagropecuario.cl\/new\/buscan-proteger-a-productores-trigueros-de-nuble\/#article\",\"isPartOf\":{\"@id\":\"https:\/\/www.mundoagropecuario.cl\/new\/buscan-proteger-a-productores-trigueros-de-nuble\/\"},\"author\":{\"name\":\"periodista\",\"@id\":\"https:\/\/www.mundoagropecuario.cl\/new\/#\/schema\/person\/0c221050801c74e45256a7a9a1ff0803\"},\"headline\":\"Buscan proteger a productores trigueros de \u00d1uble\",\"datePublished\":\"2018-06-07T13:43:06+00:00\",\"mainEntityOfPage\":{\"@id\":\"https:\/\/www.mundoagropecuario.cl\/new\/buscan-proteger-a-productores-trigueros-de-nuble\/\"},\"wordCount\":490,\"publisher\":{\"@id\":\"https:\/\/www.mundoagropecuario.cl\/new\/#organization\"},\"image\":{\"@id\":\"https:\/\/www.mundoagropecuario.cl\/new\/buscan-proteger-a-productores-trigueros-de-nuble\/#primaryimage\"},\"thumbnailUrl\":\"https:\/\/www.mundoagropecuario.cl\/new\/wp-content\/uploads\/2018\/06\/trigo.jpg\",\"keywords\":[\"Cotrisa\",\"Trigo\"],\"articleSection\":[\"Agricultura\"],\"inLanguage\":\"es\"},{\"@type\":\"WebPage\",\"@id\":\"https:\/\/www.mundoagropecuario.cl\/new\/buscan-proteger-a-productores-trigueros-de-nuble\/\",\"url\":\"https:\/\/www.mundoagropecuario.cl\/new\/buscan-proteger-a-productores-trigueros-de-nuble\/\",\"name\":\"Buscan proteger a productores trigueros de \u00d1uble - Mundoagropecuario\",\"isPartOf\":{\"@id\":\"https:\/\/www.mundoagropecuario.cl\/new\/#website\"},\"primaryImageOfPage\":{\"@id\":\"https:\/\/www.mundoagropecuario.cl\/new\/buscan-proteger-a-productores-trigueros-de-nuble\/#primaryimage\"},\"image\":{\"@id\":\"https:\/\/www.mundoagropecuario.cl\/new\/buscan-proteger-a-productores-trigueros-de-nuble\/#primaryimage\"},\"thumbnailUrl\":\"https:\/\/www.mundoagropecuario.cl\/new\/wp-content\/uploads\/2018\/06\/trigo.jpg\",\"datePublished\":\"2018-06-07T13:43:06+00:00\",\"breadcrumb\":{\"@id\":\"https:\/\/www.mundoagropecuario.cl\/new\/buscan-proteger-a-productores-trigueros-de-nuble\/#breadcrumb\"},\"inLanguage\":\"es\",\"potentialAction\":[{\"@type\":\"ReadAction\",\"target\":[\"https:\/\/www.mundoagropecuario.cl\/new\/buscan-proteger-a-productores-trigueros-de-nuble\/\"]}]},{\"@type\":\"ImageObject\",\"inLanguage\":\"es\",\"@id\":\"https:\/\/www.mundoagropecuario.cl\/new\/buscan-proteger-a-productores-trigueros-de-nuble\/#primaryimage\",\"url\":\"https:\/\/www.mundoagropecuario.cl\/new\/wp-content\/uploads\/2018\/06\/trigo.jpg\",\"contentUrl\":\"https:\/\/www.mundoagropecuario.cl\/new\/wp-content\/uploads\/2018\/06\/trigo.jpg\",\"width\":605,\"height\":400},{\"@type\":\"BreadcrumbList\",\"@id\":\"https:\/\/www.mundoagropecuario.cl\/new\/buscan-proteger-a-productores-trigueros-de-nuble\/#breadcrumb\",\"itemListElement\":[{\"@type\":\"ListItem\",\"position\":1,\"name\":\"Portada\",\"item\":\"https:\/\/www.mundoagropecuario.cl\/new\/\"},{\"@type\":\"ListItem\",\"position\":2,\"name\":\"Buscan proteger a productores trigueros de \u00d1uble\"}]},{\"@type\":\"WebSite\",\"@id\":\"https:\/\/www.mundoagropecuario.cl\/new\/#website\",\"url\":\"https:\/\/www.mundoagropecuario.cl\/new\/\",\"name\":\"Mundoagropecuario\",\"description\":\"Mundo Agropecuario\",\"publisher\":{\"@id\":\"https:\/\/www.mundoagropecuario.cl\/new\/#organization\"},\"potentialAction\":[{\"@type\":\"SearchAction\",\"target\":{\"@type\":\"EntryPoint\",\"urlTemplate\":\"https:\/\/www.mundoagropecuario.cl\/new\/?s={search_term_string}\"},\"query-input\":{\"@type\":\"PropertyValueSpecification\",\"valueRequired\":true,\"valueName\":\"search_term_string\"}}],\"inLanguage\":\"es\"},{\"@type\":\"Organization\",\"@id\":\"https:\/\/www.mundoagropecuario.cl\/new\/#organization\",\"name\":\"Revista de Agricultura\",\"url\":\"https:\/\/www.mundoagropecuario.cl\/new\/\",\"logo\":{\"@type\":\"ImageObject\",\"inLanguage\":\"es\",\"@id\":\"https:\/\/www.mundoagropecuario.cl\/new\/#\/schema\/logo\/image\/\",\"url\":\"https:\/\/www.mundoagropecuario.cl\/new\/wp-content\/uploads\/2020\/11\/PORTAL-1-1.png\",\"contentUrl\":\"https:\/\/www.mundoagropecuario.cl\/new\/wp-content\/uploads\/2020\/11\/PORTAL-1-1.png\",\"width\":1026,\"height\":100,\"caption\":\"Revista de Agricultura\"},\"image\":{\"@id\":\"https:\/\/www.mundoagropecuario.cl\/new\/#\/schema\/logo\/image\/\"},\"sameAs\":[\"https:\/\/www.facebook.com\/mundo.agropecuario.3\",\"https:\/\/x.com\/MundoAgropecuar\",\"https:\/\/www.linkedin.com\/in\/mundo-agropecuario-934009201\/\"]},{\"@type\":\"Person\",\"@id\":\"https:\/\/www.mundoagropecuario.cl\/new\/#\/schema\/person\/0c221050801c74e45256a7a9a1ff0803\",\"name\":\"periodista\",\"url\":\"https:\/\/www.mundoagropecuario.cl\/new\/author\/periodista\/\"}]}<\/script>\n<!-- \/ Yoast SEO plugin. -->","yoast_head_json":{"title":"Buscan proteger a productores trigueros de \u00d1uble - Mundoagropecuario","robots":{"index":"index","follow":"follow","max-snippet":"max-snippet:-1","max-image-preview":"max-image-preview:large","max-video-preview":"max-video-preview:-1"},"canonical":"https:\/\/www.mundoagropecuario.cl\/new\/buscan-proteger-a-productores-trigueros-de-nuble\/","og_locale":"es_ES","og_type":"article","og_title":"Buscan proteger a productores trigueros de \u00d1uble - Mundoagropecuario","og_description":"Proyecto de ley que busca restringir el acceso de trigo extranjero en la \u00e9poca en que en chile se encuentra cosechando dicho cereal, present\u00f3 la tarde de este martes el...","og_url":"https:\/\/www.mundoagropecuario.cl\/new\/buscan-proteger-a-productores-trigueros-de-nuble\/","og_site_name":"Mundoagropecuario","article_publisher":"https:\/\/www.facebook.com\/mundo.agropecuario.3","article_published_time":"2018-06-07T13:43:06+00:00","og_image":[{"width":850,"height":562,"url":"https:\/\/www.mundoagropecuario.cl\/new\/wp-content\/uploads\/2018\/06\/trigo.jpg","type":"image\/jpeg"}],"author":"periodista","twitter_card":"summary_large_image","twitter_creator":"@MundoAgropecuar","twitter_site":"@MundoAgropecuar","twitter_misc":{"Escrito por":"periodista","Tiempo de lectura":"2 minutos"},"schema":{"@context":"https:\/\/schema.org","@graph":[{"@type":"Article","@id":"https:\/\/www.mundoagropecuario.cl\/new\/buscan-proteger-a-productores-trigueros-de-nuble\/#article","isPartOf":{"@id":"https:\/\/www.mundoagropecuario.cl\/new\/buscan-proteger-a-productores-trigueros-de-nuble\/"},"author":{"name":"periodista","@id":"https:\/\/www.mundoagropecuario.cl\/new\/#\/schema\/person\/0c221050801c74e45256a7a9a1ff0803"},"headline":"Buscan proteger a productores trigueros de \u00d1uble","datePublished":"2018-06-07T13:43:06+00:00","mainEntityOfPage":{"@id":"https:\/\/www.mundoagropecuario.cl\/new\/buscan-proteger-a-productores-trigueros-de-nuble\/"},"wordCount":490,"publisher":{"@id":"https:\/\/www.mundoagropecuario.cl\/new\/#organization"},"image":{"@id":"https:\/\/www.mundoagropecuario.cl\/new\/buscan-proteger-a-productores-trigueros-de-nuble\/#primaryimage"},"thumbnailUrl":"https:\/\/www.mundoagropecuario.cl\/new\/wp-content\/uploads\/2018\/06\/trigo.jpg","keywords":["Cotrisa","Trigo"],"articleSection":["Agricultura"],"inLanguage":"es"},{"@type":"WebPage","@id":"https:\/\/www.mundoagropecuario.cl\/new\/buscan-proteger-a-productores-trigueros-de-nuble\/","url":"https:\/\/www.mundoagropecuario.cl\/new\/buscan-proteger-a-productores-trigueros-de-nuble\/","name":"Buscan proteger a productores trigueros de \u00d1uble - Mundoagropecuario","isPartOf":{"@id":"https:\/\/www.mundoagropecuario.cl\/new\/#website"},"primaryImageOfPage":{"@id":"https:\/\/www.mundoagropecuario.cl\/new\/buscan-proteger-a-productores-trigueros-de-nuble\/#primaryimage"},"image":{"@id":"https:\/\/www.mundoagropecuario.cl\/new\/buscan-proteger-a-productores-trigueros-de-nuble\/#primaryimage"},"thumbnailUrl":"https:\/\/www.mundoagropecuario.cl\/new\/wp-content\/uploads\/2018\/06\/trigo.jpg","datePublished":"2018-06-07T13:43:06+00:00","breadcrumb":{"@id":"https:\/\/www.mundoagropecuario.cl\/new\/buscan-proteger-a-productores-trigueros-de-nuble\/#breadcrumb"},"inLanguage":"es","potentialAction":[{"@type":"ReadAction","target":["https:\/\/www.mundoagropecuario.cl\/new\/buscan-proteger-a-productores-trigueros-de-nuble\/"]}]},{"@type":"ImageObject","inLanguage":"es","@id":"https:\/\/www.mundoagropecuario.cl\/new\/buscan-proteger-a-productores-trigueros-de-nuble\/#primaryimage","url":"https:\/\/www.mundoagropecuario.cl\/new\/wp-content\/uploads\/2018\/06\/trigo.jpg","contentUrl":"https:\/\/www.mundoagropecuario.cl\/new\/wp-content\/uploads\/2018\/06\/trigo.jpg","width":605,"height":400},{"@type":"BreadcrumbList","@id":"https:\/\/www.mundoagropecuario.cl\/new\/buscan-proteger-a-productores-trigueros-de-nuble\/#breadcrumb","itemListElement":[{"@type":"ListItem","position":1,"name":"Portada","item":"https:\/\/www.mundoagropecuario.cl\/new\/"},{"@type":"ListItem","position":2,"name":"Buscan proteger a productores trigueros de \u00d1uble"}]},{"@type":"WebSite","@id":"https:\/\/www.mundoagropecuario.cl\/new\/#website","url":"https:\/\/www.mundoagropecuario.cl\/new\/","name":"Mundoagropecuario","description":"Mundo Agropecuario","publisher":{"@id":"https:\/\/www.mundoagropecuario.cl\/new\/#organization"},"potentialAction":[{"@type":"SearchAction","target":{"@type":"EntryPoint","urlTemplate":"https:\/\/www.mundoagropecuario.cl\/new\/?s={search_term_string}"},"query-input":{"@type":"PropertyValueSpecification","valueRequired":true,"valueName":"search_term_string"}}],"inLanguage":"es"},{"@type":"Organization","@id":"https:\/\/www.mundoagropecuario.cl\/new\/#organization","name":"Revista de Agricultura","url":"https:\/\/www.mundoagropecuario.cl\/new\/","logo":{"@type":"ImageObject","inLanguage":"es","@id":"https:\/\/www.mundoagropecuario.cl\/new\/#\/schema\/logo\/image\/","url":"https:\/\/www.mundoagropecuario.cl\/new\/wp-content\/uploads\/2020\/11\/PORTAL-1-1.png","contentUrl":"https:\/\/www.mundoagropecuario.cl\/new\/wp-content\/uploads\/2020\/11\/PORTAL-1-1.png","width":1026,"height":100,"caption":"Revista de Agricultura"},"image":{"@id":"https:\/\/www.mundoagropecuario.cl\/new\/#\/schema\/logo\/image\/"},"sameAs":["https:\/\/www.facebook.com\/mundo.agropecuario.3","https:\/\/x.com\/MundoAgropecuar","https:\/\/www.linkedin.com\/in\/mundo-agropecuario-934009201\/"]},{"@type":"Person","@id":"https:\/\/www.mundoagropecuario.cl\/new\/#\/schema\/person\/0c221050801c74e45256a7a9a1ff0803","name":"periodista","url":"https:\/\/www.mundoagropecuario.cl\/new\/author\/periodista\/"}]}},"_links":{"self":[{"href":"https:\/\/www.mundoagropecuario.cl\/new\/wp-json\/wp\/v2\/posts\/6950","targetHints":{"allow":["GET"]}}],"collection":[{"href":"https:\/\/www.mundoagropecuario.cl\/new\/wp-json\/wp\/v2\/posts"}],"about":[{"href":"https:\/\/www.mundoagropecuario.cl\/new\/wp-json\/wp\/v2\/types\/post"}],"author":[{"embeddable":true,"href":"https:\/\/www.mundoagropecuario.cl\/new\/wp-json\/wp\/v2\/users\/3"}],"replies":[{"embeddable":true,"href":"https:\/\/www.mundoagropecuario.cl\/new\/wp-json\/wp\/v2\/comments?post=6950"}],"version-history":[{"count":1,"href":"https:\/\/www.mundoagropecuario.cl\/new\/wp-json\/wp\/v2\/posts\/6950\/revisions"}],"predecessor-version":[{"id":6952,"href":"https:\/\/www.mundoagropecuario.cl\/new\/wp-json\/wp\/v2\/posts\/6950\/revisions\/6952"}],"wp:featuredmedia":[{"embeddable":true,"href":"https:\/\/www.mundoagropecuario.cl\/new\/wp-json\/wp\/v2\/media\/6951"}],"wp:attachment":[{"href":"https:\/\/www.mundoagropecuario.cl\/new\/wp-json\/wp\/v2\/media?parent=6950"}],"wp:term":[{"taxonomy":"category","embeddable":true,"href":"https:\/\/www.mundoagropecuario.cl\/new\/wp-json\/wp\/v2\/categories?post=6950"},{"taxonomy":"post_tag","embeddable":true,"href":"https:\/\/www.mundoagropecuario.cl\/new\/wp-json\/wp\/v2\/tags?post=6950"}],"curies":[{"name":"wp","href":"https:\/\/api.w.org\/{rel}","templated":true}]}}