{"id":6903,"date":"2018-06-03T20:44:01","date_gmt":"2018-06-03T23:44:01","guid":{"rendered":"http:\/\/www.mundoagropecuario.cl\/new\/?p=6903"},"modified":"2018-06-03T20:44:01","modified_gmt":"2018-06-03T23:44:01","slug":"cmpc-y-arauco-detienen-operaciones-en-brasil-por-efecto-de-paro-de-transportistas","status":"publish","type":"post","link":"https:\/\/www.mundoagropecuario.cl\/new\/cmpc-y-arauco-detienen-operaciones-en-brasil-por-efecto-de-paro-de-transportistas\/","title":{"rendered":"CMPC y Arauco detienen operaciones en Brasil por efecto de paro de transportistas"},"content":{"rendered":"<blockquote><p><strong><span style=\"color: #000080;\">Falta de suministro de algunos insumos, principalmente combustible, y la dificultad de movimiento de mercader\u00edas, est\u00e1n entre las razones de las medidas aplicadas por las forestales chilenas. (El Mercurio).<\/span><\/strong><\/p><\/blockquote>\n<p>El paro de transportistas en Brasil, que ayer cumpli\u00f3 ocho d\u00edas, paralizando actividades en ese pa\u00eds, dej\u00f3 sentir sus efectos en las empresas chilenas que tienen actividades en esa naci\u00f3n.<\/p>\n<p>Esta movilizaci\u00f3n, que incluso desemboc\u00f3 en la actuaci\u00f3n de las fuerzas militares, ha golpeado a las firmas forestales Empresas CMPC (del grupo Matte), Arauco (Angelini), Cencosud (Paulmann) y a la l\u00ednea a\u00e9rea Latam.<\/p>\n<p>Ayer, en un comunicado, Empresas CMPC inform\u00f3 que el paro de transportistas ha sido monitoreado &#8220;con especial atenci\u00f3n por parte de CMPC, atendidas las actividades que mantiene en Brasil y el impacto que dicho paro puede causar a las mismas&#8221;.<\/p>\n<p>La Papelera a\u00f1adi\u00f3 que &#8220;la situaci\u00f3n descrita ha generado diversos efectos en nuestras operaciones de celulosa y de tissue en ese pa\u00eds, debido a la falta de suministro de algunos insumos, principalmente combustible, as\u00ed como a la dificultad de movimiento de mercader\u00edas y de productos terminados, debido a los cortes en rutas y paralizaciones en puertos. En tal sentido, se tuvo que detener la operaci\u00f3n de la l\u00ednea 1 de la planta de celulosa Guaiba por las razones se\u00f1aladas&#8221;.<\/p>\n<p>La compa\u00f1\u00eda del grupo Matte agreg\u00f3 que &#8220;la l\u00ednea 2 ser\u00e1 detenida por 72 horas y se aprovechar\u00e1 de adelantar trabajos de mantenci\u00f3n. CMPC est\u00e1 adoptando todas las medidas preventivas a su alcance para atenuar el impacto que la paralizaci\u00f3n descrita le ha generado&#8221;.<\/p>\n<p>CMPC indic\u00f3 que &#8220;considerando que se desconoce la extensi\u00f3n que tendr\u00e1 el paro referido, el cual est\u00e1 sujeto a negociaciones por parte del Gobierno de Brasil, no estamos en condiciones de cuantificar el efecto que lo antes descrito generar\u00e1 en la compa\u00f1\u00eda, lo cual de todas formas se actualizar\u00e1 en la medida en que se cuente con antecedentes suficientes al respecto&#8221;.<\/p>\n<p>En tanto, desde la forestal Arauco, ligada al grupo Angelini, confirmaron que a partir de ayer tuvieron que paralizar todas sus plantas, las que corresponden a cuatro de producci\u00f3n de paneles y una de resina.<\/p>\n<p>Dos de las instalaciones de tableros que tuvieron que frenar Arauco corresponden a activos que adquiri\u00f3 a fines del a\u00f1o pasado a Masisa en ese pa\u00eds.<\/p>\n<p>Las razones de la paralizaci\u00f3n en el caso de Arauco corresponden a problemas de abastecimientos de insumos para la actividad productiva. La forestal chilena tiene hoy en Brasil unas 240 mil hect\u00e1reas de terrenos, con unas 160 mil hect\u00e1reas plantadas, pero no ha podido seguir comprando tierras producto de una interpretaci\u00f3n constitucional que hay respecto de que las empresas locales brasile\u00f1as que son mayoritariamente de propiedad de firmas extranjeras no tienen una autorizaci\u00f3n para adquirir.<\/p>\n<p>Los transportistas protestan por el constante aumento este a\u00f1o de los precios de los combustibles por parte de la estatal Petrobras. Solo en mayo el precio de la bencina subi\u00f3 12% y el del di\u00e9sel un 9,3%. De terminar el paro, la normalidad tardar\u00eda en volver en tres o cuatro d\u00edas.<\/p>\n<blockquote><p><strong><span style=\"color: #000080;\">Larga protesta<\/span><\/strong><\/p><\/blockquote>\n<p>Ocho d\u00edas cumpli\u00f3 ayer la paralizaci\u00f3n de transportistas en Brasil, los que alegan por las constantes alzas en los precios de los combustibles. La normalidad tardar\u00eda en volver tres a cuatro d\u00edas una vez culminada la movilizaci\u00f3n. Cencosud y Latam tambi\u00e9n se han visto afectadas<\/p>\n<p>Las empresas forestales no ser\u00edan las \u00fanicas firmas chilenas afectadas por el paro de camioneros en Brasil, que hoy cumple nueve d\u00edas. Ayer, tanto Cencosud como Latam Airlines indicaron que tambi\u00e9n han sido impactadas por dicha movilizaci\u00f3n.<\/p>\n<p>Desde Cencosud afirmaron que &#8220;hasta ahora nuestras operaciones en Brasil est\u00e1n funcionando como de costumbre; sin embargo, estamos empezando a enfrentar falta de disponibilidad en algunas categor\u00edas. Esperamos que la situaci\u00f3n retorne a la normalidad a la brevedad posible&#8221;.<\/p>\n<p>Latam Airlines se\u00f1al\u00f3 que esta paralizaci\u00f3n afecta el abastecimiento de combustible de Brasil y, por lo tanto, impacta a algunos aeropuertos y a las aerol\u00edneas que operan en ese pa\u00eds.<\/p>\n<p>Coca-Cola Andina indic\u00f3 que en Brasil la distribuci\u00f3n de sus productos la hacen camiones propios, lo que permite un mayor control de la distribuci\u00f3n y mitigar los impactos del paro para los centros de consumo cercanos a sus plantas, donde se concentran sus ventas. &#8220;De persistir el paro de camioneros, las ventas podr\u00edan verse afectadas por el impacto que podr\u00eda tener la falta de abastecimiento de insumos para nuestras plantas&#8221;, concluy\u00f3.<\/p>\n<p>Consultado Sodimac, sostuvo que hasta ahora no han tenido problemas de abastecimiento.<\/p>\n","protected":false},"excerpt":{"rendered":"<p>Falta de suministro de algunos insumos, principalmente combustible, y la dificultad de movimiento de mercader\u00edas, est\u00e1n entre las razones de las medidas aplicadas por las forestales chilenas. (El Mercurio). El&#8230;<\/p>\n","protected":false},"author":2,"featured_media":6904,"comment_status":"closed","ping_status":"closed","sticky":false,"template":"","format":"standard","meta":{"footnotes":""},"categories":[1945,1950,1986],"tags":[2017,2018,2016,2015,1309],"class_list":["post-6903","post","type-post","status-publish","format-standard","has-post-thumbnail","hentry","category-agricultura","category-empresa","category-frutas","tag-arauco-angelini","tag-cencosud-paulmann-y-a-la-linea-aerea-latam","tag-cmpc-del-grupo-matte","tag-cmpc-y-arauco-detienen-operaciones-en-brasil","tag-grupo-angelini"],"yoast_head":"<!-- This site is optimized with the Yoast SEO plugin v26.6 - https:\/\/yoast.com\/wordpress\/plugins\/seo\/ -->\n<title>CMPC y Arauco detienen operaciones en Brasil por efecto de paro de transportistas - Mundoagropecuario<\/title>\n<meta name=\"robots\" content=\"index, follow, max-snippet:-1, max-image-preview:large, max-video-preview:-1\" \/>\n<link rel=\"canonical\" href=\"https:\/\/www.mundoagropecuario.cl\/new\/cmpc-y-arauco-detienen-operaciones-en-brasil-por-efecto-de-paro-de-transportistas\/\" \/>\n<meta property=\"og:locale\" content=\"es_ES\" \/>\n<meta property=\"og:type\" content=\"article\" \/>\n<meta property=\"og:title\" content=\"CMPC y Arauco detienen operaciones en Brasil por efecto de paro de transportistas - Mundoagropecuario\" \/>\n<meta property=\"og:description\" content=\"Falta de suministro de algunos insumos, principalmente combustible, y la dificultad de movimiento de mercader\u00edas, est\u00e1n entre las razones de las medidas aplicadas por las forestales chilenas. (El Mercurio). El...\" \/>\n<meta property=\"og:url\" content=\"https:\/\/www.mundoagropecuario.cl\/new\/cmpc-y-arauco-detienen-operaciones-en-brasil-por-efecto-de-paro-de-transportistas\/\" \/>\n<meta property=\"og:site_name\" content=\"Mundoagropecuario\" \/>\n<meta property=\"article:publisher\" content=\"https:\/\/www.facebook.com\/mundo.agropecuario.3\" \/>\n<meta property=\"article:published_time\" content=\"2018-06-03T23:44:01+00:00\" \/>\n<meta property=\"og:image\" content=\"https:\/\/www.mundoagropecuario.cl\/new\/wp-content\/uploads\/2018\/06\/camiones-.jpg\" \/>\n\t<meta property=\"og:image:width\" content=\"724\" \/>\n\t<meta property=\"og:image:height\" content=\"450\" \/>\n\t<meta property=\"og:image:type\" content=\"image\/jpeg\" \/>\n<meta name=\"author\" content=\"mundo\" \/>\n<meta name=\"twitter:card\" content=\"summary_large_image\" \/>\n<meta name=\"twitter:creator\" content=\"@MundoAgropecuar\" \/>\n<meta name=\"twitter:site\" content=\"@MundoAgropecuar\" \/>\n<meta name=\"twitter:label1\" content=\"Escrito por\" \/>\n\t<meta name=\"twitter:data1\" content=\"mundo\" \/>\n\t<meta name=\"twitter:label2\" content=\"Tiempo de lectura\" \/>\n\t<meta name=\"twitter:data2\" content=\"4 minutos\" \/>\n<script type=\"application\/ld+json\" class=\"yoast-schema-graph\">{\"@context\":\"https:\/\/schema.org\",\"@graph\":[{\"@type\":\"Article\",\"@id\":\"https:\/\/www.mundoagropecuario.cl\/new\/cmpc-y-arauco-detienen-operaciones-en-brasil-por-efecto-de-paro-de-transportistas\/#article\",\"isPartOf\":{\"@id\":\"https:\/\/www.mundoagropecuario.cl\/new\/cmpc-y-arauco-detienen-operaciones-en-brasil-por-efecto-de-paro-de-transportistas\/\"},\"author\":{\"name\":\"mundo\",\"@id\":\"https:\/\/www.mundoagropecuario.cl\/new\/#\/schema\/person\/4e9f74a82a7dac260eb1c44b7eebeb18\"},\"headline\":\"CMPC y Arauco detienen operaciones en Brasil por efecto de paro de transportistas\",\"datePublished\":\"2018-06-03T23:44:01+00:00\",\"mainEntityOfPage\":{\"@id\":\"https:\/\/www.mundoagropecuario.cl\/new\/cmpc-y-arauco-detienen-operaciones-en-brasil-por-efecto-de-paro-de-transportistas\/\"},\"wordCount\":802,\"publisher\":{\"@id\":\"https:\/\/www.mundoagropecuario.cl\/new\/#organization\"},\"image\":{\"@id\":\"https:\/\/www.mundoagropecuario.cl\/new\/cmpc-y-arauco-detienen-operaciones-en-brasil-por-efecto-de-paro-de-transportistas\/#primaryimage\"},\"thumbnailUrl\":\"https:\/\/www.mundoagropecuario.cl\/new\/wp-content\/uploads\/2018\/06\/camiones-.jpg\",\"keywords\":[\"Arauco (Angelini)\",\"Cencosud (Paulmann) y a la l\u00ednea a\u00e9rea Latam\",\"CMPC (del grupo Matte)\",\"CMPC y Arauco detienen operaciones en Brasil\",\"Grupo Angelini\"],\"articleSection\":[\"Agricultura\",\"Empresa\",\"Frutas\"],\"inLanguage\":\"es\"},{\"@type\":\"WebPage\",\"@id\":\"https:\/\/www.mundoagropecuario.cl\/new\/cmpc-y-arauco-detienen-operaciones-en-brasil-por-efecto-de-paro-de-transportistas\/\",\"url\":\"https:\/\/www.mundoagropecuario.cl\/new\/cmpc-y-arauco-detienen-operaciones-en-brasil-por-efecto-de-paro-de-transportistas\/\",\"name\":\"CMPC y Arauco detienen operaciones en Brasil por efecto de paro de transportistas - Mundoagropecuario\",\"isPartOf\":{\"@id\":\"https:\/\/www.mundoagropecuario.cl\/new\/#website\"},\"primaryImageOfPage\":{\"@id\":\"https:\/\/www.mundoagropecuario.cl\/new\/cmpc-y-arauco-detienen-operaciones-en-brasil-por-efecto-de-paro-de-transportistas\/#primaryimage\"},\"image\":{\"@id\":\"https:\/\/www.mundoagropecuario.cl\/new\/cmpc-y-arauco-detienen-operaciones-en-brasil-por-efecto-de-paro-de-transportistas\/#primaryimage\"},\"thumbnailUrl\":\"https:\/\/www.mundoagropecuario.cl\/new\/wp-content\/uploads\/2018\/06\/camiones-.jpg\",\"datePublished\":\"2018-06-03T23:44:01+00:00\",\"breadcrumb\":{\"@id\":\"https:\/\/www.mundoagropecuario.cl\/new\/cmpc-y-arauco-detienen-operaciones-en-brasil-por-efecto-de-paro-de-transportistas\/#breadcrumb\"},\"inLanguage\":\"es\",\"potentialAction\":[{\"@type\":\"ReadAction\",\"target\":[\"https:\/\/www.mundoagropecuario.cl\/new\/cmpc-y-arauco-detienen-operaciones-en-brasil-por-efecto-de-paro-de-transportistas\/\"]}]},{\"@type\":\"ImageObject\",\"inLanguage\":\"es\",\"@id\":\"https:\/\/www.mundoagropecuario.cl\/new\/cmpc-y-arauco-detienen-operaciones-en-brasil-por-efecto-de-paro-de-transportistas\/#primaryimage\",\"url\":\"https:\/\/www.mundoagropecuario.cl\/new\/wp-content\/uploads\/2018\/06\/camiones-.jpg\",\"contentUrl\":\"https:\/\/www.mundoagropecuario.cl\/new\/wp-content\/uploads\/2018\/06\/camiones-.jpg\",\"width\":644,\"height\":400},{\"@type\":\"BreadcrumbList\",\"@id\":\"https:\/\/www.mundoagropecuario.cl\/new\/cmpc-y-arauco-detienen-operaciones-en-brasil-por-efecto-de-paro-de-transportistas\/#breadcrumb\",\"itemListElement\":[{\"@type\":\"ListItem\",\"position\":1,\"name\":\"Portada\",\"item\":\"https:\/\/www.mundoagropecuario.cl\/new\/\"},{\"@type\":\"ListItem\",\"position\":2,\"name\":\"CMPC y Arauco detienen operaciones en Brasil por efecto de paro de transportistas\"}]},{\"@type\":\"WebSite\",\"@id\":\"https:\/\/www.mundoagropecuario.cl\/new\/#website\",\"url\":\"https:\/\/www.mundoagropecuario.cl\/new\/\",\"name\":\"Mundoagropecuario\",\"description\":\"Mundo Agropecuario\",\"publisher\":{\"@id\":\"https:\/\/www.mundoagropecuario.cl\/new\/#organization\"},\"potentialAction\":[{\"@type\":\"SearchAction\",\"target\":{\"@type\":\"EntryPoint\",\"urlTemplate\":\"https:\/\/www.mundoagropecuario.cl\/new\/?s={search_term_string}\"},\"query-input\":{\"@type\":\"PropertyValueSpecification\",\"valueRequired\":true,\"valueName\":\"search_term_string\"}}],\"inLanguage\":\"es\"},{\"@type\":\"Organization\",\"@id\":\"https:\/\/www.mundoagropecuario.cl\/new\/#organization\",\"name\":\"Revista de Agricultura\",\"url\":\"https:\/\/www.mundoagropecuario.cl\/new\/\",\"logo\":{\"@type\":\"ImageObject\",\"inLanguage\":\"es\",\"@id\":\"https:\/\/www.mundoagropecuario.cl\/new\/#\/schema\/logo\/image\/\",\"url\":\"https:\/\/www.mundoagropecuario.cl\/new\/wp-content\/uploads\/2020\/11\/PORTAL-1-1.png\",\"contentUrl\":\"https:\/\/www.mundoagropecuario.cl\/new\/wp-content\/uploads\/2020\/11\/PORTAL-1-1.png\",\"width\":1026,\"height\":100,\"caption\":\"Revista de Agricultura\"},\"image\":{\"@id\":\"https:\/\/www.mundoagropecuario.cl\/new\/#\/schema\/logo\/image\/\"},\"sameAs\":[\"https:\/\/www.facebook.com\/mundo.agropecuario.3\",\"https:\/\/x.com\/MundoAgropecuar\",\"https:\/\/www.linkedin.com\/in\/mundo-agropecuario-934009201\/\"]},{\"@type\":\"Person\",\"@id\":\"https:\/\/www.mundoagropecuario.cl\/new\/#\/schema\/person\/4e9f74a82a7dac260eb1c44b7eebeb18\",\"name\":\"mundo\",\"url\":\"https:\/\/www.mundoagropecuario.cl\/new\/author\/mundo\/\"}]}<\/script>\n<!-- \/ Yoast SEO plugin. -->","yoast_head_json":{"title":"CMPC y Arauco detienen operaciones en Brasil por efecto de paro de transportistas - Mundoagropecuario","robots":{"index":"index","follow":"follow","max-snippet":"max-snippet:-1","max-image-preview":"max-image-preview:large","max-video-preview":"max-video-preview:-1"},"canonical":"https:\/\/www.mundoagropecuario.cl\/new\/cmpc-y-arauco-detienen-operaciones-en-brasil-por-efecto-de-paro-de-transportistas\/","og_locale":"es_ES","og_type":"article","og_title":"CMPC y Arauco detienen operaciones en Brasil por efecto de paro de transportistas - Mundoagropecuario","og_description":"Falta de suministro de algunos insumos, principalmente combustible, y la dificultad de movimiento de mercader\u00edas, est\u00e1n entre las razones de las medidas aplicadas por las forestales chilenas. (El Mercurio). El...","og_url":"https:\/\/www.mundoagropecuario.cl\/new\/cmpc-y-arauco-detienen-operaciones-en-brasil-por-efecto-de-paro-de-transportistas\/","og_site_name":"Mundoagropecuario","article_publisher":"https:\/\/www.facebook.com\/mundo.agropecuario.3","article_published_time":"2018-06-03T23:44:01+00:00","og_image":[{"width":724,"height":450,"url":"https:\/\/www.mundoagropecuario.cl\/new\/wp-content\/uploads\/2018\/06\/camiones-.jpg","type":"image\/jpeg"}],"author":"mundo","twitter_card":"summary_large_image","twitter_creator":"@MundoAgropecuar","twitter_site":"@MundoAgropecuar","twitter_misc":{"Escrito por":"mundo","Tiempo de lectura":"4 minutos"},"schema":{"@context":"https:\/\/schema.org","@graph":[{"@type":"Article","@id":"https:\/\/www.mundoagropecuario.cl\/new\/cmpc-y-arauco-detienen-operaciones-en-brasil-por-efecto-de-paro-de-transportistas\/#article","isPartOf":{"@id":"https:\/\/www.mundoagropecuario.cl\/new\/cmpc-y-arauco-detienen-operaciones-en-brasil-por-efecto-de-paro-de-transportistas\/"},"author":{"name":"mundo","@id":"https:\/\/www.mundoagropecuario.cl\/new\/#\/schema\/person\/4e9f74a82a7dac260eb1c44b7eebeb18"},"headline":"CMPC y Arauco detienen operaciones en Brasil por efecto de paro de transportistas","datePublished":"2018-06-03T23:44:01+00:00","mainEntityOfPage":{"@id":"https:\/\/www.mundoagropecuario.cl\/new\/cmpc-y-arauco-detienen-operaciones-en-brasil-por-efecto-de-paro-de-transportistas\/"},"wordCount":802,"publisher":{"@id":"https:\/\/www.mundoagropecuario.cl\/new\/#organization"},"image":{"@id":"https:\/\/www.mundoagropecuario.cl\/new\/cmpc-y-arauco-detienen-operaciones-en-brasil-por-efecto-de-paro-de-transportistas\/#primaryimage"},"thumbnailUrl":"https:\/\/www.mundoagropecuario.cl\/new\/wp-content\/uploads\/2018\/06\/camiones-.jpg","keywords":["Arauco (Angelini)","Cencosud (Paulmann) y a la l\u00ednea a\u00e9rea Latam","CMPC (del grupo Matte)","CMPC y Arauco detienen operaciones en Brasil","Grupo Angelini"],"articleSection":["Agricultura","Empresa","Frutas"],"inLanguage":"es"},{"@type":"WebPage","@id":"https:\/\/www.mundoagropecuario.cl\/new\/cmpc-y-arauco-detienen-operaciones-en-brasil-por-efecto-de-paro-de-transportistas\/","url":"https:\/\/www.mundoagropecuario.cl\/new\/cmpc-y-arauco-detienen-operaciones-en-brasil-por-efecto-de-paro-de-transportistas\/","name":"CMPC y Arauco detienen operaciones en Brasil por efecto de paro de transportistas - Mundoagropecuario","isPartOf":{"@id":"https:\/\/www.mundoagropecuario.cl\/new\/#website"},"primaryImageOfPage":{"@id":"https:\/\/www.mundoagropecuario.cl\/new\/cmpc-y-arauco-detienen-operaciones-en-brasil-por-efecto-de-paro-de-transportistas\/#primaryimage"},"image":{"@id":"https:\/\/www.mundoagropecuario.cl\/new\/cmpc-y-arauco-detienen-operaciones-en-brasil-por-efecto-de-paro-de-transportistas\/#primaryimage"},"thumbnailUrl":"https:\/\/www.mundoagropecuario.cl\/new\/wp-content\/uploads\/2018\/06\/camiones-.jpg","datePublished":"2018-06-03T23:44:01+00:00","breadcrumb":{"@id":"https:\/\/www.mundoagropecuario.cl\/new\/cmpc-y-arauco-detienen-operaciones-en-brasil-por-efecto-de-paro-de-transportistas\/#breadcrumb"},"inLanguage":"es","potentialAction":[{"@type":"ReadAction","target":["https:\/\/www.mundoagropecuario.cl\/new\/cmpc-y-arauco-detienen-operaciones-en-brasil-por-efecto-de-paro-de-transportistas\/"]}]},{"@type":"ImageObject","inLanguage":"es","@id":"https:\/\/www.mundoagropecuario.cl\/new\/cmpc-y-arauco-detienen-operaciones-en-brasil-por-efecto-de-paro-de-transportistas\/#primaryimage","url":"https:\/\/www.mundoagropecuario.cl\/new\/wp-content\/uploads\/2018\/06\/camiones-.jpg","contentUrl":"https:\/\/www.mundoagropecuario.cl\/new\/wp-content\/uploads\/2018\/06\/camiones-.jpg","width":644,"height":400},{"@type":"BreadcrumbList","@id":"https:\/\/www.mundoagropecuario.cl\/new\/cmpc-y-arauco-detienen-operaciones-en-brasil-por-efecto-de-paro-de-transportistas\/#breadcrumb","itemListElement":[{"@type":"ListItem","position":1,"name":"Portada","item":"https:\/\/www.mundoagropecuario.cl\/new\/"},{"@type":"ListItem","position":2,"name":"CMPC y Arauco detienen operaciones en Brasil por efecto de paro de transportistas"}]},{"@type":"WebSite","@id":"https:\/\/www.mundoagropecuario.cl\/new\/#website","url":"https:\/\/www.mundoagropecuario.cl\/new\/","name":"Mundoagropecuario","description":"Mundo Agropecuario","publisher":{"@id":"https:\/\/www.mundoagropecuario.cl\/new\/#organization"},"potentialAction":[{"@type":"SearchAction","target":{"@type":"EntryPoint","urlTemplate":"https:\/\/www.mundoagropecuario.cl\/new\/?s={search_term_string}"},"query-input":{"@type":"PropertyValueSpecification","valueRequired":true,"valueName":"search_term_string"}}],"inLanguage":"es"},{"@type":"Organization","@id":"https:\/\/www.mundoagropecuario.cl\/new\/#organization","name":"Revista de Agricultura","url":"https:\/\/www.mundoagropecuario.cl\/new\/","logo":{"@type":"ImageObject","inLanguage":"es","@id":"https:\/\/www.mundoagropecuario.cl\/new\/#\/schema\/logo\/image\/","url":"https:\/\/www.mundoagropecuario.cl\/new\/wp-content\/uploads\/2020\/11\/PORTAL-1-1.png","contentUrl":"https:\/\/www.mundoagropecuario.cl\/new\/wp-content\/uploads\/2020\/11\/PORTAL-1-1.png","width":1026,"height":100,"caption":"Revista de Agricultura"},"image":{"@id":"https:\/\/www.mundoagropecuario.cl\/new\/#\/schema\/logo\/image\/"},"sameAs":["https:\/\/www.facebook.com\/mundo.agropecuario.3","https:\/\/x.com\/MundoAgropecuar","https:\/\/www.linkedin.com\/in\/mundo-agropecuario-934009201\/"]},{"@type":"Person","@id":"https:\/\/www.mundoagropecuario.cl\/new\/#\/schema\/person\/4e9f74a82a7dac260eb1c44b7eebeb18","name":"mundo","url":"https:\/\/www.mundoagropecuario.cl\/new\/author\/mundo\/"}]}},"_links":{"self":[{"href":"https:\/\/www.mundoagropecuario.cl\/new\/wp-json\/wp\/v2\/posts\/6903","targetHints":{"allow":["GET"]}}],"collection":[{"href":"https:\/\/www.mundoagropecuario.cl\/new\/wp-json\/wp\/v2\/posts"}],"about":[{"href":"https:\/\/www.mundoagropecuario.cl\/new\/wp-json\/wp\/v2\/types\/post"}],"author":[{"embeddable":true,"href":"https:\/\/www.mundoagropecuario.cl\/new\/wp-json\/wp\/v2\/users\/2"}],"replies":[{"embeddable":true,"href":"https:\/\/www.mundoagropecuario.cl\/new\/wp-json\/wp\/v2\/comments?post=6903"}],"version-history":[{"count":1,"href":"https:\/\/www.mundoagropecuario.cl\/new\/wp-json\/wp\/v2\/posts\/6903\/revisions"}],"predecessor-version":[{"id":6905,"href":"https:\/\/www.mundoagropecuario.cl\/new\/wp-json\/wp\/v2\/posts\/6903\/revisions\/6905"}],"wp:featuredmedia":[{"embeddable":true,"href":"https:\/\/www.mundoagropecuario.cl\/new\/wp-json\/wp\/v2\/media\/6904"}],"wp:attachment":[{"href":"https:\/\/www.mundoagropecuario.cl\/new\/wp-json\/wp\/v2\/media?parent=6903"}],"wp:term":[{"taxonomy":"category","embeddable":true,"href":"https:\/\/www.mundoagropecuario.cl\/new\/wp-json\/wp\/v2\/categories?post=6903"},{"taxonomy":"post_tag","embeddable":true,"href":"https:\/\/www.mundoagropecuario.cl\/new\/wp-json\/wp\/v2\/tags?post=6903"}],"curies":[{"name":"wp","href":"https:\/\/api.w.org\/{rel}","templated":true}]}}