{"id":27576,"date":"2026-09-02T12:42:17","date_gmt":"2026-09-02T15:42:17","guid":{"rendered":"https:\/\/www.mundoagropecuario.cl\/new\/?p=27576"},"modified":"2026-09-02T12:42:17","modified_gmt":"2026-09-02T15:42:17","slug":"fedeleche-reconoce-a-directores-salientes-por-su-aporte-gremial","status":"publish","type":"post","link":"https:\/\/www.mundoagropecuario.cl\/new\/fedeleche-reconoce-a-directores-salientes-por-su-aporte-gremial\/","title":{"rendered":"Fedeleche reconoce a directores salientes por su aporte gremial"},"content":{"rendered":"<p>En un excelente ambiente de camarader\u00eda entre las asociaciones regionales asociadas, la Federaci\u00f3n Nacional de Productores de Leche (Fedeleche) realiz\u00f3 en Los \u00c1ngeles una emotiva cena de reconocimiento a sus directores salientes, valorando la entrega, su compromiso y liderazgo que han marcado m\u00e1s de una d\u00e9cada de actividad gremial en favor de la lecher\u00eda en Chile.<\/p>\n<p>Durante la ceremonia, celebrada en un reconocido restaurante de la capital provincial de Bio-Bio, se destac\u00f3 la labor de dirigentes: Jorge Guzm\u00e1n y Juan Pablo Aruta (Aproleche Bio Bio); Guillermo Petermann (Aproleche \u00d1uble), y Rodrigo Lav\u00edn (Agrollanquihue), quienes, dentro de la trayectoria del gremio, han sido protagonistas de la consolidaci\u00f3n de Fedeleche como voz representativa de los productores nacionales.<\/p>\n<p>En el encuentro, se puso en relieve su participaci\u00f3n en momentos hist\u00f3ricos como en la negociaci\u00f3n, actualizaci\u00f3n y modificaci\u00f3n de acuerdos comerciales, y la aplicaci\u00f3n de salvaguardias como herramienta de protecci\u00f3n frente a escenarios de competencia desleal o distorsiones de mercado participando en procesos que anteceden a los actuales mecanismos de conciliaci\u00f3n. Adem\u00e1s, han colaborado en materias de sustentabilidad, sanidad animal y elaboraci\u00f3n de normativas junto al sector p\u00fablico, consolidando la presencia de la leche nacional y reforzando la defensa de la producci\u00f3n nacional y la estabilidad del sector l\u00e1cteo.<\/p>\n<p>El presidente de Fedeleche, Marcos Winkler, agreg\u00f3 que a nivel institucional otro de los grandes aportes de los directores salientes ha sido creer y mantener la unidad gremial, condici\u00f3n indispensable para enfrentar los diversos retos del sector lechero nacional. \u201cGracias a su visi\u00f3n, compromiso y liderazgo, logramos sostener la cohesi\u00f3n necesaria y fortalecer la voz de los productores en todo el pa\u00eds\u201d, se\u00f1al\u00f3.<\/p>\n<p><a href=\"https:\/\/www.mundoagropecuario.cl\/new\/wp-content\/uploads\/2026\/09\/Fedeleche1-scaled.jpg\"><img loading=\"lazy\" decoding=\"async\" class=\"aligncenter wp-image-27578 \" src=\"https:\/\/www.mundoagropecuario.cl\/new\/wp-content\/uploads\/2026\/09\/Fedeleche1-scaled.jpg\" alt=\"\" width=\"463\" height=\"468\" \/><\/a><\/p>\n<p>Desde Fedeleche se reconoce que el trabajo de los directores salientes constituye un legado que ser\u00e1 continuado por las nuevas generaciones de dirigentes. En esa l\u00ednea, se hizo un llamado a mantener la participaci\u00f3n gremial activa de hombres y mujeres productores, asegurando que la federaci\u00f3n siga siendo un espacio representativo y comprometido con el desarrollo sustentable de la lecher\u00eda nacional.<\/p>\n<p>Fedeleche agradeci\u00f3 de manera especial el esfuerzo personal y profesional de quienes dedicaron a\u00f1os de su vida a la actividad gremial, destacando que su aporte seguir\u00e1 siendo pilar de la historia y proyecci\u00f3n de nuestra federaci\u00f3n. \u201cEste reconocimiento no marca un cierre, sino la continuidad de un compromiso que permanece vivo en cada productor que ha sido parte de nuestro gremio\u201d, enfatiz\u00f3 Marcos Winkler.<\/p>\n","protected":false},"excerpt":{"rendered":"<p>La Federaci\u00f3n Nacional de Productores de Leche rindi\u00f3 homenaje a sus directores salientes, valorando su trayectoria y compromiso permanente con el desarrollo de la lecher\u00eda en m\u00e1s de dos d\u00e9cadas de trabajo.<\/p>\n","protected":false},"author":2,"featured_media":27577,"comment_status":"closed","ping_status":"closed","sticky":false,"template":"","format":"standard","meta":{"footnotes":""},"categories":[398],"tags":[2090,2177,1957,2261,2058,2124,1992,1993,2051,10098,2035,4149,2036],"class_list":["post-27576","post","type-post","status-publish","format-standard","has-post-thumbnail","hentry","category-titular-1","tag-agricultura","tag-asoex","tag-consorcio-lechero","tag-cooprinsem","tag-fedeleche","tag-fia","tag-indap","tag-inia-remehue","tag-leche","tag-lecheria-en-chile","tag-minagri","tag-mundo-agropecuario","tag-sag"],"yoast_head":"<!-- This site is optimized with the Yoast SEO plugin v27.5 - https:\/\/yoast.com\/product\/yoast-seo-wordpress\/ -->\n<title>Fedeleche reconoce a directores salientes por su aporte gremial - Mundoagropecuario<\/title>\n<meta name=\"description\" content=\"La Federaci\u00f3n Nacional de Productores de Leche rindi\u00f3 homenaje a sus directores salientes, valorando su trayectoria y compromiso permanente.\" \/>\n<meta name=\"robots\" content=\"index, follow, max-snippet:-1, max-image-preview:large, max-video-preview:-1\" \/>\n<link rel=\"canonical\" href=\"https:\/\/www.mundoagropecuario.cl\/new\/fedeleche-reconoce-a-directores-salientes-por-su-aporte-gremial\/\" \/>\n<meta property=\"og:locale\" content=\"es_ES\" \/>\n<meta property=\"og:type\" content=\"article\" \/>\n<meta property=\"og:title\" content=\"Fedeleche reconoce a directores salientes por su aporte gremial - Mundoagropecuario\" \/>\n<meta property=\"og:description\" content=\"La Federaci\u00f3n Nacional de Productores de Leche rindi\u00f3 homenaje a sus directores salientes, valorando su trayectoria y compromiso permanente.\" \/>\n<meta property=\"og:url\" content=\"https:\/\/www.mundoagropecuario.cl\/new\/fedeleche-reconoce-a-directores-salientes-por-su-aporte-gremial\/\" \/>\n<meta property=\"og:site_name\" content=\"Mundoagropecuario\" \/>\n<meta property=\"article:publisher\" content=\"https:\/\/www.facebook.com\/mundo.agropecuario.3\" \/>\n<meta property=\"article:published_time\" content=\"2026-09-02T15:42:17+00:00\" \/>\n<meta property=\"og:image\" content=\"https:\/\/www.mundoagropecuario.cl\/new\/wp-content\/uploads\/2026\/09\/Fedeleche-scaled.jpg\" \/>\n\t<meta property=\"og:image:width\" content=\"533\" \/>\n\t<meta property=\"og:image:height\" content=\"400\" \/>\n\t<meta property=\"og:image:type\" content=\"image\/jpeg\" \/>\n<meta name=\"author\" content=\"mundo\" \/>\n<meta name=\"twitter:card\" content=\"summary_large_image\" \/>\n<meta name=\"twitter:creator\" content=\"@MundoAgropecuar\" \/>\n<meta name=\"twitter:site\" content=\"@MundoAgropecuar\" \/>\n<meta name=\"twitter:label1\" content=\"Escrito por\" \/>\n\t<meta name=\"twitter:data1\" content=\"mundo\" \/>\n\t<meta name=\"twitter:label2\" content=\"Tiempo de lectura\" \/>\n\t<meta name=\"twitter:data2\" content=\"3 minutos\" \/>\n<script type=\"application\/ld+json\" class=\"yoast-schema-graph\">{\"@context\":\"https:\\\/\\\/schema.org\",\"@graph\":[{\"@type\":\"Article\",\"@id\":\"https:\\\/\\\/www.mundoagropecuario.cl\\\/new\\\/fedeleche-reconoce-a-directores-salientes-por-su-aporte-gremial\\\/#article\",\"isPartOf\":{\"@id\":\"https:\\\/\\\/www.mundoagropecuario.cl\\\/new\\\/fedeleche-reconoce-a-directores-salientes-por-su-aporte-gremial\\\/\"},\"author\":{\"name\":\"mundo\",\"@id\":\"https:\\\/\\\/www.mundoagropecuario.cl\\\/new\\\/#\\\/schema\\\/person\\\/4e9f74a82a7dac260eb1c44b7eebeb18\"},\"headline\":\"Fedeleche reconoce a directores salientes por su aporte gremial\",\"datePublished\":\"2026-09-02T15:42:17+00:00\",\"mainEntityOfPage\":{\"@id\":\"https:\\\/\\\/www.mundoagropecuario.cl\\\/new\\\/fedeleche-reconoce-a-directores-salientes-por-su-aporte-gremial\\\/\"},\"wordCount\":434,\"publisher\":{\"@id\":\"https:\\\/\\\/www.mundoagropecuario.cl\\\/new\\\/#organization\"},\"image\":{\"@id\":\"https:\\\/\\\/www.mundoagropecuario.cl\\\/new\\\/fedeleche-reconoce-a-directores-salientes-por-su-aporte-gremial\\\/#primaryimage\"},\"thumbnailUrl\":\"https:\\\/\\\/www.mundoagropecuario.cl\\\/new\\\/wp-content\\\/uploads\\\/2026\\\/09\\\/Fedeleche-scaled.jpg\",\"keywords\":[\"Agricultura\",\"Asoex\",\"Consorcio Lechero\",\"Cooprinsem\",\"Fedeleche\",\"FIA\",\"Indap\",\"INIA Remehue\",\"Leche\",\"lecher\u00eda en Chile.\",\"Minagri\",\"Mundo Agropecuario\",\"SAG\"],\"articleSection\":[\"Titular 1\"],\"inLanguage\":\"es\"},{\"@type\":\"WebPage\",\"@id\":\"https:\\\/\\\/www.mundoagropecuario.cl\\\/new\\\/fedeleche-reconoce-a-directores-salientes-por-su-aporte-gremial\\\/\",\"url\":\"https:\\\/\\\/www.mundoagropecuario.cl\\\/new\\\/fedeleche-reconoce-a-directores-salientes-por-su-aporte-gremial\\\/\",\"name\":\"Fedeleche reconoce a directores salientes por su aporte gremial - Mundoagropecuario\",\"isPartOf\":{\"@id\":\"https:\\\/\\\/www.mundoagropecuario.cl\\\/new\\\/#website\"},\"primaryImageOfPage\":{\"@id\":\"https:\\\/\\\/www.mundoagropecuario.cl\\\/new\\\/fedeleche-reconoce-a-directores-salientes-por-su-aporte-gremial\\\/#primaryimage\"},\"image\":{\"@id\":\"https:\\\/\\\/www.mundoagropecuario.cl\\\/new\\\/fedeleche-reconoce-a-directores-salientes-por-su-aporte-gremial\\\/#primaryimage\"},\"thumbnailUrl\":\"https:\\\/\\\/www.mundoagropecuario.cl\\\/new\\\/wp-content\\\/uploads\\\/2026\\\/09\\\/Fedeleche-scaled.jpg\",\"datePublished\":\"2026-09-02T15:42:17+00:00\",\"description\":\"La Federaci\u00f3n Nacional de Productores de Leche rindi\u00f3 homenaje a sus directores salientes, valorando su trayectoria y compromiso permanente.\",\"breadcrumb\":{\"@id\":\"https:\\\/\\\/www.mundoagropecuario.cl\\\/new\\\/fedeleche-reconoce-a-directores-salientes-por-su-aporte-gremial\\\/#breadcrumb\"},\"inLanguage\":\"es\",\"potentialAction\":[{\"@type\":\"ReadAction\",\"target\":[\"https:\\\/\\\/www.mundoagropecuario.cl\\\/new\\\/fedeleche-reconoce-a-directores-salientes-por-su-aporte-gremial\\\/\"]}]},{\"@type\":\"ImageObject\",\"inLanguage\":\"es\",\"@id\":\"https:\\\/\\\/www.mundoagropecuario.cl\\\/new\\\/fedeleche-reconoce-a-directores-salientes-por-su-aporte-gremial\\\/#primaryimage\",\"url\":\"https:\\\/\\\/www.mundoagropecuario.cl\\\/new\\\/wp-content\\\/uploads\\\/2026\\\/09\\\/Fedeleche-scaled.jpg\",\"contentUrl\":\"https:\\\/\\\/www.mundoagropecuario.cl\\\/new\\\/wp-content\\\/uploads\\\/2026\\\/09\\\/Fedeleche-scaled.jpg\",\"width\":533,\"height\":400},{\"@type\":\"BreadcrumbList\",\"@id\":\"https:\\\/\\\/www.mundoagropecuario.cl\\\/new\\\/fedeleche-reconoce-a-directores-salientes-por-su-aporte-gremial\\\/#breadcrumb\",\"itemListElement\":[{\"@type\":\"ListItem\",\"position\":1,\"name\":\"Portada\",\"item\":\"https:\\\/\\\/www.mundoagropecuario.cl\\\/new\\\/\"},{\"@type\":\"ListItem\",\"position\":2,\"name\":\"Fedeleche reconoce a directores salientes por su aporte gremial\"}]},{\"@type\":\"WebSite\",\"@id\":\"https:\\\/\\\/www.mundoagropecuario.cl\\\/new\\\/#website\",\"url\":\"https:\\\/\\\/www.mundoagropecuario.cl\\\/new\\\/\",\"name\":\"Mundoagropecuario\",\"description\":\"Mundo Agropecuario\",\"publisher\":{\"@id\":\"https:\\\/\\\/www.mundoagropecuario.cl\\\/new\\\/#organization\"},\"potentialAction\":[{\"@type\":\"SearchAction\",\"target\":{\"@type\":\"EntryPoint\",\"urlTemplate\":\"https:\\\/\\\/www.mundoagropecuario.cl\\\/new\\\/?s={search_term_string}\"},\"query-input\":{\"@type\":\"PropertyValueSpecification\",\"valueRequired\":true,\"valueName\":\"search_term_string\"}}],\"inLanguage\":\"es\"},{\"@type\":\"Organization\",\"@id\":\"https:\\\/\\\/www.mundoagropecuario.cl\\\/new\\\/#organization\",\"name\":\"Revista de Agricultura\",\"url\":\"https:\\\/\\\/www.mundoagropecuario.cl\\\/new\\\/\",\"logo\":{\"@type\":\"ImageObject\",\"inLanguage\":\"es\",\"@id\":\"https:\\\/\\\/www.mundoagropecuario.cl\\\/new\\\/#\\\/schema\\\/logo\\\/image\\\/\",\"url\":\"https:\\\/\\\/www.mundoagropecuario.cl\\\/new\\\/wp-content\\\/uploads\\\/2020\\\/11\\\/PORTAL-1-1.png\",\"contentUrl\":\"https:\\\/\\\/www.mundoagropecuario.cl\\\/new\\\/wp-content\\\/uploads\\\/2020\\\/11\\\/PORTAL-1-1.png\",\"width\":1026,\"height\":100,\"caption\":\"Revista de Agricultura\"},\"image\":{\"@id\":\"https:\\\/\\\/www.mundoagropecuario.cl\\\/new\\\/#\\\/schema\\\/logo\\\/image\\\/\"},\"sameAs\":[\"https:\\\/\\\/www.facebook.com\\\/mundo.agropecuario.3\",\"https:\\\/\\\/x.com\\\/MundoAgropecuar\",\"https:\\\/\\\/www.linkedin.com\\\/in\\\/mundo-agropecuario-934009201\\\/\"]},{\"@type\":\"Person\",\"@id\":\"https:\\\/\\\/www.mundoagropecuario.cl\\\/new\\\/#\\\/schema\\\/person\\\/4e9f74a82a7dac260eb1c44b7eebeb18\",\"name\":\"mundo\",\"url\":\"https:\\\/\\\/www.mundoagropecuario.cl\\\/new\\\/author\\\/mundo\\\/\"}]}<\/script>\n<!-- \/ Yoast SEO plugin. -->","yoast_head_json":{"title":"Fedeleche reconoce a directores salientes por su aporte gremial - Mundoagropecuario","description":"La Federaci\u00f3n Nacional de Productores de Leche rindi\u00f3 homenaje a sus directores salientes, valorando su trayectoria y compromiso permanente.","robots":{"index":"index","follow":"follow","max-snippet":"max-snippet:-1","max-image-preview":"max-image-preview:large","max-video-preview":"max-video-preview:-1"},"canonical":"https:\/\/www.mundoagropecuario.cl\/new\/fedeleche-reconoce-a-directores-salientes-por-su-aporte-gremial\/","og_locale":"es_ES","og_type":"article","og_title":"Fedeleche reconoce a directores salientes por su aporte gremial - Mundoagropecuario","og_description":"La Federaci\u00f3n Nacional de Productores de Leche rindi\u00f3 homenaje a sus directores salientes, valorando su trayectoria y compromiso permanente.","og_url":"https:\/\/www.mundoagropecuario.cl\/new\/fedeleche-reconoce-a-directores-salientes-por-su-aporte-gremial\/","og_site_name":"Mundoagropecuario","article_publisher":"https:\/\/www.facebook.com\/mundo.agropecuario.3","article_published_time":"2026-09-02T15:42:17+00:00","og_image":[{"width":533,"height":400,"url":"https:\/\/www.mundoagropecuario.cl\/new\/wp-content\/uploads\/2026\/09\/Fedeleche-scaled.jpg","type":"image\/jpeg"}],"author":"mundo","twitter_card":"summary_large_image","twitter_creator":"@MundoAgropecuar","twitter_site":"@MundoAgropecuar","twitter_misc":{"Escrito por":"mundo","Tiempo de lectura":"3 minutos"},"schema":{"@context":"https:\/\/schema.org","@graph":[{"@type":"Article","@id":"https:\/\/www.mundoagropecuario.cl\/new\/fedeleche-reconoce-a-directores-salientes-por-su-aporte-gremial\/#article","isPartOf":{"@id":"https:\/\/www.mundoagropecuario.cl\/new\/fedeleche-reconoce-a-directores-salientes-por-su-aporte-gremial\/"},"author":{"name":"mundo","@id":"https:\/\/www.mundoagropecuario.cl\/new\/#\/schema\/person\/4e9f74a82a7dac260eb1c44b7eebeb18"},"headline":"Fedeleche reconoce a directores salientes por su aporte gremial","datePublished":"2026-09-02T15:42:17+00:00","mainEntityOfPage":{"@id":"https:\/\/www.mundoagropecuario.cl\/new\/fedeleche-reconoce-a-directores-salientes-por-su-aporte-gremial\/"},"wordCount":434,"publisher":{"@id":"https:\/\/www.mundoagropecuario.cl\/new\/#organization"},"image":{"@id":"https:\/\/www.mundoagropecuario.cl\/new\/fedeleche-reconoce-a-directores-salientes-por-su-aporte-gremial\/#primaryimage"},"thumbnailUrl":"https:\/\/www.mundoagropecuario.cl\/new\/wp-content\/uploads\/2026\/09\/Fedeleche-scaled.jpg","keywords":["Agricultura","Asoex","Consorcio Lechero","Cooprinsem","Fedeleche","FIA","Indap","INIA Remehue","Leche","lecher\u00eda en Chile.","Minagri","Mundo Agropecuario","SAG"],"articleSection":["Titular 1"],"inLanguage":"es"},{"@type":"WebPage","@id":"https:\/\/www.mundoagropecuario.cl\/new\/fedeleche-reconoce-a-directores-salientes-por-su-aporte-gremial\/","url":"https:\/\/www.mundoagropecuario.cl\/new\/fedeleche-reconoce-a-directores-salientes-por-su-aporte-gremial\/","name":"Fedeleche reconoce a directores salientes por su aporte gremial - Mundoagropecuario","isPartOf":{"@id":"https:\/\/www.mundoagropecuario.cl\/new\/#website"},"primaryImageOfPage":{"@id":"https:\/\/www.mundoagropecuario.cl\/new\/fedeleche-reconoce-a-directores-salientes-por-su-aporte-gremial\/#primaryimage"},"image":{"@id":"https:\/\/www.mundoagropecuario.cl\/new\/fedeleche-reconoce-a-directores-salientes-por-su-aporte-gremial\/#primaryimage"},"thumbnailUrl":"https:\/\/www.mundoagropecuario.cl\/new\/wp-content\/uploads\/2026\/09\/Fedeleche-scaled.jpg","datePublished":"2026-09-02T15:42:17+00:00","description":"La Federaci\u00f3n Nacional de Productores de Leche rindi\u00f3 homenaje a sus directores salientes, valorando su trayectoria y compromiso permanente.","breadcrumb":{"@id":"https:\/\/www.mundoagropecuario.cl\/new\/fedeleche-reconoce-a-directores-salientes-por-su-aporte-gremial\/#breadcrumb"},"inLanguage":"es","potentialAction":[{"@type":"ReadAction","target":["https:\/\/www.mundoagropecuario.cl\/new\/fedeleche-reconoce-a-directores-salientes-por-su-aporte-gremial\/"]}]},{"@type":"ImageObject","inLanguage":"es","@id":"https:\/\/www.mundoagropecuario.cl\/new\/fedeleche-reconoce-a-directores-salientes-por-su-aporte-gremial\/#primaryimage","url":"https:\/\/www.mundoagropecuario.cl\/new\/wp-content\/uploads\/2026\/09\/Fedeleche-scaled.jpg","contentUrl":"https:\/\/www.mundoagropecuario.cl\/new\/wp-content\/uploads\/2026\/09\/Fedeleche-scaled.jpg","width":533,"height":400},{"@type":"BreadcrumbList","@id":"https:\/\/www.mundoagropecuario.cl\/new\/fedeleche-reconoce-a-directores-salientes-por-su-aporte-gremial\/#breadcrumb","itemListElement":[{"@type":"ListItem","position":1,"name":"Portada","item":"https:\/\/www.mundoagropecuario.cl\/new\/"},{"@type":"ListItem","position":2,"name":"Fedeleche reconoce a directores salientes por su aporte gremial"}]},{"@type":"WebSite","@id":"https:\/\/www.mundoagropecuario.cl\/new\/#website","url":"https:\/\/www.mundoagropecuario.cl\/new\/","name":"Mundoagropecuario","description":"Mundo Agropecuario","publisher":{"@id":"https:\/\/www.mundoagropecuario.cl\/new\/#organization"},"potentialAction":[{"@type":"SearchAction","target":{"@type":"EntryPoint","urlTemplate":"https:\/\/www.mundoagropecuario.cl\/new\/?s={search_term_string}"},"query-input":{"@type":"PropertyValueSpecification","valueRequired":true,"valueName":"search_term_string"}}],"inLanguage":"es"},{"@type":"Organization","@id":"https:\/\/www.mundoagropecuario.cl\/new\/#organization","name":"Revista de Agricultura","url":"https:\/\/www.mundoagropecuario.cl\/new\/","logo":{"@type":"ImageObject","inLanguage":"es","@id":"https:\/\/www.mundoagropecuario.cl\/new\/#\/schema\/logo\/image\/","url":"https:\/\/www.mundoagropecuario.cl\/new\/wp-content\/uploads\/2020\/11\/PORTAL-1-1.png","contentUrl":"https:\/\/www.mundoagropecuario.cl\/new\/wp-content\/uploads\/2020\/11\/PORTAL-1-1.png","width":1026,"height":100,"caption":"Revista de Agricultura"},"image":{"@id":"https:\/\/www.mundoagropecuario.cl\/new\/#\/schema\/logo\/image\/"},"sameAs":["https:\/\/www.facebook.com\/mundo.agropecuario.3","https:\/\/x.com\/MundoAgropecuar","https:\/\/www.linkedin.com\/in\/mundo-agropecuario-934009201\/"]},{"@type":"Person","@id":"https:\/\/www.mundoagropecuario.cl\/new\/#\/schema\/person\/4e9f74a82a7dac260eb1c44b7eebeb18","name":"mundo","url":"https:\/\/www.mundoagropecuario.cl\/new\/author\/mundo\/"}]}},"_links":{"self":[{"href":"https:\/\/www.mundoagropecuario.cl\/new\/wp-json\/wp\/v2\/posts\/27576","targetHints":{"allow":["GET"]}}],"collection":[{"href":"https:\/\/www.mundoagropecuario.cl\/new\/wp-json\/wp\/v2\/posts"}],"about":[{"href":"https:\/\/www.mundoagropecuario.cl\/new\/wp-json\/wp\/v2\/types\/post"}],"author":[{"embeddable":true,"href":"https:\/\/www.mundoagropecuario.cl\/new\/wp-json\/wp\/v2\/users\/2"}],"replies":[{"embeddable":true,"href":"https:\/\/www.mundoagropecuario.cl\/new\/wp-json\/wp\/v2\/comments?post=27576"}],"version-history":[{"count":1,"href":"https:\/\/www.mundoagropecuario.cl\/new\/wp-json\/wp\/v2\/posts\/27576\/revisions"}],"predecessor-version":[{"id":27579,"href":"https:\/\/www.mundoagropecuario.cl\/new\/wp-json\/wp\/v2\/posts\/27576\/revisions\/27579"}],"wp:featuredmedia":[{"embeddable":true,"href":"https:\/\/www.mundoagropecuario.cl\/new\/wp-json\/wp\/v2\/media\/27577"}],"wp:attachment":[{"href":"https:\/\/www.mundoagropecuario.cl\/new\/wp-json\/wp\/v2\/media?parent=27576"}],"wp:term":[{"taxonomy":"category","embeddable":true,"href":"https:\/\/www.mundoagropecuario.cl\/new\/wp-json\/wp\/v2\/categories?post=27576"},{"taxonomy":"post_tag","embeddable":true,"href":"https:\/\/www.mundoagropecuario.cl\/new\/wp-json\/wp\/v2\/tags?post=27576"}],"curies":[{"name":"wp","href":"https:\/\/api.w.org\/{rel}","templated":true}]}}