{"id":27573,"date":"2026-09-02T12:21:34","date_gmt":"2026-09-02T15:21:34","guid":{"rendered":"https:\/\/www.mundoagropecuario.cl\/new\/?p=27573"},"modified":"2026-09-02T12:21:34","modified_gmt":"2026-09-02T15:21:34","slug":"invitan-a-productores-ganaderos-a-participar-del-dia-del-toro-2026","status":"publish","type":"post","link":"https:\/\/www.mundoagropecuario.cl\/new\/invitan-a-productores-ganaderos-a-participar-del-dia-del-toro-2026\/","title":{"rendered":"Invitan a productores ganaderos a participar del &#8220;D\u00eda del Toro&#8221; 2026"},"content":{"rendered":"<p>El director regional de INIA Remehue, Nicol\u00e1s Pizarro, extendi\u00f3 una invitaci\u00f3n a todos los productores ganaderos de la regi\u00f3n a participar del &#8220;D\u00eda del Toro&#8221;, remate de toros y vaquillas que se realizar\u00e1 el jueves 10 de septiembre, a las 14:00 horas, en dependencias de INIA La Pampa, centro experimental ubicado en la Ruta 5 Sur kil\u00f3metro 950, en las cercan\u00edas de Purranque, en la Regi\u00f3n de Los Lagos.<\/p>\n<p>La actividad, organizada por el Instituto de Investigaciones Agropecuarias (INIA) y a cargo de Tattersall Ganado, contempla el remate de 49 toros Angus Negro y 28 vaquillas para encaste, tambi\u00e9n de la raza Angus Negra. Todo el ganado ofrecido es fino e inscrito, y estar\u00e1 disponible para su revisi\u00f3n en INIA La Pampa a partir del 7 de septiembre.<\/p>\n<p>\u201cEl D\u00eda del Toro es una actividad tradicional que se realiza desde hace m\u00e1s de una d\u00e9cada y que se ha consolidado como el evento anual m\u00e1s relevante en su tipo que realiza INIA en la regi\u00f3n. A lo largo de sus distintas versiones, la actividad ha ido creciendo en convocatoria y en volumen de animales rematados, transform\u00e1ndose en una cita ineludible para el sector ganadero del sur de Chile\u201d, explic\u00f3 el director regional de INIA Remehue, Nicol\u00e1s Pizarro, quien destac\u00f3 la importancia de esta instancia para el desarrollo ganadero e invit\u00f3 a los productores a sumarse a esta nueva versi\u00f3n.<\/p>\n<p>A\u00f1adi\u00f3 que el remate se desarrollar\u00e1 en modalidad presencial y por internet, de manera que los interesados podr\u00e1n participar tanto asistiendo directamente a las instalaciones como conect\u00e1ndose de forma remota.<\/p>\n<p>M\u00e1s informaciones con Guido Candia, administrador de INIA La Pampa al tel\u00e9fono +56 9 87808530 o con Arturo Stolzenbach de Tattersall al tel\u00e9fono +56 9 5216 7284.<\/p>\n","protected":false},"excerpt":{"rendered":"<p>En el Centro Experimental INIA La Pampa en Purranque se rematar\u00e1n toros y vaquillas finas de la raza Angus, seleccionados mediante avanzados an\u00e1lisis gen\u00f3micos, lo que garantiza la incorporaci\u00f3n de gen\u00e9tica de alta calidad.<\/p>\n","protected":false},"author":2,"featured_media":27574,"comment_status":"closed","ping_status":"closed","sticky":false,"template":"","format":"standard","meta":{"footnotes":""},"categories":[404],"tags":[2090,10097,2058,1992,2052,2525,1993,2035,2328,2066],"class_list":["post-27573","post","type-post","status-publish","format-standard","has-post-thumbnail","hentry","category-titular-2","tag-agricultura","tag-dia-del-toro-2026","tag-fedeleche","tag-indap","tag-inia","tag-inia-la-platina","tag-inia-remehue","tag-minagri","tag-ministerio-de-agricultura","tag-odepa"],"yoast_head":"<!-- This site is optimized with the Yoast SEO plugin v27.5 - https:\/\/yoast.com\/product\/yoast-seo-wordpress\/ -->\n<title>Invitan a productores ganaderos a participar del &quot;D\u00eda del Toro&quot; 2026 - Mundoagropecuario<\/title>\n<meta name=\"description\" content=\"En el Centro Experimental INIA La Pampa en Purranque se rematar\u00e1n toros y vaquillas finas de la raza Angus, seleccionados mediante avanzados.\" \/>\n<meta name=\"robots\" content=\"index, follow, max-snippet:-1, max-image-preview:large, max-video-preview:-1\" \/>\n<link rel=\"canonical\" href=\"https:\/\/www.mundoagropecuario.cl\/new\/invitan-a-productores-ganaderos-a-participar-del-dia-del-toro-2026\/\" \/>\n<meta property=\"og:locale\" content=\"es_ES\" \/>\n<meta property=\"og:type\" content=\"article\" \/>\n<meta property=\"og:title\" content=\"Invitan a productores ganaderos a participar del &quot;D\u00eda del Toro&quot; 2026 - Mundoagropecuario\" \/>\n<meta property=\"og:description\" content=\"En el Centro Experimental INIA La Pampa en Purranque se rematar\u00e1n toros y vaquillas finas de la raza Angus, seleccionados mediante avanzados.\" \/>\n<meta property=\"og:url\" content=\"https:\/\/www.mundoagropecuario.cl\/new\/invitan-a-productores-ganaderos-a-participar-del-dia-del-toro-2026\/\" \/>\n<meta property=\"og:site_name\" content=\"Mundoagropecuario\" \/>\n<meta property=\"article:publisher\" content=\"https:\/\/www.facebook.com\/mundo.agropecuario.3\" \/>\n<meta property=\"article:published_time\" content=\"2026-09-02T15:21:34+00:00\" \/>\n<meta property=\"og:image\" content=\"https:\/\/www.mundoagropecuario.cl\/new\/wp-content\/uploads\/2026\/09\/dia-del-toro-2025-ok-1-scaled.jpg\" \/>\n\t<meta property=\"og:image:width\" content=\"533\" \/>\n\t<meta property=\"og:image:height\" content=\"400\" \/>\n\t<meta property=\"og:image:type\" content=\"image\/jpeg\" \/>\n<meta name=\"author\" content=\"mundo\" \/>\n<meta name=\"twitter:card\" content=\"summary_large_image\" \/>\n<meta name=\"twitter:creator\" content=\"@MundoAgropecuar\" \/>\n<meta name=\"twitter:site\" content=\"@MundoAgropecuar\" \/>\n<meta name=\"twitter:label1\" content=\"Escrito por\" \/>\n\t<meta name=\"twitter:data1\" content=\"mundo\" \/>\n\t<meta name=\"twitter:label2\" content=\"Tiempo de lectura\" \/>\n\t<meta name=\"twitter:data2\" content=\"2 minutos\" \/>\n<script type=\"application\/ld+json\" class=\"yoast-schema-graph\">{\"@context\":\"https:\\\/\\\/schema.org\",\"@graph\":[{\"@type\":\"Article\",\"@id\":\"https:\\\/\\\/www.mundoagropecuario.cl\\\/new\\\/invitan-a-productores-ganaderos-a-participar-del-dia-del-toro-2026\\\/#article\",\"isPartOf\":{\"@id\":\"https:\\\/\\\/www.mundoagropecuario.cl\\\/new\\\/invitan-a-productores-ganaderos-a-participar-del-dia-del-toro-2026\\\/\"},\"author\":{\"name\":\"mundo\",\"@id\":\"https:\\\/\\\/www.mundoagropecuario.cl\\\/new\\\/#\\\/schema\\\/person\\\/4e9f74a82a7dac260eb1c44b7eebeb18\"},\"headline\":\"Invitan a productores ganaderos a participar del &#8220;D\u00eda del Toro&#8221; 2026\",\"datePublished\":\"2026-09-02T15:21:34+00:00\",\"mainEntityOfPage\":{\"@id\":\"https:\\\/\\\/www.mundoagropecuario.cl\\\/new\\\/invitan-a-productores-ganaderos-a-participar-del-dia-del-toro-2026\\\/\"},\"wordCount\":306,\"publisher\":{\"@id\":\"https:\\\/\\\/www.mundoagropecuario.cl\\\/new\\\/#organization\"},\"image\":{\"@id\":\"https:\\\/\\\/www.mundoagropecuario.cl\\\/new\\\/invitan-a-productores-ganaderos-a-participar-del-dia-del-toro-2026\\\/#primaryimage\"},\"thumbnailUrl\":\"https:\\\/\\\/www.mundoagropecuario.cl\\\/new\\\/wp-content\\\/uploads\\\/2026\\\/09\\\/dia-del-toro-2025-ok-1-scaled.jpg\",\"keywords\":[\"Agricultura\",\"D\u00eda del Toro\\\" 2026\",\"Fedeleche\",\"Indap\",\"INIA\",\"INIA La Platina\",\"INIA Remehue\",\"Minagri\",\"Ministerio de Agricultura\",\"Odepa\"],\"articleSection\":[\"Titular 2\"],\"inLanguage\":\"es\"},{\"@type\":\"WebPage\",\"@id\":\"https:\\\/\\\/www.mundoagropecuario.cl\\\/new\\\/invitan-a-productores-ganaderos-a-participar-del-dia-del-toro-2026\\\/\",\"url\":\"https:\\\/\\\/www.mundoagropecuario.cl\\\/new\\\/invitan-a-productores-ganaderos-a-participar-del-dia-del-toro-2026\\\/\",\"name\":\"Invitan a productores ganaderos a participar del \\\"D\u00eda del Toro\\\" 2026 - Mundoagropecuario\",\"isPartOf\":{\"@id\":\"https:\\\/\\\/www.mundoagropecuario.cl\\\/new\\\/#website\"},\"primaryImageOfPage\":{\"@id\":\"https:\\\/\\\/www.mundoagropecuario.cl\\\/new\\\/invitan-a-productores-ganaderos-a-participar-del-dia-del-toro-2026\\\/#primaryimage\"},\"image\":{\"@id\":\"https:\\\/\\\/www.mundoagropecuario.cl\\\/new\\\/invitan-a-productores-ganaderos-a-participar-del-dia-del-toro-2026\\\/#primaryimage\"},\"thumbnailUrl\":\"https:\\\/\\\/www.mundoagropecuario.cl\\\/new\\\/wp-content\\\/uploads\\\/2026\\\/09\\\/dia-del-toro-2025-ok-1-scaled.jpg\",\"datePublished\":\"2026-09-02T15:21:34+00:00\",\"description\":\"En el Centro Experimental INIA La Pampa en Purranque se rematar\u00e1n toros y vaquillas finas de la raza Angus, seleccionados mediante avanzados.\",\"breadcrumb\":{\"@id\":\"https:\\\/\\\/www.mundoagropecuario.cl\\\/new\\\/invitan-a-productores-ganaderos-a-participar-del-dia-del-toro-2026\\\/#breadcrumb\"},\"inLanguage\":\"es\",\"potentialAction\":[{\"@type\":\"ReadAction\",\"target\":[\"https:\\\/\\\/www.mundoagropecuario.cl\\\/new\\\/invitan-a-productores-ganaderos-a-participar-del-dia-del-toro-2026\\\/\"]}]},{\"@type\":\"ImageObject\",\"inLanguage\":\"es\",\"@id\":\"https:\\\/\\\/www.mundoagropecuario.cl\\\/new\\\/invitan-a-productores-ganaderos-a-participar-del-dia-del-toro-2026\\\/#primaryimage\",\"url\":\"https:\\\/\\\/www.mundoagropecuario.cl\\\/new\\\/wp-content\\\/uploads\\\/2026\\\/09\\\/dia-del-toro-2025-ok-1-scaled.jpg\",\"contentUrl\":\"https:\\\/\\\/www.mundoagropecuario.cl\\\/new\\\/wp-content\\\/uploads\\\/2026\\\/09\\\/dia-del-toro-2025-ok-1-scaled.jpg\",\"width\":533,\"height\":400},{\"@type\":\"BreadcrumbList\",\"@id\":\"https:\\\/\\\/www.mundoagropecuario.cl\\\/new\\\/invitan-a-productores-ganaderos-a-participar-del-dia-del-toro-2026\\\/#breadcrumb\",\"itemListElement\":[{\"@type\":\"ListItem\",\"position\":1,\"name\":\"Portada\",\"item\":\"https:\\\/\\\/www.mundoagropecuario.cl\\\/new\\\/\"},{\"@type\":\"ListItem\",\"position\":2,\"name\":\"Invitan a productores ganaderos a participar del &#8220;D\u00eda del Toro&#8221; 2026\"}]},{\"@type\":\"WebSite\",\"@id\":\"https:\\\/\\\/www.mundoagropecuario.cl\\\/new\\\/#website\",\"url\":\"https:\\\/\\\/www.mundoagropecuario.cl\\\/new\\\/\",\"name\":\"Mundoagropecuario\",\"description\":\"Mundo Agropecuario\",\"publisher\":{\"@id\":\"https:\\\/\\\/www.mundoagropecuario.cl\\\/new\\\/#organization\"},\"potentialAction\":[{\"@type\":\"SearchAction\",\"target\":{\"@type\":\"EntryPoint\",\"urlTemplate\":\"https:\\\/\\\/www.mundoagropecuario.cl\\\/new\\\/?s={search_term_string}\"},\"query-input\":{\"@type\":\"PropertyValueSpecification\",\"valueRequired\":true,\"valueName\":\"search_term_string\"}}],\"inLanguage\":\"es\"},{\"@type\":\"Organization\",\"@id\":\"https:\\\/\\\/www.mundoagropecuario.cl\\\/new\\\/#organization\",\"name\":\"Revista de Agricultura\",\"url\":\"https:\\\/\\\/www.mundoagropecuario.cl\\\/new\\\/\",\"logo\":{\"@type\":\"ImageObject\",\"inLanguage\":\"es\",\"@id\":\"https:\\\/\\\/www.mundoagropecuario.cl\\\/new\\\/#\\\/schema\\\/logo\\\/image\\\/\",\"url\":\"https:\\\/\\\/www.mundoagropecuario.cl\\\/new\\\/wp-content\\\/uploads\\\/2020\\\/11\\\/PORTAL-1-1.png\",\"contentUrl\":\"https:\\\/\\\/www.mundoagropecuario.cl\\\/new\\\/wp-content\\\/uploads\\\/2020\\\/11\\\/PORTAL-1-1.png\",\"width\":1026,\"height\":100,\"caption\":\"Revista de Agricultura\"},\"image\":{\"@id\":\"https:\\\/\\\/www.mundoagropecuario.cl\\\/new\\\/#\\\/schema\\\/logo\\\/image\\\/\"},\"sameAs\":[\"https:\\\/\\\/www.facebook.com\\\/mundo.agropecuario.3\",\"https:\\\/\\\/x.com\\\/MundoAgropecuar\",\"https:\\\/\\\/www.linkedin.com\\\/in\\\/mundo-agropecuario-934009201\\\/\"]},{\"@type\":\"Person\",\"@id\":\"https:\\\/\\\/www.mundoagropecuario.cl\\\/new\\\/#\\\/schema\\\/person\\\/4e9f74a82a7dac260eb1c44b7eebeb18\",\"name\":\"mundo\",\"url\":\"https:\\\/\\\/www.mundoagropecuario.cl\\\/new\\\/author\\\/mundo\\\/\"}]}<\/script>\n<!-- \/ Yoast SEO plugin. -->","yoast_head_json":{"title":"Invitan a productores ganaderos a participar del \"D\u00eda del Toro\" 2026 - Mundoagropecuario","description":"En el Centro Experimental INIA La Pampa en Purranque se rematar\u00e1n toros y vaquillas finas de la raza Angus, seleccionados mediante avanzados.","robots":{"index":"index","follow":"follow","max-snippet":"max-snippet:-1","max-image-preview":"max-image-preview:large","max-video-preview":"max-video-preview:-1"},"canonical":"https:\/\/www.mundoagropecuario.cl\/new\/invitan-a-productores-ganaderos-a-participar-del-dia-del-toro-2026\/","og_locale":"es_ES","og_type":"article","og_title":"Invitan a productores ganaderos a participar del \"D\u00eda del Toro\" 2026 - Mundoagropecuario","og_description":"En el Centro Experimental INIA La Pampa en Purranque se rematar\u00e1n toros y vaquillas finas de la raza Angus, seleccionados mediante avanzados.","og_url":"https:\/\/www.mundoagropecuario.cl\/new\/invitan-a-productores-ganaderos-a-participar-del-dia-del-toro-2026\/","og_site_name":"Mundoagropecuario","article_publisher":"https:\/\/www.facebook.com\/mundo.agropecuario.3","article_published_time":"2026-09-02T15:21:34+00:00","og_image":[{"width":533,"height":400,"url":"https:\/\/www.mundoagropecuario.cl\/new\/wp-content\/uploads\/2026\/09\/dia-del-toro-2025-ok-1-scaled.jpg","type":"image\/jpeg"}],"author":"mundo","twitter_card":"summary_large_image","twitter_creator":"@MundoAgropecuar","twitter_site":"@MundoAgropecuar","twitter_misc":{"Escrito por":"mundo","Tiempo de lectura":"2 minutos"},"schema":{"@context":"https:\/\/schema.org","@graph":[{"@type":"Article","@id":"https:\/\/www.mundoagropecuario.cl\/new\/invitan-a-productores-ganaderos-a-participar-del-dia-del-toro-2026\/#article","isPartOf":{"@id":"https:\/\/www.mundoagropecuario.cl\/new\/invitan-a-productores-ganaderos-a-participar-del-dia-del-toro-2026\/"},"author":{"name":"mundo","@id":"https:\/\/www.mundoagropecuario.cl\/new\/#\/schema\/person\/4e9f74a82a7dac260eb1c44b7eebeb18"},"headline":"Invitan a productores ganaderos a participar del &#8220;D\u00eda del Toro&#8221; 2026","datePublished":"2026-09-02T15:21:34+00:00","mainEntityOfPage":{"@id":"https:\/\/www.mundoagropecuario.cl\/new\/invitan-a-productores-ganaderos-a-participar-del-dia-del-toro-2026\/"},"wordCount":306,"publisher":{"@id":"https:\/\/www.mundoagropecuario.cl\/new\/#organization"},"image":{"@id":"https:\/\/www.mundoagropecuario.cl\/new\/invitan-a-productores-ganaderos-a-participar-del-dia-del-toro-2026\/#primaryimage"},"thumbnailUrl":"https:\/\/www.mundoagropecuario.cl\/new\/wp-content\/uploads\/2026\/09\/dia-del-toro-2025-ok-1-scaled.jpg","keywords":["Agricultura","D\u00eda del Toro\" 2026","Fedeleche","Indap","INIA","INIA La Platina","INIA Remehue","Minagri","Ministerio de Agricultura","Odepa"],"articleSection":["Titular 2"],"inLanguage":"es"},{"@type":"WebPage","@id":"https:\/\/www.mundoagropecuario.cl\/new\/invitan-a-productores-ganaderos-a-participar-del-dia-del-toro-2026\/","url":"https:\/\/www.mundoagropecuario.cl\/new\/invitan-a-productores-ganaderos-a-participar-del-dia-del-toro-2026\/","name":"Invitan a productores ganaderos a participar del \"D\u00eda del Toro\" 2026 - Mundoagropecuario","isPartOf":{"@id":"https:\/\/www.mundoagropecuario.cl\/new\/#website"},"primaryImageOfPage":{"@id":"https:\/\/www.mundoagropecuario.cl\/new\/invitan-a-productores-ganaderos-a-participar-del-dia-del-toro-2026\/#primaryimage"},"image":{"@id":"https:\/\/www.mundoagropecuario.cl\/new\/invitan-a-productores-ganaderos-a-participar-del-dia-del-toro-2026\/#primaryimage"},"thumbnailUrl":"https:\/\/www.mundoagropecuario.cl\/new\/wp-content\/uploads\/2026\/09\/dia-del-toro-2025-ok-1-scaled.jpg","datePublished":"2026-09-02T15:21:34+00:00","description":"En el Centro Experimental INIA La Pampa en Purranque se rematar\u00e1n toros y vaquillas finas de la raza Angus, seleccionados mediante avanzados.","breadcrumb":{"@id":"https:\/\/www.mundoagropecuario.cl\/new\/invitan-a-productores-ganaderos-a-participar-del-dia-del-toro-2026\/#breadcrumb"},"inLanguage":"es","potentialAction":[{"@type":"ReadAction","target":["https:\/\/www.mundoagropecuario.cl\/new\/invitan-a-productores-ganaderos-a-participar-del-dia-del-toro-2026\/"]}]},{"@type":"ImageObject","inLanguage":"es","@id":"https:\/\/www.mundoagropecuario.cl\/new\/invitan-a-productores-ganaderos-a-participar-del-dia-del-toro-2026\/#primaryimage","url":"https:\/\/www.mundoagropecuario.cl\/new\/wp-content\/uploads\/2026\/09\/dia-del-toro-2025-ok-1-scaled.jpg","contentUrl":"https:\/\/www.mundoagropecuario.cl\/new\/wp-content\/uploads\/2026\/09\/dia-del-toro-2025-ok-1-scaled.jpg","width":533,"height":400},{"@type":"BreadcrumbList","@id":"https:\/\/www.mundoagropecuario.cl\/new\/invitan-a-productores-ganaderos-a-participar-del-dia-del-toro-2026\/#breadcrumb","itemListElement":[{"@type":"ListItem","position":1,"name":"Portada","item":"https:\/\/www.mundoagropecuario.cl\/new\/"},{"@type":"ListItem","position":2,"name":"Invitan a productores ganaderos a participar del &#8220;D\u00eda del Toro&#8221; 2026"}]},{"@type":"WebSite","@id":"https:\/\/www.mundoagropecuario.cl\/new\/#website","url":"https:\/\/www.mundoagropecuario.cl\/new\/","name":"Mundoagropecuario","description":"Mundo Agropecuario","publisher":{"@id":"https:\/\/www.mundoagropecuario.cl\/new\/#organization"},"potentialAction":[{"@type":"SearchAction","target":{"@type":"EntryPoint","urlTemplate":"https:\/\/www.mundoagropecuario.cl\/new\/?s={search_term_string}"},"query-input":{"@type":"PropertyValueSpecification","valueRequired":true,"valueName":"search_term_string"}}],"inLanguage":"es"},{"@type":"Organization","@id":"https:\/\/www.mundoagropecuario.cl\/new\/#organization","name":"Revista de Agricultura","url":"https:\/\/www.mundoagropecuario.cl\/new\/","logo":{"@type":"ImageObject","inLanguage":"es","@id":"https:\/\/www.mundoagropecuario.cl\/new\/#\/schema\/logo\/image\/","url":"https:\/\/www.mundoagropecuario.cl\/new\/wp-content\/uploads\/2020\/11\/PORTAL-1-1.png","contentUrl":"https:\/\/www.mundoagropecuario.cl\/new\/wp-content\/uploads\/2020\/11\/PORTAL-1-1.png","width":1026,"height":100,"caption":"Revista de Agricultura"},"image":{"@id":"https:\/\/www.mundoagropecuario.cl\/new\/#\/schema\/logo\/image\/"},"sameAs":["https:\/\/www.facebook.com\/mundo.agropecuario.3","https:\/\/x.com\/MundoAgropecuar","https:\/\/www.linkedin.com\/in\/mundo-agropecuario-934009201\/"]},{"@type":"Person","@id":"https:\/\/www.mundoagropecuario.cl\/new\/#\/schema\/person\/4e9f74a82a7dac260eb1c44b7eebeb18","name":"mundo","url":"https:\/\/www.mundoagropecuario.cl\/new\/author\/mundo\/"}]}},"_links":{"self":[{"href":"https:\/\/www.mundoagropecuario.cl\/new\/wp-json\/wp\/v2\/posts\/27573","targetHints":{"allow":["GET"]}}],"collection":[{"href":"https:\/\/www.mundoagropecuario.cl\/new\/wp-json\/wp\/v2\/posts"}],"about":[{"href":"https:\/\/www.mundoagropecuario.cl\/new\/wp-json\/wp\/v2\/types\/post"}],"author":[{"embeddable":true,"href":"https:\/\/www.mundoagropecuario.cl\/new\/wp-json\/wp\/v2\/users\/2"}],"replies":[{"embeddable":true,"href":"https:\/\/www.mundoagropecuario.cl\/new\/wp-json\/wp\/v2\/comments?post=27573"}],"version-history":[{"count":1,"href":"https:\/\/www.mundoagropecuario.cl\/new\/wp-json\/wp\/v2\/posts\/27573\/revisions"}],"predecessor-version":[{"id":27575,"href":"https:\/\/www.mundoagropecuario.cl\/new\/wp-json\/wp\/v2\/posts\/27573\/revisions\/27575"}],"wp:featuredmedia":[{"embeddable":true,"href":"https:\/\/www.mundoagropecuario.cl\/new\/wp-json\/wp\/v2\/media\/27574"}],"wp:attachment":[{"href":"https:\/\/www.mundoagropecuario.cl\/new\/wp-json\/wp\/v2\/media?parent=27573"}],"wp:term":[{"taxonomy":"category","embeddable":true,"href":"https:\/\/www.mundoagropecuario.cl\/new\/wp-json\/wp\/v2\/categories?post=27573"},{"taxonomy":"post_tag","embeddable":true,"href":"https:\/\/www.mundoagropecuario.cl\/new\/wp-json\/wp\/v2\/tags?post=27573"}],"curies":[{"name":"wp","href":"https:\/\/api.w.org\/{rel}","templated":true}]}}