{"id":27447,"date":"2026-04-30T17:07:55","date_gmt":"2026-04-30T20:07:55","guid":{"rendered":"https:\/\/www.mundoagropecuario.cl\/new\/?p=27447"},"modified":"2026-04-30T17:07:55","modified_gmt":"2026-04-30T20:07:55","slug":"bayer-lanza-legado-2026-para-startups-en-salud-y-alimentacion","status":"publish","type":"post","link":"https:\/\/www.mundoagropecuario.cl\/new\/bayer-lanza-legado-2026-para-startups-en-salud-y-alimentacion\/","title":{"rendered":"Bayer lanza LEGADO 2026 para startups en salud y alimentaci\u00f3n"},"content":{"rendered":"<p>En Am\u00e9rica Latina, los desaf\u00edos vinculados al acceso a la salud, la producci\u00f3n de alimentos y la sostenibilidad siguen siendo estructurales. En este contexto, las startups comienzan a ocupar un rol cada vez m\u00e1s relevante al transformar problemas complejos en soluciones concretas y escalables.<\/p>\n<p>Con ese foco, Bayer lanz\u00f3 una nueva edici\u00f3n de LEGADO 2026, su programa regional orientado a impulsar emprendimientos de impacto en \u00e1reas clave para el desarrollo de la regi\u00f3n.<\/p>\n<p>La convocatoria ya est\u00e1 abierta y las startups podr\u00e1n postular hasta el 31 de mayo. El objetivo es identificar proyectos con potencial de crecimiento y capacidad de generar impacto real. Como novedad, en su edici\u00f3n 2026, LEGADO ampl\u00eda su alcance m\u00e1s all\u00e1 del Cono Sur e incorpora nuevos pa\u00edses: Argentina, Bolivia, Chile, Paraguay y Uruguay, adem\u00e1s de Colombia, Costa Rica, Guatemala, Panam\u00e1 y Per\u00fa. De esta manera, consolida su posicionamiento como una iniciativa regional para impulsar la innovaci\u00f3n con impacto social en Am\u00e9rica Latina.<\/p>\n<p>\u201cEn Am\u00e9rica Latina vemos talento emprendedor con una enorme capacidad para resolver desaf\u00edos estructurales, pero muchas veces con barreras para escalar. LEGADO nace justamente para cerrar esa brecha: conectar innovaci\u00f3n con oportunidades reales de crecimiento e impacto. Para Bayer, la innovaci\u00f3n colaborativa es clave para abordar desaf\u00edos como la salud y la seguridad alimentaria, por eso nuestros equipos se involucran activamente acompa\u00f1ando a las startups con mentor\u00eda y acceso a redes\u201d, explic\u00f3 Camila Reid, l\u00edder de Innovaci\u00f3n Social de Bayer Cono Sur.<\/p>\n<p>\u201cDesde la Fundaci\u00f3n Bayer trabajamos para impulsar soluciones que no solo sean innovadoras, sino que tambi\u00e9n puedan sostenerse en el tiempo y llegar a m\u00e1s personas. Ese es el verdadero desaf\u00edo de la innovaci\u00f3n social hoy\u201d, agreg\u00f3 Ried.<\/p>\n<p><strong>Un programa pensado para escalar, no solo para ideas<\/strong><\/p>\n<p>LEGADO es una iniciativa, que apunta a un segmento espec\u00edfico del ecosistema: startups que ya superaron la etapa inicial y buscan dar el siguiente salto.<\/p>\n<p><a href=\"https:\/\/www.mundoagropecuario.cl\/new\/wp-content\/uploads\/2026\/01\/Recirculacion-plasticos3.jpg-scaled.jpg\"><img loading=\"lazy\" decoding=\"async\" class=\"alignright wp-image-27384 \" src=\"https:\/\/www.mundoagropecuario.cl\/new\/wp-content\/uploads\/2026\/01\/Recirculacion-plasticos3.jpg-711x400.jpg\" alt=\"\" width=\"553\" height=\"306\" \/><\/a>El programa est\u00e1 dirigido a emprendimientos de base tecnol\u00f3gica o cient\u00edfica que ya cuenten con primeras ventas \u2014o est\u00e9n cerca de lograrlas\u2014 y que operen en pa\u00edses de Am\u00e9rica Latina como Argentina, Bolivia, Chile, Colombia, Costa Rica, Guatemala, Panam\u00e1, Paraguay, Per\u00fa y Uruguay.<\/p>\n<p>La l\u00f3gica es clara: cuando la innovaci\u00f3n se combina con ciencia, tecnolog\u00eda y prop\u00f3sito, el impacto puede multiplicarse.<\/p>\n<p>Las soluciones que busca impulsar<\/p>\n<p><strong>La edici\u00f3n 2026 pone el foco en algunos de los principales desaf\u00edos de la regi\u00f3n.<\/strong><\/p>\n<p>En el eje de salud, se priorizan soluciones vinculadas a:<\/p>\n<ul>\n<li>Diagn\u00f3stico y prevenci\u00f3n de enfermedades<\/li>\n<li>Acceso a servicios de salud<\/li>\n<li>Salud femenina y autocuidado<\/li>\n<li>Longevidad e inclusi\u00f3n<\/li>\n<li>Acceso al agua potable y saneamiento<\/li>\n<\/ul>\n<p><strong>En agricultura y seguridad alimentaria, se buscan soluciones orientadas a:<\/strong><\/p>\n<ul>\n<li>Reducci\u00f3n del desperdicio de alimentos<\/li>\n<li>Nutrici\u00f3n y alimentaci\u00f3n saludable<\/li>\n<li>Agricultura regenerativa<\/li>\n<li>Desarrollo de peque\u00f1os y medianos productores<\/li>\n<\/ul>\n<p>El enfoque es integral: promover soluciones que impacten en sistemas completos, no en problemas aislados.<\/p>\n<p><strong>Mentor\u00eda, conexiones y financiamiento para crecer<\/strong><\/p>\n<p>Uno de los diferenciales de LEGADO es que no se limita a seleccionar proyectos, sino que acompa\u00f1a su desarrollo.<\/p>\n<p>Las 10 startups elegidas acceder\u00e1n a mentor\u00edas estrat\u00e9gicas con expertos de Bayer y Endeavor, adem\u00e1s de referentes del ecosistema. Tambi\u00e9n tendr\u00e1n visibilidad, conexiones clave y participaci\u00f3n en espacios regionales de alto nivel.<\/p>\n<p>\u201cLo que buscamos en LEGADO no son solo buenas ideas, sino equipos con capacidad de ejecuci\u00f3n y modelos que puedan escalar en la regi\u00f3n. El programa est\u00e1 dise\u00f1ado para acompa\u00f1arlos en ese proceso, con mentor\u00eda, acceso a redes y exposici\u00f3n frente a actores clave del ecosistema a nivel regional\u201d, se\u00f1al\u00f3 Patricio Gigli, consultor senior de Endeavor para LEGADO.<\/p>\n<p>\u201cAm\u00e9rica Latina necesita m\u00e1s emprendimientos que combinen tecnolog\u00eda, impacto y visi\u00f3n de largo plazo. Cuando eso ocurre, no solo crecen las startups: se fortalecen sectores completos como la salud, la producci\u00f3n de alimentos y el desarrollo sostenible\u201d, agreg\u00f3 Gigli.<\/p>\n<p>Adem\u00e1s, dos emprendimientos ser\u00e1n seleccionados para recibir un premio econ\u00f3mico de USD 20.000, destinado a potenciar su crecimiento.<\/p>\n<p><strong>Un programa que ya muestra resultados<\/strong><\/p>\n<p>En sus 2 ediciones anteriores, LEGADO impuls\u00f3 startups con soluciones innovadoras en toda la regi\u00f3n: desde inteligencia artificial aplicada a la salud, hasta plataformas que conectan productores con mercados o tecnolog\u00edas que transforman residuos en nuevos insumos.<\/p>\n<p><strong>En n\u00fameros, el programa ya registra (2024-2025):<\/strong><\/p>\n<ul>\n<li>M\u00e1s de 350 startups postuladas<\/li>\n<li>12 emprendimientos ganadores<\/li>\n<li>3 startups que recibieron financiamiento econ\u00f3mico<\/li>\n<li>Una comunidad activa de m\u00e1s de 50 proyectos<\/li>\n<li>Una red de m\u00e1s de 30 mentores expertos en finanzas, negocios, mercado, impacto y regulaciones, entre otras tem\u00e1ticas.<\/li>\n<li>9 Demo Days realizados.<\/li>\n<li>M\u00e1s de 30 organizaciones del ecosistema involucradas.<\/li>\n<\/ul>\n<p>Con estos resultados, LEGADO se consolida como una plataforma que articula innovaci\u00f3n, inversi\u00f3n y desarrollo sostenible en Am\u00e9rica Latina.<\/p>\n<p><strong>Innovaci\u00f3n con impacto, el eje de la estrategia<\/strong><\/p>\n<p><a href=\"https:\/\/www.mundoagropecuario.cl\/new\/wp-content\/uploads\/2026\/01\/Campos-de-frutilla-scaled.jpg\"><img loading=\"lazy\" decoding=\"async\" class=\"alignleft wp-image-27361 \" src=\"https:\/\/www.mundoagropecuario.cl\/new\/wp-content\/uploads\/2026\/01\/Campos-de-frutilla-577x400.jpg\" alt=\"\" width=\"516\" height=\"357\" srcset=\"https:\/\/www.mundoagropecuario.cl\/new\/wp-content\/uploads\/2026\/01\/Campos-de-frutilla-scaled.jpg 577w, https:\/\/www.mundoagropecuario.cl\/new\/wp-content\/uploads\/2026\/01\/Campos-de-frutilla-192x133.jpg 192w, https:\/\/www.mundoagropecuario.cl\/new\/wp-content\/uploads\/2026\/01\/Campos-de-frutilla-768x532.jpg 768w\" sizes=\"auto, (max-width: 516px) 100vw, 516px\" \/><\/a>Detr\u00e1s del programa hay una visi\u00f3n clara: impulsar soluciones que contribuyan a un mundo con \u201cSalud para todos y Hambre para nadie\u201d.<\/p>\n<p>Desde la Fundaci\u00f3n Bayer, destacan que el objetivo no es solo apoyar ideas, sino acelerar modelos sostenibles, conectarlos con actores clave y escalar su impacto en la regi\u00f3n.<\/p>\n<p><strong>C\u00f3mo postularse<\/strong><\/p>\n<p>Las startups interesadas pueden inscribirse hasta el 31 de mayo a trav\u00e9s del sitio oficial del programa: https:\/\/www.conosur.bayer.com\/es\/legado<\/p>\n<p>El proceso incluye evaluaci\u00f3n, entrevistas, instancias de presentaci\u00f3n y un recorrido de acompa\u00f1amiento que culmina en un Demo Day regional hacia fin de a\u00f1o.<\/p>\n<p><strong>Organizadores\u00a0<\/strong><\/p>\n<p>La Fundaci\u00f3n Bayer es la fundaci\u00f3n corporativa de Bayer y genera impacto al apoyar avances en innovaci\u00f3n social y ciencia para un mundo con Salud para todos y Hambre para nadie. La fundaci\u00f3n capacita a emprendedores sociales, cient\u00edficos, estudiantes y organizaciones de impacto que trabajan en salud y seguridad alimentaria. Adem\u00e1s, proporciona financiamiento catal\u00edtico a innovaciones sociales maduras que impactan a millones de beneficiarios. M\u00e1s informaci\u00f3n en: www.bayer-foundation.com<\/p>\n<p>Endeavor es la red global l\u00edder de apoyo a emprendedores de alto impacto, presente en m\u00e1s de 40 pa\u00edses. Su misi\u00f3n es impulsar a fundadores que construyen empresas capaces de escalar, generar empleo y transformar econom\u00edas. A trav\u00e9s de su comunidad global de mentores, inversores y l\u00edderes empresariales, Endeavor ofrece programas de aceleraci\u00f3n y scale-up, mentor\u00edas estrat\u00e9gicas, acceso a redes internacionales y eventos que promueven la cultura emprendedora y fortalecen los ecosistemas de innovaci\u00f3n. M\u00e1s informaci\u00f3n en: https:\/\/colombia.endeavor.org\/ y https:\/\/uruguay.endeavor.org\/<\/p>\n","protected":false},"excerpt":{"rendered":"<p>La iniciativa, impulsada por la Fundaci\u00f3n Bayer, en alianza estrat\u00e9gica con Endeavor a nivel regional, abri\u00f3 su convocatoria para emprendimientos de impacto social que ya tengan validaci\u00f3n inicial y busquen escalar soluciones en salud, agricultura y seguridad alimentaria.<\/p>\n","protected":false},"author":2,"featured_media":24341,"comment_status":"closed","ping_status":"closed","sticky":false,"template":"","format":"standard","meta":{"footnotes":""},"categories":[398],"tags":[2090,3127,10058,1957,2187,2052,2035,4149],"class_list":["post-27447","post","type-post","status-publish","format-standard","has-post-thumbnail","hentry","category-titular-1","tag-agricultura","tag-agro","tag-bayer-lanza-legado-2026","tag-consorcio-lechero","tag-ganaderia","tag-inia","tag-minagri","tag-mundo-agropecuario"],"yoast_head":"<!-- This site is optimized with the Yoast SEO plugin v26.6 - https:\/\/yoast.com\/wordpress\/plugins\/seo\/ -->\n<title>Bayer lanza LEGADO 2026 para startups en salud y alimentaci\u00f3n - Mundoagropecuario<\/title>\n<meta name=\"description\" content=\"La iniciativa, impulsada por la Fundaci\u00f3n Bayer, en alianza estrat\u00e9gica con Endeavor a nivel, abri\u00f3 su convocatoria para emprendimientos.\" \/>\n<meta name=\"robots\" content=\"index, follow, max-snippet:-1, max-image-preview:large, max-video-preview:-1\" \/>\n<link rel=\"canonical\" href=\"https:\/\/www.mundoagropecuario.cl\/new\/bayer-lanza-legado-2026-para-startups-en-salud-y-alimentacion\/\" \/>\n<meta property=\"og:locale\" content=\"es_ES\" \/>\n<meta property=\"og:type\" content=\"article\" \/>\n<meta property=\"og:title\" content=\"Bayer lanza LEGADO 2026 para startups en salud y alimentaci\u00f3n - Mundoagropecuario\" \/>\n<meta property=\"og:description\" content=\"La iniciativa, impulsada por la Fundaci\u00f3n Bayer, en alianza estrat\u00e9gica con Endeavor a nivel, abri\u00f3 su convocatoria para emprendimientos.\" \/>\n<meta property=\"og:url\" content=\"https:\/\/www.mundoagropecuario.cl\/new\/bayer-lanza-legado-2026-para-startups-en-salud-y-alimentacion\/\" \/>\n<meta property=\"og:site_name\" content=\"Mundoagropecuario\" \/>\n<meta property=\"article:publisher\" content=\"https:\/\/www.facebook.com\/mundo.agropecuario.3\" \/>\n<meta property=\"article:published_time\" content=\"2026-04-30T20:07:55+00:00\" \/>\n<meta property=\"og:image\" content=\"https:\/\/www.mundoagropecuario.cl\/new\/wp-content\/uploads\/2023\/07\/Agricultura-750x375-1-scaled.jpeg\" \/>\n\t<meta property=\"og:image:width\" content=\"720\" \/>\n\t<meta property=\"og:image:height\" content=\"384\" \/>\n\t<meta property=\"og:image:type\" content=\"image\/jpeg\" \/>\n<meta name=\"author\" content=\"mundo\" \/>\n<meta name=\"twitter:card\" content=\"summary_large_image\" \/>\n<meta name=\"twitter:creator\" content=\"@MundoAgropecuar\" \/>\n<meta name=\"twitter:site\" content=\"@MundoAgropecuar\" \/>\n<meta name=\"twitter:label1\" content=\"Escrito por\" \/>\n\t<meta name=\"twitter:data1\" content=\"mundo\" \/>\n\t<meta name=\"twitter:label2\" content=\"Tiempo de lectura\" \/>\n\t<meta name=\"twitter:data2\" content=\"6 minutos\" \/>\n<script type=\"application\/ld+json\" class=\"yoast-schema-graph\">{\"@context\":\"https:\/\/schema.org\",\"@graph\":[{\"@type\":\"Article\",\"@id\":\"https:\/\/www.mundoagropecuario.cl\/new\/bayer-lanza-legado-2026-para-startups-en-salud-y-alimentacion\/#article\",\"isPartOf\":{\"@id\":\"https:\/\/www.mundoagropecuario.cl\/new\/bayer-lanza-legado-2026-para-startups-en-salud-y-alimentacion\/\"},\"author\":{\"name\":\"mundo\",\"@id\":\"https:\/\/www.mundoagropecuario.cl\/new\/#\/schema\/person\/4e9f74a82a7dac260eb1c44b7eebeb18\"},\"headline\":\"Bayer lanza LEGADO 2026 para startups en salud y alimentaci\u00f3n\",\"datePublished\":\"2026-04-30T20:07:55+00:00\",\"mainEntityOfPage\":{\"@id\":\"https:\/\/www.mundoagropecuario.cl\/new\/bayer-lanza-legado-2026-para-startups-en-salud-y-alimentacion\/\"},\"wordCount\":1135,\"publisher\":{\"@id\":\"https:\/\/www.mundoagropecuario.cl\/new\/#organization\"},\"image\":{\"@id\":\"https:\/\/www.mundoagropecuario.cl\/new\/bayer-lanza-legado-2026-para-startups-en-salud-y-alimentacion\/#primaryimage\"},\"thumbnailUrl\":\"https:\/\/www.mundoagropecuario.cl\/new\/wp-content\/uploads\/2023\/07\/Agricultura-750x375-1-scaled.jpeg\",\"keywords\":[\"Agricultura\",\"Agro\",\"Bayer lanza LEGADO 2026\",\"Consorcio Lechero\",\"Ganader\u00eda\",\"INIA\",\"Minagri\",\"Mundo Agropecuario\"],\"articleSection\":[\"Titular 1\"],\"inLanguage\":\"es\"},{\"@type\":\"WebPage\",\"@id\":\"https:\/\/www.mundoagropecuario.cl\/new\/bayer-lanza-legado-2026-para-startups-en-salud-y-alimentacion\/\",\"url\":\"https:\/\/www.mundoagropecuario.cl\/new\/bayer-lanza-legado-2026-para-startups-en-salud-y-alimentacion\/\",\"name\":\"Bayer lanza LEGADO 2026 para startups en salud y alimentaci\u00f3n - Mundoagropecuario\",\"isPartOf\":{\"@id\":\"https:\/\/www.mundoagropecuario.cl\/new\/#website\"},\"primaryImageOfPage\":{\"@id\":\"https:\/\/www.mundoagropecuario.cl\/new\/bayer-lanza-legado-2026-para-startups-en-salud-y-alimentacion\/#primaryimage\"},\"image\":{\"@id\":\"https:\/\/www.mundoagropecuario.cl\/new\/bayer-lanza-legado-2026-para-startups-en-salud-y-alimentacion\/#primaryimage\"},\"thumbnailUrl\":\"https:\/\/www.mundoagropecuario.cl\/new\/wp-content\/uploads\/2023\/07\/Agricultura-750x375-1-scaled.jpeg\",\"datePublished\":\"2026-04-30T20:07:55+00:00\",\"description\":\"La iniciativa, impulsada por la Fundaci\u00f3n Bayer, en alianza estrat\u00e9gica con Endeavor a nivel, abri\u00f3 su convocatoria para emprendimientos.\",\"breadcrumb\":{\"@id\":\"https:\/\/www.mundoagropecuario.cl\/new\/bayer-lanza-legado-2026-para-startups-en-salud-y-alimentacion\/#breadcrumb\"},\"inLanguage\":\"es\",\"potentialAction\":[{\"@type\":\"ReadAction\",\"target\":[\"https:\/\/www.mundoagropecuario.cl\/new\/bayer-lanza-legado-2026-para-startups-en-salud-y-alimentacion\/\"]}]},{\"@type\":\"ImageObject\",\"inLanguage\":\"es\",\"@id\":\"https:\/\/www.mundoagropecuario.cl\/new\/bayer-lanza-legado-2026-para-startups-en-salud-y-alimentacion\/#primaryimage\",\"url\":\"https:\/\/www.mundoagropecuario.cl\/new\/wp-content\/uploads\/2023\/07\/Agricultura-750x375-1-scaled.jpeg\",\"contentUrl\":\"https:\/\/www.mundoagropecuario.cl\/new\/wp-content\/uploads\/2023\/07\/Agricultura-750x375-1-scaled.jpeg\",\"width\":720,\"height\":384},{\"@type\":\"BreadcrumbList\",\"@id\":\"https:\/\/www.mundoagropecuario.cl\/new\/bayer-lanza-legado-2026-para-startups-en-salud-y-alimentacion\/#breadcrumb\",\"itemListElement\":[{\"@type\":\"ListItem\",\"position\":1,\"name\":\"Portada\",\"item\":\"https:\/\/www.mundoagropecuario.cl\/new\/\"},{\"@type\":\"ListItem\",\"position\":2,\"name\":\"Bayer lanza LEGADO 2026 para startups en salud y alimentaci\u00f3n\"}]},{\"@type\":\"WebSite\",\"@id\":\"https:\/\/www.mundoagropecuario.cl\/new\/#website\",\"url\":\"https:\/\/www.mundoagropecuario.cl\/new\/\",\"name\":\"Mundoagropecuario\",\"description\":\"Mundo Agropecuario\",\"publisher\":{\"@id\":\"https:\/\/www.mundoagropecuario.cl\/new\/#organization\"},\"potentialAction\":[{\"@type\":\"SearchAction\",\"target\":{\"@type\":\"EntryPoint\",\"urlTemplate\":\"https:\/\/www.mundoagropecuario.cl\/new\/?s={search_term_string}\"},\"query-input\":{\"@type\":\"PropertyValueSpecification\",\"valueRequired\":true,\"valueName\":\"search_term_string\"}}],\"inLanguage\":\"es\"},{\"@type\":\"Organization\",\"@id\":\"https:\/\/www.mundoagropecuario.cl\/new\/#organization\",\"name\":\"Revista de Agricultura\",\"url\":\"https:\/\/www.mundoagropecuario.cl\/new\/\",\"logo\":{\"@type\":\"ImageObject\",\"inLanguage\":\"es\",\"@id\":\"https:\/\/www.mundoagropecuario.cl\/new\/#\/schema\/logo\/image\/\",\"url\":\"https:\/\/www.mundoagropecuario.cl\/new\/wp-content\/uploads\/2020\/11\/PORTAL-1-1.png\",\"contentUrl\":\"https:\/\/www.mundoagropecuario.cl\/new\/wp-content\/uploads\/2020\/11\/PORTAL-1-1.png\",\"width\":1026,\"height\":100,\"caption\":\"Revista de Agricultura\"},\"image\":{\"@id\":\"https:\/\/www.mundoagropecuario.cl\/new\/#\/schema\/logo\/image\/\"},\"sameAs\":[\"https:\/\/www.facebook.com\/mundo.agropecuario.3\",\"https:\/\/x.com\/MundoAgropecuar\",\"https:\/\/www.linkedin.com\/in\/mundo-agropecuario-934009201\/\"]},{\"@type\":\"Person\",\"@id\":\"https:\/\/www.mundoagropecuario.cl\/new\/#\/schema\/person\/4e9f74a82a7dac260eb1c44b7eebeb18\",\"name\":\"mundo\",\"url\":\"https:\/\/www.mundoagropecuario.cl\/new\/author\/mundo\/\"}]}<\/script>\n<!-- \/ Yoast SEO plugin. -->","yoast_head_json":{"title":"Bayer lanza LEGADO 2026 para startups en salud y alimentaci\u00f3n - Mundoagropecuario","description":"La iniciativa, impulsada por la Fundaci\u00f3n Bayer, en alianza estrat\u00e9gica con Endeavor a nivel, abri\u00f3 su convocatoria para emprendimientos.","robots":{"index":"index","follow":"follow","max-snippet":"max-snippet:-1","max-image-preview":"max-image-preview:large","max-video-preview":"max-video-preview:-1"},"canonical":"https:\/\/www.mundoagropecuario.cl\/new\/bayer-lanza-legado-2026-para-startups-en-salud-y-alimentacion\/","og_locale":"es_ES","og_type":"article","og_title":"Bayer lanza LEGADO 2026 para startups en salud y alimentaci\u00f3n - Mundoagropecuario","og_description":"La iniciativa, impulsada por la Fundaci\u00f3n Bayer, en alianza estrat\u00e9gica con Endeavor a nivel, abri\u00f3 su convocatoria para emprendimientos.","og_url":"https:\/\/www.mundoagropecuario.cl\/new\/bayer-lanza-legado-2026-para-startups-en-salud-y-alimentacion\/","og_site_name":"Mundoagropecuario","article_publisher":"https:\/\/www.facebook.com\/mundo.agropecuario.3","article_published_time":"2026-04-30T20:07:55+00:00","og_image":[{"width":720,"height":384,"url":"https:\/\/www.mundoagropecuario.cl\/new\/wp-content\/uploads\/2023\/07\/Agricultura-750x375-1-scaled.jpeg","type":"image\/jpeg"}],"author":"mundo","twitter_card":"summary_large_image","twitter_creator":"@MundoAgropecuar","twitter_site":"@MundoAgropecuar","twitter_misc":{"Escrito por":"mundo","Tiempo de lectura":"6 minutos"},"schema":{"@context":"https:\/\/schema.org","@graph":[{"@type":"Article","@id":"https:\/\/www.mundoagropecuario.cl\/new\/bayer-lanza-legado-2026-para-startups-en-salud-y-alimentacion\/#article","isPartOf":{"@id":"https:\/\/www.mundoagropecuario.cl\/new\/bayer-lanza-legado-2026-para-startups-en-salud-y-alimentacion\/"},"author":{"name":"mundo","@id":"https:\/\/www.mundoagropecuario.cl\/new\/#\/schema\/person\/4e9f74a82a7dac260eb1c44b7eebeb18"},"headline":"Bayer lanza LEGADO 2026 para startups en salud y alimentaci\u00f3n","datePublished":"2026-04-30T20:07:55+00:00","mainEntityOfPage":{"@id":"https:\/\/www.mundoagropecuario.cl\/new\/bayer-lanza-legado-2026-para-startups-en-salud-y-alimentacion\/"},"wordCount":1135,"publisher":{"@id":"https:\/\/www.mundoagropecuario.cl\/new\/#organization"},"image":{"@id":"https:\/\/www.mundoagropecuario.cl\/new\/bayer-lanza-legado-2026-para-startups-en-salud-y-alimentacion\/#primaryimage"},"thumbnailUrl":"https:\/\/www.mundoagropecuario.cl\/new\/wp-content\/uploads\/2023\/07\/Agricultura-750x375-1-scaled.jpeg","keywords":["Agricultura","Agro","Bayer lanza LEGADO 2026","Consorcio Lechero","Ganader\u00eda","INIA","Minagri","Mundo Agropecuario"],"articleSection":["Titular 1"],"inLanguage":"es"},{"@type":"WebPage","@id":"https:\/\/www.mundoagropecuario.cl\/new\/bayer-lanza-legado-2026-para-startups-en-salud-y-alimentacion\/","url":"https:\/\/www.mundoagropecuario.cl\/new\/bayer-lanza-legado-2026-para-startups-en-salud-y-alimentacion\/","name":"Bayer lanza LEGADO 2026 para startups en salud y alimentaci\u00f3n - Mundoagropecuario","isPartOf":{"@id":"https:\/\/www.mundoagropecuario.cl\/new\/#website"},"primaryImageOfPage":{"@id":"https:\/\/www.mundoagropecuario.cl\/new\/bayer-lanza-legado-2026-para-startups-en-salud-y-alimentacion\/#primaryimage"},"image":{"@id":"https:\/\/www.mundoagropecuario.cl\/new\/bayer-lanza-legado-2026-para-startups-en-salud-y-alimentacion\/#primaryimage"},"thumbnailUrl":"https:\/\/www.mundoagropecuario.cl\/new\/wp-content\/uploads\/2023\/07\/Agricultura-750x375-1-scaled.jpeg","datePublished":"2026-04-30T20:07:55+00:00","description":"La iniciativa, impulsada por la Fundaci\u00f3n Bayer, en alianza estrat\u00e9gica con Endeavor a nivel, abri\u00f3 su convocatoria para emprendimientos.","breadcrumb":{"@id":"https:\/\/www.mundoagropecuario.cl\/new\/bayer-lanza-legado-2026-para-startups-en-salud-y-alimentacion\/#breadcrumb"},"inLanguage":"es","potentialAction":[{"@type":"ReadAction","target":["https:\/\/www.mundoagropecuario.cl\/new\/bayer-lanza-legado-2026-para-startups-en-salud-y-alimentacion\/"]}]},{"@type":"ImageObject","inLanguage":"es","@id":"https:\/\/www.mundoagropecuario.cl\/new\/bayer-lanza-legado-2026-para-startups-en-salud-y-alimentacion\/#primaryimage","url":"https:\/\/www.mundoagropecuario.cl\/new\/wp-content\/uploads\/2023\/07\/Agricultura-750x375-1-scaled.jpeg","contentUrl":"https:\/\/www.mundoagropecuario.cl\/new\/wp-content\/uploads\/2023\/07\/Agricultura-750x375-1-scaled.jpeg","width":720,"height":384},{"@type":"BreadcrumbList","@id":"https:\/\/www.mundoagropecuario.cl\/new\/bayer-lanza-legado-2026-para-startups-en-salud-y-alimentacion\/#breadcrumb","itemListElement":[{"@type":"ListItem","position":1,"name":"Portada","item":"https:\/\/www.mundoagropecuario.cl\/new\/"},{"@type":"ListItem","position":2,"name":"Bayer lanza LEGADO 2026 para startups en salud y alimentaci\u00f3n"}]},{"@type":"WebSite","@id":"https:\/\/www.mundoagropecuario.cl\/new\/#website","url":"https:\/\/www.mundoagropecuario.cl\/new\/","name":"Mundoagropecuario","description":"Mundo Agropecuario","publisher":{"@id":"https:\/\/www.mundoagropecuario.cl\/new\/#organization"},"potentialAction":[{"@type":"SearchAction","target":{"@type":"EntryPoint","urlTemplate":"https:\/\/www.mundoagropecuario.cl\/new\/?s={search_term_string}"},"query-input":{"@type":"PropertyValueSpecification","valueRequired":true,"valueName":"search_term_string"}}],"inLanguage":"es"},{"@type":"Organization","@id":"https:\/\/www.mundoagropecuario.cl\/new\/#organization","name":"Revista de Agricultura","url":"https:\/\/www.mundoagropecuario.cl\/new\/","logo":{"@type":"ImageObject","inLanguage":"es","@id":"https:\/\/www.mundoagropecuario.cl\/new\/#\/schema\/logo\/image\/","url":"https:\/\/www.mundoagropecuario.cl\/new\/wp-content\/uploads\/2020\/11\/PORTAL-1-1.png","contentUrl":"https:\/\/www.mundoagropecuario.cl\/new\/wp-content\/uploads\/2020\/11\/PORTAL-1-1.png","width":1026,"height":100,"caption":"Revista de Agricultura"},"image":{"@id":"https:\/\/www.mundoagropecuario.cl\/new\/#\/schema\/logo\/image\/"},"sameAs":["https:\/\/www.facebook.com\/mundo.agropecuario.3","https:\/\/x.com\/MundoAgropecuar","https:\/\/www.linkedin.com\/in\/mundo-agropecuario-934009201\/"]},{"@type":"Person","@id":"https:\/\/www.mundoagropecuario.cl\/new\/#\/schema\/person\/4e9f74a82a7dac260eb1c44b7eebeb18","name":"mundo","url":"https:\/\/www.mundoagropecuario.cl\/new\/author\/mundo\/"}]}},"_links":{"self":[{"href":"https:\/\/www.mundoagropecuario.cl\/new\/wp-json\/wp\/v2\/posts\/27447","targetHints":{"allow":["GET"]}}],"collection":[{"href":"https:\/\/www.mundoagropecuario.cl\/new\/wp-json\/wp\/v2\/posts"}],"about":[{"href":"https:\/\/www.mundoagropecuario.cl\/new\/wp-json\/wp\/v2\/types\/post"}],"author":[{"embeddable":true,"href":"https:\/\/www.mundoagropecuario.cl\/new\/wp-json\/wp\/v2\/users\/2"}],"replies":[{"embeddable":true,"href":"https:\/\/www.mundoagropecuario.cl\/new\/wp-json\/wp\/v2\/comments?post=27447"}],"version-history":[{"count":1,"href":"https:\/\/www.mundoagropecuario.cl\/new\/wp-json\/wp\/v2\/posts\/27447\/revisions"}],"predecessor-version":[{"id":27448,"href":"https:\/\/www.mundoagropecuario.cl\/new\/wp-json\/wp\/v2\/posts\/27447\/revisions\/27448"}],"wp:featuredmedia":[{"embeddable":true,"href":"https:\/\/www.mundoagropecuario.cl\/new\/wp-json\/wp\/v2\/media\/24341"}],"wp:attachment":[{"href":"https:\/\/www.mundoagropecuario.cl\/new\/wp-json\/wp\/v2\/media?parent=27447"}],"wp:term":[{"taxonomy":"category","embeddable":true,"href":"https:\/\/www.mundoagropecuario.cl\/new\/wp-json\/wp\/v2\/categories?post=27447"},{"taxonomy":"post_tag","embeddable":true,"href":"https:\/\/www.mundoagropecuario.cl\/new\/wp-json\/wp\/v2\/tags?post=27447"}],"curies":[{"name":"wp","href":"https:\/\/api.w.org\/{rel}","templated":true}]}}