{"id":27417,"date":"2026-03-17T12:17:32","date_gmt":"2026-03-17T15:17:32","guid":{"rendered":"https:\/\/www.mundoagropecuario.cl\/new\/?p=27417"},"modified":"2026-04-22T19:13:53","modified_gmt":"2026-04-22T22:13:53","slug":"con-mas-de-2-500-predios-activos-gremio-lechero-fija-sus-cinco-urgencias-ante-el-nuevo-gobierno","status":"publish","type":"post","link":"https:\/\/www.mundoagropecuario.cl\/new\/con-mas-de-2-500-predios-activos-gremio-lechero-fija-sus-cinco-urgencias-ante-el-nuevo-gobierno\/","title":{"rendered":"Con m\u00e1s de 2.500 predios activos: gremio lechero fija sus cinco urgencias ante el nuevo gobierno"},"content":{"rendered":"<p>En el marco del inicio de un nuevo ciclo institucional en el pa\u00eds con el cambio de mando presidencial, la Federaci\u00f3n Nacional de Productores de Leche (Fedeleche) dio a conocer su postura oficial a la ciudadan\u00eda. La organizaci\u00f3n gremial salud\u00f3 al nuevo Presidente de la Rep\u00fablica de Chile, Jos\u00e9 Antonio Kast, y a todo su equipo de gobierno, marcando el inicio de una nueva y expectante relaci\u00f3n bilateral.<\/p>\n<p><strong>Un gremio estrat\u00e9gico para la seguridad alimentaria<\/strong><\/p>\n<p>Posicion\u00e1ndose frente al pa\u00eds como un actor estrat\u00e9gico para garantizar la seguridad alimentaria nacional, la federaci\u00f3n reiter\u00f3 su total y absoluta disposici\u00f3n para colaborar con los equipos que se instalan en el Poder Ejecutivo. El sector l\u00e1cteo chileno es catalogado por la propia entidad productora como un verdadero motor de desarrollo, una fuente incesante de empleo formal y un pilar de progreso constante. Con una inmensa base operativa que en la actualidad supera los 2.500 predios activos a lo largo del territorio, la producci\u00f3n de leche representa un aporte sustancial e innegable tanto para la macroeconom\u00eda de Chile como para las diversas econom\u00edas de las regiones donde esta actividad se lleva a cabo diariamente.<\/p>\n<p>Para poder proyectar a largo plazo este impacto econ\u00f3mico y social hacia el futuro, la Federaci\u00f3n reafirma su compromiso con dos \u00e1reas de importancia para el campo: la innovaci\u00f3n y la asociatividad. Para los miles de productores primarios, estos dos conceptos representan pilares estrictamente necesarios para lograr enfrentar los complejos desaf\u00edos de rentabilidad del negocio agr\u00edcola y lograr cerrar definitivamente las m\u00faltiples brechas operativas, tecnol\u00f3gicas y comerciales que afectan a los productores de leche en la actualidad. En este mismo sentido de colaboraci\u00f3n, Fedeleche invita proactivamente al nuevo Ejecutivo a mantener un di\u00e1logo que sea permanentemente abierto, de alto nivel t\u00e9cnico y con un enfoque constructivo a lo largo de todo el mandato.<\/p>\n<p><strong>La apuesta por un di\u00e1logo p\u00fablico -Privado<\/strong><\/p>\n<p>En el \u00e1mbito de la nueva institucionalidad agr\u00edcola que regir\u00e1 los destinos del agro, el gremio observa con enorme atenci\u00f3n y valora positivamente el nombramiento de los principales encargados de liderar el sector. En particular, los productores destacan la llegada de Jaime Campos, quien asume el desafiante rol de ser el nuevo ministro de Agricultura de la naci\u00f3n, as\u00ed como la designaci\u00f3n estrat\u00e9gica de Francesco Venezian, profesional que desde esta jornada asume la subsecretar\u00eda de dicha cartera. Ante estas nominaciones p\u00fablicas, Fedeleche expresa formalmente sus mejores deseos de \u00e9xito a estas nuevas autoridades sectoriales.<\/p>\n<p><a href=\"https:\/\/www.mundoagropecuario.cl\/new\/wp-content\/uploads\/2025\/09\/leche-scaled.jpg\"><img loading=\"lazy\" decoding=\"async\" class=\"alignright wp-image-27208 size-large\" src=\"https:\/\/www.mundoagropecuario.cl\/new\/wp-content\/uploads\/2025\/09\/leche-667x400.jpg\" alt=\"\" width=\"667\" height=\"400\" srcset=\"https:\/\/www.mundoagropecuario.cl\/new\/wp-content\/uploads\/2025\/09\/leche-scaled.jpg 667w, https:\/\/www.mundoagropecuario.cl\/new\/wp-content\/uploads\/2025\/09\/leche-222x133.jpg 222w\" sizes=\"auto, (max-width: 667px) 100vw, 667px\" \/><\/a>Asimismo, la entidad confirma su compromiso institucional de trabajar de manera conjunta y estrecha con el Ministerio de Agricultura y con todos sus servicios p\u00fablicos dependientes, teniendo siempre como principal norte el beneficio mutuo y el sostenido desarrollo lechero de todo el pa\u00eds. El gremio conf\u00eda en que el trabajo mancomunado, forjado en una s\u00f3lida alianza p\u00fablico-privada, permitir\u00e1 implementar soluciones concretas que aseguren el futuro y viabilidad de la leche chilena, manteniendo intacto su reconocido prestigio de calidad a nivel internacional.<\/p>\n<p><strong>Las cinco prioridades de la hoja de ruta lechera<\/strong><\/p>\n<p>Para lograr materializar esta visi\u00f3n y avanzar de manera decidida en la construcci\u00f3n de pol\u00edticas p\u00fablicas orientadas a fortalecer la producci\u00f3n interna, impulsar la competitividad en los mercados externos y asegurar la sostenibilidad integral del sector a largo plazo, la federaci\u00f3n ha detallado un petitorio institucional. Entre las prioridades gremiales fundamentales exigidas a la nueva administraci\u00f3n del Estado, destacan cinco puntos cr\u00edticos que delinean las urgencias reales del campo chileno en la actualidad:<\/p>\n<ol>\n<li>Inversiones h\u00eddricas: En primer lugar, los productores de la federaci\u00f3n exigen que el Estado concrete inversiones directas en infraestructura h\u00eddrica y promueva el fortalecimiento de la gesti\u00f3n gubernamental del agua.<\/li>\n<li>Protecci\u00f3n de fronteras: Como segundo eje estrat\u00e9gico de su plan de acci\u00f3n, se demanda con urgencia a las nuevas autoridades el resguardo del patrimonio zoosanitario mediante un Servicio Agr\u00edcola y Ganadero (SAG) que est\u00e9 debidamente fortalecido en recursos para sus labores de fiscalizaci\u00f3n.<\/li>\n<li>Mercados transparentes: En tercer lugar, la federaci\u00f3n ganadera y lechera pone acento en la necesidad de lograr un adecuado y correcto funcionamiento de los mercados agr\u00edcolas a nivel nacional, garantizando mejores din\u00e1micas en el sector.<\/li>\n<li>Fomento asociativo: El cuarto punto de esta hoja de ruta subraya la trascendencia de la promoci\u00f3n de la asociatividad como un verdadero modelo de desarrollo rural y econ\u00f3mico. El trabajo cooperativo y agrupado es visualizado como el m\u00e9todo organizativo por excelencia para lograr potenciar al m\u00e1ximo las capacidades productivas de sus asociados frente a los constantes vaivenes del mercado.<\/li>\n<li>Exportar con calidad: Como quinta y \u00faltima prioridad estrat\u00e9gica de largo aliento, el documento oficial establece la urgencia de fortalecer e impulsar las exportaciones nacionales con productos l\u00e1cteos de alto valor agregado. El futuro econ\u00f3mico del sector exige potenciar la capacidad industrial para exportar bienes manufacturados que generen mayor rentabilidad.<\/li>\n<\/ol>\n<p>&nbsp;<\/p>\n<p>Fuente: https:\/\/www.latribuna.cl\/agroforestal\/<\/p>\n","protected":false},"excerpt":{"rendered":"<p>Fedeleche enfatiza el aporte del sector al empleo regional y al desarrollo del agro, junto con su disposici\u00f3n a colaborar con la nueva administraci\u00f3n.<\/p>\n","protected":false},"author":2,"featured_media":24952,"comment_status":"closed","ping_status":"closed","sticky":false,"template":"","format":"standard","meta":{"footnotes":""},"categories":[1946],"tags":[2090,2058,7377,2830,10049,1992,2052,10030,2141,2051,2035,4149,10048],"class_list":["post-27417","post","type-post","status-publish","format-standard","has-post-thumbnail","hentry","category-lacteos","tag-agricultura","tag-fedeleche","tag-federacion-nacional-de-productores-de-leche","tag-gremio-lechero","tag-hoja-de-ruta-lechera","tag-indap","tag-inia","tag-jose-antonio-kast","tag-lacteos","tag-leche","tag-minagri","tag-mundo-agropecuario","tag-presidente-de-la-republica-de-chile"],"yoast_head":"<!-- This site is optimized with the Yoast SEO plugin v26.6 - https:\/\/yoast.com\/wordpress\/plugins\/seo\/ -->\n<title>Con m\u00e1s de 2.500 predios activos: gremio lechero fija sus cinco urgencias ante el nuevo gobierno - Mundoagropecuario<\/title>\n<meta name=\"description\" content=\"Fedeleche enfatiza el aporte del sector al empleo y al desarrollo del agro, junto con su disposici\u00f3n a colaborar con la nueva administraci\u00f3n.\" \/>\n<meta name=\"robots\" content=\"index, follow, max-snippet:-1, max-image-preview:large, max-video-preview:-1\" \/>\n<link rel=\"canonical\" href=\"https:\/\/www.mundoagropecuario.cl\/new\/con-mas-de-2-500-predios-activos-gremio-lechero-fija-sus-cinco-urgencias-ante-el-nuevo-gobierno\/\" \/>\n<meta property=\"og:locale\" content=\"es_ES\" \/>\n<meta property=\"og:type\" content=\"article\" \/>\n<meta property=\"og:title\" content=\"Con m\u00e1s de 2.500 predios activos: gremio lechero fija sus cinco urgencias ante el nuevo gobierno - Mundoagropecuario\" \/>\n<meta property=\"og:description\" content=\"Fedeleche enfatiza el aporte del sector al empleo y al desarrollo del agro, junto con su disposici\u00f3n a colaborar con la nueva administraci\u00f3n.\" \/>\n<meta property=\"og:url\" content=\"https:\/\/www.mundoagropecuario.cl\/new\/con-mas-de-2-500-predios-activos-gremio-lechero-fija-sus-cinco-urgencias-ante-el-nuevo-gobierno\/\" \/>\n<meta property=\"og:site_name\" content=\"Mundoagropecuario\" \/>\n<meta property=\"article:publisher\" content=\"https:\/\/www.facebook.com\/mundo.agropecuario.3\" \/>\n<meta property=\"article:published_time\" content=\"2026-03-17T15:17:32+00:00\" \/>\n<meta property=\"article:modified_time\" content=\"2026-04-22T22:13:53+00:00\" \/>\n<meta property=\"og:image\" content=\"https:\/\/www.mundoagropecuario.cl\/new\/wp-content\/uploads\/2023\/12\/leche-y-queso-scaled.jpeg\" \/>\n\t<meta property=\"og:image:width\" content=\"716\" \/>\n\t<meta property=\"og:image:height\" content=\"400\" \/>\n\t<meta property=\"og:image:type\" content=\"image\/jpeg\" \/>\n<meta name=\"author\" content=\"mundo\" \/>\n<meta name=\"twitter:card\" content=\"summary_large_image\" \/>\n<meta name=\"twitter:creator\" content=\"@MundoAgropecuar\" \/>\n<meta name=\"twitter:site\" content=\"@MundoAgropecuar\" \/>\n<meta name=\"twitter:label1\" content=\"Escrito por\" \/>\n\t<meta name=\"twitter:data1\" content=\"mundo\" \/>\n\t<meta name=\"twitter:label2\" content=\"Tiempo de lectura\" \/>\n\t<meta name=\"twitter:data2\" content=\"5 minutos\" \/>\n<script type=\"application\/ld+json\" class=\"yoast-schema-graph\">{\"@context\":\"https:\/\/schema.org\",\"@graph\":[{\"@type\":\"Article\",\"@id\":\"https:\/\/www.mundoagropecuario.cl\/new\/con-mas-de-2-500-predios-activos-gremio-lechero-fija-sus-cinco-urgencias-ante-el-nuevo-gobierno\/#article\",\"isPartOf\":{\"@id\":\"https:\/\/www.mundoagropecuario.cl\/new\/con-mas-de-2-500-predios-activos-gremio-lechero-fija-sus-cinco-urgencias-ante-el-nuevo-gobierno\/\"},\"author\":{\"name\":\"mundo\",\"@id\":\"https:\/\/www.mundoagropecuario.cl\/new\/#\/schema\/person\/4e9f74a82a7dac260eb1c44b7eebeb18\"},\"headline\":\"Con m\u00e1s de 2.500 predios activos: gremio lechero fija sus cinco urgencias ante el nuevo gobierno\",\"datePublished\":\"2026-03-17T15:17:32+00:00\",\"dateModified\":\"2026-04-22T22:13:53+00:00\",\"mainEntityOfPage\":{\"@id\":\"https:\/\/www.mundoagropecuario.cl\/new\/con-mas-de-2-500-predios-activos-gremio-lechero-fija-sus-cinco-urgencias-ante-el-nuevo-gobierno\/\"},\"wordCount\":872,\"publisher\":{\"@id\":\"https:\/\/www.mundoagropecuario.cl\/new\/#organization\"},\"image\":{\"@id\":\"https:\/\/www.mundoagropecuario.cl\/new\/con-mas-de-2-500-predios-activos-gremio-lechero-fija-sus-cinco-urgencias-ante-el-nuevo-gobierno\/#primaryimage\"},\"thumbnailUrl\":\"https:\/\/www.mundoagropecuario.cl\/new\/wp-content\/uploads\/2023\/12\/leche-y-queso-scaled.jpeg\",\"keywords\":[\"Agricultura\",\"Fedeleche\",\"Federaci\u00f3n Nacional de Productores de Leche\",\"Gremio lechero\",\"hoja de ruta lechera\",\"Indap\",\"INIA\",\"Jos\u00e9 Antonio Kast\",\"L\u00e1cteos\",\"Leche\",\"Minagri\",\"Mundo Agropecuario\",\"Presidente de la Rep\u00fablica de Chile\"],\"articleSection\":[\"L\u00e1cteos\"],\"inLanguage\":\"es\"},{\"@type\":\"WebPage\",\"@id\":\"https:\/\/www.mundoagropecuario.cl\/new\/con-mas-de-2-500-predios-activos-gremio-lechero-fija-sus-cinco-urgencias-ante-el-nuevo-gobierno\/\",\"url\":\"https:\/\/www.mundoagropecuario.cl\/new\/con-mas-de-2-500-predios-activos-gremio-lechero-fija-sus-cinco-urgencias-ante-el-nuevo-gobierno\/\",\"name\":\"Con m\u00e1s de 2.500 predios activos: gremio lechero fija sus cinco urgencias ante el nuevo gobierno - Mundoagropecuario\",\"isPartOf\":{\"@id\":\"https:\/\/www.mundoagropecuario.cl\/new\/#website\"},\"primaryImageOfPage\":{\"@id\":\"https:\/\/www.mundoagropecuario.cl\/new\/con-mas-de-2-500-predios-activos-gremio-lechero-fija-sus-cinco-urgencias-ante-el-nuevo-gobierno\/#primaryimage\"},\"image\":{\"@id\":\"https:\/\/www.mundoagropecuario.cl\/new\/con-mas-de-2-500-predios-activos-gremio-lechero-fija-sus-cinco-urgencias-ante-el-nuevo-gobierno\/#primaryimage\"},\"thumbnailUrl\":\"https:\/\/www.mundoagropecuario.cl\/new\/wp-content\/uploads\/2023\/12\/leche-y-queso-scaled.jpeg\",\"datePublished\":\"2026-03-17T15:17:32+00:00\",\"dateModified\":\"2026-04-22T22:13:53+00:00\",\"description\":\"Fedeleche enfatiza el aporte del sector al empleo y al desarrollo del agro, junto con su disposici\u00f3n a colaborar con la nueva administraci\u00f3n.\",\"breadcrumb\":{\"@id\":\"https:\/\/www.mundoagropecuario.cl\/new\/con-mas-de-2-500-predios-activos-gremio-lechero-fija-sus-cinco-urgencias-ante-el-nuevo-gobierno\/#breadcrumb\"},\"inLanguage\":\"es\",\"potentialAction\":[{\"@type\":\"ReadAction\",\"target\":[\"https:\/\/www.mundoagropecuario.cl\/new\/con-mas-de-2-500-predios-activos-gremio-lechero-fija-sus-cinco-urgencias-ante-el-nuevo-gobierno\/\"]}]},{\"@type\":\"ImageObject\",\"inLanguage\":\"es\",\"@id\":\"https:\/\/www.mundoagropecuario.cl\/new\/con-mas-de-2-500-predios-activos-gremio-lechero-fija-sus-cinco-urgencias-ante-el-nuevo-gobierno\/#primaryimage\",\"url\":\"https:\/\/www.mundoagropecuario.cl\/new\/wp-content\/uploads\/2023\/12\/leche-y-queso-scaled.jpeg\",\"contentUrl\":\"https:\/\/www.mundoagropecuario.cl\/new\/wp-content\/uploads\/2023\/12\/leche-y-queso-scaled.jpeg\",\"width\":716,\"height\":400},{\"@type\":\"BreadcrumbList\",\"@id\":\"https:\/\/www.mundoagropecuario.cl\/new\/con-mas-de-2-500-predios-activos-gremio-lechero-fija-sus-cinco-urgencias-ante-el-nuevo-gobierno\/#breadcrumb\",\"itemListElement\":[{\"@type\":\"ListItem\",\"position\":1,\"name\":\"Portada\",\"item\":\"https:\/\/www.mundoagropecuario.cl\/new\/\"},{\"@type\":\"ListItem\",\"position\":2,\"name\":\"Con m\u00e1s de 2.500 predios activos: gremio lechero fija sus cinco urgencias ante el nuevo gobierno\"}]},{\"@type\":\"WebSite\",\"@id\":\"https:\/\/www.mundoagropecuario.cl\/new\/#website\",\"url\":\"https:\/\/www.mundoagropecuario.cl\/new\/\",\"name\":\"Mundoagropecuario\",\"description\":\"Mundo Agropecuario\",\"publisher\":{\"@id\":\"https:\/\/www.mundoagropecuario.cl\/new\/#organization\"},\"potentialAction\":[{\"@type\":\"SearchAction\",\"target\":{\"@type\":\"EntryPoint\",\"urlTemplate\":\"https:\/\/www.mundoagropecuario.cl\/new\/?s={search_term_string}\"},\"query-input\":{\"@type\":\"PropertyValueSpecification\",\"valueRequired\":true,\"valueName\":\"search_term_string\"}}],\"inLanguage\":\"es\"},{\"@type\":\"Organization\",\"@id\":\"https:\/\/www.mundoagropecuario.cl\/new\/#organization\",\"name\":\"Revista de Agricultura\",\"url\":\"https:\/\/www.mundoagropecuario.cl\/new\/\",\"logo\":{\"@type\":\"ImageObject\",\"inLanguage\":\"es\",\"@id\":\"https:\/\/www.mundoagropecuario.cl\/new\/#\/schema\/logo\/image\/\",\"url\":\"https:\/\/www.mundoagropecuario.cl\/new\/wp-content\/uploads\/2020\/11\/PORTAL-1-1.png\",\"contentUrl\":\"https:\/\/www.mundoagropecuario.cl\/new\/wp-content\/uploads\/2020\/11\/PORTAL-1-1.png\",\"width\":1026,\"height\":100,\"caption\":\"Revista de Agricultura\"},\"image\":{\"@id\":\"https:\/\/www.mundoagropecuario.cl\/new\/#\/schema\/logo\/image\/\"},\"sameAs\":[\"https:\/\/www.facebook.com\/mundo.agropecuario.3\",\"https:\/\/x.com\/MundoAgropecuar\",\"https:\/\/www.linkedin.com\/in\/mundo-agropecuario-934009201\/\"]},{\"@type\":\"Person\",\"@id\":\"https:\/\/www.mundoagropecuario.cl\/new\/#\/schema\/person\/4e9f74a82a7dac260eb1c44b7eebeb18\",\"name\":\"mundo\",\"url\":\"https:\/\/www.mundoagropecuario.cl\/new\/author\/mundo\/\"}]}<\/script>\n<!-- \/ Yoast SEO plugin. -->","yoast_head_json":{"title":"Con m\u00e1s de 2.500 predios activos: gremio lechero fija sus cinco urgencias ante el nuevo gobierno - Mundoagropecuario","description":"Fedeleche enfatiza el aporte del sector al empleo y al desarrollo del agro, junto con su disposici\u00f3n a colaborar con la nueva administraci\u00f3n.","robots":{"index":"index","follow":"follow","max-snippet":"max-snippet:-1","max-image-preview":"max-image-preview:large","max-video-preview":"max-video-preview:-1"},"canonical":"https:\/\/www.mundoagropecuario.cl\/new\/con-mas-de-2-500-predios-activos-gremio-lechero-fija-sus-cinco-urgencias-ante-el-nuevo-gobierno\/","og_locale":"es_ES","og_type":"article","og_title":"Con m\u00e1s de 2.500 predios activos: gremio lechero fija sus cinco urgencias ante el nuevo gobierno - Mundoagropecuario","og_description":"Fedeleche enfatiza el aporte del sector al empleo y al desarrollo del agro, junto con su disposici\u00f3n a colaborar con la nueva administraci\u00f3n.","og_url":"https:\/\/www.mundoagropecuario.cl\/new\/con-mas-de-2-500-predios-activos-gremio-lechero-fija-sus-cinco-urgencias-ante-el-nuevo-gobierno\/","og_site_name":"Mundoagropecuario","article_publisher":"https:\/\/www.facebook.com\/mundo.agropecuario.3","article_published_time":"2026-03-17T15:17:32+00:00","article_modified_time":"2026-04-22T22:13:53+00:00","og_image":[{"width":716,"height":400,"url":"https:\/\/www.mundoagropecuario.cl\/new\/wp-content\/uploads\/2023\/12\/leche-y-queso-scaled.jpeg","type":"image\/jpeg"}],"author":"mundo","twitter_card":"summary_large_image","twitter_creator":"@MundoAgropecuar","twitter_site":"@MundoAgropecuar","twitter_misc":{"Escrito por":"mundo","Tiempo de lectura":"5 minutos"},"schema":{"@context":"https:\/\/schema.org","@graph":[{"@type":"Article","@id":"https:\/\/www.mundoagropecuario.cl\/new\/con-mas-de-2-500-predios-activos-gremio-lechero-fija-sus-cinco-urgencias-ante-el-nuevo-gobierno\/#article","isPartOf":{"@id":"https:\/\/www.mundoagropecuario.cl\/new\/con-mas-de-2-500-predios-activos-gremio-lechero-fija-sus-cinco-urgencias-ante-el-nuevo-gobierno\/"},"author":{"name":"mundo","@id":"https:\/\/www.mundoagropecuario.cl\/new\/#\/schema\/person\/4e9f74a82a7dac260eb1c44b7eebeb18"},"headline":"Con m\u00e1s de 2.500 predios activos: gremio lechero fija sus cinco urgencias ante el nuevo gobierno","datePublished":"2026-03-17T15:17:32+00:00","dateModified":"2026-04-22T22:13:53+00:00","mainEntityOfPage":{"@id":"https:\/\/www.mundoagropecuario.cl\/new\/con-mas-de-2-500-predios-activos-gremio-lechero-fija-sus-cinco-urgencias-ante-el-nuevo-gobierno\/"},"wordCount":872,"publisher":{"@id":"https:\/\/www.mundoagropecuario.cl\/new\/#organization"},"image":{"@id":"https:\/\/www.mundoagropecuario.cl\/new\/con-mas-de-2-500-predios-activos-gremio-lechero-fija-sus-cinco-urgencias-ante-el-nuevo-gobierno\/#primaryimage"},"thumbnailUrl":"https:\/\/www.mundoagropecuario.cl\/new\/wp-content\/uploads\/2023\/12\/leche-y-queso-scaled.jpeg","keywords":["Agricultura","Fedeleche","Federaci\u00f3n Nacional de Productores de Leche","Gremio lechero","hoja de ruta lechera","Indap","INIA","Jos\u00e9 Antonio Kast","L\u00e1cteos","Leche","Minagri","Mundo Agropecuario","Presidente de la Rep\u00fablica de Chile"],"articleSection":["L\u00e1cteos"],"inLanguage":"es"},{"@type":"WebPage","@id":"https:\/\/www.mundoagropecuario.cl\/new\/con-mas-de-2-500-predios-activos-gremio-lechero-fija-sus-cinco-urgencias-ante-el-nuevo-gobierno\/","url":"https:\/\/www.mundoagropecuario.cl\/new\/con-mas-de-2-500-predios-activos-gremio-lechero-fija-sus-cinco-urgencias-ante-el-nuevo-gobierno\/","name":"Con m\u00e1s de 2.500 predios activos: gremio lechero fija sus cinco urgencias ante el nuevo gobierno - Mundoagropecuario","isPartOf":{"@id":"https:\/\/www.mundoagropecuario.cl\/new\/#website"},"primaryImageOfPage":{"@id":"https:\/\/www.mundoagropecuario.cl\/new\/con-mas-de-2-500-predios-activos-gremio-lechero-fija-sus-cinco-urgencias-ante-el-nuevo-gobierno\/#primaryimage"},"image":{"@id":"https:\/\/www.mundoagropecuario.cl\/new\/con-mas-de-2-500-predios-activos-gremio-lechero-fija-sus-cinco-urgencias-ante-el-nuevo-gobierno\/#primaryimage"},"thumbnailUrl":"https:\/\/www.mundoagropecuario.cl\/new\/wp-content\/uploads\/2023\/12\/leche-y-queso-scaled.jpeg","datePublished":"2026-03-17T15:17:32+00:00","dateModified":"2026-04-22T22:13:53+00:00","description":"Fedeleche enfatiza el aporte del sector al empleo y al desarrollo del agro, junto con su disposici\u00f3n a colaborar con la nueva administraci\u00f3n.","breadcrumb":{"@id":"https:\/\/www.mundoagropecuario.cl\/new\/con-mas-de-2-500-predios-activos-gremio-lechero-fija-sus-cinco-urgencias-ante-el-nuevo-gobierno\/#breadcrumb"},"inLanguage":"es","potentialAction":[{"@type":"ReadAction","target":["https:\/\/www.mundoagropecuario.cl\/new\/con-mas-de-2-500-predios-activos-gremio-lechero-fija-sus-cinco-urgencias-ante-el-nuevo-gobierno\/"]}]},{"@type":"ImageObject","inLanguage":"es","@id":"https:\/\/www.mundoagropecuario.cl\/new\/con-mas-de-2-500-predios-activos-gremio-lechero-fija-sus-cinco-urgencias-ante-el-nuevo-gobierno\/#primaryimage","url":"https:\/\/www.mundoagropecuario.cl\/new\/wp-content\/uploads\/2023\/12\/leche-y-queso-scaled.jpeg","contentUrl":"https:\/\/www.mundoagropecuario.cl\/new\/wp-content\/uploads\/2023\/12\/leche-y-queso-scaled.jpeg","width":716,"height":400},{"@type":"BreadcrumbList","@id":"https:\/\/www.mundoagropecuario.cl\/new\/con-mas-de-2-500-predios-activos-gremio-lechero-fija-sus-cinco-urgencias-ante-el-nuevo-gobierno\/#breadcrumb","itemListElement":[{"@type":"ListItem","position":1,"name":"Portada","item":"https:\/\/www.mundoagropecuario.cl\/new\/"},{"@type":"ListItem","position":2,"name":"Con m\u00e1s de 2.500 predios activos: gremio lechero fija sus cinco urgencias ante el nuevo gobierno"}]},{"@type":"WebSite","@id":"https:\/\/www.mundoagropecuario.cl\/new\/#website","url":"https:\/\/www.mundoagropecuario.cl\/new\/","name":"Mundoagropecuario","description":"Mundo Agropecuario","publisher":{"@id":"https:\/\/www.mundoagropecuario.cl\/new\/#organization"},"potentialAction":[{"@type":"SearchAction","target":{"@type":"EntryPoint","urlTemplate":"https:\/\/www.mundoagropecuario.cl\/new\/?s={search_term_string}"},"query-input":{"@type":"PropertyValueSpecification","valueRequired":true,"valueName":"search_term_string"}}],"inLanguage":"es"},{"@type":"Organization","@id":"https:\/\/www.mundoagropecuario.cl\/new\/#organization","name":"Revista de Agricultura","url":"https:\/\/www.mundoagropecuario.cl\/new\/","logo":{"@type":"ImageObject","inLanguage":"es","@id":"https:\/\/www.mundoagropecuario.cl\/new\/#\/schema\/logo\/image\/","url":"https:\/\/www.mundoagropecuario.cl\/new\/wp-content\/uploads\/2020\/11\/PORTAL-1-1.png","contentUrl":"https:\/\/www.mundoagropecuario.cl\/new\/wp-content\/uploads\/2020\/11\/PORTAL-1-1.png","width":1026,"height":100,"caption":"Revista de Agricultura"},"image":{"@id":"https:\/\/www.mundoagropecuario.cl\/new\/#\/schema\/logo\/image\/"},"sameAs":["https:\/\/www.facebook.com\/mundo.agropecuario.3","https:\/\/x.com\/MundoAgropecuar","https:\/\/www.linkedin.com\/in\/mundo-agropecuario-934009201\/"]},{"@type":"Person","@id":"https:\/\/www.mundoagropecuario.cl\/new\/#\/schema\/person\/4e9f74a82a7dac260eb1c44b7eebeb18","name":"mundo","url":"https:\/\/www.mundoagropecuario.cl\/new\/author\/mundo\/"}]}},"_links":{"self":[{"href":"https:\/\/www.mundoagropecuario.cl\/new\/wp-json\/wp\/v2\/posts\/27417","targetHints":{"allow":["GET"]}}],"collection":[{"href":"https:\/\/www.mundoagropecuario.cl\/new\/wp-json\/wp\/v2\/posts"}],"about":[{"href":"https:\/\/www.mundoagropecuario.cl\/new\/wp-json\/wp\/v2\/types\/post"}],"author":[{"embeddable":true,"href":"https:\/\/www.mundoagropecuario.cl\/new\/wp-json\/wp\/v2\/users\/2"}],"replies":[{"embeddable":true,"href":"https:\/\/www.mundoagropecuario.cl\/new\/wp-json\/wp\/v2\/comments?post=27417"}],"version-history":[{"count":1,"href":"https:\/\/www.mundoagropecuario.cl\/new\/wp-json\/wp\/v2\/posts\/27417\/revisions"}],"predecessor-version":[{"id":27418,"href":"https:\/\/www.mundoagropecuario.cl\/new\/wp-json\/wp\/v2\/posts\/27417\/revisions\/27418"}],"wp:featuredmedia":[{"embeddable":true,"href":"https:\/\/www.mundoagropecuario.cl\/new\/wp-json\/wp\/v2\/media\/24952"}],"wp:attachment":[{"href":"https:\/\/www.mundoagropecuario.cl\/new\/wp-json\/wp\/v2\/media?parent=27417"}],"wp:term":[{"taxonomy":"category","embeddable":true,"href":"https:\/\/www.mundoagropecuario.cl\/new\/wp-json\/wp\/v2\/categories?post=27417"},{"taxonomy":"post_tag","embeddable":true,"href":"https:\/\/www.mundoagropecuario.cl\/new\/wp-json\/wp\/v2\/tags?post=27417"}],"curies":[{"name":"wp","href":"https:\/\/api.w.org\/{rel}","templated":true}]}}