{"id":27413,"date":"2026-03-17T11:56:25","date_gmt":"2026-03-17T14:56:25","guid":{"rendered":"https:\/\/www.mundoagropecuario.cl\/new\/?p=27413"},"modified":"2026-04-22T19:01:57","modified_gmt":"2026-04-22T22:01:57","slug":"programa-tas-capacita-a-agricultores-en-manejo-ecologico-de-plagas","status":"publish","type":"post","link":"https:\/\/www.mundoagropecuario.cl\/new\/programa-tas-capacita-a-agricultores-en-manejo-ecologico-de-plagas\/","title":{"rendered":"Programa TAS capacita a agricultores en manejo ecol\u00f3gico de plagas"},"content":{"rendered":"<p>M\u00e1s de 90 agricultores de las provincias de Marga Marga, Quillota, San Antonio y Valpara\u00edso participaron en las primeras jornadas de la nueva temporada del Programa de Transici\u00f3n a una Agricultura Sustentable (TAS), iniciativa de INIA e INDAP que busca promover un cambio cultural en la forma de enfrentar las plagas y enfermedades agr\u00edcolas.<\/p>\n<p>Con un enfoque puesto en la observaci\u00f3n y el conocimiento por sobre la reacci\u00f3n inmediata, se desarrollaron las primeras capacitaciones en manejo ecol\u00f3gico de plagas y enfermedades del Programa de Transici\u00f3n a una Agricultura Sustentable (TAS), una iniciativa nacional que articula el trabajo t\u00e9cnico del Instituto de Investigaciones Agropecuarias (INIA) con la labor territorial del Instituto de Desarrollo Agropecuario (INDAP).<\/p>\n<p><a href=\"https:\/\/www.mundoagropecuario.cl\/new\/wp-content\/uploads\/2026\/03\/INIA1-scaled.jpg\"><img loading=\"lazy\" decoding=\"async\" class=\"alignleft wp-image-27414 size-large\" src=\"https:\/\/www.mundoagropecuario.cl\/new\/wp-content\/uploads\/2026\/03\/INIA1-576x400.jpg\" alt=\"\" width=\"576\" height=\"400\" srcset=\"https:\/\/www.mundoagropecuario.cl\/new\/wp-content\/uploads\/2026\/03\/INIA1-scaled.jpg 576w, https:\/\/www.mundoagropecuario.cl\/new\/wp-content\/uploads\/2026\/03\/INIA1-192x133.jpg 192w, https:\/\/www.mundoagropecuario.cl\/new\/wp-content\/uploads\/2026\/03\/INIA1-768x533.jpg 768w\" sizes=\"auto, (max-width: 576px) 100vw, 576px\" \/><\/a>Las jornadas estuvieron a cargo de los investigadores de INIA La Cruz, Andrea Torres (ingeniero agr\u00f3nomo y extensionista) y Ernesto Cisternas (ingeniero agr\u00f3nomo entom\u00f3logo), quienes compartieron su experiencia en el estudio de insectos y enfermedades con foco en la agricultura familiar campesina y superficies productivas de escala predial.<\/p>\n<p>Las actividades se realizaron en las comunas de Nogales, Limache, Casablanca y San Antonio, congregando a m\u00e1s de 90 agricultores y extensionistas de las provincias de Marga Marga, Quillota, San Antonio y Valpara\u00edso.<\/p>\n<p>Uno de los ejes centrales de la capacitaci\u00f3n fue la necesidad de redefinir el concepto de plaga. Cisternas explic\u00f3 que la sola presencia de un insecto no implica necesariamente un problema productivo, ya que en los sistemas agr\u00edcolas conviven m\u00faltiples especies, muchas de las cuales cumplen funciones ecol\u00f3gicas claves.<\/p>\n<p>\u201cQuien tiene ojos de entom\u00f3logo encuentra insectos en todas partes. Pero no todo insecto es una plaga, ni toda lesi\u00f3n se traduce en da\u00f1o o p\u00e9rdida\u201d, enfatiz\u00f3 el especialista, quien tambi\u00e9n diferenci\u00f3 entre lesi\u00f3n (afectaci\u00f3n visible), da\u00f1o (disminuci\u00f3n en producci\u00f3n o calidad) y p\u00e9rdida (impacto econ\u00f3mico concreto). Por su parte, Torres abord\u00f3 los factores que predisponen a la manifestaci\u00f3n de enfermedades en las plantas, destacando la importancia de la prevenci\u00f3n y el monitoreo como herramientas clave para un manejo sustentable.<\/p>\n<p>Otro aspecto relevante fue la diferencia entre el manejo tradicional y el sustentable. Mientras el enfoque tradicional se basa en aplicaciones calendarizadas, el manejo sustentable propone decisiones basadas en el monitoreo efectivo, la correcta identificaci\u00f3n de especies y la evaluaci\u00f3n de niveles de da\u00f1o econ\u00f3mico.<\/p>\n<p>\u201cAplicar por calendario puede dar tranquilidad moment\u00e1nea, pero no optimiza la oportunidad de control\u201d, se\u00f1al\u00f3 Cisternas. Torres complement\u00f3 que, en el caso de las enfermedades, es fundamental conocer los factores predisponentes para un manejo preventivo.<\/p>\n<p>Ambos especialistas coincidieron en que el cambio hacia insumos biol\u00f3gicos no debe replicar las mismas pr\u00e1cticas del modelo qu\u00edmico tradicional. \u201cNo podemos pasar de aplicar qu\u00edmicos sin restricci\u00f3n a aplicar biol\u00f3gicos sin restricci\u00f3n. El criterio debe ser el mismo: aplicar cuando corresponde\u201d, advirti\u00f3 Torres.<\/p>\n<p>La capacitaci\u00f3n puso especial \u00e9nfasis en la identificaci\u00f3n correcta de plagas y enfermedades como punto de partida. \u201cLo primero es saber qui\u00e9n es. Si no conozco al enemigo, no s\u00e9 c\u00f3mo enfrentarlo\u201d, afirm\u00f3 Cisternas.<\/p>\n<p>Durante las jornadas se revisaron las principales plagas y enfermedades que afectan cultivos como tomate, piment\u00f3n, lechuga, cruc\u00edferas, flores y frutales (palto, c\u00edtricos, durazno, manzano y nogales). En el caso del tomate, se destac\u00f3 la polilla del tomate (Tuta absoluta) como una plaga clave que puede provocar p\u00e9rdidas totales si no se maneja oportunamente. Tambi\u00e9n se abordaron otras plagas como mosca minadora, trips, moscas blancas y pulgones, muchos de ellos transmisores de virus.<\/p>\n<p>Torres present\u00f3 las principales enfermedades en frutales y ense\u00f1\u00f3 a los asistentes la preparaci\u00f3n de una pasta de poda artesanal para la protecci\u00f3n de cortes, elaborada con insumos accesibles para los propios productores.<\/p>\n<p>Uno de los aspectos m\u00e1s valorados fue el car\u00e1cter pr\u00e1ctico de las jornadas. Tras las exposiciones te\u00f3ricas, los agricultores junto a los especialistas tomaron muestras en los cultivos de los predios anfitriones e identificaron plagas, enfermedades y enemigos naturales, en una din\u00e1mica de intercambio de experiencias y soluciones.<\/p>\n<p>Las capacitaciones contaron con el acompa\u00f1amiento de los asesores del Programa TAS Pablo Espinoza (provincias de Marga Marga y Quillota) y Mat\u00edas Navarro (San Antonio y Valpara\u00edso), quienes cumplen un rol clave en la articulaci\u00f3n territorial y el seguimiento a los agricultores participantes.<\/p>\n<p>Para los coordinadores del programa, J\u00e9ssica Gonz\u00e1lez (INDAP) y Aart Osman (INIA), el inicio de este segundo ciclo de capacitaciones representa un hito en la consolidaci\u00f3n del TAS. \u201cEn esta nueva etapa profundizamos los contenidos y promovemos una mayor apropiaci\u00f3n de los conocimientos por parte de los agricultores, incentivando la observaci\u00f3n, el an\u00e1lisis cr\u00edtico y la toma de decisiones informadas\u201d, se\u00f1alaron.<\/p>\n<p>El manejo ecol\u00f3gico de plagas y enfermedades se presenta como una herramienta estrat\u00e9gica para enfrentar los desaf\u00edos actuales de la agricultura, en un contexto marcado por el cambio clim\u00e1tico, la escasez h\u00eddrica y la necesidad de producir alimentos de manera m\u00e1s sustentable.<\/p>\n","protected":false},"excerpt":{"rendered":"<p>M\u00e1s de 90 agricultores de Valpara\u00edso iniciaron la nueva temporada del programa TAS, impulsado por INIA e INDAP, con capacitaciones en manejo ecol\u00f3gico de plagas que promueven una agricultura m\u00e1s sustentable basada en la observaci\u00f3n y el conocimiento t\u00e9cnico.<\/p>\n","protected":false},"author":2,"featured_media":27415,"comment_status":"closed","ping_status":"closed","sticky":false,"template":"","format":"standard","meta":{"footnotes":""},"categories":[1945],"tags":[4124,2090,2052,3871,1993,2035,2635,10046,2205,2036,10047],"class_list":["post-27413","post","type-post","status-publish","format-standard","has-post-thumbnail","hentry","category-agricultura","tag-agricola","tag-agricultura","tag-inia","tag-inia-la-cruz","tag-inia-remehue","tag-minagri","tag-plagas","tag-programa-tas-capacita-a-agricultores","tag-quillota","tag-sag","tag-san-antonio-y-valparaiso"],"yoast_head":"<!-- This site is optimized with the Yoast SEO plugin v26.6 - https:\/\/yoast.com\/wordpress\/plugins\/seo\/ -->\n<title>Programa TAS capacita a agricultores en manejo ecol\u00f3gico de plagas - Mundoagropecuario<\/title>\n<meta name=\"description\" content=\"M\u00e1s de 90 agricultores iniciaron la nueva temporada del programa TAS, impulsado por INIA e INDAP, con capacitaciones en manejo ecol\u00f3gico.\" \/>\n<meta name=\"robots\" content=\"index, follow, max-snippet:-1, max-image-preview:large, max-video-preview:-1\" \/>\n<link rel=\"canonical\" href=\"https:\/\/www.mundoagropecuario.cl\/new\/programa-tas-capacita-a-agricultores-en-manejo-ecologico-de-plagas\/\" \/>\n<meta property=\"og:locale\" content=\"es_ES\" \/>\n<meta property=\"og:type\" content=\"article\" \/>\n<meta property=\"og:title\" content=\"Programa TAS capacita a agricultores en manejo ecol\u00f3gico de plagas - Mundoagropecuario\" \/>\n<meta property=\"og:description\" content=\"M\u00e1s de 90 agricultores iniciaron la nueva temporada del programa TAS, impulsado por INIA e INDAP, con capacitaciones en manejo ecol\u00f3gico.\" \/>\n<meta property=\"og:url\" content=\"https:\/\/www.mundoagropecuario.cl\/new\/programa-tas-capacita-a-agricultores-en-manejo-ecologico-de-plagas\/\" \/>\n<meta property=\"og:site_name\" content=\"Mundoagropecuario\" \/>\n<meta property=\"article:publisher\" content=\"https:\/\/www.facebook.com\/mundo.agropecuario.3\" \/>\n<meta property=\"article:published_time\" content=\"2026-03-17T14:56:25+00:00\" \/>\n<meta property=\"article:modified_time\" content=\"2026-04-22T22:01:57+00:00\" \/>\n<meta property=\"og:image\" content=\"https:\/\/www.mundoagropecuario.cl\/new\/wp-content\/uploads\/2026\/03\/INia-Capacitacion-scaled.jpeg\" \/>\n\t<meta property=\"og:image:width\" content=\"649\" \/>\n\t<meta property=\"og:image:height\" content=\"400\" \/>\n\t<meta property=\"og:image:type\" content=\"image\/jpeg\" \/>\n<meta name=\"author\" content=\"mundo\" \/>\n<meta name=\"twitter:card\" content=\"summary_large_image\" \/>\n<meta name=\"twitter:creator\" content=\"@MundoAgropecuar\" \/>\n<meta name=\"twitter:site\" content=\"@MundoAgropecuar\" \/>\n<meta name=\"twitter:label1\" content=\"Escrito por\" \/>\n\t<meta name=\"twitter:data1\" content=\"mundo\" \/>\n\t<meta name=\"twitter:label2\" content=\"Tiempo de lectura\" \/>\n\t<meta name=\"twitter:data2\" content=\"4 minutos\" \/>\n<script type=\"application\/ld+json\" class=\"yoast-schema-graph\">{\"@context\":\"https:\/\/schema.org\",\"@graph\":[{\"@type\":\"Article\",\"@id\":\"https:\/\/www.mundoagropecuario.cl\/new\/programa-tas-capacita-a-agricultores-en-manejo-ecologico-de-plagas\/#article\",\"isPartOf\":{\"@id\":\"https:\/\/www.mundoagropecuario.cl\/new\/programa-tas-capacita-a-agricultores-en-manejo-ecologico-de-plagas\/\"},\"author\":{\"name\":\"mundo\",\"@id\":\"https:\/\/www.mundoagropecuario.cl\/new\/#\/schema\/person\/4e9f74a82a7dac260eb1c44b7eebeb18\"},\"headline\":\"Programa TAS capacita a agricultores en manejo ecol\u00f3gico de plagas\",\"datePublished\":\"2026-03-17T14:56:25+00:00\",\"dateModified\":\"2026-04-22T22:01:57+00:00\",\"mainEntityOfPage\":{\"@id\":\"https:\/\/www.mundoagropecuario.cl\/new\/programa-tas-capacita-a-agricultores-en-manejo-ecologico-de-plagas\/\"},\"wordCount\":870,\"publisher\":{\"@id\":\"https:\/\/www.mundoagropecuario.cl\/new\/#organization\"},\"image\":{\"@id\":\"https:\/\/www.mundoagropecuario.cl\/new\/programa-tas-capacita-a-agricultores-en-manejo-ecologico-de-plagas\/#primaryimage\"},\"thumbnailUrl\":\"https:\/\/www.mundoagropecuario.cl\/new\/wp-content\/uploads\/2026\/03\/INia-Capacitacion-scaled.jpeg\",\"keywords\":[\"agricola\",\"Agricultura\",\"INIA\",\"INIA La Cruz\",\"INIA Remehue\",\"Minagri\",\"plagas\",\"Programa TAS capacita a agricultores\",\"Quillota\",\"SAG\",\"San Antonio y Valpara\u00edso\"],\"articleSection\":[\"Agricultura\"],\"inLanguage\":\"es\"},{\"@type\":\"WebPage\",\"@id\":\"https:\/\/www.mundoagropecuario.cl\/new\/programa-tas-capacita-a-agricultores-en-manejo-ecologico-de-plagas\/\",\"url\":\"https:\/\/www.mundoagropecuario.cl\/new\/programa-tas-capacita-a-agricultores-en-manejo-ecologico-de-plagas\/\",\"name\":\"Programa TAS capacita a agricultores en manejo ecol\u00f3gico de plagas - Mundoagropecuario\",\"isPartOf\":{\"@id\":\"https:\/\/www.mundoagropecuario.cl\/new\/#website\"},\"primaryImageOfPage\":{\"@id\":\"https:\/\/www.mundoagropecuario.cl\/new\/programa-tas-capacita-a-agricultores-en-manejo-ecologico-de-plagas\/#primaryimage\"},\"image\":{\"@id\":\"https:\/\/www.mundoagropecuario.cl\/new\/programa-tas-capacita-a-agricultores-en-manejo-ecologico-de-plagas\/#primaryimage\"},\"thumbnailUrl\":\"https:\/\/www.mundoagropecuario.cl\/new\/wp-content\/uploads\/2026\/03\/INia-Capacitacion-scaled.jpeg\",\"datePublished\":\"2026-03-17T14:56:25+00:00\",\"dateModified\":\"2026-04-22T22:01:57+00:00\",\"description\":\"M\u00e1s de 90 agricultores iniciaron la nueva temporada del programa TAS, impulsado por INIA e INDAP, con capacitaciones en manejo ecol\u00f3gico.\",\"breadcrumb\":{\"@id\":\"https:\/\/www.mundoagropecuario.cl\/new\/programa-tas-capacita-a-agricultores-en-manejo-ecologico-de-plagas\/#breadcrumb\"},\"inLanguage\":\"es\",\"potentialAction\":[{\"@type\":\"ReadAction\",\"target\":[\"https:\/\/www.mundoagropecuario.cl\/new\/programa-tas-capacita-a-agricultores-en-manejo-ecologico-de-plagas\/\"]}]},{\"@type\":\"ImageObject\",\"inLanguage\":\"es\",\"@id\":\"https:\/\/www.mundoagropecuario.cl\/new\/programa-tas-capacita-a-agricultores-en-manejo-ecologico-de-plagas\/#primaryimage\",\"url\":\"https:\/\/www.mundoagropecuario.cl\/new\/wp-content\/uploads\/2026\/03\/INia-Capacitacion-scaled.jpeg\",\"contentUrl\":\"https:\/\/www.mundoagropecuario.cl\/new\/wp-content\/uploads\/2026\/03\/INia-Capacitacion-scaled.jpeg\",\"width\":649,\"height\":400},{\"@type\":\"BreadcrumbList\",\"@id\":\"https:\/\/www.mundoagropecuario.cl\/new\/programa-tas-capacita-a-agricultores-en-manejo-ecologico-de-plagas\/#breadcrumb\",\"itemListElement\":[{\"@type\":\"ListItem\",\"position\":1,\"name\":\"Portada\",\"item\":\"https:\/\/www.mundoagropecuario.cl\/new\/\"},{\"@type\":\"ListItem\",\"position\":2,\"name\":\"Programa TAS capacita a agricultores en manejo ecol\u00f3gico de plagas\"}]},{\"@type\":\"WebSite\",\"@id\":\"https:\/\/www.mundoagropecuario.cl\/new\/#website\",\"url\":\"https:\/\/www.mundoagropecuario.cl\/new\/\",\"name\":\"Mundoagropecuario\",\"description\":\"Mundo Agropecuario\",\"publisher\":{\"@id\":\"https:\/\/www.mundoagropecuario.cl\/new\/#organization\"},\"potentialAction\":[{\"@type\":\"SearchAction\",\"target\":{\"@type\":\"EntryPoint\",\"urlTemplate\":\"https:\/\/www.mundoagropecuario.cl\/new\/?s={search_term_string}\"},\"query-input\":{\"@type\":\"PropertyValueSpecification\",\"valueRequired\":true,\"valueName\":\"search_term_string\"}}],\"inLanguage\":\"es\"},{\"@type\":\"Organization\",\"@id\":\"https:\/\/www.mundoagropecuario.cl\/new\/#organization\",\"name\":\"Revista de Agricultura\",\"url\":\"https:\/\/www.mundoagropecuario.cl\/new\/\",\"logo\":{\"@type\":\"ImageObject\",\"inLanguage\":\"es\",\"@id\":\"https:\/\/www.mundoagropecuario.cl\/new\/#\/schema\/logo\/image\/\",\"url\":\"https:\/\/www.mundoagropecuario.cl\/new\/wp-content\/uploads\/2020\/11\/PORTAL-1-1.png\",\"contentUrl\":\"https:\/\/www.mundoagropecuario.cl\/new\/wp-content\/uploads\/2020\/11\/PORTAL-1-1.png\",\"width\":1026,\"height\":100,\"caption\":\"Revista de Agricultura\"},\"image\":{\"@id\":\"https:\/\/www.mundoagropecuario.cl\/new\/#\/schema\/logo\/image\/\"},\"sameAs\":[\"https:\/\/www.facebook.com\/mundo.agropecuario.3\",\"https:\/\/x.com\/MundoAgropecuar\",\"https:\/\/www.linkedin.com\/in\/mundo-agropecuario-934009201\/\"]},{\"@type\":\"Person\",\"@id\":\"https:\/\/www.mundoagropecuario.cl\/new\/#\/schema\/person\/4e9f74a82a7dac260eb1c44b7eebeb18\",\"name\":\"mundo\",\"url\":\"https:\/\/www.mundoagropecuario.cl\/new\/author\/mundo\/\"}]}<\/script>\n<!-- \/ Yoast SEO plugin. -->","yoast_head_json":{"title":"Programa TAS capacita a agricultores en manejo ecol\u00f3gico de plagas - Mundoagropecuario","description":"M\u00e1s de 90 agricultores iniciaron la nueva temporada del programa TAS, impulsado por INIA e INDAP, con capacitaciones en manejo ecol\u00f3gico.","robots":{"index":"index","follow":"follow","max-snippet":"max-snippet:-1","max-image-preview":"max-image-preview:large","max-video-preview":"max-video-preview:-1"},"canonical":"https:\/\/www.mundoagropecuario.cl\/new\/programa-tas-capacita-a-agricultores-en-manejo-ecologico-de-plagas\/","og_locale":"es_ES","og_type":"article","og_title":"Programa TAS capacita a agricultores en manejo ecol\u00f3gico de plagas - Mundoagropecuario","og_description":"M\u00e1s de 90 agricultores iniciaron la nueva temporada del programa TAS, impulsado por INIA e INDAP, con capacitaciones en manejo ecol\u00f3gico.","og_url":"https:\/\/www.mundoagropecuario.cl\/new\/programa-tas-capacita-a-agricultores-en-manejo-ecologico-de-plagas\/","og_site_name":"Mundoagropecuario","article_publisher":"https:\/\/www.facebook.com\/mundo.agropecuario.3","article_published_time":"2026-03-17T14:56:25+00:00","article_modified_time":"2026-04-22T22:01:57+00:00","og_image":[{"width":649,"height":400,"url":"https:\/\/www.mundoagropecuario.cl\/new\/wp-content\/uploads\/2026\/03\/INia-Capacitacion-scaled.jpeg","type":"image\/jpeg"}],"author":"mundo","twitter_card":"summary_large_image","twitter_creator":"@MundoAgropecuar","twitter_site":"@MundoAgropecuar","twitter_misc":{"Escrito por":"mundo","Tiempo de lectura":"4 minutos"},"schema":{"@context":"https:\/\/schema.org","@graph":[{"@type":"Article","@id":"https:\/\/www.mundoagropecuario.cl\/new\/programa-tas-capacita-a-agricultores-en-manejo-ecologico-de-plagas\/#article","isPartOf":{"@id":"https:\/\/www.mundoagropecuario.cl\/new\/programa-tas-capacita-a-agricultores-en-manejo-ecologico-de-plagas\/"},"author":{"name":"mundo","@id":"https:\/\/www.mundoagropecuario.cl\/new\/#\/schema\/person\/4e9f74a82a7dac260eb1c44b7eebeb18"},"headline":"Programa TAS capacita a agricultores en manejo ecol\u00f3gico de plagas","datePublished":"2026-03-17T14:56:25+00:00","dateModified":"2026-04-22T22:01:57+00:00","mainEntityOfPage":{"@id":"https:\/\/www.mundoagropecuario.cl\/new\/programa-tas-capacita-a-agricultores-en-manejo-ecologico-de-plagas\/"},"wordCount":870,"publisher":{"@id":"https:\/\/www.mundoagropecuario.cl\/new\/#organization"},"image":{"@id":"https:\/\/www.mundoagropecuario.cl\/new\/programa-tas-capacita-a-agricultores-en-manejo-ecologico-de-plagas\/#primaryimage"},"thumbnailUrl":"https:\/\/www.mundoagropecuario.cl\/new\/wp-content\/uploads\/2026\/03\/INia-Capacitacion-scaled.jpeg","keywords":["agricola","Agricultura","INIA","INIA La Cruz","INIA Remehue","Minagri","plagas","Programa TAS capacita a agricultores","Quillota","SAG","San Antonio y Valpara\u00edso"],"articleSection":["Agricultura"],"inLanguage":"es"},{"@type":"WebPage","@id":"https:\/\/www.mundoagropecuario.cl\/new\/programa-tas-capacita-a-agricultores-en-manejo-ecologico-de-plagas\/","url":"https:\/\/www.mundoagropecuario.cl\/new\/programa-tas-capacita-a-agricultores-en-manejo-ecologico-de-plagas\/","name":"Programa TAS capacita a agricultores en manejo ecol\u00f3gico de plagas - Mundoagropecuario","isPartOf":{"@id":"https:\/\/www.mundoagropecuario.cl\/new\/#website"},"primaryImageOfPage":{"@id":"https:\/\/www.mundoagropecuario.cl\/new\/programa-tas-capacita-a-agricultores-en-manejo-ecologico-de-plagas\/#primaryimage"},"image":{"@id":"https:\/\/www.mundoagropecuario.cl\/new\/programa-tas-capacita-a-agricultores-en-manejo-ecologico-de-plagas\/#primaryimage"},"thumbnailUrl":"https:\/\/www.mundoagropecuario.cl\/new\/wp-content\/uploads\/2026\/03\/INia-Capacitacion-scaled.jpeg","datePublished":"2026-03-17T14:56:25+00:00","dateModified":"2026-04-22T22:01:57+00:00","description":"M\u00e1s de 90 agricultores iniciaron la nueva temporada del programa TAS, impulsado por INIA e INDAP, con capacitaciones en manejo ecol\u00f3gico.","breadcrumb":{"@id":"https:\/\/www.mundoagropecuario.cl\/new\/programa-tas-capacita-a-agricultores-en-manejo-ecologico-de-plagas\/#breadcrumb"},"inLanguage":"es","potentialAction":[{"@type":"ReadAction","target":["https:\/\/www.mundoagropecuario.cl\/new\/programa-tas-capacita-a-agricultores-en-manejo-ecologico-de-plagas\/"]}]},{"@type":"ImageObject","inLanguage":"es","@id":"https:\/\/www.mundoagropecuario.cl\/new\/programa-tas-capacita-a-agricultores-en-manejo-ecologico-de-plagas\/#primaryimage","url":"https:\/\/www.mundoagropecuario.cl\/new\/wp-content\/uploads\/2026\/03\/INia-Capacitacion-scaled.jpeg","contentUrl":"https:\/\/www.mundoagropecuario.cl\/new\/wp-content\/uploads\/2026\/03\/INia-Capacitacion-scaled.jpeg","width":649,"height":400},{"@type":"BreadcrumbList","@id":"https:\/\/www.mundoagropecuario.cl\/new\/programa-tas-capacita-a-agricultores-en-manejo-ecologico-de-plagas\/#breadcrumb","itemListElement":[{"@type":"ListItem","position":1,"name":"Portada","item":"https:\/\/www.mundoagropecuario.cl\/new\/"},{"@type":"ListItem","position":2,"name":"Programa TAS capacita a agricultores en manejo ecol\u00f3gico de plagas"}]},{"@type":"WebSite","@id":"https:\/\/www.mundoagropecuario.cl\/new\/#website","url":"https:\/\/www.mundoagropecuario.cl\/new\/","name":"Mundoagropecuario","description":"Mundo Agropecuario","publisher":{"@id":"https:\/\/www.mundoagropecuario.cl\/new\/#organization"},"potentialAction":[{"@type":"SearchAction","target":{"@type":"EntryPoint","urlTemplate":"https:\/\/www.mundoagropecuario.cl\/new\/?s={search_term_string}"},"query-input":{"@type":"PropertyValueSpecification","valueRequired":true,"valueName":"search_term_string"}}],"inLanguage":"es"},{"@type":"Organization","@id":"https:\/\/www.mundoagropecuario.cl\/new\/#organization","name":"Revista de Agricultura","url":"https:\/\/www.mundoagropecuario.cl\/new\/","logo":{"@type":"ImageObject","inLanguage":"es","@id":"https:\/\/www.mundoagropecuario.cl\/new\/#\/schema\/logo\/image\/","url":"https:\/\/www.mundoagropecuario.cl\/new\/wp-content\/uploads\/2020\/11\/PORTAL-1-1.png","contentUrl":"https:\/\/www.mundoagropecuario.cl\/new\/wp-content\/uploads\/2020\/11\/PORTAL-1-1.png","width":1026,"height":100,"caption":"Revista de Agricultura"},"image":{"@id":"https:\/\/www.mundoagropecuario.cl\/new\/#\/schema\/logo\/image\/"},"sameAs":["https:\/\/www.facebook.com\/mundo.agropecuario.3","https:\/\/x.com\/MundoAgropecuar","https:\/\/www.linkedin.com\/in\/mundo-agropecuario-934009201\/"]},{"@type":"Person","@id":"https:\/\/www.mundoagropecuario.cl\/new\/#\/schema\/person\/4e9f74a82a7dac260eb1c44b7eebeb18","name":"mundo","url":"https:\/\/www.mundoagropecuario.cl\/new\/author\/mundo\/"}]}},"_links":{"self":[{"href":"https:\/\/www.mundoagropecuario.cl\/new\/wp-json\/wp\/v2\/posts\/27413","targetHints":{"allow":["GET"]}}],"collection":[{"href":"https:\/\/www.mundoagropecuario.cl\/new\/wp-json\/wp\/v2\/posts"}],"about":[{"href":"https:\/\/www.mundoagropecuario.cl\/new\/wp-json\/wp\/v2\/types\/post"}],"author":[{"embeddable":true,"href":"https:\/\/www.mundoagropecuario.cl\/new\/wp-json\/wp\/v2\/users\/2"}],"replies":[{"embeddable":true,"href":"https:\/\/www.mundoagropecuario.cl\/new\/wp-json\/wp\/v2\/comments?post=27413"}],"version-history":[{"count":1,"href":"https:\/\/www.mundoagropecuario.cl\/new\/wp-json\/wp\/v2\/posts\/27413\/revisions"}],"predecessor-version":[{"id":27416,"href":"https:\/\/www.mundoagropecuario.cl\/new\/wp-json\/wp\/v2\/posts\/27413\/revisions\/27416"}],"wp:featuredmedia":[{"embeddable":true,"href":"https:\/\/www.mundoagropecuario.cl\/new\/wp-json\/wp\/v2\/media\/27415"}],"wp:attachment":[{"href":"https:\/\/www.mundoagropecuario.cl\/new\/wp-json\/wp\/v2\/media?parent=27413"}],"wp:term":[{"taxonomy":"category","embeddable":true,"href":"https:\/\/www.mundoagropecuario.cl\/new\/wp-json\/wp\/v2\/categories?post=27413"},{"taxonomy":"post_tag","embeddable":true,"href":"https:\/\/www.mundoagropecuario.cl\/new\/wp-json\/wp\/v2\/tags?post=27413"}],"curies":[{"name":"wp","href":"https:\/\/api.w.org\/{rel}","templated":true}]}}