{"id":27386,"date":"2026-01-30T16:38:23","date_gmt":"2026-01-30T19:38:23","guid":{"rendered":"https:\/\/www.mundoagropecuario.cl\/new\/?p=27386"},"modified":"2026-04-06T12:29:31","modified_gmt":"2026-04-06T15:29:31","slug":"en-el-agro-ven-con-buenos-ojos-al-nuevo-ministro-jaime-campos","status":"publish","type":"post","link":"https:\/\/www.mundoagropecuario.cl\/new\/en-el-agro-ven-con-buenos-ojos-al-nuevo-ministro-jaime-campos\/","title":{"rendered":"En el agro ven con buenos ojos al nuevo ministro Jaime Campos"},"content":{"rendered":"<p>Jaime Campos Quiroga fue designado el pasado martes por el Presidente electo, Jos\u00e9 Antonio Kast, como la m\u00e1xima autoridad de Agricultura. Entre representantes de todos los sectores, su llegada es valorada, tanto por su experiencia pol\u00edtica como por su conocimiento del rubro.<\/p>\n<p>Con optimismo ven en el agro la reciente designaci\u00f3n de Jaime Campos Quiroga como ministro de Agricultura.<\/p>\n<p>El abogado ya ejerci\u00f3 el cargo bajo el gobierno del expresidente Ricardo Lagos y luego fue ministro de Justicia, en el primer gobierno de la Presidenta Bachelet.<\/p>\n<p><a href=\"https:\/\/www.mundoagropecuario.cl\/new\/wp-content\/uploads\/2026\/01\/Ministro-Campos-scaled.jpg\"><img loading=\"lazy\" decoding=\"async\" class=\"alignleft wp-image-27387 \" src=\"https:\/\/www.mundoagropecuario.cl\/new\/wp-content\/uploads\/2026\/01\/Ministro-Campos-712x400.jpg\" alt=\"\" width=\"575\" height=\"360\" \/><\/a>Durante las entrevistas realizadas por Revista del Campo se percibi\u00f3 un apoyo transversal, tanto de gremios del sector como de otros vinculados a la producci\u00f3n alimentaria, como el Consejo del Salm\u00f3n, y de las organizaciones campesinas.<\/p>\n<p>Representantes de distintos sectores concuerdan en que es una persona que en su paso por el Minagri realiz\u00f3 un buen trabajo y tuvo cercan\u00eda con los gremios, que tiene disposici\u00f3n a escuchar y buscar soluciones para las necesidades del rubro.<\/p>\n<p>Aun as\u00ed, son enf\u00e1ticos en decir que ser\u00e1 clave c\u00f3mo constituya los equipos que lo apoyen, ya que hay mucho que trabajar para que el sector y el pa\u00eds puedan seguir creciendo. Mencionan como algunos puntos clave la modernizaci\u00f3n del ministerio que incluya una mejora de servicios como el SAG, Indap, CNR y Odepa, adem\u00e1s de trabajar para avanzar en acuerdos comerciales como el que se negocia con India y pa\u00edses del Sudeste Asi\u00e1tico.<\/p>\n<p>Tambi\u00e9n progresar en protecci\u00f3n del patrimonio fito y zoosanitario y enfrentar los desaf\u00edos h\u00eddricos, de riego y acceso al recurso, que vive el pa\u00eds.<\/p>\n<p>Uno de los aspectos que se le reconocen es que tiene un muy buen manejo pol\u00edtico, lo que \u2014se\u00f1ala Antonio Walker, presidente de la SNA\u2014 podr\u00eda ayudarlo a avanzar con proyectos complejos en el Congreso. Tambi\u00e9n se le valora su capacidad para enfrentar situaciones dif\u00edciles, aun cuando no sean de la l\u00ednea o del agrado de su conglomerado pol\u00edtico (Partido Radical).<\/p>\n<p>El expresidente de Fedefruta y de la SNA, Luis Schmidt describe a Campos como un hombre carism\u00e1tico, con liderazgo, que entiende muy bien lo que significa la alianza p\u00fablico-privada. &#8216;Tiene experiencia en el aparato p\u00fablico, algo fundamental considerando que el Ministerio de Agricultura suele ser el &#8216;pariente pobre&#8217; entre los ministerios. Se requiere una persona que conozca el sector, que tenga experiencia en el quehacer agr\u00edcola y que haya sido ministro antes&#8217;.<\/p>\n<p><strong>Antonio Walker<\/strong><\/p>\n<p>El presidente de la SNA comenta que ve a Campos como una persona cercana, abierta y con capacidad de di\u00e1logo. &#8216;Me gusta que se apoye en los gremios y que venga del mundo de la ex-Concertaci\u00f3n, donde la pol\u00edtica de los grandes acuerdos era central. Con su experiencia pol\u00edtica sabe c\u00f3mo relacionarse con el Congreso y con las distintas organizaciones, lo que es clave. La habilidad pol\u00edtica es una gran virtud, y \u00e9l la tiene\u2026 Tengo mucha esperanza en este proceso y hago un llamado a los agricultores a que lo apoyemos por el desarrollo de la agricultura. D\u00e9mosle la oportunidad. Creo sinceramente que lo va a hacer bien&#8217;.<\/p>\n<p><strong>Orlando Contreras<\/strong><\/p>\n<p>El presidente del Movimiento Unitario de Campesinos y Etnias de Chile (Mucech), afirma que la designaci\u00f3n fue una muy buena decisi\u00f3n. &#8216;\u00c9l ya fue ministro y trabajamos con \u00e9l. Conoce el sector, y eso es muy importante, porque no parte de cero. Es un ministro que entiende la realidad agr\u00edcola y que, al menos con nosotros, con la agricultura familiar campesina, siempre fue receptivo. Adem\u00e1s, fue un promotor del di\u00e1logo p\u00fablico-privado&#8217;.<\/p>\n<p><strong>Carlos Furche<\/strong><\/p>\n<p>El exministro de Agricultura y actual director del INIA lider\u00f3 Odepa cuando Campos fue ministro. &#8216;Su experiencia pol\u00edtica y capacidad de di\u00e1logo son muy relevantes. Ya mostr\u00f3 que tiene muy claros los desaf\u00edos del sector, cuando lo entrevistaron tras la nominaci\u00f3n. Tiene la sabidur\u00eda y la experiencia necesarias. Adem\u00e1s, lo refleja lo que dijo: &#8216;El Presidente me ha convocado a un gobierno de unidad. Uno no puede restarse&#8221;.<\/p>\n<p><strong>Rafael Lecaros<\/strong><\/p>\n<p>El presidente de ChileMeat cree que el nuevo ministro es una persona con capacidad para construir equipos y con habilidades para relacionarse con otros ministerios. &#8216;Estaremos siempre disponibles para apoyarlo y, al mismo tiempo, para que \u00e9l nos ayude a potenciar la ganader\u00eda, un sector del cual dependen alrededor de 600 mil chilenos. Un impulso al sector ganadero ser\u00eda muy bienvenido&#8217;.<\/p>\n<p><strong>Loreto Seguel<\/strong><\/p>\n<p>Para la presidenta ejecutiva del Consejo del Salm\u00f3n la experiencia anterior de Campos es muy positiva. &#8216;Adem\u00e1s, conoce bien al sector agr\u00edcola. Para nosotros, que estamos reci\u00e9n comenzando en esta alianza agro-salm\u00f3n, creemos que su liderazgo puede ser muy beneficioso para la integraci\u00f3n de los distintos sectores productivos, pues entiende que son \u00e1reas que pueden y deben trabajar de manera conjunta&#8217;.<\/p>\n<p><strong>Cristi\u00e1n Mu\u00f1oz<\/strong><\/p>\n<p>Para el presidente de Pensar Agro este nombramiento &#8216;constituye una se\u00f1al clara de que se est\u00e1 poniendo al frente del ministerio a alguien que cuenta con las competencias en el \u00e1mbito agr\u00edcola, pero tambi\u00e9n con las capacidades pol\u00edticas necesarias para impulsar cambios profundos. Y cuando hablamos de cambios profundos, creemos firmemente que el Ministerio de Agricultura debe ser modernizado&#8217;.<\/p>\n<p><strong>Iv\u00e1n Marambio<\/strong><\/p>\n<p>El presidente de Frutas de Chile ve la designaci\u00f3n como positiva por la experiencia, conocimiento y claridad que tiene Campos sobre las prioridades del sector. &#8216;Manifestamos nuestra disposici\u00f3n a trabajar de manera colaborativa con las pr\u00f3ximas autoridades y con el ministro, con el objetivo com\u00fan de fortalecer el desarrollo y la competitividad de la fruticultura&#8217;.<\/p>\n<p><strong>V\u00edctor Cat\u00e1n<\/strong><\/p>\n<p>El presidente de Fedefruta dice que se trata de un ministro al que conocen desde la organizaci\u00f3n gremial y que reconoce la labor de esta. &#8216;Al mismo tiempo, entendemos que este es un gobierno de emergencia, un gobierno que no lo tiene f\u00e1cil y que va a requerir esfuerzos adicionales. Desde el sector frut\u00edcola, esos esfuerzos los hemos venido realizando desde hace bastante tiempo&#8217;.<\/p>\n<p><strong>M\u00f3nica Oettinger<\/strong><\/p>\n<p>La presidenta de Saval destaca la experiencia de Campos y que est\u00e1n expectantes de la gesti\u00f3n, especialmente &#8216;en lo que se refiere a que la seguridad alimentaria del pa\u00eds sea abordada como una prioridad estrat\u00e9gica&#8230; Confiamos en que se dar\u00e1 un di\u00e1logo t\u00e9cnico y permanente con los gremios, incorporando la visi\u00f3n de quienes est\u00e1n directamente vinculados a la producci\u00f3n de alimentos&#8217;<\/p>\n<p><strong>Marcos Winkler<\/strong><\/p>\n<p>El presidente de Fedeleche resalta el conocimiento directo del funcionamiento del aparato p\u00fablico que Campos adquiri\u00f3 como ministro, para enfrentar las oportunidades y desaf\u00edos del sector. &#8216;El presente y futuro de la producci\u00f3n l\u00e1ctea depende de decisiones claras y oportunas. Reafirmamos nuestra disposici\u00f3n a continuar trabajando de manera conjunta con el ministerio&#8217;.<\/p>\n<p>Fuente: El Mercurio &#8211; revista del campo<\/p>\n","protected":false},"excerpt":{"rendered":"<p>Con experiencia en gobiernos anteriores y amplio conocimiento del agro, Jaime Campos Quiroga asume como ministro de Agricultura, recibiendo apoyo transversal de gremios, organizaciones campesinas y la industria alimentaria<\/p>\n","protected":false},"author":2,"featured_media":12113,"comment_status":"closed","ping_status":"closed","sticky":false,"template":"","format":"standard","meta":{"footnotes":""},"categories":[1945],"tags":[2090,3127,2057,876,2124,1992,2052,1993,10029,10031,10030,2051,2035,10028,2036],"class_list":["post-27386","post","type-post","status-publish","format-standard","has-post-thumbnail","hentry","category-agricultura","tag-agricultura","tag-agro","tag-aproleche","tag-conaf","tag-fia","tag-indap","tag-inia","tag-inia-remehue","tag-jaime-campos-quiroga","tag-jaime-campos-quiroga-como-ministro-de-agricultura","tag-jose-antonio-kast","tag-leche","tag-minagri","tag-nuevo-ministro","tag-sag"],"yoast_head":"<!-- This site is optimized with the Yoast SEO plugin v26.6 - https:\/\/yoast.com\/wordpress\/plugins\/seo\/ -->\n<title>En el agro ven con buenos ojos al nuevo ministro Jaime Campos - Mundoagropecuario<\/title>\n<meta name=\"description\" content=\"Con experiencia en gobiernos anteriores y amplio conocimiento del agro, Jaime Campos Quiroga asume como ministro de Agricultura.\" \/>\n<meta name=\"robots\" content=\"index, follow, max-snippet:-1, max-image-preview:large, max-video-preview:-1\" \/>\n<link rel=\"canonical\" href=\"https:\/\/www.mundoagropecuario.cl\/new\/en-el-agro-ven-con-buenos-ojos-al-nuevo-ministro-jaime-campos\/\" \/>\n<meta property=\"og:locale\" content=\"es_ES\" \/>\n<meta property=\"og:type\" content=\"article\" \/>\n<meta property=\"og:title\" content=\"En el agro ven con buenos ojos al nuevo ministro Jaime Campos - Mundoagropecuario\" \/>\n<meta property=\"og:description\" content=\"Con experiencia en gobiernos anteriores y amplio conocimiento del agro, Jaime Campos Quiroga asume como ministro de Agricultura.\" \/>\n<meta property=\"og:url\" content=\"https:\/\/www.mundoagropecuario.cl\/new\/en-el-agro-ven-con-buenos-ojos-al-nuevo-ministro-jaime-campos\/\" \/>\n<meta property=\"og:site_name\" content=\"Mundoagropecuario\" \/>\n<meta property=\"article:publisher\" content=\"https:\/\/www.facebook.com\/mundo.agropecuario.3\" \/>\n<meta property=\"article:published_time\" content=\"2026-01-30T19:38:23+00:00\" \/>\n<meta property=\"article:modified_time\" content=\"2026-04-06T15:29:31+00:00\" \/>\n<meta property=\"og:image\" content=\"https:\/\/www.mundoagropecuario.cl\/new\/wp-content\/uploads\/2019\/05\/praderas-biocontroladores.jpg\" \/>\n\t<meta property=\"og:image:width\" content=\"533\" \/>\n\t<meta property=\"og:image:height\" content=\"400\" \/>\n\t<meta property=\"og:image:type\" content=\"image\/jpeg\" \/>\n<meta name=\"author\" content=\"mundo\" \/>\n<meta name=\"twitter:card\" content=\"summary_large_image\" \/>\n<meta name=\"twitter:creator\" content=\"@MundoAgropecuar\" \/>\n<meta name=\"twitter:site\" content=\"@MundoAgropecuar\" \/>\n<meta name=\"twitter:label1\" content=\"Escrito por\" \/>\n\t<meta name=\"twitter:data1\" content=\"mundo\" \/>\n\t<meta name=\"twitter:label2\" content=\"Tiempo de lectura\" \/>\n\t<meta name=\"twitter:data2\" content=\"6 minutos\" \/>\n<script type=\"application\/ld+json\" class=\"yoast-schema-graph\">{\"@context\":\"https:\/\/schema.org\",\"@graph\":[{\"@type\":\"Article\",\"@id\":\"https:\/\/www.mundoagropecuario.cl\/new\/en-el-agro-ven-con-buenos-ojos-al-nuevo-ministro-jaime-campos\/#article\",\"isPartOf\":{\"@id\":\"https:\/\/www.mundoagropecuario.cl\/new\/en-el-agro-ven-con-buenos-ojos-al-nuevo-ministro-jaime-campos\/\"},\"author\":{\"name\":\"mundo\",\"@id\":\"https:\/\/www.mundoagropecuario.cl\/new\/#\/schema\/person\/4e9f74a82a7dac260eb1c44b7eebeb18\"},\"headline\":\"En el agro ven con buenos ojos al nuevo ministro Jaime Campos\",\"datePublished\":\"2026-01-30T19:38:23+00:00\",\"dateModified\":\"2026-04-06T15:29:31+00:00\",\"mainEntityOfPage\":{\"@id\":\"https:\/\/www.mundoagropecuario.cl\/new\/en-el-agro-ven-con-buenos-ojos-al-nuevo-ministro-jaime-campos\/\"},\"wordCount\":1181,\"publisher\":{\"@id\":\"https:\/\/www.mundoagropecuario.cl\/new\/#organization\"},\"image\":{\"@id\":\"https:\/\/www.mundoagropecuario.cl\/new\/en-el-agro-ven-con-buenos-ojos-al-nuevo-ministro-jaime-campos\/#primaryimage\"},\"thumbnailUrl\":\"https:\/\/www.mundoagropecuario.cl\/new\/wp-content\/uploads\/2019\/05\/praderas-biocontroladores.jpg\",\"keywords\":[\"Agricultura\",\"Agro\",\"Aproleche\",\"Conaf\",\"FIA\",\"Indap\",\"INIA\",\"INIA Remehue\",\"Jaime Campos Quiroga\",\"Jaime Campos Quiroga como ministro de Agricultura.\",\"Jos\u00e9 Antonio Kast\",\"Leche\",\"Minagri\",\"nuevo ministro\",\"SAG\"],\"articleSection\":[\"Agricultura\"],\"inLanguage\":\"es\"},{\"@type\":\"WebPage\",\"@id\":\"https:\/\/www.mundoagropecuario.cl\/new\/en-el-agro-ven-con-buenos-ojos-al-nuevo-ministro-jaime-campos\/\",\"url\":\"https:\/\/www.mundoagropecuario.cl\/new\/en-el-agro-ven-con-buenos-ojos-al-nuevo-ministro-jaime-campos\/\",\"name\":\"En el agro ven con buenos ojos al nuevo ministro Jaime Campos - Mundoagropecuario\",\"isPartOf\":{\"@id\":\"https:\/\/www.mundoagropecuario.cl\/new\/#website\"},\"primaryImageOfPage\":{\"@id\":\"https:\/\/www.mundoagropecuario.cl\/new\/en-el-agro-ven-con-buenos-ojos-al-nuevo-ministro-jaime-campos\/#primaryimage\"},\"image\":{\"@id\":\"https:\/\/www.mundoagropecuario.cl\/new\/en-el-agro-ven-con-buenos-ojos-al-nuevo-ministro-jaime-campos\/#primaryimage\"},\"thumbnailUrl\":\"https:\/\/www.mundoagropecuario.cl\/new\/wp-content\/uploads\/2019\/05\/praderas-biocontroladores.jpg\",\"datePublished\":\"2026-01-30T19:38:23+00:00\",\"dateModified\":\"2026-04-06T15:29:31+00:00\",\"description\":\"Con experiencia en gobiernos anteriores y amplio conocimiento del agro, Jaime Campos Quiroga asume como ministro de Agricultura.\",\"breadcrumb\":{\"@id\":\"https:\/\/www.mundoagropecuario.cl\/new\/en-el-agro-ven-con-buenos-ojos-al-nuevo-ministro-jaime-campos\/#breadcrumb\"},\"inLanguage\":\"es\",\"potentialAction\":[{\"@type\":\"ReadAction\",\"target\":[\"https:\/\/www.mundoagropecuario.cl\/new\/en-el-agro-ven-con-buenos-ojos-al-nuevo-ministro-jaime-campos\/\"]}]},{\"@type\":\"ImageObject\",\"inLanguage\":\"es\",\"@id\":\"https:\/\/www.mundoagropecuario.cl\/new\/en-el-agro-ven-con-buenos-ojos-al-nuevo-ministro-jaime-campos\/#primaryimage\",\"url\":\"https:\/\/www.mundoagropecuario.cl\/new\/wp-content\/uploads\/2019\/05\/praderas-biocontroladores.jpg\",\"contentUrl\":\"https:\/\/www.mundoagropecuario.cl\/new\/wp-content\/uploads\/2019\/05\/praderas-biocontroladores.jpg\",\"width\":533,\"height\":400},{\"@type\":\"BreadcrumbList\",\"@id\":\"https:\/\/www.mundoagropecuario.cl\/new\/en-el-agro-ven-con-buenos-ojos-al-nuevo-ministro-jaime-campos\/#breadcrumb\",\"itemListElement\":[{\"@type\":\"ListItem\",\"position\":1,\"name\":\"Portada\",\"item\":\"https:\/\/www.mundoagropecuario.cl\/new\/\"},{\"@type\":\"ListItem\",\"position\":2,\"name\":\"En el agro ven con buenos ojos al nuevo ministro Jaime Campos\"}]},{\"@type\":\"WebSite\",\"@id\":\"https:\/\/www.mundoagropecuario.cl\/new\/#website\",\"url\":\"https:\/\/www.mundoagropecuario.cl\/new\/\",\"name\":\"Mundoagropecuario\",\"description\":\"Mundo Agropecuario\",\"publisher\":{\"@id\":\"https:\/\/www.mundoagropecuario.cl\/new\/#organization\"},\"potentialAction\":[{\"@type\":\"SearchAction\",\"target\":{\"@type\":\"EntryPoint\",\"urlTemplate\":\"https:\/\/www.mundoagropecuario.cl\/new\/?s={search_term_string}\"},\"query-input\":{\"@type\":\"PropertyValueSpecification\",\"valueRequired\":true,\"valueName\":\"search_term_string\"}}],\"inLanguage\":\"es\"},{\"@type\":\"Organization\",\"@id\":\"https:\/\/www.mundoagropecuario.cl\/new\/#organization\",\"name\":\"Revista de Agricultura\",\"url\":\"https:\/\/www.mundoagropecuario.cl\/new\/\",\"logo\":{\"@type\":\"ImageObject\",\"inLanguage\":\"es\",\"@id\":\"https:\/\/www.mundoagropecuario.cl\/new\/#\/schema\/logo\/image\/\",\"url\":\"https:\/\/www.mundoagropecuario.cl\/new\/wp-content\/uploads\/2020\/11\/PORTAL-1-1.png\",\"contentUrl\":\"https:\/\/www.mundoagropecuario.cl\/new\/wp-content\/uploads\/2020\/11\/PORTAL-1-1.png\",\"width\":1026,\"height\":100,\"caption\":\"Revista de Agricultura\"},\"image\":{\"@id\":\"https:\/\/www.mundoagropecuario.cl\/new\/#\/schema\/logo\/image\/\"},\"sameAs\":[\"https:\/\/www.facebook.com\/mundo.agropecuario.3\",\"https:\/\/x.com\/MundoAgropecuar\",\"https:\/\/www.linkedin.com\/in\/mundo-agropecuario-934009201\/\"]},{\"@type\":\"Person\",\"@id\":\"https:\/\/www.mundoagropecuario.cl\/new\/#\/schema\/person\/4e9f74a82a7dac260eb1c44b7eebeb18\",\"name\":\"mundo\",\"url\":\"https:\/\/www.mundoagropecuario.cl\/new\/author\/mundo\/\"}]}<\/script>\n<!-- \/ Yoast SEO plugin. -->","yoast_head_json":{"title":"En el agro ven con buenos ojos al nuevo ministro Jaime Campos - Mundoagropecuario","description":"Con experiencia en gobiernos anteriores y amplio conocimiento del agro, Jaime Campos Quiroga asume como ministro de Agricultura.","robots":{"index":"index","follow":"follow","max-snippet":"max-snippet:-1","max-image-preview":"max-image-preview:large","max-video-preview":"max-video-preview:-1"},"canonical":"https:\/\/www.mundoagropecuario.cl\/new\/en-el-agro-ven-con-buenos-ojos-al-nuevo-ministro-jaime-campos\/","og_locale":"es_ES","og_type":"article","og_title":"En el agro ven con buenos ojos al nuevo ministro Jaime Campos - Mundoagropecuario","og_description":"Con experiencia en gobiernos anteriores y amplio conocimiento del agro, Jaime Campos Quiroga asume como ministro de Agricultura.","og_url":"https:\/\/www.mundoagropecuario.cl\/new\/en-el-agro-ven-con-buenos-ojos-al-nuevo-ministro-jaime-campos\/","og_site_name":"Mundoagropecuario","article_publisher":"https:\/\/www.facebook.com\/mundo.agropecuario.3","article_published_time":"2026-01-30T19:38:23+00:00","article_modified_time":"2026-04-06T15:29:31+00:00","og_image":[{"width":533,"height":400,"url":"https:\/\/www.mundoagropecuario.cl\/new\/wp-content\/uploads\/2019\/05\/praderas-biocontroladores.jpg","type":"image\/jpeg"}],"author":"mundo","twitter_card":"summary_large_image","twitter_creator":"@MundoAgropecuar","twitter_site":"@MundoAgropecuar","twitter_misc":{"Escrito por":"mundo","Tiempo de lectura":"6 minutos"},"schema":{"@context":"https:\/\/schema.org","@graph":[{"@type":"Article","@id":"https:\/\/www.mundoagropecuario.cl\/new\/en-el-agro-ven-con-buenos-ojos-al-nuevo-ministro-jaime-campos\/#article","isPartOf":{"@id":"https:\/\/www.mundoagropecuario.cl\/new\/en-el-agro-ven-con-buenos-ojos-al-nuevo-ministro-jaime-campos\/"},"author":{"name":"mundo","@id":"https:\/\/www.mundoagropecuario.cl\/new\/#\/schema\/person\/4e9f74a82a7dac260eb1c44b7eebeb18"},"headline":"En el agro ven con buenos ojos al nuevo ministro Jaime Campos","datePublished":"2026-01-30T19:38:23+00:00","dateModified":"2026-04-06T15:29:31+00:00","mainEntityOfPage":{"@id":"https:\/\/www.mundoagropecuario.cl\/new\/en-el-agro-ven-con-buenos-ojos-al-nuevo-ministro-jaime-campos\/"},"wordCount":1181,"publisher":{"@id":"https:\/\/www.mundoagropecuario.cl\/new\/#organization"},"image":{"@id":"https:\/\/www.mundoagropecuario.cl\/new\/en-el-agro-ven-con-buenos-ojos-al-nuevo-ministro-jaime-campos\/#primaryimage"},"thumbnailUrl":"https:\/\/www.mundoagropecuario.cl\/new\/wp-content\/uploads\/2019\/05\/praderas-biocontroladores.jpg","keywords":["Agricultura","Agro","Aproleche","Conaf","FIA","Indap","INIA","INIA Remehue","Jaime Campos Quiroga","Jaime Campos Quiroga como ministro de Agricultura.","Jos\u00e9 Antonio Kast","Leche","Minagri","nuevo ministro","SAG"],"articleSection":["Agricultura"],"inLanguage":"es"},{"@type":"WebPage","@id":"https:\/\/www.mundoagropecuario.cl\/new\/en-el-agro-ven-con-buenos-ojos-al-nuevo-ministro-jaime-campos\/","url":"https:\/\/www.mundoagropecuario.cl\/new\/en-el-agro-ven-con-buenos-ojos-al-nuevo-ministro-jaime-campos\/","name":"En el agro ven con buenos ojos al nuevo ministro Jaime Campos - Mundoagropecuario","isPartOf":{"@id":"https:\/\/www.mundoagropecuario.cl\/new\/#website"},"primaryImageOfPage":{"@id":"https:\/\/www.mundoagropecuario.cl\/new\/en-el-agro-ven-con-buenos-ojos-al-nuevo-ministro-jaime-campos\/#primaryimage"},"image":{"@id":"https:\/\/www.mundoagropecuario.cl\/new\/en-el-agro-ven-con-buenos-ojos-al-nuevo-ministro-jaime-campos\/#primaryimage"},"thumbnailUrl":"https:\/\/www.mundoagropecuario.cl\/new\/wp-content\/uploads\/2019\/05\/praderas-biocontroladores.jpg","datePublished":"2026-01-30T19:38:23+00:00","dateModified":"2026-04-06T15:29:31+00:00","description":"Con experiencia en gobiernos anteriores y amplio conocimiento del agro, Jaime Campos Quiroga asume como ministro de Agricultura.","breadcrumb":{"@id":"https:\/\/www.mundoagropecuario.cl\/new\/en-el-agro-ven-con-buenos-ojos-al-nuevo-ministro-jaime-campos\/#breadcrumb"},"inLanguage":"es","potentialAction":[{"@type":"ReadAction","target":["https:\/\/www.mundoagropecuario.cl\/new\/en-el-agro-ven-con-buenos-ojos-al-nuevo-ministro-jaime-campos\/"]}]},{"@type":"ImageObject","inLanguage":"es","@id":"https:\/\/www.mundoagropecuario.cl\/new\/en-el-agro-ven-con-buenos-ojos-al-nuevo-ministro-jaime-campos\/#primaryimage","url":"https:\/\/www.mundoagropecuario.cl\/new\/wp-content\/uploads\/2019\/05\/praderas-biocontroladores.jpg","contentUrl":"https:\/\/www.mundoagropecuario.cl\/new\/wp-content\/uploads\/2019\/05\/praderas-biocontroladores.jpg","width":533,"height":400},{"@type":"BreadcrumbList","@id":"https:\/\/www.mundoagropecuario.cl\/new\/en-el-agro-ven-con-buenos-ojos-al-nuevo-ministro-jaime-campos\/#breadcrumb","itemListElement":[{"@type":"ListItem","position":1,"name":"Portada","item":"https:\/\/www.mundoagropecuario.cl\/new\/"},{"@type":"ListItem","position":2,"name":"En el agro ven con buenos ojos al nuevo ministro Jaime Campos"}]},{"@type":"WebSite","@id":"https:\/\/www.mundoagropecuario.cl\/new\/#website","url":"https:\/\/www.mundoagropecuario.cl\/new\/","name":"Mundoagropecuario","description":"Mundo Agropecuario","publisher":{"@id":"https:\/\/www.mundoagropecuario.cl\/new\/#organization"},"potentialAction":[{"@type":"SearchAction","target":{"@type":"EntryPoint","urlTemplate":"https:\/\/www.mundoagropecuario.cl\/new\/?s={search_term_string}"},"query-input":{"@type":"PropertyValueSpecification","valueRequired":true,"valueName":"search_term_string"}}],"inLanguage":"es"},{"@type":"Organization","@id":"https:\/\/www.mundoagropecuario.cl\/new\/#organization","name":"Revista de Agricultura","url":"https:\/\/www.mundoagropecuario.cl\/new\/","logo":{"@type":"ImageObject","inLanguage":"es","@id":"https:\/\/www.mundoagropecuario.cl\/new\/#\/schema\/logo\/image\/","url":"https:\/\/www.mundoagropecuario.cl\/new\/wp-content\/uploads\/2020\/11\/PORTAL-1-1.png","contentUrl":"https:\/\/www.mundoagropecuario.cl\/new\/wp-content\/uploads\/2020\/11\/PORTAL-1-1.png","width":1026,"height":100,"caption":"Revista de Agricultura"},"image":{"@id":"https:\/\/www.mundoagropecuario.cl\/new\/#\/schema\/logo\/image\/"},"sameAs":["https:\/\/www.facebook.com\/mundo.agropecuario.3","https:\/\/x.com\/MundoAgropecuar","https:\/\/www.linkedin.com\/in\/mundo-agropecuario-934009201\/"]},{"@type":"Person","@id":"https:\/\/www.mundoagropecuario.cl\/new\/#\/schema\/person\/4e9f74a82a7dac260eb1c44b7eebeb18","name":"mundo","url":"https:\/\/www.mundoagropecuario.cl\/new\/author\/mundo\/"}]}},"_links":{"self":[{"href":"https:\/\/www.mundoagropecuario.cl\/new\/wp-json\/wp\/v2\/posts\/27386","targetHints":{"allow":["GET"]}}],"collection":[{"href":"https:\/\/www.mundoagropecuario.cl\/new\/wp-json\/wp\/v2\/posts"}],"about":[{"href":"https:\/\/www.mundoagropecuario.cl\/new\/wp-json\/wp\/v2\/types\/post"}],"author":[{"embeddable":true,"href":"https:\/\/www.mundoagropecuario.cl\/new\/wp-json\/wp\/v2\/users\/2"}],"replies":[{"embeddable":true,"href":"https:\/\/www.mundoagropecuario.cl\/new\/wp-json\/wp\/v2\/comments?post=27386"}],"version-history":[{"count":3,"href":"https:\/\/www.mundoagropecuario.cl\/new\/wp-json\/wp\/v2\/posts\/27386\/revisions"}],"predecessor-version":[{"id":27427,"href":"https:\/\/www.mundoagropecuario.cl\/new\/wp-json\/wp\/v2\/posts\/27386\/revisions\/27427"}],"wp:featuredmedia":[{"embeddable":true,"href":"https:\/\/www.mundoagropecuario.cl\/new\/wp-json\/wp\/v2\/media\/12113"}],"wp:attachment":[{"href":"https:\/\/www.mundoagropecuario.cl\/new\/wp-json\/wp\/v2\/media?parent=27386"}],"wp:term":[{"taxonomy":"category","embeddable":true,"href":"https:\/\/www.mundoagropecuario.cl\/new\/wp-json\/wp\/v2\/categories?post=27386"},{"taxonomy":"post_tag","embeddable":true,"href":"https:\/\/www.mundoagropecuario.cl\/new\/wp-json\/wp\/v2\/tags?post=27386"}],"curies":[{"name":"wp","href":"https:\/\/api.w.org\/{rel}","templated":true}]}}