{"id":27375,"date":"2026-01-26T16:27:04","date_gmt":"2026-01-26T19:27:04","guid":{"rendered":"https:\/\/www.mundoagropecuario.cl\/new\/?p=27375"},"modified":"2026-03-05T14:08:29","modified_gmt":"2026-03-05T17:08:29","slug":"aproleche-osorno-apoya-campana-por-incendios-forestales","status":"publish","type":"post","link":"https:\/\/www.mundoagropecuario.cl\/new\/aproleche-osorno-apoya-campana-por-incendios-forestales\/","title":{"rendered":"Aproleche Osorno apoya campa\u00f1a por incendios forestales"},"content":{"rendered":"<p>La Asociaci\u00f3n Gremial de Productores de Leche de Osorno (Aproleche), se encuentra coordinando y canalizando donaciones en apoyo a las personas y comunidades afectadas por los incendios forestales, en las regiones del Maule y Biob\u00edo, en el marco de una campa\u00f1a solidaria desarrollada durante los \u00faltimos d\u00edas.<\/p>\n<p>Los recursos reunidos, gracias al compromiso de productores, socios y colaboradores del sector lechero, han permitido avanzar en la entrega de ayuda concreta para enfrentar esta emergencia. Los aportes recaudados han sido destinados principalmente a la adquisici\u00f3n de forraje y alimento concentrado para animales afectados, adem\u00e1s de agua y colaciones no perecibles para bomberos que trabajan en el combate de estos incendios.<\/p>\n<p><a href=\"https:\/\/www.mundoagropecuario.cl\/new\/wp-content\/uploads\/2026\/01\/Aproleche2-scaled.jpeg\"><img loading=\"lazy\" decoding=\"async\" class=\"alignleft wp-image-27377 \" src=\"https:\/\/www.mundoagropecuario.cl\/new\/wp-content\/uploads\/2026\/01\/Aproleche2-563x400.jpeg\" alt=\"\" width=\"474\" height=\"361\" \/><\/a>La ayuda ha sido recopilada en las oficinas de la Asociaci\u00f3n Gremial, lo que ha permitido centralizar los aportes y coordinar su posterior traslado hacia las zonas afectadas. Asimismo, Aproleche Osorno ha apoyado la log\u00edstica necesaria para facilitar la entrega de la ayuda, concretando el env\u00edo de tres camiones con cerca de 100 fardos y m\u00e1s de 1.500 litros de agua.<\/p>\n<p>Desde la Asociaci\u00f3n Gremial destacaron la r\u00e1pida respuesta y el esp\u00edritu solidario del sector lechero frente a esta emergencia, relevando la importancia del trabajo colaborativo para apoyar tanto a las familias damnificadas, como a los equipos de emergencia desplegados en terreno.<\/p>\n<p>En esa l\u00ednea, la gerente de Aproleche Osorno, Anita Jans, se\u00f1al\u00f3 que \u201ccomo gremio hemos visto una respuesta muy solidaria de nuestros productores, lo que nos ha permitido concretar esta ayuda en un momento muy complejo para muchas familias. Esta campa\u00f1a refleja el compromiso del sector lechero con las comunidades y con quienes hoy est\u00e1n enfrentando esta emergencia\u201d.<\/p>\n<p>Finalmente, Jans reiter\u00f3 que \u201cla campa\u00f1a solidaria contin\u00faa activa, con el objetivo de seguir entregando apoyo durante los pr\u00f3ximos d\u00edas, en la medida que la emergencia as\u00ed lo requiera\u201d.<\/p>\n","protected":false},"excerpt":{"rendered":"<p>Aproleche Osorno est\u00e1 coordinando una campa\u00f1a solidaria para llevar ayuda a las comunidades afectadas por los incendios en Maule y Biob\u00edo, gestionando donaciones y enviando forraje, alimentos y agua para apoyar a productores, familias y equipos de emergencia.<\/p>\n","protected":false},"author":2,"featured_media":27376,"comment_status":"closed","ping_status":"closed","sticky":false,"template":"","format":"standard","meta":{"footnotes":""},"categories":[1987],"tags":[2090,3127,7578,2057,2126,876,2663,2141,10026,2035,2036],"class_list":["post-27375","post","type-post","status-publish","format-standard","has-post-thumbnail","hentry","category-instituciones","tag-agricultura","tag-agro","tag-anita-jans","tag-aproleche","tag-aproleche-osorno","tag-conaf","tag-incendios-forestales","tag-lacteos","tag-maule-y-biobio","tag-minagri","tag-sag"],"yoast_head":"<!-- This site is optimized with the Yoast SEO plugin v26.6 - https:\/\/yoast.com\/wordpress\/plugins\/seo\/ -->\n<title>Aproleche Osorno apoya campa\u00f1a por incendios forestales - Mundoagropecuario<\/title>\n<meta name=\"description\" content=\"Aproleche Osorno est\u00e1 coordinando una campa\u00f1a solidaria para llevar ayuda a las comunidades afectadas por los incendios en Maule y Biob\u00edo.\" \/>\n<meta name=\"robots\" content=\"index, follow, max-snippet:-1, max-image-preview:large, max-video-preview:-1\" \/>\n<link rel=\"canonical\" href=\"https:\/\/www.mundoagropecuario.cl\/new\/aproleche-osorno-apoya-campana-por-incendios-forestales\/\" \/>\n<meta property=\"og:locale\" content=\"es_ES\" \/>\n<meta property=\"og:type\" content=\"article\" \/>\n<meta property=\"og:title\" content=\"Aproleche Osorno apoya campa\u00f1a por incendios forestales - Mundoagropecuario\" \/>\n<meta property=\"og:description\" content=\"Aproleche Osorno est\u00e1 coordinando una campa\u00f1a solidaria para llevar ayuda a las comunidades afectadas por los incendios en Maule y Biob\u00edo.\" \/>\n<meta property=\"og:url\" content=\"https:\/\/www.mundoagropecuario.cl\/new\/aproleche-osorno-apoya-campana-por-incendios-forestales\/\" \/>\n<meta property=\"og:site_name\" content=\"Mundoagropecuario\" \/>\n<meta property=\"article:publisher\" content=\"https:\/\/www.facebook.com\/mundo.agropecuario.3\" \/>\n<meta property=\"article:published_time\" content=\"2026-01-26T19:27:04+00:00\" \/>\n<meta property=\"article:modified_time\" content=\"2026-03-05T17:08:29+00:00\" \/>\n<meta property=\"og:image\" content=\"https:\/\/www.mundoagropecuario.cl\/new\/wp-content\/uploads\/2026\/01\/Aproleche-scaled.jpeg\" \/>\n\t<meta property=\"og:image:width\" content=\"611\" \/>\n\t<meta property=\"og:image:height\" content=\"400\" \/>\n\t<meta property=\"og:image:type\" content=\"image\/jpeg\" \/>\n<meta name=\"author\" content=\"mundo\" \/>\n<meta name=\"twitter:card\" content=\"summary_large_image\" \/>\n<meta name=\"twitter:creator\" content=\"@MundoAgropecuar\" \/>\n<meta name=\"twitter:site\" content=\"@MundoAgropecuar\" \/>\n<meta name=\"twitter:label1\" content=\"Escrito por\" \/>\n\t<meta name=\"twitter:data1\" content=\"mundo\" \/>\n\t<meta name=\"twitter:label2\" content=\"Tiempo de lectura\" \/>\n\t<meta name=\"twitter:data2\" content=\"2 minutos\" \/>\n<script type=\"application\/ld+json\" class=\"yoast-schema-graph\">{\"@context\":\"https:\/\/schema.org\",\"@graph\":[{\"@type\":\"Article\",\"@id\":\"https:\/\/www.mundoagropecuario.cl\/new\/aproleche-osorno-apoya-campana-por-incendios-forestales\/#article\",\"isPartOf\":{\"@id\":\"https:\/\/www.mundoagropecuario.cl\/new\/aproleche-osorno-apoya-campana-por-incendios-forestales\/\"},\"author\":{\"name\":\"mundo\",\"@id\":\"https:\/\/www.mundoagropecuario.cl\/new\/#\/schema\/person\/4e9f74a82a7dac260eb1c44b7eebeb18\"},\"headline\":\"Aproleche Osorno apoya campa\u00f1a por incendios forestales\",\"datePublished\":\"2026-01-26T19:27:04+00:00\",\"dateModified\":\"2026-03-05T17:08:29+00:00\",\"mainEntityOfPage\":{\"@id\":\"https:\/\/www.mundoagropecuario.cl\/new\/aproleche-osorno-apoya-campana-por-incendios-forestales\/\"},\"wordCount\":325,\"publisher\":{\"@id\":\"https:\/\/www.mundoagropecuario.cl\/new\/#organization\"},\"image\":{\"@id\":\"https:\/\/www.mundoagropecuario.cl\/new\/aproleche-osorno-apoya-campana-por-incendios-forestales\/#primaryimage\"},\"thumbnailUrl\":\"https:\/\/www.mundoagropecuario.cl\/new\/wp-content\/uploads\/2026\/01\/Aproleche-scaled.jpeg\",\"keywords\":[\"Agricultura\",\"Agro\",\"Anita Jans\",\"Aproleche\",\"Aproleche Osorno\",\"Conaf\",\"incendios forestales\",\"L\u00e1cteos\",\"Maule y Biob\u00edo\",\"Minagri\",\"SAG\"],\"articleSection\":[\"Instituciones\"],\"inLanguage\":\"es\"},{\"@type\":\"WebPage\",\"@id\":\"https:\/\/www.mundoagropecuario.cl\/new\/aproleche-osorno-apoya-campana-por-incendios-forestales\/\",\"url\":\"https:\/\/www.mundoagropecuario.cl\/new\/aproleche-osorno-apoya-campana-por-incendios-forestales\/\",\"name\":\"Aproleche Osorno apoya campa\u00f1a por incendios forestales - Mundoagropecuario\",\"isPartOf\":{\"@id\":\"https:\/\/www.mundoagropecuario.cl\/new\/#website\"},\"primaryImageOfPage\":{\"@id\":\"https:\/\/www.mundoagropecuario.cl\/new\/aproleche-osorno-apoya-campana-por-incendios-forestales\/#primaryimage\"},\"image\":{\"@id\":\"https:\/\/www.mundoagropecuario.cl\/new\/aproleche-osorno-apoya-campana-por-incendios-forestales\/#primaryimage\"},\"thumbnailUrl\":\"https:\/\/www.mundoagropecuario.cl\/new\/wp-content\/uploads\/2026\/01\/Aproleche-scaled.jpeg\",\"datePublished\":\"2026-01-26T19:27:04+00:00\",\"dateModified\":\"2026-03-05T17:08:29+00:00\",\"description\":\"Aproleche Osorno est\u00e1 coordinando una campa\u00f1a solidaria para llevar ayuda a las comunidades afectadas por los incendios en Maule y Biob\u00edo.\",\"breadcrumb\":{\"@id\":\"https:\/\/www.mundoagropecuario.cl\/new\/aproleche-osorno-apoya-campana-por-incendios-forestales\/#breadcrumb\"},\"inLanguage\":\"es\",\"potentialAction\":[{\"@type\":\"ReadAction\",\"target\":[\"https:\/\/www.mundoagropecuario.cl\/new\/aproleche-osorno-apoya-campana-por-incendios-forestales\/\"]}]},{\"@type\":\"ImageObject\",\"inLanguage\":\"es\",\"@id\":\"https:\/\/www.mundoagropecuario.cl\/new\/aproleche-osorno-apoya-campana-por-incendios-forestales\/#primaryimage\",\"url\":\"https:\/\/www.mundoagropecuario.cl\/new\/wp-content\/uploads\/2026\/01\/Aproleche-scaled.jpeg\",\"contentUrl\":\"https:\/\/www.mundoagropecuario.cl\/new\/wp-content\/uploads\/2026\/01\/Aproleche-scaled.jpeg\",\"width\":611,\"height\":400},{\"@type\":\"BreadcrumbList\",\"@id\":\"https:\/\/www.mundoagropecuario.cl\/new\/aproleche-osorno-apoya-campana-por-incendios-forestales\/#breadcrumb\",\"itemListElement\":[{\"@type\":\"ListItem\",\"position\":1,\"name\":\"Portada\",\"item\":\"https:\/\/www.mundoagropecuario.cl\/new\/\"},{\"@type\":\"ListItem\",\"position\":2,\"name\":\"Aproleche Osorno apoya campa\u00f1a por incendios forestales\"}]},{\"@type\":\"WebSite\",\"@id\":\"https:\/\/www.mundoagropecuario.cl\/new\/#website\",\"url\":\"https:\/\/www.mundoagropecuario.cl\/new\/\",\"name\":\"Mundoagropecuario\",\"description\":\"Mundo Agropecuario\",\"publisher\":{\"@id\":\"https:\/\/www.mundoagropecuario.cl\/new\/#organization\"},\"potentialAction\":[{\"@type\":\"SearchAction\",\"target\":{\"@type\":\"EntryPoint\",\"urlTemplate\":\"https:\/\/www.mundoagropecuario.cl\/new\/?s={search_term_string}\"},\"query-input\":{\"@type\":\"PropertyValueSpecification\",\"valueRequired\":true,\"valueName\":\"search_term_string\"}}],\"inLanguage\":\"es\"},{\"@type\":\"Organization\",\"@id\":\"https:\/\/www.mundoagropecuario.cl\/new\/#organization\",\"name\":\"Revista de Agricultura\",\"url\":\"https:\/\/www.mundoagropecuario.cl\/new\/\",\"logo\":{\"@type\":\"ImageObject\",\"inLanguage\":\"es\",\"@id\":\"https:\/\/www.mundoagropecuario.cl\/new\/#\/schema\/logo\/image\/\",\"url\":\"https:\/\/www.mundoagropecuario.cl\/new\/wp-content\/uploads\/2020\/11\/PORTAL-1-1.png\",\"contentUrl\":\"https:\/\/www.mundoagropecuario.cl\/new\/wp-content\/uploads\/2020\/11\/PORTAL-1-1.png\",\"width\":1026,\"height\":100,\"caption\":\"Revista de Agricultura\"},\"image\":{\"@id\":\"https:\/\/www.mundoagropecuario.cl\/new\/#\/schema\/logo\/image\/\"},\"sameAs\":[\"https:\/\/www.facebook.com\/mundo.agropecuario.3\",\"https:\/\/x.com\/MundoAgropecuar\",\"https:\/\/www.linkedin.com\/in\/mundo-agropecuario-934009201\/\"]},{\"@type\":\"Person\",\"@id\":\"https:\/\/www.mundoagropecuario.cl\/new\/#\/schema\/person\/4e9f74a82a7dac260eb1c44b7eebeb18\",\"name\":\"mundo\",\"url\":\"https:\/\/www.mundoagropecuario.cl\/new\/author\/mundo\/\"}]}<\/script>\n<!-- \/ Yoast SEO plugin. -->","yoast_head_json":{"title":"Aproleche Osorno apoya campa\u00f1a por incendios forestales - Mundoagropecuario","description":"Aproleche Osorno est\u00e1 coordinando una campa\u00f1a solidaria para llevar ayuda a las comunidades afectadas por los incendios en Maule y Biob\u00edo.","robots":{"index":"index","follow":"follow","max-snippet":"max-snippet:-1","max-image-preview":"max-image-preview:large","max-video-preview":"max-video-preview:-1"},"canonical":"https:\/\/www.mundoagropecuario.cl\/new\/aproleche-osorno-apoya-campana-por-incendios-forestales\/","og_locale":"es_ES","og_type":"article","og_title":"Aproleche Osorno apoya campa\u00f1a por incendios forestales - Mundoagropecuario","og_description":"Aproleche Osorno est\u00e1 coordinando una campa\u00f1a solidaria para llevar ayuda a las comunidades afectadas por los incendios en Maule y Biob\u00edo.","og_url":"https:\/\/www.mundoagropecuario.cl\/new\/aproleche-osorno-apoya-campana-por-incendios-forestales\/","og_site_name":"Mundoagropecuario","article_publisher":"https:\/\/www.facebook.com\/mundo.agropecuario.3","article_published_time":"2026-01-26T19:27:04+00:00","article_modified_time":"2026-03-05T17:08:29+00:00","og_image":[{"width":611,"height":400,"url":"https:\/\/www.mundoagropecuario.cl\/new\/wp-content\/uploads\/2026\/01\/Aproleche-scaled.jpeg","type":"image\/jpeg"}],"author":"mundo","twitter_card":"summary_large_image","twitter_creator":"@MundoAgropecuar","twitter_site":"@MundoAgropecuar","twitter_misc":{"Escrito por":"mundo","Tiempo de lectura":"2 minutos"},"schema":{"@context":"https:\/\/schema.org","@graph":[{"@type":"Article","@id":"https:\/\/www.mundoagropecuario.cl\/new\/aproleche-osorno-apoya-campana-por-incendios-forestales\/#article","isPartOf":{"@id":"https:\/\/www.mundoagropecuario.cl\/new\/aproleche-osorno-apoya-campana-por-incendios-forestales\/"},"author":{"name":"mundo","@id":"https:\/\/www.mundoagropecuario.cl\/new\/#\/schema\/person\/4e9f74a82a7dac260eb1c44b7eebeb18"},"headline":"Aproleche Osorno apoya campa\u00f1a por incendios forestales","datePublished":"2026-01-26T19:27:04+00:00","dateModified":"2026-03-05T17:08:29+00:00","mainEntityOfPage":{"@id":"https:\/\/www.mundoagropecuario.cl\/new\/aproleche-osorno-apoya-campana-por-incendios-forestales\/"},"wordCount":325,"publisher":{"@id":"https:\/\/www.mundoagropecuario.cl\/new\/#organization"},"image":{"@id":"https:\/\/www.mundoagropecuario.cl\/new\/aproleche-osorno-apoya-campana-por-incendios-forestales\/#primaryimage"},"thumbnailUrl":"https:\/\/www.mundoagropecuario.cl\/new\/wp-content\/uploads\/2026\/01\/Aproleche-scaled.jpeg","keywords":["Agricultura","Agro","Anita Jans","Aproleche","Aproleche Osorno","Conaf","incendios forestales","L\u00e1cteos","Maule y Biob\u00edo","Minagri","SAG"],"articleSection":["Instituciones"],"inLanguage":"es"},{"@type":"WebPage","@id":"https:\/\/www.mundoagropecuario.cl\/new\/aproleche-osorno-apoya-campana-por-incendios-forestales\/","url":"https:\/\/www.mundoagropecuario.cl\/new\/aproleche-osorno-apoya-campana-por-incendios-forestales\/","name":"Aproleche Osorno apoya campa\u00f1a por incendios forestales - Mundoagropecuario","isPartOf":{"@id":"https:\/\/www.mundoagropecuario.cl\/new\/#website"},"primaryImageOfPage":{"@id":"https:\/\/www.mundoagropecuario.cl\/new\/aproleche-osorno-apoya-campana-por-incendios-forestales\/#primaryimage"},"image":{"@id":"https:\/\/www.mundoagropecuario.cl\/new\/aproleche-osorno-apoya-campana-por-incendios-forestales\/#primaryimage"},"thumbnailUrl":"https:\/\/www.mundoagropecuario.cl\/new\/wp-content\/uploads\/2026\/01\/Aproleche-scaled.jpeg","datePublished":"2026-01-26T19:27:04+00:00","dateModified":"2026-03-05T17:08:29+00:00","description":"Aproleche Osorno est\u00e1 coordinando una campa\u00f1a solidaria para llevar ayuda a las comunidades afectadas por los incendios en Maule y Biob\u00edo.","breadcrumb":{"@id":"https:\/\/www.mundoagropecuario.cl\/new\/aproleche-osorno-apoya-campana-por-incendios-forestales\/#breadcrumb"},"inLanguage":"es","potentialAction":[{"@type":"ReadAction","target":["https:\/\/www.mundoagropecuario.cl\/new\/aproleche-osorno-apoya-campana-por-incendios-forestales\/"]}]},{"@type":"ImageObject","inLanguage":"es","@id":"https:\/\/www.mundoagropecuario.cl\/new\/aproleche-osorno-apoya-campana-por-incendios-forestales\/#primaryimage","url":"https:\/\/www.mundoagropecuario.cl\/new\/wp-content\/uploads\/2026\/01\/Aproleche-scaled.jpeg","contentUrl":"https:\/\/www.mundoagropecuario.cl\/new\/wp-content\/uploads\/2026\/01\/Aproleche-scaled.jpeg","width":611,"height":400},{"@type":"BreadcrumbList","@id":"https:\/\/www.mundoagropecuario.cl\/new\/aproleche-osorno-apoya-campana-por-incendios-forestales\/#breadcrumb","itemListElement":[{"@type":"ListItem","position":1,"name":"Portada","item":"https:\/\/www.mundoagropecuario.cl\/new\/"},{"@type":"ListItem","position":2,"name":"Aproleche Osorno apoya campa\u00f1a por incendios forestales"}]},{"@type":"WebSite","@id":"https:\/\/www.mundoagropecuario.cl\/new\/#website","url":"https:\/\/www.mundoagropecuario.cl\/new\/","name":"Mundoagropecuario","description":"Mundo Agropecuario","publisher":{"@id":"https:\/\/www.mundoagropecuario.cl\/new\/#organization"},"potentialAction":[{"@type":"SearchAction","target":{"@type":"EntryPoint","urlTemplate":"https:\/\/www.mundoagropecuario.cl\/new\/?s={search_term_string}"},"query-input":{"@type":"PropertyValueSpecification","valueRequired":true,"valueName":"search_term_string"}}],"inLanguage":"es"},{"@type":"Organization","@id":"https:\/\/www.mundoagropecuario.cl\/new\/#organization","name":"Revista de Agricultura","url":"https:\/\/www.mundoagropecuario.cl\/new\/","logo":{"@type":"ImageObject","inLanguage":"es","@id":"https:\/\/www.mundoagropecuario.cl\/new\/#\/schema\/logo\/image\/","url":"https:\/\/www.mundoagropecuario.cl\/new\/wp-content\/uploads\/2020\/11\/PORTAL-1-1.png","contentUrl":"https:\/\/www.mundoagropecuario.cl\/new\/wp-content\/uploads\/2020\/11\/PORTAL-1-1.png","width":1026,"height":100,"caption":"Revista de Agricultura"},"image":{"@id":"https:\/\/www.mundoagropecuario.cl\/new\/#\/schema\/logo\/image\/"},"sameAs":["https:\/\/www.facebook.com\/mundo.agropecuario.3","https:\/\/x.com\/MundoAgropecuar","https:\/\/www.linkedin.com\/in\/mundo-agropecuario-934009201\/"]},{"@type":"Person","@id":"https:\/\/www.mundoagropecuario.cl\/new\/#\/schema\/person\/4e9f74a82a7dac260eb1c44b7eebeb18","name":"mundo","url":"https:\/\/www.mundoagropecuario.cl\/new\/author\/mundo\/"}]}},"_links":{"self":[{"href":"https:\/\/www.mundoagropecuario.cl\/new\/wp-json\/wp\/v2\/posts\/27375","targetHints":{"allow":["GET"]}}],"collection":[{"href":"https:\/\/www.mundoagropecuario.cl\/new\/wp-json\/wp\/v2\/posts"}],"about":[{"href":"https:\/\/www.mundoagropecuario.cl\/new\/wp-json\/wp\/v2\/types\/post"}],"author":[{"embeddable":true,"href":"https:\/\/www.mundoagropecuario.cl\/new\/wp-json\/wp\/v2\/users\/2"}],"replies":[{"embeddable":true,"href":"https:\/\/www.mundoagropecuario.cl\/new\/wp-json\/wp\/v2\/comments?post=27375"}],"version-history":[{"count":1,"href":"https:\/\/www.mundoagropecuario.cl\/new\/wp-json\/wp\/v2\/posts\/27375\/revisions"}],"predecessor-version":[{"id":27378,"href":"https:\/\/www.mundoagropecuario.cl\/new\/wp-json\/wp\/v2\/posts\/27375\/revisions\/27378"}],"wp:featuredmedia":[{"embeddable":true,"href":"https:\/\/www.mundoagropecuario.cl\/new\/wp-json\/wp\/v2\/media\/27376"}],"wp:attachment":[{"href":"https:\/\/www.mundoagropecuario.cl\/new\/wp-json\/wp\/v2\/media?parent=27375"}],"wp:term":[{"taxonomy":"category","embeddable":true,"href":"https:\/\/www.mundoagropecuario.cl\/new\/wp-json\/wp\/v2\/categories?post=27375"},{"taxonomy":"post_tag","embeddable":true,"href":"https:\/\/www.mundoagropecuario.cl\/new\/wp-json\/wp\/v2\/tags?post=27375"}],"curies":[{"name":"wp","href":"https:\/\/api.w.org\/{rel}","templated":true}]}}