{"id":27363,"date":"2026-01-06T11:03:32","date_gmt":"2026-01-06T14:03:32","guid":{"rendered":"https:\/\/www.mundoagropecuario.cl\/new\/?p=27363"},"modified":"2026-02-04T12:37:06","modified_gmt":"2026-02-04T15:37:06","slug":"fedeleche-plantea-prioridades-para-el-gobierno-electo-en-reunion-gremial-de-la-sna","status":"publish","type":"post","link":"https:\/\/www.mundoagropecuario.cl\/new\/fedeleche-plantea-prioridades-para-el-gobierno-electo-en-reunion-gremial-de-la-sna\/","title":{"rendered":"Fedeleche plantea prioridades para el Gobierno electo en reuni\u00f3n gremial de la SNA"},"content":{"rendered":"<p>El gremio subraya que el agua y el riego constituyen la condici\u00f3n b\u00e1sica para producir, por lo que urge destinar recursos a la modernizaci\u00f3n de canales matrices, facilitar la inscripci\u00f3n de pozos y promover el riego tecnificado, fortaleciendo adem\u00e1s las asociaciones de regantes. \u201cSin agua y sin recursos no hay agricultura\u201d.<\/p>\n<p>La Federaci\u00f3n Nacional de Productores de Leche (Fedeleche), representada por su presidente y gerente, particip\u00f3 el lunes 29 de diciembre en un encuentro convocado por la Sociedad Nacional de Agricultura (SNA). La cita reuni\u00f3 a representantes de diversos gremios asociados \u2014frutas, carnes, granos, l\u00e1cteos y forestal, entre otros\u2014 con el prop\u00f3sito de delinear propuestas espec\u00edficas destinadas al Gobierno electo y contribuir a la construcci\u00f3n de pol\u00edticas p\u00fablicas que fortalezcan la competitividad y aseguren la continuidad de la agricultura chilena.<\/p>\n<p><a href=\"https:\/\/www.mundoagropecuario.cl\/new\/wp-content\/uploads\/2026\/01\/Fedeleche-2.jpg\"><img loading=\"lazy\" decoding=\"async\" class=\"alignright wp-image-27364 \" src=\"https:\/\/www.mundoagropecuario.cl\/new\/wp-content\/uploads\/2026\/01\/Fedeleche-2.jpg\" alt=\"\" width=\"534\" height=\"383\" \/><\/a>Durante la reuni\u00f3n, realizada en las dependencias de la SNA en Santiago, su presidente, Antonio Walker, advirti\u00f3 sobre la creciente disociaci\u00f3n entre la regulaci\u00f3n y la realidad productiva del sector silvoagropecuario. En este contexto, subray\u00f3 la urgencia de una coordinaci\u00f3n p\u00fablico-privada efectiva, la designaci\u00f3n temprana de jefes de servicio y la implementaci\u00f3n de medidas concretas en plazos breves para enfrentar los desaf\u00edos que amenazan la producci\u00f3n y exportaci\u00f3n de alimentos.<\/p>\n<p>Los gremios presentes identificaron como prioridades la gesti\u00f3n h\u00eddrica y el fortalecimiento de las atribuciones de las juntas de vigilancia, la modernizaci\u00f3n mediante certificaci\u00f3n electr\u00f3nica y digitalizaci\u00f3n de tr\u00e1mites, la reforma de la normativa migratoria para trabajadores agr\u00edcolas, adem\u00e1s de la resoluci\u00f3n de problemas espec\u00edficos como el etiquetado de l\u00e1cteos, la clasificaci\u00f3n de purines, el control de perros y la log\u00edstica portuaria y aduanera.<\/p>\n<p>En representaci\u00f3n del sector l\u00e1cteo, el presidente de Fedeleche, Marcos Winkler, enfatiz\u00f3 la necesidad de simplificar los permisos agr\u00edcolas y mejorar la coordinaci\u00f3n entre servicios p\u00fablicos. Se\u00f1al\u00f3 que los tr\u00e1mites lentos, duplicados y con criterios contradictorios, dependiendo de la regi\u00f3n, frenan la inversi\u00f3n y afectan directamente la producci\u00f3n de alimentos.<\/p>\n<p>Consultado sobre la reuni\u00f3n, Winkler afirm\u00f3: \u201cEl futuro de la agricultura chilena depende de decisiones claras y oportunas. Como Fedeleche asistimos a este encuentro convocado por la SNA para compartir los desaf\u00edos que amenazan al sector y delinear propuestas prioritarias y concretas para el Gobierno electo. Reiteramos nuestra disposici\u00f3n a colaborar con las nuevas autoridades en la b\u00fasqueda de soluciones que aseguren agua, seguridad, competitividad y sostenibilidad para nuestros productores\u201d.<\/p>\n<p>Finalmente, se acord\u00f3 avanzar en propuestas legislativas y medidas de implementaci\u00f3n operativa, priorizando iniciativas de corto plazo que ser\u00e1n presentadas en los pr\u00f3ximos d\u00edas a las autoridades electas.<\/p>\n<p>Fuente: Fedeleche<\/p>\n","protected":false},"excerpt":{"rendered":"<p>Fedeleche destaca que agua, riego y modernizaci\u00f3n son clave para la continuidad y competitividad de la agricultura chilena.<\/p>\n","protected":false},"author":2,"featured_media":27365,"comment_status":"closed","ping_status":"closed","sticky":false,"template":"","format":"standard","meta":{"footnotes":""},"categories":[1946],"tags":[2090,2057,2084,1957,2095,2058,4873,1992,2052,2051,2035,2328,2448,2036,2075],"class_list":["post-27363","post","type-post","status-publish","format-standard","has-post-thumbnail","hentry","category-lacteos","tag-agricultura","tag-aproleche","tag-cnr","tag-consorcio-lechero","tag-fedefruta","tag-fedeleche","tag-fedeleche-aproleche","tag-indap","tag-inia","tag-leche","tag-minagri","tag-ministerio-de-agricultura","tag-ministro-walker","tag-sag","tag-sna"],"yoast_head":"<!-- This site is optimized with the Yoast SEO plugin v26.6 - https:\/\/yoast.com\/wordpress\/plugins\/seo\/ -->\n<title>Fedeleche plantea prioridades para el Gobierno electo en reuni\u00f3n gremial de la SNA - Mundoagropecuario<\/title>\n<meta name=\"description\" content=\"Fedeleche destaca que agua, riego y modernizaci\u00f3n son clave para la continuidad y competitividad de la agricultura chilena.\" \/>\n<meta name=\"robots\" content=\"index, follow, max-snippet:-1, max-image-preview:large, max-video-preview:-1\" \/>\n<link rel=\"canonical\" href=\"https:\/\/www.mundoagropecuario.cl\/new\/fedeleche-plantea-prioridades-para-el-gobierno-electo-en-reunion-gremial-de-la-sna\/\" \/>\n<meta property=\"og:locale\" content=\"es_ES\" \/>\n<meta property=\"og:type\" content=\"article\" \/>\n<meta property=\"og:title\" content=\"Fedeleche plantea prioridades para el Gobierno electo en reuni\u00f3n gremial de la SNA - Mundoagropecuario\" \/>\n<meta property=\"og:description\" content=\"Fedeleche destaca que agua, riego y modernizaci\u00f3n son clave para la continuidad y competitividad de la agricultura chilena.\" \/>\n<meta property=\"og:url\" content=\"https:\/\/www.mundoagropecuario.cl\/new\/fedeleche-plantea-prioridades-para-el-gobierno-electo-en-reunion-gremial-de-la-sna\/\" \/>\n<meta property=\"og:site_name\" content=\"Mundoagropecuario\" \/>\n<meta property=\"article:publisher\" content=\"https:\/\/www.facebook.com\/mundo.agropecuario.3\" \/>\n<meta property=\"article:published_time\" content=\"2026-01-06T14:03:32+00:00\" \/>\n<meta property=\"article:modified_time\" content=\"2026-02-04T15:37:06+00:00\" \/>\n<meta property=\"og:image\" content=\"https:\/\/www.mundoagropecuario.cl\/new\/wp-content\/uploads\/2026\/01\/Fedeleche--scaled.jpg\" \/>\n\t<meta property=\"og:image:width\" content=\"600\" \/>\n\t<meta property=\"og:image:height\" content=\"400\" \/>\n\t<meta property=\"og:image:type\" content=\"image\/jpeg\" \/>\n<meta name=\"author\" content=\"mundo\" \/>\n<meta name=\"twitter:card\" content=\"summary_large_image\" \/>\n<meta name=\"twitter:creator\" content=\"@MundoAgropecuar\" \/>\n<meta name=\"twitter:site\" content=\"@MundoAgropecuar\" \/>\n<meta name=\"twitter:label1\" content=\"Escrito por\" \/>\n\t<meta name=\"twitter:data1\" content=\"mundo\" \/>\n\t<meta name=\"twitter:label2\" content=\"Tiempo de lectura\" \/>\n\t<meta name=\"twitter:data2\" content=\"3 minutos\" \/>\n<script type=\"application\/ld+json\" class=\"yoast-schema-graph\">{\"@context\":\"https:\/\/schema.org\",\"@graph\":[{\"@type\":\"Article\",\"@id\":\"https:\/\/www.mundoagropecuario.cl\/new\/fedeleche-plantea-prioridades-para-el-gobierno-electo-en-reunion-gremial-de-la-sna\/#article\",\"isPartOf\":{\"@id\":\"https:\/\/www.mundoagropecuario.cl\/new\/fedeleche-plantea-prioridades-para-el-gobierno-electo-en-reunion-gremial-de-la-sna\/\"},\"author\":{\"name\":\"mundo\",\"@id\":\"https:\/\/www.mundoagropecuario.cl\/new\/#\/schema\/person\/4e9f74a82a7dac260eb1c44b7eebeb18\"},\"headline\":\"Fedeleche plantea prioridades para el Gobierno electo en reuni\u00f3n gremial de la SNA\",\"datePublished\":\"2026-01-06T14:03:32+00:00\",\"dateModified\":\"2026-02-04T15:37:06+00:00\",\"mainEntityOfPage\":{\"@id\":\"https:\/\/www.mundoagropecuario.cl\/new\/fedeleche-plantea-prioridades-para-el-gobierno-electo-en-reunion-gremial-de-la-sna\/\"},\"wordCount\":481,\"publisher\":{\"@id\":\"https:\/\/www.mundoagropecuario.cl\/new\/#organization\"},\"image\":{\"@id\":\"https:\/\/www.mundoagropecuario.cl\/new\/fedeleche-plantea-prioridades-para-el-gobierno-electo-en-reunion-gremial-de-la-sna\/#primaryimage\"},\"thumbnailUrl\":\"https:\/\/www.mundoagropecuario.cl\/new\/wp-content\/uploads\/2026\/01\/Fedeleche--scaled.jpg\",\"keywords\":[\"Agricultura\",\"Aproleche\",\"CNR\",\"Consorcio Lechero\",\"Fedefruta\",\"Fedeleche\",\"Fedeleche Aproleche\",\"Indap\",\"INIA\",\"Leche\",\"Minagri\",\"Ministerio de Agricultura\",\"Ministro Walker\",\"SAG\",\"SNA\"],\"articleSection\":[\"L\u00e1cteos\"],\"inLanguage\":\"es\"},{\"@type\":\"WebPage\",\"@id\":\"https:\/\/www.mundoagropecuario.cl\/new\/fedeleche-plantea-prioridades-para-el-gobierno-electo-en-reunion-gremial-de-la-sna\/\",\"url\":\"https:\/\/www.mundoagropecuario.cl\/new\/fedeleche-plantea-prioridades-para-el-gobierno-electo-en-reunion-gremial-de-la-sna\/\",\"name\":\"Fedeleche plantea prioridades para el Gobierno electo en reuni\u00f3n gremial de la SNA - Mundoagropecuario\",\"isPartOf\":{\"@id\":\"https:\/\/www.mundoagropecuario.cl\/new\/#website\"},\"primaryImageOfPage\":{\"@id\":\"https:\/\/www.mundoagropecuario.cl\/new\/fedeleche-plantea-prioridades-para-el-gobierno-electo-en-reunion-gremial-de-la-sna\/#primaryimage\"},\"image\":{\"@id\":\"https:\/\/www.mundoagropecuario.cl\/new\/fedeleche-plantea-prioridades-para-el-gobierno-electo-en-reunion-gremial-de-la-sna\/#primaryimage\"},\"thumbnailUrl\":\"https:\/\/www.mundoagropecuario.cl\/new\/wp-content\/uploads\/2026\/01\/Fedeleche--scaled.jpg\",\"datePublished\":\"2026-01-06T14:03:32+00:00\",\"dateModified\":\"2026-02-04T15:37:06+00:00\",\"description\":\"Fedeleche destaca que agua, riego y modernizaci\u00f3n son clave para la continuidad y competitividad de la agricultura chilena.\",\"breadcrumb\":{\"@id\":\"https:\/\/www.mundoagropecuario.cl\/new\/fedeleche-plantea-prioridades-para-el-gobierno-electo-en-reunion-gremial-de-la-sna\/#breadcrumb\"},\"inLanguage\":\"es\",\"potentialAction\":[{\"@type\":\"ReadAction\",\"target\":[\"https:\/\/www.mundoagropecuario.cl\/new\/fedeleche-plantea-prioridades-para-el-gobierno-electo-en-reunion-gremial-de-la-sna\/\"]}]},{\"@type\":\"ImageObject\",\"inLanguage\":\"es\",\"@id\":\"https:\/\/www.mundoagropecuario.cl\/new\/fedeleche-plantea-prioridades-para-el-gobierno-electo-en-reunion-gremial-de-la-sna\/#primaryimage\",\"url\":\"https:\/\/www.mundoagropecuario.cl\/new\/wp-content\/uploads\/2026\/01\/Fedeleche--scaled.jpg\",\"contentUrl\":\"https:\/\/www.mundoagropecuario.cl\/new\/wp-content\/uploads\/2026\/01\/Fedeleche--scaled.jpg\",\"width\":600,\"height\":400},{\"@type\":\"BreadcrumbList\",\"@id\":\"https:\/\/www.mundoagropecuario.cl\/new\/fedeleche-plantea-prioridades-para-el-gobierno-electo-en-reunion-gremial-de-la-sna\/#breadcrumb\",\"itemListElement\":[{\"@type\":\"ListItem\",\"position\":1,\"name\":\"Portada\",\"item\":\"https:\/\/www.mundoagropecuario.cl\/new\/\"},{\"@type\":\"ListItem\",\"position\":2,\"name\":\"Fedeleche plantea prioridades para el Gobierno electo en reuni\u00f3n gremial de la SNA\"}]},{\"@type\":\"WebSite\",\"@id\":\"https:\/\/www.mundoagropecuario.cl\/new\/#website\",\"url\":\"https:\/\/www.mundoagropecuario.cl\/new\/\",\"name\":\"Mundoagropecuario\",\"description\":\"Mundo Agropecuario\",\"publisher\":{\"@id\":\"https:\/\/www.mundoagropecuario.cl\/new\/#organization\"},\"potentialAction\":[{\"@type\":\"SearchAction\",\"target\":{\"@type\":\"EntryPoint\",\"urlTemplate\":\"https:\/\/www.mundoagropecuario.cl\/new\/?s={search_term_string}\"},\"query-input\":{\"@type\":\"PropertyValueSpecification\",\"valueRequired\":true,\"valueName\":\"search_term_string\"}}],\"inLanguage\":\"es\"},{\"@type\":\"Organization\",\"@id\":\"https:\/\/www.mundoagropecuario.cl\/new\/#organization\",\"name\":\"Revista de Agricultura\",\"url\":\"https:\/\/www.mundoagropecuario.cl\/new\/\",\"logo\":{\"@type\":\"ImageObject\",\"inLanguage\":\"es\",\"@id\":\"https:\/\/www.mundoagropecuario.cl\/new\/#\/schema\/logo\/image\/\",\"url\":\"https:\/\/www.mundoagropecuario.cl\/new\/wp-content\/uploads\/2020\/11\/PORTAL-1-1.png\",\"contentUrl\":\"https:\/\/www.mundoagropecuario.cl\/new\/wp-content\/uploads\/2020\/11\/PORTAL-1-1.png\",\"width\":1026,\"height\":100,\"caption\":\"Revista de Agricultura\"},\"image\":{\"@id\":\"https:\/\/www.mundoagropecuario.cl\/new\/#\/schema\/logo\/image\/\"},\"sameAs\":[\"https:\/\/www.facebook.com\/mundo.agropecuario.3\",\"https:\/\/x.com\/MundoAgropecuar\",\"https:\/\/www.linkedin.com\/in\/mundo-agropecuario-934009201\/\"]},{\"@type\":\"Person\",\"@id\":\"https:\/\/www.mundoagropecuario.cl\/new\/#\/schema\/person\/4e9f74a82a7dac260eb1c44b7eebeb18\",\"name\":\"mundo\",\"url\":\"https:\/\/www.mundoagropecuario.cl\/new\/author\/mundo\/\"}]}<\/script>\n<!-- \/ Yoast SEO plugin. -->","yoast_head_json":{"title":"Fedeleche plantea prioridades para el Gobierno electo en reuni\u00f3n gremial de la SNA - Mundoagropecuario","description":"Fedeleche destaca que agua, riego y modernizaci\u00f3n son clave para la continuidad y competitividad de la agricultura chilena.","robots":{"index":"index","follow":"follow","max-snippet":"max-snippet:-1","max-image-preview":"max-image-preview:large","max-video-preview":"max-video-preview:-1"},"canonical":"https:\/\/www.mundoagropecuario.cl\/new\/fedeleche-plantea-prioridades-para-el-gobierno-electo-en-reunion-gremial-de-la-sna\/","og_locale":"es_ES","og_type":"article","og_title":"Fedeleche plantea prioridades para el Gobierno electo en reuni\u00f3n gremial de la SNA - Mundoagropecuario","og_description":"Fedeleche destaca que agua, riego y modernizaci\u00f3n son clave para la continuidad y competitividad de la agricultura chilena.","og_url":"https:\/\/www.mundoagropecuario.cl\/new\/fedeleche-plantea-prioridades-para-el-gobierno-electo-en-reunion-gremial-de-la-sna\/","og_site_name":"Mundoagropecuario","article_publisher":"https:\/\/www.facebook.com\/mundo.agropecuario.3","article_published_time":"2026-01-06T14:03:32+00:00","article_modified_time":"2026-02-04T15:37:06+00:00","og_image":[{"width":600,"height":400,"url":"https:\/\/www.mundoagropecuario.cl\/new\/wp-content\/uploads\/2026\/01\/Fedeleche--scaled.jpg","type":"image\/jpeg"}],"author":"mundo","twitter_card":"summary_large_image","twitter_creator":"@MundoAgropecuar","twitter_site":"@MundoAgropecuar","twitter_misc":{"Escrito por":"mundo","Tiempo de lectura":"3 minutos"},"schema":{"@context":"https:\/\/schema.org","@graph":[{"@type":"Article","@id":"https:\/\/www.mundoagropecuario.cl\/new\/fedeleche-plantea-prioridades-para-el-gobierno-electo-en-reunion-gremial-de-la-sna\/#article","isPartOf":{"@id":"https:\/\/www.mundoagropecuario.cl\/new\/fedeleche-plantea-prioridades-para-el-gobierno-electo-en-reunion-gremial-de-la-sna\/"},"author":{"name":"mundo","@id":"https:\/\/www.mundoagropecuario.cl\/new\/#\/schema\/person\/4e9f74a82a7dac260eb1c44b7eebeb18"},"headline":"Fedeleche plantea prioridades para el Gobierno electo en reuni\u00f3n gremial de la SNA","datePublished":"2026-01-06T14:03:32+00:00","dateModified":"2026-02-04T15:37:06+00:00","mainEntityOfPage":{"@id":"https:\/\/www.mundoagropecuario.cl\/new\/fedeleche-plantea-prioridades-para-el-gobierno-electo-en-reunion-gremial-de-la-sna\/"},"wordCount":481,"publisher":{"@id":"https:\/\/www.mundoagropecuario.cl\/new\/#organization"},"image":{"@id":"https:\/\/www.mundoagropecuario.cl\/new\/fedeleche-plantea-prioridades-para-el-gobierno-electo-en-reunion-gremial-de-la-sna\/#primaryimage"},"thumbnailUrl":"https:\/\/www.mundoagropecuario.cl\/new\/wp-content\/uploads\/2026\/01\/Fedeleche--scaled.jpg","keywords":["Agricultura","Aproleche","CNR","Consorcio Lechero","Fedefruta","Fedeleche","Fedeleche Aproleche","Indap","INIA","Leche","Minagri","Ministerio de Agricultura","Ministro Walker","SAG","SNA"],"articleSection":["L\u00e1cteos"],"inLanguage":"es"},{"@type":"WebPage","@id":"https:\/\/www.mundoagropecuario.cl\/new\/fedeleche-plantea-prioridades-para-el-gobierno-electo-en-reunion-gremial-de-la-sna\/","url":"https:\/\/www.mundoagropecuario.cl\/new\/fedeleche-plantea-prioridades-para-el-gobierno-electo-en-reunion-gremial-de-la-sna\/","name":"Fedeleche plantea prioridades para el Gobierno electo en reuni\u00f3n gremial de la SNA - Mundoagropecuario","isPartOf":{"@id":"https:\/\/www.mundoagropecuario.cl\/new\/#website"},"primaryImageOfPage":{"@id":"https:\/\/www.mundoagropecuario.cl\/new\/fedeleche-plantea-prioridades-para-el-gobierno-electo-en-reunion-gremial-de-la-sna\/#primaryimage"},"image":{"@id":"https:\/\/www.mundoagropecuario.cl\/new\/fedeleche-plantea-prioridades-para-el-gobierno-electo-en-reunion-gremial-de-la-sna\/#primaryimage"},"thumbnailUrl":"https:\/\/www.mundoagropecuario.cl\/new\/wp-content\/uploads\/2026\/01\/Fedeleche--scaled.jpg","datePublished":"2026-01-06T14:03:32+00:00","dateModified":"2026-02-04T15:37:06+00:00","description":"Fedeleche destaca que agua, riego y modernizaci\u00f3n son clave para la continuidad y competitividad de la agricultura chilena.","breadcrumb":{"@id":"https:\/\/www.mundoagropecuario.cl\/new\/fedeleche-plantea-prioridades-para-el-gobierno-electo-en-reunion-gremial-de-la-sna\/#breadcrumb"},"inLanguage":"es","potentialAction":[{"@type":"ReadAction","target":["https:\/\/www.mundoagropecuario.cl\/new\/fedeleche-plantea-prioridades-para-el-gobierno-electo-en-reunion-gremial-de-la-sna\/"]}]},{"@type":"ImageObject","inLanguage":"es","@id":"https:\/\/www.mundoagropecuario.cl\/new\/fedeleche-plantea-prioridades-para-el-gobierno-electo-en-reunion-gremial-de-la-sna\/#primaryimage","url":"https:\/\/www.mundoagropecuario.cl\/new\/wp-content\/uploads\/2026\/01\/Fedeleche--scaled.jpg","contentUrl":"https:\/\/www.mundoagropecuario.cl\/new\/wp-content\/uploads\/2026\/01\/Fedeleche--scaled.jpg","width":600,"height":400},{"@type":"BreadcrumbList","@id":"https:\/\/www.mundoagropecuario.cl\/new\/fedeleche-plantea-prioridades-para-el-gobierno-electo-en-reunion-gremial-de-la-sna\/#breadcrumb","itemListElement":[{"@type":"ListItem","position":1,"name":"Portada","item":"https:\/\/www.mundoagropecuario.cl\/new\/"},{"@type":"ListItem","position":2,"name":"Fedeleche plantea prioridades para el Gobierno electo en reuni\u00f3n gremial de la SNA"}]},{"@type":"WebSite","@id":"https:\/\/www.mundoagropecuario.cl\/new\/#website","url":"https:\/\/www.mundoagropecuario.cl\/new\/","name":"Mundoagropecuario","description":"Mundo Agropecuario","publisher":{"@id":"https:\/\/www.mundoagropecuario.cl\/new\/#organization"},"potentialAction":[{"@type":"SearchAction","target":{"@type":"EntryPoint","urlTemplate":"https:\/\/www.mundoagropecuario.cl\/new\/?s={search_term_string}"},"query-input":{"@type":"PropertyValueSpecification","valueRequired":true,"valueName":"search_term_string"}}],"inLanguage":"es"},{"@type":"Organization","@id":"https:\/\/www.mundoagropecuario.cl\/new\/#organization","name":"Revista de Agricultura","url":"https:\/\/www.mundoagropecuario.cl\/new\/","logo":{"@type":"ImageObject","inLanguage":"es","@id":"https:\/\/www.mundoagropecuario.cl\/new\/#\/schema\/logo\/image\/","url":"https:\/\/www.mundoagropecuario.cl\/new\/wp-content\/uploads\/2020\/11\/PORTAL-1-1.png","contentUrl":"https:\/\/www.mundoagropecuario.cl\/new\/wp-content\/uploads\/2020\/11\/PORTAL-1-1.png","width":1026,"height":100,"caption":"Revista de Agricultura"},"image":{"@id":"https:\/\/www.mundoagropecuario.cl\/new\/#\/schema\/logo\/image\/"},"sameAs":["https:\/\/www.facebook.com\/mundo.agropecuario.3","https:\/\/x.com\/MundoAgropecuar","https:\/\/www.linkedin.com\/in\/mundo-agropecuario-934009201\/"]},{"@type":"Person","@id":"https:\/\/www.mundoagropecuario.cl\/new\/#\/schema\/person\/4e9f74a82a7dac260eb1c44b7eebeb18","name":"mundo","url":"https:\/\/www.mundoagropecuario.cl\/new\/author\/mundo\/"}]}},"_links":{"self":[{"href":"https:\/\/www.mundoagropecuario.cl\/new\/wp-json\/wp\/v2\/posts\/27363","targetHints":{"allow":["GET"]}}],"collection":[{"href":"https:\/\/www.mundoagropecuario.cl\/new\/wp-json\/wp\/v2\/posts"}],"about":[{"href":"https:\/\/www.mundoagropecuario.cl\/new\/wp-json\/wp\/v2\/types\/post"}],"author":[{"embeddable":true,"href":"https:\/\/www.mundoagropecuario.cl\/new\/wp-json\/wp\/v2\/users\/2"}],"replies":[{"embeddable":true,"href":"https:\/\/www.mundoagropecuario.cl\/new\/wp-json\/wp\/v2\/comments?post=27363"}],"version-history":[{"count":1,"href":"https:\/\/www.mundoagropecuario.cl\/new\/wp-json\/wp\/v2\/posts\/27363\/revisions"}],"predecessor-version":[{"id":27366,"href":"https:\/\/www.mundoagropecuario.cl\/new\/wp-json\/wp\/v2\/posts\/27363\/revisions\/27366"}],"wp:featuredmedia":[{"embeddable":true,"href":"https:\/\/www.mundoagropecuario.cl\/new\/wp-json\/wp\/v2\/media\/27365"}],"wp:attachment":[{"href":"https:\/\/www.mundoagropecuario.cl\/new\/wp-json\/wp\/v2\/media?parent=27363"}],"wp:term":[{"taxonomy":"category","embeddable":true,"href":"https:\/\/www.mundoagropecuario.cl\/new\/wp-json\/wp\/v2\/categories?post=27363"},{"taxonomy":"post_tag","embeddable":true,"href":"https:\/\/www.mundoagropecuario.cl\/new\/wp-json\/wp\/v2\/tags?post=27363"}],"curies":[{"name":"wp","href":"https:\/\/api.w.org\/{rel}","templated":true}]}}