{"id":27353,"date":"2025-12-15T13:04:43","date_gmt":"2025-12-15T16:04:43","guid":{"rendered":"https:\/\/www.mundoagropecuario.cl\/new\/?p=27353"},"modified":"2026-01-30T16:55:33","modified_gmt":"2026-01-30T19:55:33","slug":"liderazgo-silvoagropecuario-en-un-mundo-en-transformacion","status":"publish","type":"post","link":"https:\/\/www.mundoagropecuario.cl\/new\/liderazgo-silvoagropecuario-en-un-mundo-en-transformacion\/","title":{"rendered":"Liderazgo silvoagropecuario en un mundo en transformaci\u00f3n"},"content":{"rendered":"<p>El debate reciente sobre la competitividad agr\u00edcola en Am\u00e9rica Latina ha vuelto a instalar una pregunta clave: \u00bfen qu\u00e9 posici\u00f3n se encuentra Chile dentro de un sector global que cambia aceleradamente? La respuesta exige mirar m\u00e1s all\u00e1 de titulares coyunturales y observar el contexto internacional. Hoy, la agricultura y las cadenas de suministro operan bajo crecientes tensiones geopol\u00edticas, nuevas barreras no arancelarias, y la presi\u00f3n simult\u00e1nea de la crisis clim\u00e1tica, h\u00eddrica y de biodiversidad. Aun as\u00ed, o precisamente por ello, Chile ha sabido construir un liderazgo s\u00f3lido en los mercados globales, combinando calidad, cumplimiento regulatorio y una estrategia exportadora basada en sostenibilidad.<\/p>\n<p><a href=\"https:\/\/www.mundoagropecuario.cl\/new\/wp-content\/uploads\/2025\/11\/Andrea-Garcia-Odepa.jpg\"><img loading=\"lazy\" decoding=\"async\" class=\"alignleft wp-image-27329 size-full\" src=\"https:\/\/www.mundoagropecuario.cl\/new\/wp-content\/uploads\/2025\/11\/Andrea-Garcia-Odepa.jpg\" alt=\"\" width=\"400\" height=\"400\" srcset=\"https:\/\/www.mundoagropecuario.cl\/new\/wp-content\/uploads\/2025\/11\/Andrea-Garcia-Odepa.jpg 400w, https:\/\/www.mundoagropecuario.cl\/new\/wp-content\/uploads\/2025\/11\/Andrea-Garcia-Odepa-133x133.jpg 133w\" sizes=\"auto, (max-width: 400px) 100vw, 400px\" \/><\/a>En el \u00e1mbito frut\u00edcola, nuestro sello hist\u00f3rico, Chile contin\u00faa siendo uno de los actores m\u00e1s relevantes del hemisferio sur. En frutas frescas y frutos comestibles , Chile se mantiene como segundo mayor exportador de Am\u00e9rica Latina y el Caribe, con env\u00edos que alcanzaron a m\u00e1s de US$ 8.2 millones en 2024, por encima de Per\u00fa y solo detr\u00e1s de M\u00e9xico.<\/p>\n<p>En productos pecuarios, un segmento muchas veces menos visible, Chile tambi\u00e9n ocupa un lugar estrat\u00e9gico. En el comercio regional de carnes , Chile se ubica entre los cuatro principales exportadores de Am\u00e9rica Latina, integrado en un grupo reducido de pa\u00edses con acceso sanitario a mercados de alto est\u00e1ndar. De forma similar, en l\u00e1cteos , aunque no lideramos el ranking regional, Chile se sit\u00faa como sexto mayor exportador de l\u00e1cteos de Am\u00e9rica Latina y el Caribe, detr\u00e1s de Argentina, Uruguay, M\u00e9xico, Brasil y Nicaragua, pero por encima de Costa Rica y Per\u00fa.<\/p>\n<p>XEl sector forestal confirma esta trayectoria. Respecto a la madera, manufacturas\u00a0 y celulosa y pastas de madera , Chile es el segundo exportador m\u00e1s importante de Am\u00e9rica Latina, superado solo por Brasil.<\/p>\n<p>Este es, en definitiva, el lugar donde estamos: un pa\u00eds que compite en los mercados m\u00e1s sofisticados del mundo, que aporta estabilidad a las exportaciones regionales y que sostiene su posici\u00f3n no por volumen, sino por calidad, cumplimiento y visi\u00f3n estrat\u00e9gica. Para Chile y para nuestra agricultura, el desaf\u00edo no es imitar modelos ajenos, sino profundizar el propio: fortalecer la innovaci\u00f3n aplicada, acelerar la transici\u00f3n sostenible, desarrollar pol\u00edticas p\u00fablicas con enfoque territorial y acompa\u00f1ar a productores y productoras en los cambios que exige el comercio global.<\/p>\n<p>Am\u00e9rica Latina tiene hoy una oportunidad hist\u00f3rica de consolidarse como un bloque proveedor de alimentos y materias primas sostenibles. Chile ya es un referente dentro de ese mapa. Y en un mundo donde los est\u00e1ndares son cada vez m\u00e1s estrictos, nuestra mayor fortaleza seguir\u00e1 siendo la misma: un sector silvoagropecuario que combina calidad, resiliencia y una institucionalidad cre\u00edble, capaz de abrir puertas en cualquier mercado del mundo.<\/p>\n","protected":false},"excerpt":{"rendered":"<p>Columna de opini\u00f3n de Andrea Garc\u00eda, directora nacional de la Oficina de Estudios y Pol\u00edticas Agrarias (Odepa)<\/p>\n","protected":false},"author":2,"featured_media":25380,"comment_status":"closed","ping_status":"closed","sticky":false,"template":"","format":"standard","meta":{"footnotes":""},"categories":[1987],"tags":[2090,3127,10018,10019,2124,1992,7138,4149,2066,2036],"class_list":["post-27353","post","type-post","status-publish","format-standard","has-post-thumbnail","hentry","category-instituciones","tag-agricultura","tag-agro","tag-columna-de-opinion-de-andrea-garcia","tag-competitividad-agricola","tag-fia","tag-indap","tag-ine-y-odepa","tag-mundo-agropecuario","tag-odepa","tag-sag"],"yoast_head":"<!-- This site is optimized with the Yoast SEO plugin v26.6 - https:\/\/yoast.com\/wordpress\/plugins\/seo\/ -->\n<title>Liderazgo silvoagropecuario en un mundo en transformaci\u00f3n - Mundoagropecuario<\/title>\n<meta name=\"description\" content=\"Columna de opini\u00f3n de Andrea Garc\u00eda, directora nacional de la Oficina de Estudios y Pol\u00edticas Agrarias (Odepa)\" \/>\n<meta name=\"robots\" content=\"index, follow, max-snippet:-1, max-image-preview:large, max-video-preview:-1\" \/>\n<link rel=\"canonical\" href=\"https:\/\/www.mundoagropecuario.cl\/new\/liderazgo-silvoagropecuario-en-un-mundo-en-transformacion\/\" \/>\n<meta property=\"og:locale\" content=\"es_ES\" \/>\n<meta property=\"og:type\" content=\"article\" \/>\n<meta property=\"og:title\" content=\"Liderazgo silvoagropecuario en un mundo en transformaci\u00f3n - Mundoagropecuario\" \/>\n<meta property=\"og:description\" content=\"Columna de opini\u00f3n de Andrea Garc\u00eda, directora nacional de la Oficina de Estudios y Pol\u00edticas Agrarias (Odepa)\" \/>\n<meta property=\"og:url\" content=\"https:\/\/www.mundoagropecuario.cl\/new\/liderazgo-silvoagropecuario-en-un-mundo-en-transformacion\/\" \/>\n<meta property=\"og:site_name\" content=\"Mundoagropecuario\" \/>\n<meta property=\"article:publisher\" content=\"https:\/\/www.facebook.com\/mundo.agropecuario.3\" \/>\n<meta property=\"article:published_time\" content=\"2025-12-15T16:04:43+00:00\" \/>\n<meta property=\"article:modified_time\" content=\"2026-01-30T19:55:33+00:00\" \/>\n<meta property=\"og:image\" content=\"https:\/\/www.mundoagropecuario.cl\/new\/wp-content\/uploads\/2024\/06\/novaagro-scaled.jpeg\" \/>\n\t<meta property=\"og:image:width\" content=\"720\" \/>\n\t<meta property=\"og:image:height\" content=\"400\" \/>\n\t<meta property=\"og:image:type\" content=\"image\/jpeg\" \/>\n<meta name=\"author\" content=\"mundo\" \/>\n<meta name=\"twitter:card\" content=\"summary_large_image\" \/>\n<meta name=\"twitter:creator\" content=\"@MundoAgropecuar\" \/>\n<meta name=\"twitter:site\" content=\"@MundoAgropecuar\" \/>\n<meta name=\"twitter:label1\" content=\"Escrito por\" \/>\n\t<meta name=\"twitter:data1\" content=\"mundo\" \/>\n\t<meta name=\"twitter:label2\" content=\"Tiempo de lectura\" \/>\n\t<meta name=\"twitter:data2\" content=\"3 minutos\" \/>\n<script type=\"application\/ld+json\" class=\"yoast-schema-graph\">{\"@context\":\"https:\/\/schema.org\",\"@graph\":[{\"@type\":\"Article\",\"@id\":\"https:\/\/www.mundoagropecuario.cl\/new\/liderazgo-silvoagropecuario-en-un-mundo-en-transformacion\/#article\",\"isPartOf\":{\"@id\":\"https:\/\/www.mundoagropecuario.cl\/new\/liderazgo-silvoagropecuario-en-un-mundo-en-transformacion\/\"},\"author\":{\"name\":\"mundo\",\"@id\":\"https:\/\/www.mundoagropecuario.cl\/new\/#\/schema\/person\/4e9f74a82a7dac260eb1c44b7eebeb18\"},\"headline\":\"Liderazgo silvoagropecuario en un mundo en transformaci\u00f3n\",\"datePublished\":\"2025-12-15T16:04:43+00:00\",\"dateModified\":\"2026-01-30T19:55:33+00:00\",\"mainEntityOfPage\":{\"@id\":\"https:\/\/www.mundoagropecuario.cl\/new\/liderazgo-silvoagropecuario-en-un-mundo-en-transformacion\/\"},\"wordCount\":488,\"publisher\":{\"@id\":\"https:\/\/www.mundoagropecuario.cl\/new\/#organization\"},\"image\":{\"@id\":\"https:\/\/www.mundoagropecuario.cl\/new\/liderazgo-silvoagropecuario-en-un-mundo-en-transformacion\/#primaryimage\"},\"thumbnailUrl\":\"https:\/\/www.mundoagropecuario.cl\/new\/wp-content\/uploads\/2024\/06\/novaagro-scaled.jpeg\",\"keywords\":[\"Agricultura\",\"Agro\",\"Columna de opini\u00f3n de Andrea Garc\u00eda\",\"competitividad agr\u00edcola\",\"FIA\",\"Indap\",\"INE y Odepa\",\"Mundo Agropecuario\",\"Odepa\",\"SAG\"],\"articleSection\":[\"Instituciones\"],\"inLanguage\":\"es\"},{\"@type\":\"WebPage\",\"@id\":\"https:\/\/www.mundoagropecuario.cl\/new\/liderazgo-silvoagropecuario-en-un-mundo-en-transformacion\/\",\"url\":\"https:\/\/www.mundoagropecuario.cl\/new\/liderazgo-silvoagropecuario-en-un-mundo-en-transformacion\/\",\"name\":\"Liderazgo silvoagropecuario en un mundo en transformaci\u00f3n - Mundoagropecuario\",\"isPartOf\":{\"@id\":\"https:\/\/www.mundoagropecuario.cl\/new\/#website\"},\"primaryImageOfPage\":{\"@id\":\"https:\/\/www.mundoagropecuario.cl\/new\/liderazgo-silvoagropecuario-en-un-mundo-en-transformacion\/#primaryimage\"},\"image\":{\"@id\":\"https:\/\/www.mundoagropecuario.cl\/new\/liderazgo-silvoagropecuario-en-un-mundo-en-transformacion\/#primaryimage\"},\"thumbnailUrl\":\"https:\/\/www.mundoagropecuario.cl\/new\/wp-content\/uploads\/2024\/06\/novaagro-scaled.jpeg\",\"datePublished\":\"2025-12-15T16:04:43+00:00\",\"dateModified\":\"2026-01-30T19:55:33+00:00\",\"description\":\"Columna de opini\u00f3n de Andrea Garc\u00eda, directora nacional de la Oficina de Estudios y Pol\u00edticas Agrarias (Odepa)\",\"breadcrumb\":{\"@id\":\"https:\/\/www.mundoagropecuario.cl\/new\/liderazgo-silvoagropecuario-en-un-mundo-en-transformacion\/#breadcrumb\"},\"inLanguage\":\"es\",\"potentialAction\":[{\"@type\":\"ReadAction\",\"target\":[\"https:\/\/www.mundoagropecuario.cl\/new\/liderazgo-silvoagropecuario-en-un-mundo-en-transformacion\/\"]}]},{\"@type\":\"ImageObject\",\"inLanguage\":\"es\",\"@id\":\"https:\/\/www.mundoagropecuario.cl\/new\/liderazgo-silvoagropecuario-en-un-mundo-en-transformacion\/#primaryimage\",\"url\":\"https:\/\/www.mundoagropecuario.cl\/new\/wp-content\/uploads\/2024\/06\/novaagro-scaled.jpeg\",\"contentUrl\":\"https:\/\/www.mundoagropecuario.cl\/new\/wp-content\/uploads\/2024\/06\/novaagro-scaled.jpeg\",\"width\":720,\"height\":400},{\"@type\":\"BreadcrumbList\",\"@id\":\"https:\/\/www.mundoagropecuario.cl\/new\/liderazgo-silvoagropecuario-en-un-mundo-en-transformacion\/#breadcrumb\",\"itemListElement\":[{\"@type\":\"ListItem\",\"position\":1,\"name\":\"Portada\",\"item\":\"https:\/\/www.mundoagropecuario.cl\/new\/\"},{\"@type\":\"ListItem\",\"position\":2,\"name\":\"Liderazgo silvoagropecuario en un mundo en transformaci\u00f3n\"}]},{\"@type\":\"WebSite\",\"@id\":\"https:\/\/www.mundoagropecuario.cl\/new\/#website\",\"url\":\"https:\/\/www.mundoagropecuario.cl\/new\/\",\"name\":\"Mundoagropecuario\",\"description\":\"Mundo Agropecuario\",\"publisher\":{\"@id\":\"https:\/\/www.mundoagropecuario.cl\/new\/#organization\"},\"potentialAction\":[{\"@type\":\"SearchAction\",\"target\":{\"@type\":\"EntryPoint\",\"urlTemplate\":\"https:\/\/www.mundoagropecuario.cl\/new\/?s={search_term_string}\"},\"query-input\":{\"@type\":\"PropertyValueSpecification\",\"valueRequired\":true,\"valueName\":\"search_term_string\"}}],\"inLanguage\":\"es\"},{\"@type\":\"Organization\",\"@id\":\"https:\/\/www.mundoagropecuario.cl\/new\/#organization\",\"name\":\"Revista de Agricultura\",\"url\":\"https:\/\/www.mundoagropecuario.cl\/new\/\",\"logo\":{\"@type\":\"ImageObject\",\"inLanguage\":\"es\",\"@id\":\"https:\/\/www.mundoagropecuario.cl\/new\/#\/schema\/logo\/image\/\",\"url\":\"https:\/\/www.mundoagropecuario.cl\/new\/wp-content\/uploads\/2020\/11\/PORTAL-1-1.png\",\"contentUrl\":\"https:\/\/www.mundoagropecuario.cl\/new\/wp-content\/uploads\/2020\/11\/PORTAL-1-1.png\",\"width\":1026,\"height\":100,\"caption\":\"Revista de Agricultura\"},\"image\":{\"@id\":\"https:\/\/www.mundoagropecuario.cl\/new\/#\/schema\/logo\/image\/\"},\"sameAs\":[\"https:\/\/www.facebook.com\/mundo.agropecuario.3\",\"https:\/\/x.com\/MundoAgropecuar\",\"https:\/\/www.linkedin.com\/in\/mundo-agropecuario-934009201\/\"]},{\"@type\":\"Person\",\"@id\":\"https:\/\/www.mundoagropecuario.cl\/new\/#\/schema\/person\/4e9f74a82a7dac260eb1c44b7eebeb18\",\"name\":\"mundo\",\"url\":\"https:\/\/www.mundoagropecuario.cl\/new\/author\/mundo\/\"}]}<\/script>\n<!-- \/ Yoast SEO plugin. -->","yoast_head_json":{"title":"Liderazgo silvoagropecuario en un mundo en transformaci\u00f3n - Mundoagropecuario","description":"Columna de opini\u00f3n de Andrea Garc\u00eda, directora nacional de la Oficina de Estudios y Pol\u00edticas Agrarias (Odepa)","robots":{"index":"index","follow":"follow","max-snippet":"max-snippet:-1","max-image-preview":"max-image-preview:large","max-video-preview":"max-video-preview:-1"},"canonical":"https:\/\/www.mundoagropecuario.cl\/new\/liderazgo-silvoagropecuario-en-un-mundo-en-transformacion\/","og_locale":"es_ES","og_type":"article","og_title":"Liderazgo silvoagropecuario en un mundo en transformaci\u00f3n - Mundoagropecuario","og_description":"Columna de opini\u00f3n de Andrea Garc\u00eda, directora nacional de la Oficina de Estudios y Pol\u00edticas Agrarias (Odepa)","og_url":"https:\/\/www.mundoagropecuario.cl\/new\/liderazgo-silvoagropecuario-en-un-mundo-en-transformacion\/","og_site_name":"Mundoagropecuario","article_publisher":"https:\/\/www.facebook.com\/mundo.agropecuario.3","article_published_time":"2025-12-15T16:04:43+00:00","article_modified_time":"2026-01-30T19:55:33+00:00","og_image":[{"width":720,"height":400,"url":"https:\/\/www.mundoagropecuario.cl\/new\/wp-content\/uploads\/2024\/06\/novaagro-scaled.jpeg","type":"image\/jpeg"}],"author":"mundo","twitter_card":"summary_large_image","twitter_creator":"@MundoAgropecuar","twitter_site":"@MundoAgropecuar","twitter_misc":{"Escrito por":"mundo","Tiempo de lectura":"3 minutos"},"schema":{"@context":"https:\/\/schema.org","@graph":[{"@type":"Article","@id":"https:\/\/www.mundoagropecuario.cl\/new\/liderazgo-silvoagropecuario-en-un-mundo-en-transformacion\/#article","isPartOf":{"@id":"https:\/\/www.mundoagropecuario.cl\/new\/liderazgo-silvoagropecuario-en-un-mundo-en-transformacion\/"},"author":{"name":"mundo","@id":"https:\/\/www.mundoagropecuario.cl\/new\/#\/schema\/person\/4e9f74a82a7dac260eb1c44b7eebeb18"},"headline":"Liderazgo silvoagropecuario en un mundo en transformaci\u00f3n","datePublished":"2025-12-15T16:04:43+00:00","dateModified":"2026-01-30T19:55:33+00:00","mainEntityOfPage":{"@id":"https:\/\/www.mundoagropecuario.cl\/new\/liderazgo-silvoagropecuario-en-un-mundo-en-transformacion\/"},"wordCount":488,"publisher":{"@id":"https:\/\/www.mundoagropecuario.cl\/new\/#organization"},"image":{"@id":"https:\/\/www.mundoagropecuario.cl\/new\/liderazgo-silvoagropecuario-en-un-mundo-en-transformacion\/#primaryimage"},"thumbnailUrl":"https:\/\/www.mundoagropecuario.cl\/new\/wp-content\/uploads\/2024\/06\/novaagro-scaled.jpeg","keywords":["Agricultura","Agro","Columna de opini\u00f3n de Andrea Garc\u00eda","competitividad agr\u00edcola","FIA","Indap","INE y Odepa","Mundo Agropecuario","Odepa","SAG"],"articleSection":["Instituciones"],"inLanguage":"es"},{"@type":"WebPage","@id":"https:\/\/www.mundoagropecuario.cl\/new\/liderazgo-silvoagropecuario-en-un-mundo-en-transformacion\/","url":"https:\/\/www.mundoagropecuario.cl\/new\/liderazgo-silvoagropecuario-en-un-mundo-en-transformacion\/","name":"Liderazgo silvoagropecuario en un mundo en transformaci\u00f3n - Mundoagropecuario","isPartOf":{"@id":"https:\/\/www.mundoagropecuario.cl\/new\/#website"},"primaryImageOfPage":{"@id":"https:\/\/www.mundoagropecuario.cl\/new\/liderazgo-silvoagropecuario-en-un-mundo-en-transformacion\/#primaryimage"},"image":{"@id":"https:\/\/www.mundoagropecuario.cl\/new\/liderazgo-silvoagropecuario-en-un-mundo-en-transformacion\/#primaryimage"},"thumbnailUrl":"https:\/\/www.mundoagropecuario.cl\/new\/wp-content\/uploads\/2024\/06\/novaagro-scaled.jpeg","datePublished":"2025-12-15T16:04:43+00:00","dateModified":"2026-01-30T19:55:33+00:00","description":"Columna de opini\u00f3n de Andrea Garc\u00eda, directora nacional de la Oficina de Estudios y Pol\u00edticas Agrarias (Odepa)","breadcrumb":{"@id":"https:\/\/www.mundoagropecuario.cl\/new\/liderazgo-silvoagropecuario-en-un-mundo-en-transformacion\/#breadcrumb"},"inLanguage":"es","potentialAction":[{"@type":"ReadAction","target":["https:\/\/www.mundoagropecuario.cl\/new\/liderazgo-silvoagropecuario-en-un-mundo-en-transformacion\/"]}]},{"@type":"ImageObject","inLanguage":"es","@id":"https:\/\/www.mundoagropecuario.cl\/new\/liderazgo-silvoagropecuario-en-un-mundo-en-transformacion\/#primaryimage","url":"https:\/\/www.mundoagropecuario.cl\/new\/wp-content\/uploads\/2024\/06\/novaagro-scaled.jpeg","contentUrl":"https:\/\/www.mundoagropecuario.cl\/new\/wp-content\/uploads\/2024\/06\/novaagro-scaled.jpeg","width":720,"height":400},{"@type":"BreadcrumbList","@id":"https:\/\/www.mundoagropecuario.cl\/new\/liderazgo-silvoagropecuario-en-un-mundo-en-transformacion\/#breadcrumb","itemListElement":[{"@type":"ListItem","position":1,"name":"Portada","item":"https:\/\/www.mundoagropecuario.cl\/new\/"},{"@type":"ListItem","position":2,"name":"Liderazgo silvoagropecuario en un mundo en transformaci\u00f3n"}]},{"@type":"WebSite","@id":"https:\/\/www.mundoagropecuario.cl\/new\/#website","url":"https:\/\/www.mundoagropecuario.cl\/new\/","name":"Mundoagropecuario","description":"Mundo Agropecuario","publisher":{"@id":"https:\/\/www.mundoagropecuario.cl\/new\/#organization"},"potentialAction":[{"@type":"SearchAction","target":{"@type":"EntryPoint","urlTemplate":"https:\/\/www.mundoagropecuario.cl\/new\/?s={search_term_string}"},"query-input":{"@type":"PropertyValueSpecification","valueRequired":true,"valueName":"search_term_string"}}],"inLanguage":"es"},{"@type":"Organization","@id":"https:\/\/www.mundoagropecuario.cl\/new\/#organization","name":"Revista de Agricultura","url":"https:\/\/www.mundoagropecuario.cl\/new\/","logo":{"@type":"ImageObject","inLanguage":"es","@id":"https:\/\/www.mundoagropecuario.cl\/new\/#\/schema\/logo\/image\/","url":"https:\/\/www.mundoagropecuario.cl\/new\/wp-content\/uploads\/2020\/11\/PORTAL-1-1.png","contentUrl":"https:\/\/www.mundoagropecuario.cl\/new\/wp-content\/uploads\/2020\/11\/PORTAL-1-1.png","width":1026,"height":100,"caption":"Revista de Agricultura"},"image":{"@id":"https:\/\/www.mundoagropecuario.cl\/new\/#\/schema\/logo\/image\/"},"sameAs":["https:\/\/www.facebook.com\/mundo.agropecuario.3","https:\/\/x.com\/MundoAgropecuar","https:\/\/www.linkedin.com\/in\/mundo-agropecuario-934009201\/"]},{"@type":"Person","@id":"https:\/\/www.mundoagropecuario.cl\/new\/#\/schema\/person\/4e9f74a82a7dac260eb1c44b7eebeb18","name":"mundo","url":"https:\/\/www.mundoagropecuario.cl\/new\/author\/mundo\/"}]}},"_links":{"self":[{"href":"https:\/\/www.mundoagropecuario.cl\/new\/wp-json\/wp\/v2\/posts\/27353","targetHints":{"allow":["GET"]}}],"collection":[{"href":"https:\/\/www.mundoagropecuario.cl\/new\/wp-json\/wp\/v2\/posts"}],"about":[{"href":"https:\/\/www.mundoagropecuario.cl\/new\/wp-json\/wp\/v2\/types\/post"}],"author":[{"embeddable":true,"href":"https:\/\/www.mundoagropecuario.cl\/new\/wp-json\/wp\/v2\/users\/2"}],"replies":[{"embeddable":true,"href":"https:\/\/www.mundoagropecuario.cl\/new\/wp-json\/wp\/v2\/comments?post=27353"}],"version-history":[{"count":1,"href":"https:\/\/www.mundoagropecuario.cl\/new\/wp-json\/wp\/v2\/posts\/27353\/revisions"}],"predecessor-version":[{"id":27354,"href":"https:\/\/www.mundoagropecuario.cl\/new\/wp-json\/wp\/v2\/posts\/27353\/revisions\/27354"}],"wp:featuredmedia":[{"embeddable":true,"href":"https:\/\/www.mundoagropecuario.cl\/new\/wp-json\/wp\/v2\/media\/25380"}],"wp:attachment":[{"href":"https:\/\/www.mundoagropecuario.cl\/new\/wp-json\/wp\/v2\/media?parent=27353"}],"wp:term":[{"taxonomy":"category","embeddable":true,"href":"https:\/\/www.mundoagropecuario.cl\/new\/wp-json\/wp\/v2\/categories?post=27353"},{"taxonomy":"post_tag","embeddable":true,"href":"https:\/\/www.mundoagropecuario.cl\/new\/wp-json\/wp\/v2\/tags?post=27353"}],"curies":[{"name":"wp","href":"https:\/\/api.w.org\/{rel}","templated":true}]}}