{"id":27344,"date":"2025-12-15T12:40:51","date_gmt":"2025-12-15T15:40:51","guid":{"rendered":"https:\/\/www.mundoagropecuario.cl\/new\/?p=27344"},"modified":"2026-01-26T16:28:16","modified_gmt":"2026-01-26T19:28:16","slug":"inia-remehue-recibe-equipo-greenfeed-para-medir-metano","status":"publish","type":"post","link":"https:\/\/www.mundoagropecuario.cl\/new\/inia-remehue-recibe-equipo-greenfeed-para-medir-metano\/","title":{"rendered":"INIA Remehue recibe equipo Greenfeed para medir metano"},"content":{"rendered":"<p>En una ceremonia realizada en el Sal\u00f3n Llanquihue de INIA Remehue, la Federaci\u00f3n Gremial Nacional de Productores de Leche (Fedeleche FG) formaliz\u00f3 la entrega en comodato de un equipo GreenFeed, marcando un hito para la investigaci\u00f3n en sostenibilidad y reducci\u00f3n de emisiones en la ganader\u00eda chilena.<\/p>\n<p>El convenio se concret\u00f3 con la firma del presidente de Fedeleche, Marcos Winkler, y el director nacional de INIA, Carlos Furche, lo que consolida una alianza estrat\u00e9gica orientada a fortalecer el desarrollo tecnol\u00f3gico del sector lechero, especialmente en materia de medici\u00f3n y mitigaci\u00f3n de metano ent\u00e9rico, uno de los principales gases de efecto invernadero y desaf\u00edos ambientales de la producci\u00f3n bovina.<\/p>\n<p><strong>Emisiones ganaderas<\/strong><\/p>\n<p><a href=\"https:\/\/www.mundoagropecuario.cl\/new\/wp-content\/uploads\/2025\/12\/INIA-exposicion-1-scaled.jpeg\"><img loading=\"lazy\" decoding=\"async\" class=\"alignleft wp-image-27345 \" src=\"https:\/\/www.mundoagropecuario.cl\/new\/wp-content\/uploads\/2025\/12\/INIA-exposicion-1-scaled.jpeg\" alt=\"\" width=\"570\" height=\"390\" \/><\/a>El equipo GreenFeed, de \u00faltima generaci\u00f3n, ser\u00e1 utilizado en INIA Remehue en el marco del proyecto de la Universidad Santo Tom\u00e1s \u201cAlgas marinas como aditivo para alimentos de rumiantes orientado a disminuir la liberaci\u00f3n de metano reduciendo el calentamiento global (PYT-2021-0642)\u201d, en un trabajo conjunto entre ambas instituciones, con apoyo de Fedeleche, Aproleche Osorno, Agrollanquihue y Futurocoop.<\/p>\n<p>Su utilizaci\u00f3n permitir\u00e1 mejorar la precisi\u00f3n en la medici\u00f3n de gases, optimizar dietas, desarrollar estrategias de mitigaci\u00f3n de metano ent\u00e9rico y contribuir al cumplimiento de normativas ambientales nacionales e internacionales.<\/p>\n<p>Este acuerdo reafirma el compromiso conjunto de Fedeleche e INIA por impulsar la innovaci\u00f3n tecnol\u00f3gica y apoyar al sector lechero nacional en la transici\u00f3n hacia sistemas m\u00e1s eficientes y ambientalmente responsables.<\/p>\n<p>El director nacional de INIA, Carlos Furche, destac\u00f3 la colaboraci\u00f3n de las instituciones y la alianza entre el sector p\u00fablico y privado, que con este equipo permite un nuevo avance para la industria lechera, porque &#8220;contar\u00e1 con informaci\u00f3n fidedigna y actualizada, de cu\u00e1l es el nivel que tiene de emisiones de gases de efecto invernadero, y en consecuencia, de cu\u00e1les son las medidas t\u00e9cnicas y de pol\u00edticas que permitir\u00edan enfrentar esto en el futuro, disminuir la emisi\u00f3n de gases de efecto invernadero, y sobre todo, ir avanzando hacia la conformaci\u00f3n de una suerte de sello de producci\u00f3n limpia, de producci\u00f3n sustentable para nuestra producci\u00f3n lechera&#8221;.<\/p>\n<p><strong>Tecnolog\u00eda pionera<\/strong><\/p>\n<p>El presidente de Fedeleche, Marcos Winkler, destac\u00f3 que los productores de leche en Chile est\u00e1n respondiendo con hechos concretos y no solo con palabras y enfatiz\u00f3 que la sustentabilidad no es una etiqueta, sino una responsabilidad.<\/p>\n<p>\u201cLa lecher\u00eda no es responsable del problema clim\u00e1tico, es parte de la soluci\u00f3n. Nuestras praderas y bosques capturan carbono y nuestros productores est\u00e1n comprometidos con un modelo que equilibra lo econ\u00f3mico, lo social y lo ambiental. El sector lechero chileno est\u00e1 marcando la diferencia y dejando un legado para las pr\u00f3ximas generaciones. Porque sabemos que el ma\u00f1ana se construye hoy\u201d, afirm\u00f3.<\/p>\n<p>En este contexto, resalt\u00f3 el sistema GreenFeed como una tecnolog\u00eda pionera en Chile que mide las emisiones de metano ent\u00e9rico y di\u00f3xido de carbono.<\/p>\n<p>\u201cEsta herramienta nos permitir\u00e1 avanzar en ciencia aplicada para mejorar el balance energ\u00e9tico de las vacas, fortalecer su salud y asegurar una producci\u00f3n sostenible en el largo plazo. Adem\u00e1s, contribuir\u00e1 al bienestar animal y abrir\u00e1 nuevas oportunidades para reducir emisiones y consolidar la sustentabilidad\u201d, indic\u00f3.<\/p>\n<p>Igualmente, el presidente de Fedeleche agradeci\u00f3 el apoyo de Aproleche Osorno, Agrollanquihue, Futurocoop, el Ministerio de Agricultura, FIA e INIA Remehue y la Universidad Santo Tom\u00e1s, instituciones que colaboraron en la implementaci\u00f3n de esta iniciativa.<\/p>\n<p>Al cierre de la jornada el Dr. Ignacio Beltr\u00e1n, investigador de INIA Remehue realiz\u00f3 una demostraci\u00f3n de la utilizaci\u00f3n del equipo Greenfeed en la lecher\u00eda convencional, donde se entregaron detalles sobre el ingreso y la alimentaci\u00f3n de los animales en el equipo, y el proceso de adaptaci\u00f3n del reba\u00f1o.<\/p>\n<p><strong>Nueva plataforma de GEI:\u00a0 herramienta estrat\u00e9gica para el sector<\/strong><\/p>\n<p>Durante la jornada tambi\u00e9n se present\u00f3 oficialmente la nueva p\u00e1gina web del Inventario Nacional de Gases de Efecto Invernadero (GEI) 2024, desarrollada por INIA, instituci\u00f3n a cargo de medir el Sector Agricultura del documento liderado nacionalmente por el Ministerio del Medio ambiente (MMA), que contabiliza las emisiones de gases de cinco sectores productivos.<\/p>\n<p>La presentaci\u00f3n fue realizada por el Dr. Ignacio Beltr\u00e1n, investigador de INIA Remehue, quien destac\u00f3 que este avance nace directamente de las inquietudes planteadas por Fedeleche, donde se subray\u00f3 la necesidad de contar con informaci\u00f3n actualizada, fiable y de acceso r\u00e1pido sobre emisiones agropecuarias.<\/p>\n<p>La plataforma que ya se encuentra disponible en el sitio oficial de INIA representa un avance estrat\u00e9gico, ya que responde a la necesidad del sector de disponer de datos actualizados y trazables, facilitando la toma de decisiones tanto t\u00e9cnicas como gremiales, permitiendo comunicar con claridad el real aporte del sector agr\u00edcola a las emisiones nacionales, contribuyendo a reducir la desinformaci\u00f3n.<\/p>\n<p>El investigador de INIA Remehue, destac\u00f3 que en esta plataforma \u201cse encuentran disponibles los principales resultados de nuestro inventario de gases de efecto invernadero para el sector Agricultura, permitiendo acceder a toda la base de datos de nuestro inventario desde el a\u00f1o 1990 al 2022\u201d.<\/p>\n<p>El profesional destac\u00f3 que la plataforma constituye un soporte t\u00e9cnico fundamental para el dise\u00f1o de pol\u00edticas de mitigaci\u00f3n y adaptaci\u00f3n al cambio clim\u00e1tico. Adem\u00e1s, facilita la coordinaci\u00f3n entre gremios, productores, academia, Estado y empresas, al establecer una base com\u00fan de informaci\u00f3n.<\/p>\n<p>Con esta iniciativa, INIA ofrece una herramienta moderna, confiable y de libre acceso que integra informaci\u00f3n t\u00e9cnica relevante para el sector. Su implementaci\u00f3n favorecer\u00e1 la planificaci\u00f3n productiva, el dise\u00f1o de estrategias de sostenibilidad y la comunicaci\u00f3n de los avances del sector agr\u00edcola en materia de reducci\u00f3n de emisiones.<\/p>\n","protected":false},"excerpt":{"rendered":"<p>\u201cPermitir\u00e1 profundizar estudios sobre emisiones de metano y otros gases del metabolismo bovino, aportando evidencia cient\u00edfica clave para una ganader\u00eda m\u00e1s sostenible.\u201d<\/p>\n","protected":false},"author":2,"featured_media":27346,"comment_status":"closed","ping_status":"closed","sticky":false,"template":"","format":"standard","meta":{"footnotes":""},"categories":[1987],"tags":[2090,3127,2057,542,10015,2058,2052,1993,10016,4149,2036],"class_list":["post-27344","post","type-post","status-publish","format-standard","has-post-thumbnail","hentry","category-instituciones","tag-agricultura","tag-agro","tag-aproleche","tag-cambio-climatico","tag-equipo-greenfeed","tag-fedeleche","tag-inia","tag-inia-remehue","tag-medir-metano","tag-mundo-agropecuario","tag-sag"],"yoast_head":"<!-- This site is optimized with the Yoast SEO plugin v26.6 - https:\/\/yoast.com\/wordpress\/plugins\/seo\/ -->\n<title>INIA Remehue recibe equipo Greenfeed para medir metano - Mundoagropecuario<\/title>\n<meta name=\"description\" content=\"Permitir\u00e1 profundizar estudios sobre emisiones de metano y otros gases del metabolismo bovino, aportando evidencia cient\u00edfica clave.\" \/>\n<meta name=\"robots\" content=\"index, follow, max-snippet:-1, max-image-preview:large, max-video-preview:-1\" \/>\n<link rel=\"canonical\" href=\"https:\/\/www.mundoagropecuario.cl\/new\/inia-remehue-recibe-equipo-greenfeed-para-medir-metano\/\" \/>\n<meta property=\"og:locale\" content=\"es_ES\" \/>\n<meta property=\"og:type\" content=\"article\" \/>\n<meta property=\"og:title\" content=\"INIA Remehue recibe equipo Greenfeed para medir metano - Mundoagropecuario\" \/>\n<meta property=\"og:description\" content=\"Permitir\u00e1 profundizar estudios sobre emisiones de metano y otros gases del metabolismo bovino, aportando evidencia cient\u00edfica clave.\" \/>\n<meta property=\"og:url\" content=\"https:\/\/www.mundoagropecuario.cl\/new\/inia-remehue-recibe-equipo-greenfeed-para-medir-metano\/\" \/>\n<meta property=\"og:site_name\" content=\"Mundoagropecuario\" \/>\n<meta property=\"article:publisher\" content=\"https:\/\/www.facebook.com\/mundo.agropecuario.3\" \/>\n<meta property=\"article:published_time\" content=\"2025-12-15T15:40:51+00:00\" \/>\n<meta property=\"article:modified_time\" content=\"2026-01-26T19:28:16+00:00\" \/>\n<meta property=\"og:image\" content=\"https:\/\/www.mundoagropecuario.cl\/new\/wp-content\/uploads\/2025\/12\/INIA-firma-1-scaled.jpeg\" \/>\n\t<meta property=\"og:image:width\" content=\"640\" \/>\n\t<meta property=\"og:image:height\" content=\"400\" \/>\n\t<meta property=\"og:image:type\" content=\"image\/jpeg\" \/>\n<meta name=\"author\" content=\"mundo\" \/>\n<meta name=\"twitter:card\" content=\"summary_large_image\" \/>\n<meta name=\"twitter:creator\" content=\"@MundoAgropecuar\" \/>\n<meta name=\"twitter:site\" content=\"@MundoAgropecuar\" \/>\n<meta name=\"twitter:label1\" content=\"Escrito por\" \/>\n\t<meta name=\"twitter:data1\" content=\"mundo\" \/>\n\t<meta name=\"twitter:label2\" content=\"Tiempo de lectura\" \/>\n\t<meta name=\"twitter:data2\" content=\"5 minutos\" \/>\n<script type=\"application\/ld+json\" class=\"yoast-schema-graph\">{\"@context\":\"https:\/\/schema.org\",\"@graph\":[{\"@type\":\"Article\",\"@id\":\"https:\/\/www.mundoagropecuario.cl\/new\/inia-remehue-recibe-equipo-greenfeed-para-medir-metano\/#article\",\"isPartOf\":{\"@id\":\"https:\/\/www.mundoagropecuario.cl\/new\/inia-remehue-recibe-equipo-greenfeed-para-medir-metano\/\"},\"author\":{\"name\":\"mundo\",\"@id\":\"https:\/\/www.mundoagropecuario.cl\/new\/#\/schema\/person\/4e9f74a82a7dac260eb1c44b7eebeb18\"},\"headline\":\"INIA Remehue recibe equipo Greenfeed para medir metano\",\"datePublished\":\"2025-12-15T15:40:51+00:00\",\"dateModified\":\"2026-01-26T19:28:16+00:00\",\"mainEntityOfPage\":{\"@id\":\"https:\/\/www.mundoagropecuario.cl\/new\/inia-remehue-recibe-equipo-greenfeed-para-medir-metano\/\"},\"wordCount\":982,\"publisher\":{\"@id\":\"https:\/\/www.mundoagropecuario.cl\/new\/#organization\"},\"image\":{\"@id\":\"https:\/\/www.mundoagropecuario.cl\/new\/inia-remehue-recibe-equipo-greenfeed-para-medir-metano\/#primaryimage\"},\"thumbnailUrl\":\"https:\/\/www.mundoagropecuario.cl\/new\/wp-content\/uploads\/2025\/12\/INIA-firma-1-scaled.jpeg\",\"keywords\":[\"Agricultura\",\"Agro\",\"Aproleche\",\"Cambio clim\u00e1tico\",\"equipo Greenfeed\",\"Fedeleche\",\"INIA\",\"INIA Remehue\",\"medir metano\",\"Mundo Agropecuario\",\"SAG\"],\"articleSection\":[\"Instituciones\"],\"inLanguage\":\"es\"},{\"@type\":\"WebPage\",\"@id\":\"https:\/\/www.mundoagropecuario.cl\/new\/inia-remehue-recibe-equipo-greenfeed-para-medir-metano\/\",\"url\":\"https:\/\/www.mundoagropecuario.cl\/new\/inia-remehue-recibe-equipo-greenfeed-para-medir-metano\/\",\"name\":\"INIA Remehue recibe equipo Greenfeed para medir metano - Mundoagropecuario\",\"isPartOf\":{\"@id\":\"https:\/\/www.mundoagropecuario.cl\/new\/#website\"},\"primaryImageOfPage\":{\"@id\":\"https:\/\/www.mundoagropecuario.cl\/new\/inia-remehue-recibe-equipo-greenfeed-para-medir-metano\/#primaryimage\"},\"image\":{\"@id\":\"https:\/\/www.mundoagropecuario.cl\/new\/inia-remehue-recibe-equipo-greenfeed-para-medir-metano\/#primaryimage\"},\"thumbnailUrl\":\"https:\/\/www.mundoagropecuario.cl\/new\/wp-content\/uploads\/2025\/12\/INIA-firma-1-scaled.jpeg\",\"datePublished\":\"2025-12-15T15:40:51+00:00\",\"dateModified\":\"2026-01-26T19:28:16+00:00\",\"description\":\"Permitir\u00e1 profundizar estudios sobre emisiones de metano y otros gases del metabolismo bovino, aportando evidencia cient\u00edfica clave.\",\"breadcrumb\":{\"@id\":\"https:\/\/www.mundoagropecuario.cl\/new\/inia-remehue-recibe-equipo-greenfeed-para-medir-metano\/#breadcrumb\"},\"inLanguage\":\"es\",\"potentialAction\":[{\"@type\":\"ReadAction\",\"target\":[\"https:\/\/www.mundoagropecuario.cl\/new\/inia-remehue-recibe-equipo-greenfeed-para-medir-metano\/\"]}]},{\"@type\":\"ImageObject\",\"inLanguage\":\"es\",\"@id\":\"https:\/\/www.mundoagropecuario.cl\/new\/inia-remehue-recibe-equipo-greenfeed-para-medir-metano\/#primaryimage\",\"url\":\"https:\/\/www.mundoagropecuario.cl\/new\/wp-content\/uploads\/2025\/12\/INIA-firma-1-scaled.jpeg\",\"contentUrl\":\"https:\/\/www.mundoagropecuario.cl\/new\/wp-content\/uploads\/2025\/12\/INIA-firma-1-scaled.jpeg\",\"width\":640,\"height\":400},{\"@type\":\"BreadcrumbList\",\"@id\":\"https:\/\/www.mundoagropecuario.cl\/new\/inia-remehue-recibe-equipo-greenfeed-para-medir-metano\/#breadcrumb\",\"itemListElement\":[{\"@type\":\"ListItem\",\"position\":1,\"name\":\"Portada\",\"item\":\"https:\/\/www.mundoagropecuario.cl\/new\/\"},{\"@type\":\"ListItem\",\"position\":2,\"name\":\"INIA Remehue recibe equipo Greenfeed para medir metano\"}]},{\"@type\":\"WebSite\",\"@id\":\"https:\/\/www.mundoagropecuario.cl\/new\/#website\",\"url\":\"https:\/\/www.mundoagropecuario.cl\/new\/\",\"name\":\"Mundoagropecuario\",\"description\":\"Mundo Agropecuario\",\"publisher\":{\"@id\":\"https:\/\/www.mundoagropecuario.cl\/new\/#organization\"},\"potentialAction\":[{\"@type\":\"SearchAction\",\"target\":{\"@type\":\"EntryPoint\",\"urlTemplate\":\"https:\/\/www.mundoagropecuario.cl\/new\/?s={search_term_string}\"},\"query-input\":{\"@type\":\"PropertyValueSpecification\",\"valueRequired\":true,\"valueName\":\"search_term_string\"}}],\"inLanguage\":\"es\"},{\"@type\":\"Organization\",\"@id\":\"https:\/\/www.mundoagropecuario.cl\/new\/#organization\",\"name\":\"Revista de Agricultura\",\"url\":\"https:\/\/www.mundoagropecuario.cl\/new\/\",\"logo\":{\"@type\":\"ImageObject\",\"inLanguage\":\"es\",\"@id\":\"https:\/\/www.mundoagropecuario.cl\/new\/#\/schema\/logo\/image\/\",\"url\":\"https:\/\/www.mundoagropecuario.cl\/new\/wp-content\/uploads\/2020\/11\/PORTAL-1-1.png\",\"contentUrl\":\"https:\/\/www.mundoagropecuario.cl\/new\/wp-content\/uploads\/2020\/11\/PORTAL-1-1.png\",\"width\":1026,\"height\":100,\"caption\":\"Revista de Agricultura\"},\"image\":{\"@id\":\"https:\/\/www.mundoagropecuario.cl\/new\/#\/schema\/logo\/image\/\"},\"sameAs\":[\"https:\/\/www.facebook.com\/mundo.agropecuario.3\",\"https:\/\/x.com\/MundoAgropecuar\",\"https:\/\/www.linkedin.com\/in\/mundo-agropecuario-934009201\/\"]},{\"@type\":\"Person\",\"@id\":\"https:\/\/www.mundoagropecuario.cl\/new\/#\/schema\/person\/4e9f74a82a7dac260eb1c44b7eebeb18\",\"name\":\"mundo\",\"url\":\"https:\/\/www.mundoagropecuario.cl\/new\/author\/mundo\/\"}]}<\/script>\n<!-- \/ Yoast SEO plugin. -->","yoast_head_json":{"title":"INIA Remehue recibe equipo Greenfeed para medir metano - Mundoagropecuario","description":"Permitir\u00e1 profundizar estudios sobre emisiones de metano y otros gases del metabolismo bovino, aportando evidencia cient\u00edfica clave.","robots":{"index":"index","follow":"follow","max-snippet":"max-snippet:-1","max-image-preview":"max-image-preview:large","max-video-preview":"max-video-preview:-1"},"canonical":"https:\/\/www.mundoagropecuario.cl\/new\/inia-remehue-recibe-equipo-greenfeed-para-medir-metano\/","og_locale":"es_ES","og_type":"article","og_title":"INIA Remehue recibe equipo Greenfeed para medir metano - Mundoagropecuario","og_description":"Permitir\u00e1 profundizar estudios sobre emisiones de metano y otros gases del metabolismo bovino, aportando evidencia cient\u00edfica clave.","og_url":"https:\/\/www.mundoagropecuario.cl\/new\/inia-remehue-recibe-equipo-greenfeed-para-medir-metano\/","og_site_name":"Mundoagropecuario","article_publisher":"https:\/\/www.facebook.com\/mundo.agropecuario.3","article_published_time":"2025-12-15T15:40:51+00:00","article_modified_time":"2026-01-26T19:28:16+00:00","og_image":[{"width":640,"height":400,"url":"https:\/\/www.mundoagropecuario.cl\/new\/wp-content\/uploads\/2025\/12\/INIA-firma-1-scaled.jpeg","type":"image\/jpeg"}],"author":"mundo","twitter_card":"summary_large_image","twitter_creator":"@MundoAgropecuar","twitter_site":"@MundoAgropecuar","twitter_misc":{"Escrito por":"mundo","Tiempo de lectura":"5 minutos"},"schema":{"@context":"https:\/\/schema.org","@graph":[{"@type":"Article","@id":"https:\/\/www.mundoagropecuario.cl\/new\/inia-remehue-recibe-equipo-greenfeed-para-medir-metano\/#article","isPartOf":{"@id":"https:\/\/www.mundoagropecuario.cl\/new\/inia-remehue-recibe-equipo-greenfeed-para-medir-metano\/"},"author":{"name":"mundo","@id":"https:\/\/www.mundoagropecuario.cl\/new\/#\/schema\/person\/4e9f74a82a7dac260eb1c44b7eebeb18"},"headline":"INIA Remehue recibe equipo Greenfeed para medir metano","datePublished":"2025-12-15T15:40:51+00:00","dateModified":"2026-01-26T19:28:16+00:00","mainEntityOfPage":{"@id":"https:\/\/www.mundoagropecuario.cl\/new\/inia-remehue-recibe-equipo-greenfeed-para-medir-metano\/"},"wordCount":982,"publisher":{"@id":"https:\/\/www.mundoagropecuario.cl\/new\/#organization"},"image":{"@id":"https:\/\/www.mundoagropecuario.cl\/new\/inia-remehue-recibe-equipo-greenfeed-para-medir-metano\/#primaryimage"},"thumbnailUrl":"https:\/\/www.mundoagropecuario.cl\/new\/wp-content\/uploads\/2025\/12\/INIA-firma-1-scaled.jpeg","keywords":["Agricultura","Agro","Aproleche","Cambio clim\u00e1tico","equipo Greenfeed","Fedeleche","INIA","INIA Remehue","medir metano","Mundo Agropecuario","SAG"],"articleSection":["Instituciones"],"inLanguage":"es"},{"@type":"WebPage","@id":"https:\/\/www.mundoagropecuario.cl\/new\/inia-remehue-recibe-equipo-greenfeed-para-medir-metano\/","url":"https:\/\/www.mundoagropecuario.cl\/new\/inia-remehue-recibe-equipo-greenfeed-para-medir-metano\/","name":"INIA Remehue recibe equipo Greenfeed para medir metano - Mundoagropecuario","isPartOf":{"@id":"https:\/\/www.mundoagropecuario.cl\/new\/#website"},"primaryImageOfPage":{"@id":"https:\/\/www.mundoagropecuario.cl\/new\/inia-remehue-recibe-equipo-greenfeed-para-medir-metano\/#primaryimage"},"image":{"@id":"https:\/\/www.mundoagropecuario.cl\/new\/inia-remehue-recibe-equipo-greenfeed-para-medir-metano\/#primaryimage"},"thumbnailUrl":"https:\/\/www.mundoagropecuario.cl\/new\/wp-content\/uploads\/2025\/12\/INIA-firma-1-scaled.jpeg","datePublished":"2025-12-15T15:40:51+00:00","dateModified":"2026-01-26T19:28:16+00:00","description":"Permitir\u00e1 profundizar estudios sobre emisiones de metano y otros gases del metabolismo bovino, aportando evidencia cient\u00edfica clave.","breadcrumb":{"@id":"https:\/\/www.mundoagropecuario.cl\/new\/inia-remehue-recibe-equipo-greenfeed-para-medir-metano\/#breadcrumb"},"inLanguage":"es","potentialAction":[{"@type":"ReadAction","target":["https:\/\/www.mundoagropecuario.cl\/new\/inia-remehue-recibe-equipo-greenfeed-para-medir-metano\/"]}]},{"@type":"ImageObject","inLanguage":"es","@id":"https:\/\/www.mundoagropecuario.cl\/new\/inia-remehue-recibe-equipo-greenfeed-para-medir-metano\/#primaryimage","url":"https:\/\/www.mundoagropecuario.cl\/new\/wp-content\/uploads\/2025\/12\/INIA-firma-1-scaled.jpeg","contentUrl":"https:\/\/www.mundoagropecuario.cl\/new\/wp-content\/uploads\/2025\/12\/INIA-firma-1-scaled.jpeg","width":640,"height":400},{"@type":"BreadcrumbList","@id":"https:\/\/www.mundoagropecuario.cl\/new\/inia-remehue-recibe-equipo-greenfeed-para-medir-metano\/#breadcrumb","itemListElement":[{"@type":"ListItem","position":1,"name":"Portada","item":"https:\/\/www.mundoagropecuario.cl\/new\/"},{"@type":"ListItem","position":2,"name":"INIA Remehue recibe equipo Greenfeed para medir metano"}]},{"@type":"WebSite","@id":"https:\/\/www.mundoagropecuario.cl\/new\/#website","url":"https:\/\/www.mundoagropecuario.cl\/new\/","name":"Mundoagropecuario","description":"Mundo Agropecuario","publisher":{"@id":"https:\/\/www.mundoagropecuario.cl\/new\/#organization"},"potentialAction":[{"@type":"SearchAction","target":{"@type":"EntryPoint","urlTemplate":"https:\/\/www.mundoagropecuario.cl\/new\/?s={search_term_string}"},"query-input":{"@type":"PropertyValueSpecification","valueRequired":true,"valueName":"search_term_string"}}],"inLanguage":"es"},{"@type":"Organization","@id":"https:\/\/www.mundoagropecuario.cl\/new\/#organization","name":"Revista de Agricultura","url":"https:\/\/www.mundoagropecuario.cl\/new\/","logo":{"@type":"ImageObject","inLanguage":"es","@id":"https:\/\/www.mundoagropecuario.cl\/new\/#\/schema\/logo\/image\/","url":"https:\/\/www.mundoagropecuario.cl\/new\/wp-content\/uploads\/2020\/11\/PORTAL-1-1.png","contentUrl":"https:\/\/www.mundoagropecuario.cl\/new\/wp-content\/uploads\/2020\/11\/PORTAL-1-1.png","width":1026,"height":100,"caption":"Revista de Agricultura"},"image":{"@id":"https:\/\/www.mundoagropecuario.cl\/new\/#\/schema\/logo\/image\/"},"sameAs":["https:\/\/www.facebook.com\/mundo.agropecuario.3","https:\/\/x.com\/MundoAgropecuar","https:\/\/www.linkedin.com\/in\/mundo-agropecuario-934009201\/"]},{"@type":"Person","@id":"https:\/\/www.mundoagropecuario.cl\/new\/#\/schema\/person\/4e9f74a82a7dac260eb1c44b7eebeb18","name":"mundo","url":"https:\/\/www.mundoagropecuario.cl\/new\/author\/mundo\/"}]}},"_links":{"self":[{"href":"https:\/\/www.mundoagropecuario.cl\/new\/wp-json\/wp\/v2\/posts\/27344","targetHints":{"allow":["GET"]}}],"collection":[{"href":"https:\/\/www.mundoagropecuario.cl\/new\/wp-json\/wp\/v2\/posts"}],"about":[{"href":"https:\/\/www.mundoagropecuario.cl\/new\/wp-json\/wp\/v2\/types\/post"}],"author":[{"embeddable":true,"href":"https:\/\/www.mundoagropecuario.cl\/new\/wp-json\/wp\/v2\/users\/2"}],"replies":[{"embeddable":true,"href":"https:\/\/www.mundoagropecuario.cl\/new\/wp-json\/wp\/v2\/comments?post=27344"}],"version-history":[{"count":1,"href":"https:\/\/www.mundoagropecuario.cl\/new\/wp-json\/wp\/v2\/posts\/27344\/revisions"}],"predecessor-version":[{"id":27347,"href":"https:\/\/www.mundoagropecuario.cl\/new\/wp-json\/wp\/v2\/posts\/27344\/revisions\/27347"}],"wp:featuredmedia":[{"embeddable":true,"href":"https:\/\/www.mundoagropecuario.cl\/new\/wp-json\/wp\/v2\/media\/27346"}],"wp:attachment":[{"href":"https:\/\/www.mundoagropecuario.cl\/new\/wp-json\/wp\/v2\/media?parent=27344"}],"wp:term":[{"taxonomy":"category","embeddable":true,"href":"https:\/\/www.mundoagropecuario.cl\/new\/wp-json\/wp\/v2\/categories?post=27344"},{"taxonomy":"post_tag","embeddable":true,"href":"https:\/\/www.mundoagropecuario.cl\/new\/wp-json\/wp\/v2\/tags?post=27344"}],"curies":[{"name":"wp","href":"https:\/\/api.w.org\/{rel}","templated":true}]}}