{"id":27308,"date":"2025-10-27T16:06:18","date_gmt":"2025-10-27T19:06:18","guid":{"rendered":"https:\/\/www.mundoagropecuario.cl\/new\/?p=27308"},"modified":"2025-12-05T12:15:30","modified_gmt":"2025-12-05T15:15:30","slug":"delegacion-de-la-cumbre-mundial-de-la-leche-visita-inia-remehue-y-conoce-avances-cientificos","status":"publish","type":"post","link":"https:\/\/www.mundoagropecuario.cl\/new\/delegacion-de-la-cumbre-mundial-de-la-leche-visita-inia-remehue-y-conoce-avances-cientificos\/","title":{"rendered":"Delegaci\u00f3n de la Cumbre Mundial de la Leche visita INIA Remehue y conoce avances cient\u00edficos"},"content":{"rendered":"<p>La instituci\u00f3n mostr\u00f3 sus estudios pioneros en gases de efecto invernadero y temas ambientales, su lecher\u00eda robotizada y planta piloto de l\u00e1cteos con identidad territorial y valor agregado, demostrando su liderazgo en trabajos cient\u00edficos que han permitido avanzar hacia una producci\u00f3n lechera sostenible.<\/p>\n<p>Para conocer avances cient\u00edficos de investigaci\u00f3n y nuevas tecnolog\u00edas para una producci\u00f3n lechera moderna, eficiente y sostenible, una delegaci\u00f3n internacional de la Cumbre Mundial de la Leche visit\u00f3 el Centro Regional de Investigaci\u00f3n INIA Remehue, en el marco de la jornada de este importante evento global realizado por primera vez en Chile y Latinoam\u00e9rica.<\/p>\n<p><a href=\"https:\/\/www.mundoagropecuario.cl\/new\/wp-content\/uploads\/2025\/10\/Visita-a-INIA-Remehue-2025-scaled.jpg\"><img loading=\"lazy\" decoding=\"async\" class=\"alignleft wp-image-27310 \" src=\"https:\/\/www.mundoagropecuario.cl\/new\/wp-content\/uploads\/2025\/10\/Visita-a-INIA-Remehue-2025-628x400.jpg\" alt=\"\" width=\"531\" height=\"375\" \/><\/a>La visita se inici\u00f3 con una bienvenida del Director Regional de INIA Remehue, Manuel Mu\u00f1oz, quien hizo una breve presentaci\u00f3n del quehacer del Instituto de Investigaciones Agropecuarias (INIA), la principal instituci\u00f3n de investigaci\u00f3n, desarrollo e innovaci\u00f3n (I+D+i) de Chile vinculada al Ministerio de Agricultura, con m\u00e1s de 60 a\u00f1os de historia y que tiene como principal funci\u00f3n contribuir al desarrollo sostenible de la agroindustria nacional.<\/p>\n<p>El directivo, dio a conocer tambi\u00e9n detalles del recorrido realizado por la delegaci\u00f3n compuesta por productores y profesionales de Alemania, Finlandia, Reino Unido, Canad\u00e1 y Nueva Zelanda.<\/p>\n<p>\u201cA los visitantes extranjeros les mostramos el trabajo de INIA Remehue en el \u00e1rea de Ganader\u00eda y Medioambiente, en temas como mediciones de gases de efecto invernadero, balance de carbono y estrategias de mitigaci\u00f3n y adaptaci\u00f3n al cambio clim\u00e1tico.\u00a0 Esta primera estaci\u00f3n estuvo a cargo de los investigadores Camila Mu\u00f1oz e Ignacio Beltr\u00e1n\u201d, inform\u00f3.<\/p>\n<p>Tambi\u00e9n visitaron y conocieron nuestra lecher\u00eda robotizada, pionera en Chile en investigaci\u00f3n y capacitaci\u00f3n en sistemas de pastoreo, en donde fueron recibidos por los investigadores Sergio Iraira, Natalie Urrutia y por Mar\u00eda Jos\u00e9 Gajardo.<\/p>\n<p>\u201cFinalmente, en la Planta de Innovaci\u00f3n Alimentaria les presentamos el trabajo que estamos desarrollando para diversificar la oferta productiva de quesos y agregar valor a los l\u00e1cteos regionales e hicimos una degustaci\u00f3n de quesos artesanos de autor, elaborados por productores locales apoyados por INIA, que fueron premiados en el Encuentro Quesos, el primer concurso internacional realizado recientemente en Chile en el marco de la feria Food Service 2025. En nuestra planta piloto, los visitantes fueron atendidos por los profesionales del \u00e1rea de alimentos, Ignacio Subiabre, Paulina Ulloa y Nicol\u00e1s Pizarro\u201d, indic\u00f3.<\/p>\n<p>\u201cEsta visita realizada como actividad de cierre de la Cumbre Mundial de la Leche es una muestra de c\u00f3mo Chile ha transformado los desaf\u00edos del sector lechero en aprendizajes, asumiendo un liderazgo emergente en producci\u00f3n lechera sostenible\u201d, concluy\u00f3 el director de INIA Remehue.<\/p>\n<p>Al finalizar la jornada, la gerente de Aproleche Osorno, Anita Jans, quien estuvo a cargo de los grupos visitantes junto al investigador Cristian Moscoso de INIA, dijo que vino \u201cgente muy interesada en lo que hacemos y est\u00e1n muy impresionados del avance que hay en nuestro pa\u00eds, tanto en la parte agr\u00edcola por parte del productor como tambi\u00e9n en el \u00e1rea de investigaci\u00f3n\u201d.<\/p>\n","protected":false},"excerpt":{"rendered":"<p>Delegaci\u00f3n internacional de la Cumbre Mundial de la Leche conoci\u00f3 en INIA Remehue los avances cient\u00edficos y tecnol\u00f3gicos que impulsan una producci\u00f3n lechera m\u00e1s moderna, eficiente y sostenible.<\/p>\n","protected":false},"author":2,"featured_media":27309,"comment_status":"closed","ping_status":"closed","sticky":false,"template":"","format":"standard","meta":{"footnotes":""},"categories":[1945],"tags":[2090,3127,1555,9997,9998,9235,5977,1992,2052,1993,2141,7981,2035,8873,2036],"class_list":["post-27308","post","type-post","status-publish","format-standard","has-post-thumbnail","hentry","category-agricultura","tag-agricultura","tag-agro","tag-alemania","tag-avances-cientificos","tag-canada-y-nueva-zelanda","tag-cumbre-mundial-de-la-leche","tag-finlandia","tag-indap","tag-inia","tag-inia-remehue","tag-lacteos","tag-manuel-munoz","tag-minagri","tag-reino-unido","tag-sag"],"yoast_head":"<!-- This site is optimized with the Yoast SEO plugin v26.6 - https:\/\/yoast.com\/wordpress\/plugins\/seo\/ -->\n<title>Delegaci\u00f3n de la Cumbre Mundial de la Leche visita INIA Remehue y conoce avances cient\u00edficos - Mundoagropecuario<\/title>\n<meta name=\"description\" content=\"Delegaci\u00f3n internacional de la Cumbre Mundial de la Leche conoci\u00f3 en INIA Remehue los avances cient\u00edficos y tecnol\u00f3gicos.\" \/>\n<meta name=\"robots\" content=\"index, follow, max-snippet:-1, max-image-preview:large, max-video-preview:-1\" \/>\n<link rel=\"canonical\" href=\"https:\/\/www.mundoagropecuario.cl\/new\/delegacion-de-la-cumbre-mundial-de-la-leche-visita-inia-remehue-y-conoce-avances-cientificos\/\" \/>\n<meta property=\"og:locale\" content=\"es_ES\" \/>\n<meta property=\"og:type\" content=\"article\" \/>\n<meta property=\"og:title\" content=\"Delegaci\u00f3n de la Cumbre Mundial de la Leche visita INIA Remehue y conoce avances cient\u00edficos - Mundoagropecuario\" \/>\n<meta property=\"og:description\" content=\"Delegaci\u00f3n internacional de la Cumbre Mundial de la Leche conoci\u00f3 en INIA Remehue los avances cient\u00edficos y tecnol\u00f3gicos.\" \/>\n<meta property=\"og:url\" content=\"https:\/\/www.mundoagropecuario.cl\/new\/delegacion-de-la-cumbre-mundial-de-la-leche-visita-inia-remehue-y-conoce-avances-cientificos\/\" \/>\n<meta property=\"og:site_name\" content=\"Mundoagropecuario\" \/>\n<meta property=\"article:publisher\" content=\"https:\/\/www.facebook.com\/mundo.agropecuario.3\" \/>\n<meta property=\"article:published_time\" content=\"2025-10-27T19:06:18+00:00\" \/>\n<meta property=\"article:modified_time\" content=\"2025-12-05T15:15:30+00:00\" \/>\n<meta property=\"og:image\" content=\"https:\/\/www.mundoagropecuario.cl\/new\/wp-content\/uploads\/2025\/10\/Delegacion-WDS-IDF-2025-scaled.jpg\" \/>\n\t<meta property=\"og:image:width\" content=\"665\" \/>\n\t<meta property=\"og:image:height\" content=\"400\" \/>\n\t<meta property=\"og:image:type\" content=\"image\/jpeg\" \/>\n<meta name=\"author\" content=\"mundo\" \/>\n<meta name=\"twitter:card\" content=\"summary_large_image\" \/>\n<meta name=\"twitter:creator\" content=\"@MundoAgropecuar\" \/>\n<meta name=\"twitter:site\" content=\"@MundoAgropecuar\" \/>\n<meta name=\"twitter:label1\" content=\"Escrito por\" \/>\n\t<meta name=\"twitter:data1\" content=\"mundo\" \/>\n\t<meta name=\"twitter:label2\" content=\"Tiempo de lectura\" \/>\n\t<meta name=\"twitter:data2\" content=\"3 minutos\" \/>\n<script type=\"application\/ld+json\" class=\"yoast-schema-graph\">{\"@context\":\"https:\/\/schema.org\",\"@graph\":[{\"@type\":\"Article\",\"@id\":\"https:\/\/www.mundoagropecuario.cl\/new\/delegacion-de-la-cumbre-mundial-de-la-leche-visita-inia-remehue-y-conoce-avances-cientificos\/#article\",\"isPartOf\":{\"@id\":\"https:\/\/www.mundoagropecuario.cl\/new\/delegacion-de-la-cumbre-mundial-de-la-leche-visita-inia-remehue-y-conoce-avances-cientificos\/\"},\"author\":{\"name\":\"mundo\",\"@id\":\"https:\/\/www.mundoagropecuario.cl\/new\/#\/schema\/person\/4e9f74a82a7dac260eb1c44b7eebeb18\"},\"headline\":\"Delegaci\u00f3n de la Cumbre Mundial de la Leche visita INIA Remehue y conoce avances cient\u00edficos\",\"datePublished\":\"2025-10-27T19:06:18+00:00\",\"dateModified\":\"2025-12-05T15:15:30+00:00\",\"mainEntityOfPage\":{\"@id\":\"https:\/\/www.mundoagropecuario.cl\/new\/delegacion-de-la-cumbre-mundial-de-la-leche-visita-inia-remehue-y-conoce-avances-cientificos\/\"},\"wordCount\":537,\"publisher\":{\"@id\":\"https:\/\/www.mundoagropecuario.cl\/new\/#organization\"},\"image\":{\"@id\":\"https:\/\/www.mundoagropecuario.cl\/new\/delegacion-de-la-cumbre-mundial-de-la-leche-visita-inia-remehue-y-conoce-avances-cientificos\/#primaryimage\"},\"thumbnailUrl\":\"https:\/\/www.mundoagropecuario.cl\/new\/wp-content\/uploads\/2025\/10\/Delegacion-WDS-IDF-2025-scaled.jpg\",\"keywords\":[\"Agricultura\",\"Agro\",\"Alemania\",\"avances cient\u00edficos\",\"Canad\u00e1 y Nueva Zelanda.\",\"Cumbre mundial de la leche\",\"Finlandia\",\"Indap\",\"INIA\",\"INIA Remehue\",\"L\u00e1cteos\",\"Manuel Mu\u00f1oz\",\"Minagri\",\"Reino Unido\",\"SAG\"],\"articleSection\":[\"Agricultura\"],\"inLanguage\":\"es\"},{\"@type\":\"WebPage\",\"@id\":\"https:\/\/www.mundoagropecuario.cl\/new\/delegacion-de-la-cumbre-mundial-de-la-leche-visita-inia-remehue-y-conoce-avances-cientificos\/\",\"url\":\"https:\/\/www.mundoagropecuario.cl\/new\/delegacion-de-la-cumbre-mundial-de-la-leche-visita-inia-remehue-y-conoce-avances-cientificos\/\",\"name\":\"Delegaci\u00f3n de la Cumbre Mundial de la Leche visita INIA Remehue y conoce avances cient\u00edficos - Mundoagropecuario\",\"isPartOf\":{\"@id\":\"https:\/\/www.mundoagropecuario.cl\/new\/#website\"},\"primaryImageOfPage\":{\"@id\":\"https:\/\/www.mundoagropecuario.cl\/new\/delegacion-de-la-cumbre-mundial-de-la-leche-visita-inia-remehue-y-conoce-avances-cientificos\/#primaryimage\"},\"image\":{\"@id\":\"https:\/\/www.mundoagropecuario.cl\/new\/delegacion-de-la-cumbre-mundial-de-la-leche-visita-inia-remehue-y-conoce-avances-cientificos\/#primaryimage\"},\"thumbnailUrl\":\"https:\/\/www.mundoagropecuario.cl\/new\/wp-content\/uploads\/2025\/10\/Delegacion-WDS-IDF-2025-scaled.jpg\",\"datePublished\":\"2025-10-27T19:06:18+00:00\",\"dateModified\":\"2025-12-05T15:15:30+00:00\",\"description\":\"Delegaci\u00f3n internacional de la Cumbre Mundial de la Leche conoci\u00f3 en INIA Remehue los avances cient\u00edficos y tecnol\u00f3gicos.\",\"breadcrumb\":{\"@id\":\"https:\/\/www.mundoagropecuario.cl\/new\/delegacion-de-la-cumbre-mundial-de-la-leche-visita-inia-remehue-y-conoce-avances-cientificos\/#breadcrumb\"},\"inLanguage\":\"es\",\"potentialAction\":[{\"@type\":\"ReadAction\",\"target\":[\"https:\/\/www.mundoagropecuario.cl\/new\/delegacion-de-la-cumbre-mundial-de-la-leche-visita-inia-remehue-y-conoce-avances-cientificos\/\"]}]},{\"@type\":\"ImageObject\",\"inLanguage\":\"es\",\"@id\":\"https:\/\/www.mundoagropecuario.cl\/new\/delegacion-de-la-cumbre-mundial-de-la-leche-visita-inia-remehue-y-conoce-avances-cientificos\/#primaryimage\",\"url\":\"https:\/\/www.mundoagropecuario.cl\/new\/wp-content\/uploads\/2025\/10\/Delegacion-WDS-IDF-2025-scaled.jpg\",\"contentUrl\":\"https:\/\/www.mundoagropecuario.cl\/new\/wp-content\/uploads\/2025\/10\/Delegacion-WDS-IDF-2025-scaled.jpg\",\"width\":665,\"height\":400},{\"@type\":\"BreadcrumbList\",\"@id\":\"https:\/\/www.mundoagropecuario.cl\/new\/delegacion-de-la-cumbre-mundial-de-la-leche-visita-inia-remehue-y-conoce-avances-cientificos\/#breadcrumb\",\"itemListElement\":[{\"@type\":\"ListItem\",\"position\":1,\"name\":\"Portada\",\"item\":\"https:\/\/www.mundoagropecuario.cl\/new\/\"},{\"@type\":\"ListItem\",\"position\":2,\"name\":\"Delegaci\u00f3n de la Cumbre Mundial de la Leche visita INIA Remehue y conoce avances cient\u00edficos\"}]},{\"@type\":\"WebSite\",\"@id\":\"https:\/\/www.mundoagropecuario.cl\/new\/#website\",\"url\":\"https:\/\/www.mundoagropecuario.cl\/new\/\",\"name\":\"Mundoagropecuario\",\"description\":\"Mundo Agropecuario\",\"publisher\":{\"@id\":\"https:\/\/www.mundoagropecuario.cl\/new\/#organization\"},\"potentialAction\":[{\"@type\":\"SearchAction\",\"target\":{\"@type\":\"EntryPoint\",\"urlTemplate\":\"https:\/\/www.mundoagropecuario.cl\/new\/?s={search_term_string}\"},\"query-input\":{\"@type\":\"PropertyValueSpecification\",\"valueRequired\":true,\"valueName\":\"search_term_string\"}}],\"inLanguage\":\"es\"},{\"@type\":\"Organization\",\"@id\":\"https:\/\/www.mundoagropecuario.cl\/new\/#organization\",\"name\":\"Revista de Agricultura\",\"url\":\"https:\/\/www.mundoagropecuario.cl\/new\/\",\"logo\":{\"@type\":\"ImageObject\",\"inLanguage\":\"es\",\"@id\":\"https:\/\/www.mundoagropecuario.cl\/new\/#\/schema\/logo\/image\/\",\"url\":\"https:\/\/www.mundoagropecuario.cl\/new\/wp-content\/uploads\/2020\/11\/PORTAL-1-1.png\",\"contentUrl\":\"https:\/\/www.mundoagropecuario.cl\/new\/wp-content\/uploads\/2020\/11\/PORTAL-1-1.png\",\"width\":1026,\"height\":100,\"caption\":\"Revista de Agricultura\"},\"image\":{\"@id\":\"https:\/\/www.mundoagropecuario.cl\/new\/#\/schema\/logo\/image\/\"},\"sameAs\":[\"https:\/\/www.facebook.com\/mundo.agropecuario.3\",\"https:\/\/x.com\/MundoAgropecuar\",\"https:\/\/www.linkedin.com\/in\/mundo-agropecuario-934009201\/\"]},{\"@type\":\"Person\",\"@id\":\"https:\/\/www.mundoagropecuario.cl\/new\/#\/schema\/person\/4e9f74a82a7dac260eb1c44b7eebeb18\",\"name\":\"mundo\",\"url\":\"https:\/\/www.mundoagropecuario.cl\/new\/author\/mundo\/\"}]}<\/script>\n<!-- \/ Yoast SEO plugin. -->","yoast_head_json":{"title":"Delegaci\u00f3n de la Cumbre Mundial de la Leche visita INIA Remehue y conoce avances cient\u00edficos - Mundoagropecuario","description":"Delegaci\u00f3n internacional de la Cumbre Mundial de la Leche conoci\u00f3 en INIA Remehue los avances cient\u00edficos y tecnol\u00f3gicos.","robots":{"index":"index","follow":"follow","max-snippet":"max-snippet:-1","max-image-preview":"max-image-preview:large","max-video-preview":"max-video-preview:-1"},"canonical":"https:\/\/www.mundoagropecuario.cl\/new\/delegacion-de-la-cumbre-mundial-de-la-leche-visita-inia-remehue-y-conoce-avances-cientificos\/","og_locale":"es_ES","og_type":"article","og_title":"Delegaci\u00f3n de la Cumbre Mundial de la Leche visita INIA Remehue y conoce avances cient\u00edficos - Mundoagropecuario","og_description":"Delegaci\u00f3n internacional de la Cumbre Mundial de la Leche conoci\u00f3 en INIA Remehue los avances cient\u00edficos y tecnol\u00f3gicos.","og_url":"https:\/\/www.mundoagropecuario.cl\/new\/delegacion-de-la-cumbre-mundial-de-la-leche-visita-inia-remehue-y-conoce-avances-cientificos\/","og_site_name":"Mundoagropecuario","article_publisher":"https:\/\/www.facebook.com\/mundo.agropecuario.3","article_published_time":"2025-10-27T19:06:18+00:00","article_modified_time":"2025-12-05T15:15:30+00:00","og_image":[{"width":665,"height":400,"url":"https:\/\/www.mundoagropecuario.cl\/new\/wp-content\/uploads\/2025\/10\/Delegacion-WDS-IDF-2025-scaled.jpg","type":"image\/jpeg"}],"author":"mundo","twitter_card":"summary_large_image","twitter_creator":"@MundoAgropecuar","twitter_site":"@MundoAgropecuar","twitter_misc":{"Escrito por":"mundo","Tiempo de lectura":"3 minutos"},"schema":{"@context":"https:\/\/schema.org","@graph":[{"@type":"Article","@id":"https:\/\/www.mundoagropecuario.cl\/new\/delegacion-de-la-cumbre-mundial-de-la-leche-visita-inia-remehue-y-conoce-avances-cientificos\/#article","isPartOf":{"@id":"https:\/\/www.mundoagropecuario.cl\/new\/delegacion-de-la-cumbre-mundial-de-la-leche-visita-inia-remehue-y-conoce-avances-cientificos\/"},"author":{"name":"mundo","@id":"https:\/\/www.mundoagropecuario.cl\/new\/#\/schema\/person\/4e9f74a82a7dac260eb1c44b7eebeb18"},"headline":"Delegaci\u00f3n de la Cumbre Mundial de la Leche visita INIA Remehue y conoce avances cient\u00edficos","datePublished":"2025-10-27T19:06:18+00:00","dateModified":"2025-12-05T15:15:30+00:00","mainEntityOfPage":{"@id":"https:\/\/www.mundoagropecuario.cl\/new\/delegacion-de-la-cumbre-mundial-de-la-leche-visita-inia-remehue-y-conoce-avances-cientificos\/"},"wordCount":537,"publisher":{"@id":"https:\/\/www.mundoagropecuario.cl\/new\/#organization"},"image":{"@id":"https:\/\/www.mundoagropecuario.cl\/new\/delegacion-de-la-cumbre-mundial-de-la-leche-visita-inia-remehue-y-conoce-avances-cientificos\/#primaryimage"},"thumbnailUrl":"https:\/\/www.mundoagropecuario.cl\/new\/wp-content\/uploads\/2025\/10\/Delegacion-WDS-IDF-2025-scaled.jpg","keywords":["Agricultura","Agro","Alemania","avances cient\u00edficos","Canad\u00e1 y Nueva Zelanda.","Cumbre mundial de la leche","Finlandia","Indap","INIA","INIA Remehue","L\u00e1cteos","Manuel Mu\u00f1oz","Minagri","Reino Unido","SAG"],"articleSection":["Agricultura"],"inLanguage":"es"},{"@type":"WebPage","@id":"https:\/\/www.mundoagropecuario.cl\/new\/delegacion-de-la-cumbre-mundial-de-la-leche-visita-inia-remehue-y-conoce-avances-cientificos\/","url":"https:\/\/www.mundoagropecuario.cl\/new\/delegacion-de-la-cumbre-mundial-de-la-leche-visita-inia-remehue-y-conoce-avances-cientificos\/","name":"Delegaci\u00f3n de la Cumbre Mundial de la Leche visita INIA Remehue y conoce avances cient\u00edficos - Mundoagropecuario","isPartOf":{"@id":"https:\/\/www.mundoagropecuario.cl\/new\/#website"},"primaryImageOfPage":{"@id":"https:\/\/www.mundoagropecuario.cl\/new\/delegacion-de-la-cumbre-mundial-de-la-leche-visita-inia-remehue-y-conoce-avances-cientificos\/#primaryimage"},"image":{"@id":"https:\/\/www.mundoagropecuario.cl\/new\/delegacion-de-la-cumbre-mundial-de-la-leche-visita-inia-remehue-y-conoce-avances-cientificos\/#primaryimage"},"thumbnailUrl":"https:\/\/www.mundoagropecuario.cl\/new\/wp-content\/uploads\/2025\/10\/Delegacion-WDS-IDF-2025-scaled.jpg","datePublished":"2025-10-27T19:06:18+00:00","dateModified":"2025-12-05T15:15:30+00:00","description":"Delegaci\u00f3n internacional de la Cumbre Mundial de la Leche conoci\u00f3 en INIA Remehue los avances cient\u00edficos y tecnol\u00f3gicos.","breadcrumb":{"@id":"https:\/\/www.mundoagropecuario.cl\/new\/delegacion-de-la-cumbre-mundial-de-la-leche-visita-inia-remehue-y-conoce-avances-cientificos\/#breadcrumb"},"inLanguage":"es","potentialAction":[{"@type":"ReadAction","target":["https:\/\/www.mundoagropecuario.cl\/new\/delegacion-de-la-cumbre-mundial-de-la-leche-visita-inia-remehue-y-conoce-avances-cientificos\/"]}]},{"@type":"ImageObject","inLanguage":"es","@id":"https:\/\/www.mundoagropecuario.cl\/new\/delegacion-de-la-cumbre-mundial-de-la-leche-visita-inia-remehue-y-conoce-avances-cientificos\/#primaryimage","url":"https:\/\/www.mundoagropecuario.cl\/new\/wp-content\/uploads\/2025\/10\/Delegacion-WDS-IDF-2025-scaled.jpg","contentUrl":"https:\/\/www.mundoagropecuario.cl\/new\/wp-content\/uploads\/2025\/10\/Delegacion-WDS-IDF-2025-scaled.jpg","width":665,"height":400},{"@type":"BreadcrumbList","@id":"https:\/\/www.mundoagropecuario.cl\/new\/delegacion-de-la-cumbre-mundial-de-la-leche-visita-inia-remehue-y-conoce-avances-cientificos\/#breadcrumb","itemListElement":[{"@type":"ListItem","position":1,"name":"Portada","item":"https:\/\/www.mundoagropecuario.cl\/new\/"},{"@type":"ListItem","position":2,"name":"Delegaci\u00f3n de la Cumbre Mundial de la Leche visita INIA Remehue y conoce avances cient\u00edficos"}]},{"@type":"WebSite","@id":"https:\/\/www.mundoagropecuario.cl\/new\/#website","url":"https:\/\/www.mundoagropecuario.cl\/new\/","name":"Mundoagropecuario","description":"Mundo Agropecuario","publisher":{"@id":"https:\/\/www.mundoagropecuario.cl\/new\/#organization"},"potentialAction":[{"@type":"SearchAction","target":{"@type":"EntryPoint","urlTemplate":"https:\/\/www.mundoagropecuario.cl\/new\/?s={search_term_string}"},"query-input":{"@type":"PropertyValueSpecification","valueRequired":true,"valueName":"search_term_string"}}],"inLanguage":"es"},{"@type":"Organization","@id":"https:\/\/www.mundoagropecuario.cl\/new\/#organization","name":"Revista de Agricultura","url":"https:\/\/www.mundoagropecuario.cl\/new\/","logo":{"@type":"ImageObject","inLanguage":"es","@id":"https:\/\/www.mundoagropecuario.cl\/new\/#\/schema\/logo\/image\/","url":"https:\/\/www.mundoagropecuario.cl\/new\/wp-content\/uploads\/2020\/11\/PORTAL-1-1.png","contentUrl":"https:\/\/www.mundoagropecuario.cl\/new\/wp-content\/uploads\/2020\/11\/PORTAL-1-1.png","width":1026,"height":100,"caption":"Revista de Agricultura"},"image":{"@id":"https:\/\/www.mundoagropecuario.cl\/new\/#\/schema\/logo\/image\/"},"sameAs":["https:\/\/www.facebook.com\/mundo.agropecuario.3","https:\/\/x.com\/MundoAgropecuar","https:\/\/www.linkedin.com\/in\/mundo-agropecuario-934009201\/"]},{"@type":"Person","@id":"https:\/\/www.mundoagropecuario.cl\/new\/#\/schema\/person\/4e9f74a82a7dac260eb1c44b7eebeb18","name":"mundo","url":"https:\/\/www.mundoagropecuario.cl\/new\/author\/mundo\/"}]}},"_links":{"self":[{"href":"https:\/\/www.mundoagropecuario.cl\/new\/wp-json\/wp\/v2\/posts\/27308","targetHints":{"allow":["GET"]}}],"collection":[{"href":"https:\/\/www.mundoagropecuario.cl\/new\/wp-json\/wp\/v2\/posts"}],"about":[{"href":"https:\/\/www.mundoagropecuario.cl\/new\/wp-json\/wp\/v2\/types\/post"}],"author":[{"embeddable":true,"href":"https:\/\/www.mundoagropecuario.cl\/new\/wp-json\/wp\/v2\/users\/2"}],"replies":[{"embeddable":true,"href":"https:\/\/www.mundoagropecuario.cl\/new\/wp-json\/wp\/v2\/comments?post=27308"}],"version-history":[{"count":1,"href":"https:\/\/www.mundoagropecuario.cl\/new\/wp-json\/wp\/v2\/posts\/27308\/revisions"}],"predecessor-version":[{"id":27311,"href":"https:\/\/www.mundoagropecuario.cl\/new\/wp-json\/wp\/v2\/posts\/27308\/revisions\/27311"}],"wp:featuredmedia":[{"embeddable":true,"href":"https:\/\/www.mundoagropecuario.cl\/new\/wp-json\/wp\/v2\/media\/27309"}],"wp:attachment":[{"href":"https:\/\/www.mundoagropecuario.cl\/new\/wp-json\/wp\/v2\/media?parent=27308"}],"wp:term":[{"taxonomy":"category","embeddable":true,"href":"https:\/\/www.mundoagropecuario.cl\/new\/wp-json\/wp\/v2\/categories?post=27308"},{"taxonomy":"post_tag","embeddable":true,"href":"https:\/\/www.mundoagropecuario.cl\/new\/wp-json\/wp\/v2\/tags?post=27308"}],"curies":[{"name":"wp","href":"https:\/\/api.w.org\/{rel}","templated":true}]}}