{"id":27304,"date":"2025-10-22T11:56:12","date_gmt":"2025-10-22T14:56:12","guid":{"rendered":"https:\/\/www.mundoagropecuario.cl\/new\/?p=27304"},"modified":"2025-11-27T13:06:35","modified_gmt":"2025-11-27T16:06:35","slug":"latam-cargo-inicia-temporada-2025-de-cerezas-chilenas-con-primer-envio-aereo","status":"publish","type":"post","link":"https:\/\/www.mundoagropecuario.cl\/new\/latam-cargo-inicia-temporada-2025-de-cerezas-chilenas-con-primer-envio-aereo\/","title":{"rendered":"LATAM Cargo inicia temporada 2025 de cerezas chilenas con primer env\u00edo a\u00e9reo"},"content":{"rendered":"<p>Fueron alrededor de dos toneladas de cerezas que partieron desde Santiago de Chile con escala en Auckland, Nueva Zelanda, para arribar a China el viernes 17 de octubre. Con este hito, LATAM Cargo Group particip\u00f3 en el primer embarque del periodo 2025-2026, dando comienzo oficial a la distribuci\u00f3n de esta fruta hacia su principal mercado.<\/p>\n<p><a href=\"https:\/\/www.mundoagropecuario.cl\/new\/wp-content\/uploads\/2025\/10\/Latam-scaled.png\"><img loading=\"lazy\" decoding=\"async\" class=\"alignleft wp-image-27305 \" src=\"https:\/\/www.mundoagropecuario.cl\/new\/wp-content\/uploads\/2025\/10\/Latam-714x400.png\" alt=\"\" width=\"546\" height=\"353\" \/><\/a>Es al inicio de la temporada cuando el transporte a\u00e9reo cumple un rol fundamental, movilizando variedades tempranas que requieren rapidez para llegar frescas a destino, y as\u00ed\u00a0 atender la demanda generada por el A\u00f1o Nuevo Chino. En esta etapa, LATAM Cargo Group ajusta su operaci\u00f3n para responder al aumento de env\u00edos y garantizar la calidad de la fruta en destino.<\/p>\n<p>\u201cNos enorgullece ser parte de este momento clave, conectando a los productores locales con el mercado asi\u00e1tico, uno de los m\u00e1s exigentes del mundo. Nuestro compromiso es seguir acompa\u00f1ando a nuestros clientes en cada env\u00edo, asegurando que las cerezas lleguen frescas y a tiempo. Este es solo el comienzo de una temporada llena de desaf\u00edos y grandes oportunidades junto a nuestros clientes\u201d, <strong>se\u00f1al\u00f3 Claudio Torres Faini, Director Comercial Sudam\u00e9rica de LATAM Cargo Group.<\/strong><\/p>\n<p>Seg\u00fan el Anuario 2024 Mercado Internacional de Cerezas de iQonsulting, Chile concentra el 97% de las exportaciones del hemisferio sur, y cerca del 90% de su producci\u00f3n se destina a China. LATAM se consolid\u00f3 en 2024 como l\u00edder en el transporte a\u00e9reo de cerezas desde Chile y para la temporada 2025 proyecta superar las 6.000 toneladas transportadas, lo que representar\u00eda un crecimiento cercano al 10% respecto al a\u00f1o anterior.<\/p>\n<p>Estos embarques se apoyan en la mayor red de conexiones cargueras de Sudam\u00e9rica, con 165 destinos en 31 pa\u00edses, 12 de ellos exclusivos para carga, lo que permite llegar de manera eficiente y confiable a diversos mercados con los perecibles.<\/p>\n","protected":false},"excerpt":{"rendered":"<p>La operaci\u00f3n se extender\u00e1 hasta mediados de diciembre, conectando a productores chilenos con los mercados asi\u00e1ticos y asegurando que la fruta llegue fresca y a tiempo.<\/p>\n","protected":false},"author":2,"featured_media":27306,"comment_status":"closed","ping_status":"closed","sticky":false,"template":"","format":"standard","meta":{"footnotes":""},"categories":[1945],"tags":[2090,3127,876,2058,9996,2035,4149,2036],"class_list":["post-27304","post","type-post","status-publish","format-standard","has-post-thumbnail","hentry","category-agricultura","tag-agricultura","tag-agro","tag-conaf","tag-fedeleche","tag-latam-cargo-group","tag-minagri","tag-mundo-agropecuario","tag-sag"],"yoast_head":"<!-- This site is optimized with the Yoast SEO plugin v26.6 - https:\/\/yoast.com\/wordpress\/plugins\/seo\/ -->\n<title>LATAM Cargo inicia temporada 2025 de cerezas chilenas con primer env\u00edo a\u00e9reo - Mundoagropecuario<\/title>\n<meta name=\"description\" content=\"La operaci\u00f3n se extender\u00e1 hasta mediados de diciembre, conectando a productores chilenos con los mercados asi\u00e1ticos.\" \/>\n<meta name=\"robots\" content=\"index, follow, max-snippet:-1, max-image-preview:large, max-video-preview:-1\" \/>\n<link rel=\"canonical\" href=\"https:\/\/www.mundoagropecuario.cl\/new\/latam-cargo-inicia-temporada-2025-de-cerezas-chilenas-con-primer-envio-aereo\/\" \/>\n<meta property=\"og:locale\" content=\"es_ES\" \/>\n<meta property=\"og:type\" content=\"article\" \/>\n<meta property=\"og:title\" content=\"LATAM Cargo inicia temporada 2025 de cerezas chilenas con primer env\u00edo a\u00e9reo - Mundoagropecuario\" \/>\n<meta property=\"og:description\" content=\"La operaci\u00f3n se extender\u00e1 hasta mediados de diciembre, conectando a productores chilenos con los mercados asi\u00e1ticos.\" \/>\n<meta property=\"og:url\" content=\"https:\/\/www.mundoagropecuario.cl\/new\/latam-cargo-inicia-temporada-2025-de-cerezas-chilenas-con-primer-envio-aereo\/\" \/>\n<meta property=\"og:site_name\" content=\"Mundoagropecuario\" \/>\n<meta property=\"article:publisher\" content=\"https:\/\/www.facebook.com\/mundo.agropecuario.3\" \/>\n<meta property=\"article:published_time\" content=\"2025-10-22T14:56:12+00:00\" \/>\n<meta property=\"article:modified_time\" content=\"2025-11-27T16:06:35+00:00\" \/>\n<meta property=\"og:image\" content=\"https:\/\/www.mundoagropecuario.cl\/new\/wp-content\/uploads\/2025\/10\/Cerezas-scaled.jpeg\" \/>\n\t<meta property=\"og:image:width\" content=\"708\" \/>\n\t<meta property=\"og:image:height\" content=\"400\" \/>\n\t<meta property=\"og:image:type\" content=\"image\/jpeg\" \/>\n<meta name=\"author\" content=\"mundo\" \/>\n<meta name=\"twitter:card\" content=\"summary_large_image\" \/>\n<meta name=\"twitter:creator\" content=\"@MundoAgropecuar\" \/>\n<meta name=\"twitter:site\" content=\"@MundoAgropecuar\" \/>\n<meta name=\"twitter:label1\" content=\"Escrito por\" \/>\n\t<meta name=\"twitter:data1\" content=\"mundo\" \/>\n\t<meta name=\"twitter:label2\" content=\"Tiempo de lectura\" \/>\n\t<meta name=\"twitter:data2\" content=\"2 minutos\" \/>\n<script type=\"application\/ld+json\" class=\"yoast-schema-graph\">{\"@context\":\"https:\/\/schema.org\",\"@graph\":[{\"@type\":\"Article\",\"@id\":\"https:\/\/www.mundoagropecuario.cl\/new\/latam-cargo-inicia-temporada-2025-de-cerezas-chilenas-con-primer-envio-aereo\/#article\",\"isPartOf\":{\"@id\":\"https:\/\/www.mundoagropecuario.cl\/new\/latam-cargo-inicia-temporada-2025-de-cerezas-chilenas-con-primer-envio-aereo\/\"},\"author\":{\"name\":\"mundo\",\"@id\":\"https:\/\/www.mundoagropecuario.cl\/new\/#\/schema\/person\/4e9f74a82a7dac260eb1c44b7eebeb18\"},\"headline\":\"LATAM Cargo inicia temporada 2025 de cerezas chilenas con primer env\u00edo a\u00e9reo\",\"datePublished\":\"2025-10-22T14:56:12+00:00\",\"dateModified\":\"2025-11-27T16:06:35+00:00\",\"mainEntityOfPage\":{\"@id\":\"https:\/\/www.mundoagropecuario.cl\/new\/latam-cargo-inicia-temporada-2025-de-cerezas-chilenas-con-primer-envio-aereo\/\"},\"wordCount\":319,\"publisher\":{\"@id\":\"https:\/\/www.mundoagropecuario.cl\/new\/#organization\"},\"image\":{\"@id\":\"https:\/\/www.mundoagropecuario.cl\/new\/latam-cargo-inicia-temporada-2025-de-cerezas-chilenas-con-primer-envio-aereo\/#primaryimage\"},\"thumbnailUrl\":\"https:\/\/www.mundoagropecuario.cl\/new\/wp-content\/uploads\/2025\/10\/Cerezas-scaled.jpeg\",\"keywords\":[\"Agricultura\",\"Agro\",\"Conaf\",\"Fedeleche\",\"LATAM Cargo Group\",\"Minagri\",\"Mundo Agropecuario\",\"SAG\"],\"articleSection\":[\"Agricultura\"],\"inLanguage\":\"es\"},{\"@type\":\"WebPage\",\"@id\":\"https:\/\/www.mundoagropecuario.cl\/new\/latam-cargo-inicia-temporada-2025-de-cerezas-chilenas-con-primer-envio-aereo\/\",\"url\":\"https:\/\/www.mundoagropecuario.cl\/new\/latam-cargo-inicia-temporada-2025-de-cerezas-chilenas-con-primer-envio-aereo\/\",\"name\":\"LATAM Cargo inicia temporada 2025 de cerezas chilenas con primer env\u00edo a\u00e9reo - Mundoagropecuario\",\"isPartOf\":{\"@id\":\"https:\/\/www.mundoagropecuario.cl\/new\/#website\"},\"primaryImageOfPage\":{\"@id\":\"https:\/\/www.mundoagropecuario.cl\/new\/latam-cargo-inicia-temporada-2025-de-cerezas-chilenas-con-primer-envio-aereo\/#primaryimage\"},\"image\":{\"@id\":\"https:\/\/www.mundoagropecuario.cl\/new\/latam-cargo-inicia-temporada-2025-de-cerezas-chilenas-con-primer-envio-aereo\/#primaryimage\"},\"thumbnailUrl\":\"https:\/\/www.mundoagropecuario.cl\/new\/wp-content\/uploads\/2025\/10\/Cerezas-scaled.jpeg\",\"datePublished\":\"2025-10-22T14:56:12+00:00\",\"dateModified\":\"2025-11-27T16:06:35+00:00\",\"description\":\"La operaci\u00f3n se extender\u00e1 hasta mediados de diciembre, conectando a productores chilenos con los mercados asi\u00e1ticos.\",\"breadcrumb\":{\"@id\":\"https:\/\/www.mundoagropecuario.cl\/new\/latam-cargo-inicia-temporada-2025-de-cerezas-chilenas-con-primer-envio-aereo\/#breadcrumb\"},\"inLanguage\":\"es\",\"potentialAction\":[{\"@type\":\"ReadAction\",\"target\":[\"https:\/\/www.mundoagropecuario.cl\/new\/latam-cargo-inicia-temporada-2025-de-cerezas-chilenas-con-primer-envio-aereo\/\"]}]},{\"@type\":\"ImageObject\",\"inLanguage\":\"es\",\"@id\":\"https:\/\/www.mundoagropecuario.cl\/new\/latam-cargo-inicia-temporada-2025-de-cerezas-chilenas-con-primer-envio-aereo\/#primaryimage\",\"url\":\"https:\/\/www.mundoagropecuario.cl\/new\/wp-content\/uploads\/2025\/10\/Cerezas-scaled.jpeg\",\"contentUrl\":\"https:\/\/www.mundoagropecuario.cl\/new\/wp-content\/uploads\/2025\/10\/Cerezas-scaled.jpeg\",\"width\":708,\"height\":400},{\"@type\":\"BreadcrumbList\",\"@id\":\"https:\/\/www.mundoagropecuario.cl\/new\/latam-cargo-inicia-temporada-2025-de-cerezas-chilenas-con-primer-envio-aereo\/#breadcrumb\",\"itemListElement\":[{\"@type\":\"ListItem\",\"position\":1,\"name\":\"Portada\",\"item\":\"https:\/\/www.mundoagropecuario.cl\/new\/\"},{\"@type\":\"ListItem\",\"position\":2,\"name\":\"LATAM Cargo inicia temporada 2025 de cerezas chilenas con primer env\u00edo a\u00e9reo\"}]},{\"@type\":\"WebSite\",\"@id\":\"https:\/\/www.mundoagropecuario.cl\/new\/#website\",\"url\":\"https:\/\/www.mundoagropecuario.cl\/new\/\",\"name\":\"Mundoagropecuario\",\"description\":\"Mundo Agropecuario\",\"publisher\":{\"@id\":\"https:\/\/www.mundoagropecuario.cl\/new\/#organization\"},\"potentialAction\":[{\"@type\":\"SearchAction\",\"target\":{\"@type\":\"EntryPoint\",\"urlTemplate\":\"https:\/\/www.mundoagropecuario.cl\/new\/?s={search_term_string}\"},\"query-input\":{\"@type\":\"PropertyValueSpecification\",\"valueRequired\":true,\"valueName\":\"search_term_string\"}}],\"inLanguage\":\"es\"},{\"@type\":\"Organization\",\"@id\":\"https:\/\/www.mundoagropecuario.cl\/new\/#organization\",\"name\":\"Revista de Agricultura\",\"url\":\"https:\/\/www.mundoagropecuario.cl\/new\/\",\"logo\":{\"@type\":\"ImageObject\",\"inLanguage\":\"es\",\"@id\":\"https:\/\/www.mundoagropecuario.cl\/new\/#\/schema\/logo\/image\/\",\"url\":\"https:\/\/www.mundoagropecuario.cl\/new\/wp-content\/uploads\/2020\/11\/PORTAL-1-1.png\",\"contentUrl\":\"https:\/\/www.mundoagropecuario.cl\/new\/wp-content\/uploads\/2020\/11\/PORTAL-1-1.png\",\"width\":1026,\"height\":100,\"caption\":\"Revista de Agricultura\"},\"image\":{\"@id\":\"https:\/\/www.mundoagropecuario.cl\/new\/#\/schema\/logo\/image\/\"},\"sameAs\":[\"https:\/\/www.facebook.com\/mundo.agropecuario.3\",\"https:\/\/x.com\/MundoAgropecuar\",\"https:\/\/www.linkedin.com\/in\/mundo-agropecuario-934009201\/\"]},{\"@type\":\"Person\",\"@id\":\"https:\/\/www.mundoagropecuario.cl\/new\/#\/schema\/person\/4e9f74a82a7dac260eb1c44b7eebeb18\",\"name\":\"mundo\",\"url\":\"https:\/\/www.mundoagropecuario.cl\/new\/author\/mundo\/\"}]}<\/script>\n<!-- \/ Yoast SEO plugin. -->","yoast_head_json":{"title":"LATAM Cargo inicia temporada 2025 de cerezas chilenas con primer env\u00edo a\u00e9reo - Mundoagropecuario","description":"La operaci\u00f3n se extender\u00e1 hasta mediados de diciembre, conectando a productores chilenos con los mercados asi\u00e1ticos.","robots":{"index":"index","follow":"follow","max-snippet":"max-snippet:-1","max-image-preview":"max-image-preview:large","max-video-preview":"max-video-preview:-1"},"canonical":"https:\/\/www.mundoagropecuario.cl\/new\/latam-cargo-inicia-temporada-2025-de-cerezas-chilenas-con-primer-envio-aereo\/","og_locale":"es_ES","og_type":"article","og_title":"LATAM Cargo inicia temporada 2025 de cerezas chilenas con primer env\u00edo a\u00e9reo - Mundoagropecuario","og_description":"La operaci\u00f3n se extender\u00e1 hasta mediados de diciembre, conectando a productores chilenos con los mercados asi\u00e1ticos.","og_url":"https:\/\/www.mundoagropecuario.cl\/new\/latam-cargo-inicia-temporada-2025-de-cerezas-chilenas-con-primer-envio-aereo\/","og_site_name":"Mundoagropecuario","article_publisher":"https:\/\/www.facebook.com\/mundo.agropecuario.3","article_published_time":"2025-10-22T14:56:12+00:00","article_modified_time":"2025-11-27T16:06:35+00:00","og_image":[{"width":708,"height":400,"url":"https:\/\/www.mundoagropecuario.cl\/new\/wp-content\/uploads\/2025\/10\/Cerezas-scaled.jpeg","type":"image\/jpeg"}],"author":"mundo","twitter_card":"summary_large_image","twitter_creator":"@MundoAgropecuar","twitter_site":"@MundoAgropecuar","twitter_misc":{"Escrito por":"mundo","Tiempo de lectura":"2 minutos"},"schema":{"@context":"https:\/\/schema.org","@graph":[{"@type":"Article","@id":"https:\/\/www.mundoagropecuario.cl\/new\/latam-cargo-inicia-temporada-2025-de-cerezas-chilenas-con-primer-envio-aereo\/#article","isPartOf":{"@id":"https:\/\/www.mundoagropecuario.cl\/new\/latam-cargo-inicia-temporada-2025-de-cerezas-chilenas-con-primer-envio-aereo\/"},"author":{"name":"mundo","@id":"https:\/\/www.mundoagropecuario.cl\/new\/#\/schema\/person\/4e9f74a82a7dac260eb1c44b7eebeb18"},"headline":"LATAM Cargo inicia temporada 2025 de cerezas chilenas con primer env\u00edo a\u00e9reo","datePublished":"2025-10-22T14:56:12+00:00","dateModified":"2025-11-27T16:06:35+00:00","mainEntityOfPage":{"@id":"https:\/\/www.mundoagropecuario.cl\/new\/latam-cargo-inicia-temporada-2025-de-cerezas-chilenas-con-primer-envio-aereo\/"},"wordCount":319,"publisher":{"@id":"https:\/\/www.mundoagropecuario.cl\/new\/#organization"},"image":{"@id":"https:\/\/www.mundoagropecuario.cl\/new\/latam-cargo-inicia-temporada-2025-de-cerezas-chilenas-con-primer-envio-aereo\/#primaryimage"},"thumbnailUrl":"https:\/\/www.mundoagropecuario.cl\/new\/wp-content\/uploads\/2025\/10\/Cerezas-scaled.jpeg","keywords":["Agricultura","Agro","Conaf","Fedeleche","LATAM Cargo Group","Minagri","Mundo Agropecuario","SAG"],"articleSection":["Agricultura"],"inLanguage":"es"},{"@type":"WebPage","@id":"https:\/\/www.mundoagropecuario.cl\/new\/latam-cargo-inicia-temporada-2025-de-cerezas-chilenas-con-primer-envio-aereo\/","url":"https:\/\/www.mundoagropecuario.cl\/new\/latam-cargo-inicia-temporada-2025-de-cerezas-chilenas-con-primer-envio-aereo\/","name":"LATAM Cargo inicia temporada 2025 de cerezas chilenas con primer env\u00edo a\u00e9reo - Mundoagropecuario","isPartOf":{"@id":"https:\/\/www.mundoagropecuario.cl\/new\/#website"},"primaryImageOfPage":{"@id":"https:\/\/www.mundoagropecuario.cl\/new\/latam-cargo-inicia-temporada-2025-de-cerezas-chilenas-con-primer-envio-aereo\/#primaryimage"},"image":{"@id":"https:\/\/www.mundoagropecuario.cl\/new\/latam-cargo-inicia-temporada-2025-de-cerezas-chilenas-con-primer-envio-aereo\/#primaryimage"},"thumbnailUrl":"https:\/\/www.mundoagropecuario.cl\/new\/wp-content\/uploads\/2025\/10\/Cerezas-scaled.jpeg","datePublished":"2025-10-22T14:56:12+00:00","dateModified":"2025-11-27T16:06:35+00:00","description":"La operaci\u00f3n se extender\u00e1 hasta mediados de diciembre, conectando a productores chilenos con los mercados asi\u00e1ticos.","breadcrumb":{"@id":"https:\/\/www.mundoagropecuario.cl\/new\/latam-cargo-inicia-temporada-2025-de-cerezas-chilenas-con-primer-envio-aereo\/#breadcrumb"},"inLanguage":"es","potentialAction":[{"@type":"ReadAction","target":["https:\/\/www.mundoagropecuario.cl\/new\/latam-cargo-inicia-temporada-2025-de-cerezas-chilenas-con-primer-envio-aereo\/"]}]},{"@type":"ImageObject","inLanguage":"es","@id":"https:\/\/www.mundoagropecuario.cl\/new\/latam-cargo-inicia-temporada-2025-de-cerezas-chilenas-con-primer-envio-aereo\/#primaryimage","url":"https:\/\/www.mundoagropecuario.cl\/new\/wp-content\/uploads\/2025\/10\/Cerezas-scaled.jpeg","contentUrl":"https:\/\/www.mundoagropecuario.cl\/new\/wp-content\/uploads\/2025\/10\/Cerezas-scaled.jpeg","width":708,"height":400},{"@type":"BreadcrumbList","@id":"https:\/\/www.mundoagropecuario.cl\/new\/latam-cargo-inicia-temporada-2025-de-cerezas-chilenas-con-primer-envio-aereo\/#breadcrumb","itemListElement":[{"@type":"ListItem","position":1,"name":"Portada","item":"https:\/\/www.mundoagropecuario.cl\/new\/"},{"@type":"ListItem","position":2,"name":"LATAM Cargo inicia temporada 2025 de cerezas chilenas con primer env\u00edo a\u00e9reo"}]},{"@type":"WebSite","@id":"https:\/\/www.mundoagropecuario.cl\/new\/#website","url":"https:\/\/www.mundoagropecuario.cl\/new\/","name":"Mundoagropecuario","description":"Mundo Agropecuario","publisher":{"@id":"https:\/\/www.mundoagropecuario.cl\/new\/#organization"},"potentialAction":[{"@type":"SearchAction","target":{"@type":"EntryPoint","urlTemplate":"https:\/\/www.mundoagropecuario.cl\/new\/?s={search_term_string}"},"query-input":{"@type":"PropertyValueSpecification","valueRequired":true,"valueName":"search_term_string"}}],"inLanguage":"es"},{"@type":"Organization","@id":"https:\/\/www.mundoagropecuario.cl\/new\/#organization","name":"Revista de Agricultura","url":"https:\/\/www.mundoagropecuario.cl\/new\/","logo":{"@type":"ImageObject","inLanguage":"es","@id":"https:\/\/www.mundoagropecuario.cl\/new\/#\/schema\/logo\/image\/","url":"https:\/\/www.mundoagropecuario.cl\/new\/wp-content\/uploads\/2020\/11\/PORTAL-1-1.png","contentUrl":"https:\/\/www.mundoagropecuario.cl\/new\/wp-content\/uploads\/2020\/11\/PORTAL-1-1.png","width":1026,"height":100,"caption":"Revista de Agricultura"},"image":{"@id":"https:\/\/www.mundoagropecuario.cl\/new\/#\/schema\/logo\/image\/"},"sameAs":["https:\/\/www.facebook.com\/mundo.agropecuario.3","https:\/\/x.com\/MundoAgropecuar","https:\/\/www.linkedin.com\/in\/mundo-agropecuario-934009201\/"]},{"@type":"Person","@id":"https:\/\/www.mundoagropecuario.cl\/new\/#\/schema\/person\/4e9f74a82a7dac260eb1c44b7eebeb18","name":"mundo","url":"https:\/\/www.mundoagropecuario.cl\/new\/author\/mundo\/"}]}},"_links":{"self":[{"href":"https:\/\/www.mundoagropecuario.cl\/new\/wp-json\/wp\/v2\/posts\/27304","targetHints":{"allow":["GET"]}}],"collection":[{"href":"https:\/\/www.mundoagropecuario.cl\/new\/wp-json\/wp\/v2\/posts"}],"about":[{"href":"https:\/\/www.mundoagropecuario.cl\/new\/wp-json\/wp\/v2\/types\/post"}],"author":[{"embeddable":true,"href":"https:\/\/www.mundoagropecuario.cl\/new\/wp-json\/wp\/v2\/users\/2"}],"replies":[{"embeddable":true,"href":"https:\/\/www.mundoagropecuario.cl\/new\/wp-json\/wp\/v2\/comments?post=27304"}],"version-history":[{"count":1,"href":"https:\/\/www.mundoagropecuario.cl\/new\/wp-json\/wp\/v2\/posts\/27304\/revisions"}],"predecessor-version":[{"id":27307,"href":"https:\/\/www.mundoagropecuario.cl\/new\/wp-json\/wp\/v2\/posts\/27304\/revisions\/27307"}],"wp:featuredmedia":[{"embeddable":true,"href":"https:\/\/www.mundoagropecuario.cl\/new\/wp-json\/wp\/v2\/media\/27306"}],"wp:attachment":[{"href":"https:\/\/www.mundoagropecuario.cl\/new\/wp-json\/wp\/v2\/media?parent=27304"}],"wp:term":[{"taxonomy":"category","embeddable":true,"href":"https:\/\/www.mundoagropecuario.cl\/new\/wp-json\/wp\/v2\/categories?post=27304"},{"taxonomy":"post_tag","embeddable":true,"href":"https:\/\/www.mundoagropecuario.cl\/new\/wp-json\/wp\/v2\/tags?post=27304"}],"curies":[{"name":"wp","href":"https:\/\/api.w.org\/{rel}","templated":true}]}}