{"id":27291,"date":"2025-10-20T10:55:09","date_gmt":"2025-10-20T13:55:09","guid":{"rendered":"https:\/\/www.mundoagropecuario.cl\/new\/?p=27291"},"modified":"2025-11-18T19:55:13","modified_gmt":"2025-11-18T22:55:13","slug":"investigacion-analizo-la-salud-de-abejas-a-traves-de-su-sonido-y-sistema-inmune","status":"publish","type":"post","link":"https:\/\/www.mundoagropecuario.cl\/new\/investigacion-analizo-la-salud-de-abejas-a-traves-de-su-sonido-y-sistema-inmune\/","title":{"rendered":"Investigaci\u00f3n analiz\u00f3 la salud de abejas a trav\u00e9s de su sonido y sistema inmune"},"content":{"rendered":"<p>Por medio de un trabajo multidisciplinario, la Dra. Maribet Gamboa acad\u00e9mica de la Facultad de Ciencias de la Universidad Cat\u00f3lica de la Sant\u00edsima Concepci\u00f3n (UCSC), indag\u00f3 en el estado de salud de abejas por medio de la gen\u00e9tica asociada con el sonido que emiten. El proyecto cont\u00f3 con el financiamiento del Centro de Investigaci\u00f3n en Biodiversidad y Ambientes Sustentables (CIBAS) y consider\u00f3 difundir sus resultados en la comunidad en general y estudiantil.<\/p>\n<p>El proyecto analiz\u00f3 el rendimiento de las colmenas para la producci\u00f3n de miel, considerando el an\u00e1lisis gen\u00f3mico. \u201cAnalizamos el tema gen\u00e9tico de las colmenas y consideramos con el Dr. Iv\u00e1n Hinojosa el ruido. Vimos que existe una correlaci\u00f3n entre ambas \u00e1reas\u201d, coment\u00f3 la Dra. Gamboa.<\/p>\n<p><a href=\"https:\/\/www.mundoagropecuario.cl\/new\/wp-content\/uploads\/2025\/10\/Abejas-scaled.jpg\"><img loading=\"lazy\" decoding=\"async\" class=\"alignright wp-image-27292 \" src=\"https:\/\/www.mundoagropecuario.cl\/new\/wp-content\/uploads\/2025\/10\/Abejas-750x346.jpg\" alt=\"\" width=\"642\" height=\"310\" \/><\/a>De esta forma, las abejas de colmenas que son lentas est\u00e1n asociadas con genes del sistema inmune d\u00e9bil, por lo que son propensas a enfermarse, en comparaci\u00f3n con colmenas que cuentas con abejas que son r\u00e1pidas. El lugar de estudio fue en Santa Juana, junto a un grupo de apicultores que se mostraron interesados en indagar sobre este fen\u00f3meno.<\/p>\n<p>Adem\u00e1s de incluir el \u00e1rea de la gen\u00e9tica y del sonido, el proyecto incluy\u00f3 el \u00e1mbito de la educaci\u00f3n, de manera que fuesen los mismos apicultores y educadores capaces de difundir el mensaje en cuanto a la importancia de la tem\u00e1tica estudiada. \u201cPara ello, consideramos a profesores de colegios para el traspaso de la informaci\u00f3n y nos apoyamos con la Dra. Zenahir Siso de la Facultad de Educaci\u00f3n de la UCSC. Existi\u00f3 inter\u00e9s en presentar esta tem\u00e1tica en los salones de clases\u201d, explic\u00f3 la acad\u00e9mica.<\/p>\n<p><strong>Trabajo colaborativo <\/strong><\/p>\n<p>En el \u00e1rea gen\u00e9tica, se encontr\u00f3 una alta cantidad de genes del sistema inmune asociado con la lentitud de abejas. Todas estas observaciones en cuanto al comportamiento fueron aportadas por los apicultores, de modo que el equipo profundiz\u00f3 en la investigaci\u00f3n sobre estos puntos. \u201cLas abejas que son m\u00e1s r\u00e1pidas tienen genes asociados con la floraci\u00f3n, esto llam\u00f3 la atenci\u00f3n de los apicultores. Creemos que cuando existe floraci\u00f3n de maqui, las abejas que son m\u00e1s r\u00e1pidas si dirig\u00edan directamente al maqui. Qu\u00e9 mejor que ellos que se relacionan todo el a\u00f1o con las abejas para indicarnos ciertas caracter\u00edsticas que son necesarias de investigar\u201d, agreg\u00f3.<\/p>\n<p>Sobre la importancia de la tem\u00e1tica, las abejas son los polinizadoras tope de toda la regi\u00f3n, encargadas de polinizar \u00e1rboles nativos. Adem\u00e1s de ser productoras de miel, hay muchos componentes que se vinculan con las abejas en el \u00e1rea de la medicina, se caracterizan por sus propiedades nutricionales, terap\u00e9uticas aportando con ceras, jalea real, polen y prop\u00f3leo.<\/p>\n<p>Sobre el futuro de la investigaci\u00f3n, el siguiente paso ser\u00eda c\u00f3mo mejorar el estado de salud de las abejas que tienen un sistema inmune m\u00e1s propenso a las enfermedades y que afectan al proceso productivo de toda la colmena. \u201cQueremos postular a otros fondos y estamos en esas conversaciones. Este proyecto ha sido preliminar y lo m\u00e1s seguro es que continuemos, hay muchas preguntas de investigaci\u00f3n en esta \u00e1rea. Queremos profundizar\u201d, cerr\u00f3 la acad\u00e9mica.<\/p>\n<p>El proyecto no solo permiti\u00f3 vincular la ciencia con la comunidad ap\u00edcola, sino que tambi\u00e9n abri\u00f3 nuevas l\u00edneas de investigaci\u00f3n orientadas a fortalecer la salud y productividad de las colmenas. Con ello, la UCSC contin\u00faa trabajando en su compromiso con la investigaci\u00f3n aplicada y la protecci\u00f3n de especies fundamentales para el equilibrio de los ecosistemas.<\/p>\n","protected":false},"excerpt":{"rendered":"<p>Estudio relacion\u00f3 el comportamiento sonoro y gen\u00e9tico de las colmenas con su rendimiento y susceptibilidad a enfermedades. La iniciativa, financiada por CIBAS, integr\u00f3 tambi\u00e9n la participaci\u00f3n de apicultores y docentes en la difusi\u00f3n del conocimiento.<\/p>\n","protected":false},"author":2,"featured_media":27293,"comment_status":"closed","ping_status":"closed","sticky":false,"template":"","format":"standard","meta":{"footnotes":""},"categories":[1945],"tags":[3127,518,9989,9990,1992,2328,4149,2036,9987,9988,495],"class_list":["post-27291","post","type-post","status-publish","format-standard","has-post-thumbnail","hentry","category-agricultura","tag-agro","tag-cibas","tag-dra-maribet-gamboa","tag-dra-zenahir-siso","tag-indap","tag-ministerio-de-agricultura","tag-mundo-agropecuario","tag-sag","tag-salud-de-abejas","tag-sistema-inmune","tag-ucsc"],"yoast_head":"<!-- This site is optimized with the Yoast SEO plugin v26.6 - https:\/\/yoast.com\/wordpress\/plugins\/seo\/ -->\n<title>Investigaci\u00f3n analiz\u00f3 la salud de abejas a trav\u00e9s de su sonido y sistema inmune - Mundoagropecuario<\/title>\n<meta name=\"description\" content=\"Estudio relacion\u00f3 el comportamiento sonoro y gen\u00e9tico de las colmenas con su rendimiento y susceptibilidad a enfermedades.\" \/>\n<meta name=\"robots\" content=\"index, follow, max-snippet:-1, max-image-preview:large, max-video-preview:-1\" \/>\n<link rel=\"canonical\" href=\"https:\/\/www.mundoagropecuario.cl\/new\/investigacion-analizo-la-salud-de-abejas-a-traves-de-su-sonido-y-sistema-inmune\/\" \/>\n<meta property=\"og:locale\" content=\"es_ES\" \/>\n<meta property=\"og:type\" content=\"article\" \/>\n<meta property=\"og:title\" content=\"Investigaci\u00f3n analiz\u00f3 la salud de abejas a trav\u00e9s de su sonido y sistema inmune - Mundoagropecuario\" \/>\n<meta property=\"og:description\" content=\"Estudio relacion\u00f3 el comportamiento sonoro y gen\u00e9tico de las colmenas con su rendimiento y susceptibilidad a enfermedades.\" \/>\n<meta property=\"og:url\" content=\"https:\/\/www.mundoagropecuario.cl\/new\/investigacion-analizo-la-salud-de-abejas-a-traves-de-su-sonido-y-sistema-inmune\/\" \/>\n<meta property=\"og:site_name\" content=\"Mundoagropecuario\" \/>\n<meta property=\"article:publisher\" content=\"https:\/\/www.facebook.com\/mundo.agropecuario.3\" \/>\n<meta property=\"article:published_time\" content=\"2025-10-20T13:55:09+00:00\" \/>\n<meta property=\"article:modified_time\" content=\"2025-11-18T22:55:13+00:00\" \/>\n<meta property=\"og:image\" content=\"https:\/\/www.mundoagropecuario.cl\/new\/wp-content\/uploads\/2025\/10\/colmenas-scaled.jpg\" \/>\n\t<meta property=\"og:image:width\" content=\"665\" \/>\n\t<meta property=\"og:image:height\" content=\"400\" \/>\n\t<meta property=\"og:image:type\" content=\"image\/jpeg\" \/>\n<meta name=\"author\" content=\"mundo\" \/>\n<meta name=\"twitter:card\" content=\"summary_large_image\" \/>\n<meta name=\"twitter:creator\" content=\"@MundoAgropecuar\" \/>\n<meta name=\"twitter:site\" content=\"@MundoAgropecuar\" \/>\n<meta name=\"twitter:label1\" content=\"Escrito por\" \/>\n\t<meta name=\"twitter:data1\" content=\"mundo\" \/>\n\t<meta name=\"twitter:label2\" content=\"Tiempo de lectura\" \/>\n\t<meta name=\"twitter:data2\" content=\"3 minutos\" \/>\n<script type=\"application\/ld+json\" class=\"yoast-schema-graph\">{\"@context\":\"https:\/\/schema.org\",\"@graph\":[{\"@type\":\"Article\",\"@id\":\"https:\/\/www.mundoagropecuario.cl\/new\/investigacion-analizo-la-salud-de-abejas-a-traves-de-su-sonido-y-sistema-inmune\/#article\",\"isPartOf\":{\"@id\":\"https:\/\/www.mundoagropecuario.cl\/new\/investigacion-analizo-la-salud-de-abejas-a-traves-de-su-sonido-y-sistema-inmune\/\"},\"author\":{\"name\":\"mundo\",\"@id\":\"https:\/\/www.mundoagropecuario.cl\/new\/#\/schema\/person\/4e9f74a82a7dac260eb1c44b7eebeb18\"},\"headline\":\"Investigaci\u00f3n analiz\u00f3 la salud de abejas a trav\u00e9s de su sonido y sistema inmune\",\"datePublished\":\"2025-10-20T13:55:09+00:00\",\"dateModified\":\"2025-11-18T22:55:13+00:00\",\"mainEntityOfPage\":{\"@id\":\"https:\/\/www.mundoagropecuario.cl\/new\/investigacion-analizo-la-salud-de-abejas-a-traves-de-su-sonido-y-sistema-inmune\/\"},\"wordCount\":626,\"publisher\":{\"@id\":\"https:\/\/www.mundoagropecuario.cl\/new\/#organization\"},\"image\":{\"@id\":\"https:\/\/www.mundoagropecuario.cl\/new\/investigacion-analizo-la-salud-de-abejas-a-traves-de-su-sonido-y-sistema-inmune\/#primaryimage\"},\"thumbnailUrl\":\"https:\/\/www.mundoagropecuario.cl\/new\/wp-content\/uploads\/2025\/10\/colmenas-scaled.jpg\",\"keywords\":[\"Agro\",\"CIBAS\",\"Dra. Maribet Gamboa\",\"Dra. Zenahir Siso\",\"Indap\",\"Ministerio de Agricultura\",\"Mundo Agropecuario\",\"SAG\",\"salud de abejas\",\"sistema inmune\",\"UCSC\"],\"articleSection\":[\"Agricultura\"],\"inLanguage\":\"es\"},{\"@type\":\"WebPage\",\"@id\":\"https:\/\/www.mundoagropecuario.cl\/new\/investigacion-analizo-la-salud-de-abejas-a-traves-de-su-sonido-y-sistema-inmune\/\",\"url\":\"https:\/\/www.mundoagropecuario.cl\/new\/investigacion-analizo-la-salud-de-abejas-a-traves-de-su-sonido-y-sistema-inmune\/\",\"name\":\"Investigaci\u00f3n analiz\u00f3 la salud de abejas a trav\u00e9s de su sonido y sistema inmune - Mundoagropecuario\",\"isPartOf\":{\"@id\":\"https:\/\/www.mundoagropecuario.cl\/new\/#website\"},\"primaryImageOfPage\":{\"@id\":\"https:\/\/www.mundoagropecuario.cl\/new\/investigacion-analizo-la-salud-de-abejas-a-traves-de-su-sonido-y-sistema-inmune\/#primaryimage\"},\"image\":{\"@id\":\"https:\/\/www.mundoagropecuario.cl\/new\/investigacion-analizo-la-salud-de-abejas-a-traves-de-su-sonido-y-sistema-inmune\/#primaryimage\"},\"thumbnailUrl\":\"https:\/\/www.mundoagropecuario.cl\/new\/wp-content\/uploads\/2025\/10\/colmenas-scaled.jpg\",\"datePublished\":\"2025-10-20T13:55:09+00:00\",\"dateModified\":\"2025-11-18T22:55:13+00:00\",\"description\":\"Estudio relacion\u00f3 el comportamiento sonoro y gen\u00e9tico de las colmenas con su rendimiento y susceptibilidad a enfermedades.\",\"breadcrumb\":{\"@id\":\"https:\/\/www.mundoagropecuario.cl\/new\/investigacion-analizo-la-salud-de-abejas-a-traves-de-su-sonido-y-sistema-inmune\/#breadcrumb\"},\"inLanguage\":\"es\",\"potentialAction\":[{\"@type\":\"ReadAction\",\"target\":[\"https:\/\/www.mundoagropecuario.cl\/new\/investigacion-analizo-la-salud-de-abejas-a-traves-de-su-sonido-y-sistema-inmune\/\"]}]},{\"@type\":\"ImageObject\",\"inLanguage\":\"es\",\"@id\":\"https:\/\/www.mundoagropecuario.cl\/new\/investigacion-analizo-la-salud-de-abejas-a-traves-de-su-sonido-y-sistema-inmune\/#primaryimage\",\"url\":\"https:\/\/www.mundoagropecuario.cl\/new\/wp-content\/uploads\/2025\/10\/colmenas-scaled.jpg\",\"contentUrl\":\"https:\/\/www.mundoagropecuario.cl\/new\/wp-content\/uploads\/2025\/10\/colmenas-scaled.jpg\",\"width\":665,\"height\":400},{\"@type\":\"BreadcrumbList\",\"@id\":\"https:\/\/www.mundoagropecuario.cl\/new\/investigacion-analizo-la-salud-de-abejas-a-traves-de-su-sonido-y-sistema-inmune\/#breadcrumb\",\"itemListElement\":[{\"@type\":\"ListItem\",\"position\":1,\"name\":\"Portada\",\"item\":\"https:\/\/www.mundoagropecuario.cl\/new\/\"},{\"@type\":\"ListItem\",\"position\":2,\"name\":\"Investigaci\u00f3n analiz\u00f3 la salud de abejas a trav\u00e9s de su sonido y sistema inmune\"}]},{\"@type\":\"WebSite\",\"@id\":\"https:\/\/www.mundoagropecuario.cl\/new\/#website\",\"url\":\"https:\/\/www.mundoagropecuario.cl\/new\/\",\"name\":\"Mundoagropecuario\",\"description\":\"Mundo Agropecuario\",\"publisher\":{\"@id\":\"https:\/\/www.mundoagropecuario.cl\/new\/#organization\"},\"potentialAction\":[{\"@type\":\"SearchAction\",\"target\":{\"@type\":\"EntryPoint\",\"urlTemplate\":\"https:\/\/www.mundoagropecuario.cl\/new\/?s={search_term_string}\"},\"query-input\":{\"@type\":\"PropertyValueSpecification\",\"valueRequired\":true,\"valueName\":\"search_term_string\"}}],\"inLanguage\":\"es\"},{\"@type\":\"Organization\",\"@id\":\"https:\/\/www.mundoagropecuario.cl\/new\/#organization\",\"name\":\"Revista de Agricultura\",\"url\":\"https:\/\/www.mundoagropecuario.cl\/new\/\",\"logo\":{\"@type\":\"ImageObject\",\"inLanguage\":\"es\",\"@id\":\"https:\/\/www.mundoagropecuario.cl\/new\/#\/schema\/logo\/image\/\",\"url\":\"https:\/\/www.mundoagropecuario.cl\/new\/wp-content\/uploads\/2020\/11\/PORTAL-1-1.png\",\"contentUrl\":\"https:\/\/www.mundoagropecuario.cl\/new\/wp-content\/uploads\/2020\/11\/PORTAL-1-1.png\",\"width\":1026,\"height\":100,\"caption\":\"Revista de Agricultura\"},\"image\":{\"@id\":\"https:\/\/www.mundoagropecuario.cl\/new\/#\/schema\/logo\/image\/\"},\"sameAs\":[\"https:\/\/www.facebook.com\/mundo.agropecuario.3\",\"https:\/\/x.com\/MundoAgropecuar\",\"https:\/\/www.linkedin.com\/in\/mundo-agropecuario-934009201\/\"]},{\"@type\":\"Person\",\"@id\":\"https:\/\/www.mundoagropecuario.cl\/new\/#\/schema\/person\/4e9f74a82a7dac260eb1c44b7eebeb18\",\"name\":\"mundo\",\"url\":\"https:\/\/www.mundoagropecuario.cl\/new\/author\/mundo\/\"}]}<\/script>\n<!-- \/ Yoast SEO plugin. -->","yoast_head_json":{"title":"Investigaci\u00f3n analiz\u00f3 la salud de abejas a trav\u00e9s de su sonido y sistema inmune - Mundoagropecuario","description":"Estudio relacion\u00f3 el comportamiento sonoro y gen\u00e9tico de las colmenas con su rendimiento y susceptibilidad a enfermedades.","robots":{"index":"index","follow":"follow","max-snippet":"max-snippet:-1","max-image-preview":"max-image-preview:large","max-video-preview":"max-video-preview:-1"},"canonical":"https:\/\/www.mundoagropecuario.cl\/new\/investigacion-analizo-la-salud-de-abejas-a-traves-de-su-sonido-y-sistema-inmune\/","og_locale":"es_ES","og_type":"article","og_title":"Investigaci\u00f3n analiz\u00f3 la salud de abejas a trav\u00e9s de su sonido y sistema inmune - Mundoagropecuario","og_description":"Estudio relacion\u00f3 el comportamiento sonoro y gen\u00e9tico de las colmenas con su rendimiento y susceptibilidad a enfermedades.","og_url":"https:\/\/www.mundoagropecuario.cl\/new\/investigacion-analizo-la-salud-de-abejas-a-traves-de-su-sonido-y-sistema-inmune\/","og_site_name":"Mundoagropecuario","article_publisher":"https:\/\/www.facebook.com\/mundo.agropecuario.3","article_published_time":"2025-10-20T13:55:09+00:00","article_modified_time":"2025-11-18T22:55:13+00:00","og_image":[{"width":665,"height":400,"url":"https:\/\/www.mundoagropecuario.cl\/new\/wp-content\/uploads\/2025\/10\/colmenas-scaled.jpg","type":"image\/jpeg"}],"author":"mundo","twitter_card":"summary_large_image","twitter_creator":"@MundoAgropecuar","twitter_site":"@MundoAgropecuar","twitter_misc":{"Escrito por":"mundo","Tiempo de lectura":"3 minutos"},"schema":{"@context":"https:\/\/schema.org","@graph":[{"@type":"Article","@id":"https:\/\/www.mundoagropecuario.cl\/new\/investigacion-analizo-la-salud-de-abejas-a-traves-de-su-sonido-y-sistema-inmune\/#article","isPartOf":{"@id":"https:\/\/www.mundoagropecuario.cl\/new\/investigacion-analizo-la-salud-de-abejas-a-traves-de-su-sonido-y-sistema-inmune\/"},"author":{"name":"mundo","@id":"https:\/\/www.mundoagropecuario.cl\/new\/#\/schema\/person\/4e9f74a82a7dac260eb1c44b7eebeb18"},"headline":"Investigaci\u00f3n analiz\u00f3 la salud de abejas a trav\u00e9s de su sonido y sistema inmune","datePublished":"2025-10-20T13:55:09+00:00","dateModified":"2025-11-18T22:55:13+00:00","mainEntityOfPage":{"@id":"https:\/\/www.mundoagropecuario.cl\/new\/investigacion-analizo-la-salud-de-abejas-a-traves-de-su-sonido-y-sistema-inmune\/"},"wordCount":626,"publisher":{"@id":"https:\/\/www.mundoagropecuario.cl\/new\/#organization"},"image":{"@id":"https:\/\/www.mundoagropecuario.cl\/new\/investigacion-analizo-la-salud-de-abejas-a-traves-de-su-sonido-y-sistema-inmune\/#primaryimage"},"thumbnailUrl":"https:\/\/www.mundoagropecuario.cl\/new\/wp-content\/uploads\/2025\/10\/colmenas-scaled.jpg","keywords":["Agro","CIBAS","Dra. Maribet Gamboa","Dra. Zenahir Siso","Indap","Ministerio de Agricultura","Mundo Agropecuario","SAG","salud de abejas","sistema inmune","UCSC"],"articleSection":["Agricultura"],"inLanguage":"es"},{"@type":"WebPage","@id":"https:\/\/www.mundoagropecuario.cl\/new\/investigacion-analizo-la-salud-de-abejas-a-traves-de-su-sonido-y-sistema-inmune\/","url":"https:\/\/www.mundoagropecuario.cl\/new\/investigacion-analizo-la-salud-de-abejas-a-traves-de-su-sonido-y-sistema-inmune\/","name":"Investigaci\u00f3n analiz\u00f3 la salud de abejas a trav\u00e9s de su sonido y sistema inmune - Mundoagropecuario","isPartOf":{"@id":"https:\/\/www.mundoagropecuario.cl\/new\/#website"},"primaryImageOfPage":{"@id":"https:\/\/www.mundoagropecuario.cl\/new\/investigacion-analizo-la-salud-de-abejas-a-traves-de-su-sonido-y-sistema-inmune\/#primaryimage"},"image":{"@id":"https:\/\/www.mundoagropecuario.cl\/new\/investigacion-analizo-la-salud-de-abejas-a-traves-de-su-sonido-y-sistema-inmune\/#primaryimage"},"thumbnailUrl":"https:\/\/www.mundoagropecuario.cl\/new\/wp-content\/uploads\/2025\/10\/colmenas-scaled.jpg","datePublished":"2025-10-20T13:55:09+00:00","dateModified":"2025-11-18T22:55:13+00:00","description":"Estudio relacion\u00f3 el comportamiento sonoro y gen\u00e9tico de las colmenas con su rendimiento y susceptibilidad a enfermedades.","breadcrumb":{"@id":"https:\/\/www.mundoagropecuario.cl\/new\/investigacion-analizo-la-salud-de-abejas-a-traves-de-su-sonido-y-sistema-inmune\/#breadcrumb"},"inLanguage":"es","potentialAction":[{"@type":"ReadAction","target":["https:\/\/www.mundoagropecuario.cl\/new\/investigacion-analizo-la-salud-de-abejas-a-traves-de-su-sonido-y-sistema-inmune\/"]}]},{"@type":"ImageObject","inLanguage":"es","@id":"https:\/\/www.mundoagropecuario.cl\/new\/investigacion-analizo-la-salud-de-abejas-a-traves-de-su-sonido-y-sistema-inmune\/#primaryimage","url":"https:\/\/www.mundoagropecuario.cl\/new\/wp-content\/uploads\/2025\/10\/colmenas-scaled.jpg","contentUrl":"https:\/\/www.mundoagropecuario.cl\/new\/wp-content\/uploads\/2025\/10\/colmenas-scaled.jpg","width":665,"height":400},{"@type":"BreadcrumbList","@id":"https:\/\/www.mundoagropecuario.cl\/new\/investigacion-analizo-la-salud-de-abejas-a-traves-de-su-sonido-y-sistema-inmune\/#breadcrumb","itemListElement":[{"@type":"ListItem","position":1,"name":"Portada","item":"https:\/\/www.mundoagropecuario.cl\/new\/"},{"@type":"ListItem","position":2,"name":"Investigaci\u00f3n analiz\u00f3 la salud de abejas a trav\u00e9s de su sonido y sistema inmune"}]},{"@type":"WebSite","@id":"https:\/\/www.mundoagropecuario.cl\/new\/#website","url":"https:\/\/www.mundoagropecuario.cl\/new\/","name":"Mundoagropecuario","description":"Mundo Agropecuario","publisher":{"@id":"https:\/\/www.mundoagropecuario.cl\/new\/#organization"},"potentialAction":[{"@type":"SearchAction","target":{"@type":"EntryPoint","urlTemplate":"https:\/\/www.mundoagropecuario.cl\/new\/?s={search_term_string}"},"query-input":{"@type":"PropertyValueSpecification","valueRequired":true,"valueName":"search_term_string"}}],"inLanguage":"es"},{"@type":"Organization","@id":"https:\/\/www.mundoagropecuario.cl\/new\/#organization","name":"Revista de Agricultura","url":"https:\/\/www.mundoagropecuario.cl\/new\/","logo":{"@type":"ImageObject","inLanguage":"es","@id":"https:\/\/www.mundoagropecuario.cl\/new\/#\/schema\/logo\/image\/","url":"https:\/\/www.mundoagropecuario.cl\/new\/wp-content\/uploads\/2020\/11\/PORTAL-1-1.png","contentUrl":"https:\/\/www.mundoagropecuario.cl\/new\/wp-content\/uploads\/2020\/11\/PORTAL-1-1.png","width":1026,"height":100,"caption":"Revista de Agricultura"},"image":{"@id":"https:\/\/www.mundoagropecuario.cl\/new\/#\/schema\/logo\/image\/"},"sameAs":["https:\/\/www.facebook.com\/mundo.agropecuario.3","https:\/\/x.com\/MundoAgropecuar","https:\/\/www.linkedin.com\/in\/mundo-agropecuario-934009201\/"]},{"@type":"Person","@id":"https:\/\/www.mundoagropecuario.cl\/new\/#\/schema\/person\/4e9f74a82a7dac260eb1c44b7eebeb18","name":"mundo","url":"https:\/\/www.mundoagropecuario.cl\/new\/author\/mundo\/"}]}},"_links":{"self":[{"href":"https:\/\/www.mundoagropecuario.cl\/new\/wp-json\/wp\/v2\/posts\/27291","targetHints":{"allow":["GET"]}}],"collection":[{"href":"https:\/\/www.mundoagropecuario.cl\/new\/wp-json\/wp\/v2\/posts"}],"about":[{"href":"https:\/\/www.mundoagropecuario.cl\/new\/wp-json\/wp\/v2\/types\/post"}],"author":[{"embeddable":true,"href":"https:\/\/www.mundoagropecuario.cl\/new\/wp-json\/wp\/v2\/users\/2"}],"replies":[{"embeddable":true,"href":"https:\/\/www.mundoagropecuario.cl\/new\/wp-json\/wp\/v2\/comments?post=27291"}],"version-history":[{"count":1,"href":"https:\/\/www.mundoagropecuario.cl\/new\/wp-json\/wp\/v2\/posts\/27291\/revisions"}],"predecessor-version":[{"id":27294,"href":"https:\/\/www.mundoagropecuario.cl\/new\/wp-json\/wp\/v2\/posts\/27291\/revisions\/27294"}],"wp:featuredmedia":[{"embeddable":true,"href":"https:\/\/www.mundoagropecuario.cl\/new\/wp-json\/wp\/v2\/media\/27293"}],"wp:attachment":[{"href":"https:\/\/www.mundoagropecuario.cl\/new\/wp-json\/wp\/v2\/media?parent=27291"}],"wp:term":[{"taxonomy":"category","embeddable":true,"href":"https:\/\/www.mundoagropecuario.cl\/new\/wp-json\/wp\/v2\/categories?post=27291"},{"taxonomy":"post_tag","embeddable":true,"href":"https:\/\/www.mundoagropecuario.cl\/new\/wp-json\/wp\/v2\/tags?post=27291"}],"curies":[{"name":"wp","href":"https:\/\/api.w.org\/{rel}","templated":true}]}}