{"id":27231,"date":"2025-09-12T10:07:38","date_gmt":"2025-09-12T13:07:38","guid":{"rendered":"https:\/\/www.mundoagropecuario.cl\/new\/?p=27231"},"modified":"2025-10-01T18:27:30","modified_gmt":"2025-10-01T21:27:30","slug":"centro-de-informacion-lactea-entregara-datos-clave-a-productores","status":"publish","type":"post","link":"https:\/\/www.mundoagropecuario.cl\/new\/centro-de-informacion-lactea-entregara-datos-clave-a-productores\/","title":{"rendered":"Centro de Informaci\u00f3n L\u00e1ctea entregar\u00e1 datos clave a productores"},"content":{"rendered":"<p>Se trata de una iniciativa para impulsar y consolidar la generaci\u00f3n de informaci\u00f3n sectorial actualizada, con indicadores representativos de la actividad y ser un espacio de consulta permanente para productores, profesionales y el mercado.<\/p>\n<p><a href=\"https:\/\/www.mundoagropecuario.cl\/new\/wp-content\/uploads\/2025\/09\/2-5-scaled.jpg\"><img loading=\"lazy\" decoding=\"async\" class=\"alignright wp-image-27232 \" src=\"https:\/\/www.mundoagropecuario.cl\/new\/wp-content\/uploads\/2025\/09\/2-5-622x400.jpg\" alt=\"\" width=\"583\" height=\"389\" \/><\/a>Con la presencia de los presidentes de Exporlac, Guillermo Iturrieta; Fedeleche, Marcos Winkler; y, del Consorcio Lechero, Sergio Niklitschek, se realiz\u00f3 en Osorno la firma que permite la puesta en marcha de este hito, que permitir\u00e1 contar con datos relevantes y confiables para el an\u00e1lisis del sector l\u00e1cteo.<\/p>\n<p>El presidente de Fedeleche y de Aproleche Osorno, Marcos Winkler, dijo sentirse orgulloso por la firma que permite comenzar con el trabajo del CIL. \u201cComo una unidad del sector l\u00e1cteo nacional, ya comenzamos a generar indicadores, que se est\u00e1n transformando en documentos referentes, donde todos podremos ver el mercado con el mismo objetivo. Estamos sumamente contentos por el trabajo colaborativo, que es muy importante para consolidar la posici\u00f3n de nuestro sector l\u00e1cteo hacia el futuro, tanto en el mercado interno como en los mercados internacionales\u201d.<\/p>\n<p>La coordinaci\u00f3n del Centro de Informaci\u00f3n L\u00e1ctea estar\u00e1 bajo la coordinaci\u00f3n de Caterina Juri, coordinadora del \u00e1rea de Informaci\u00f3n e I+D del Consorcio Lechero. Seg\u00fan explic\u00f3 la profesional, se busca que el CIL sea una fuente permanente de generaci\u00f3n de informaci\u00f3n sectorial, aprovechando lo mejor de cada una de las instituciones que lo integran.<\/p>\n<p>\u201cA la vez, nos respalda la relaci\u00f3n s\u00f3lida con Odepa, que nos permite complementar la labor de este centro con la informaci\u00f3n disponible, para generar productos y herramientas cada vez m\u00e1s \u00fatiles para los distintos p\u00fablicos\u201d, concluy\u00f3 Caterina Juri.<\/p>\n","protected":false},"excerpt":{"rendered":"<p>Centro de Informaci\u00f3n L\u00e1ctea (CIL) surge gracias al trabajo conjunto de Fedeleche, Consorcio Lechero y Exporlac, con participaci\u00f3n de ODEPA para fortalecer sus capacidades.<\/p>\n","protected":false},"author":2,"featured_media":27233,"comment_status":"closed","ping_status":"closed","sticky":false,"template":"","format":"standard","meta":{"footnotes":""},"categories":[1946],"tags":[2090,2057,9967,1957,2261,2058,9968,2141,4098,4149,5002],"class_list":["post-27231","post","type-post","status-publish","format-standard","has-post-thumbnail","hentry","category-lacteos","tag-agricultura","tag-aproleche","tag-centro-de-informacion-lactea","tag-consorcio-lechero","tag-cooprinsem","tag-fedeleche","tag-informacion-lactea","tag-lacteos","tag-marcos-winkler","tag-mundo-agropecuario","tag-productores"],"yoast_head":"<!-- This site is optimized with the Yoast SEO plugin v26.6 - https:\/\/yoast.com\/wordpress\/plugins\/seo\/ -->\n<title>Centro de Informaci\u00f3n L\u00e1ctea entregar\u00e1 datos clave a productores - Mundoagropecuario<\/title>\n<meta name=\"description\" content=\"Centro de Informaci\u00f3n L\u00e1ctea (CIL) surge gracias al trabajo conjunto de Fedeleche, Consorcio Lechero y Exporlac, con participaci\u00f3n de ODEPA.\" \/>\n<meta name=\"robots\" content=\"index, follow, max-snippet:-1, max-image-preview:large, max-video-preview:-1\" \/>\n<link rel=\"canonical\" href=\"https:\/\/www.mundoagropecuario.cl\/new\/centro-de-informacion-lactea-entregara-datos-clave-a-productores\/\" \/>\n<meta property=\"og:locale\" content=\"es_ES\" \/>\n<meta property=\"og:type\" content=\"article\" \/>\n<meta property=\"og:title\" content=\"Centro de Informaci\u00f3n L\u00e1ctea entregar\u00e1 datos clave a productores - Mundoagropecuario\" \/>\n<meta property=\"og:description\" content=\"Centro de Informaci\u00f3n L\u00e1ctea (CIL) surge gracias al trabajo conjunto de Fedeleche, Consorcio Lechero y Exporlac, con participaci\u00f3n de ODEPA.\" \/>\n<meta property=\"og:url\" content=\"https:\/\/www.mundoagropecuario.cl\/new\/centro-de-informacion-lactea-entregara-datos-clave-a-productores\/\" \/>\n<meta property=\"og:site_name\" content=\"Mundoagropecuario\" \/>\n<meta property=\"article:publisher\" content=\"https:\/\/www.facebook.com\/mundo.agropecuario.3\" \/>\n<meta property=\"article:published_time\" content=\"2025-09-12T13:07:38+00:00\" \/>\n<meta property=\"article:modified_time\" content=\"2025-10-01T21:27:30+00:00\" \/>\n<meta property=\"og:image\" content=\"https:\/\/www.mundoagropecuario.cl\/new\/wp-content\/uploads\/2025\/09\/Aproleche23-scaled.jpg\" \/>\n\t<meta property=\"og:image:width\" content=\"633\" \/>\n\t<meta property=\"og:image:height\" content=\"400\" \/>\n\t<meta property=\"og:image:type\" content=\"image\/jpeg\" \/>\n<meta name=\"author\" content=\"mundo\" \/>\n<meta name=\"twitter:card\" content=\"summary_large_image\" \/>\n<meta name=\"twitter:creator\" content=\"@MundoAgropecuar\" \/>\n<meta name=\"twitter:site\" content=\"@MundoAgropecuar\" \/>\n<meta name=\"twitter:label1\" content=\"Escrito por\" \/>\n\t<meta name=\"twitter:data1\" content=\"mundo\" \/>\n\t<meta name=\"twitter:label2\" content=\"Tiempo de lectura\" \/>\n\t<meta name=\"twitter:data2\" content=\"2 minutos\" \/>\n<script type=\"application\/ld+json\" class=\"yoast-schema-graph\">{\"@context\":\"https:\/\/schema.org\",\"@graph\":[{\"@type\":\"Article\",\"@id\":\"https:\/\/www.mundoagropecuario.cl\/new\/centro-de-informacion-lactea-entregara-datos-clave-a-productores\/#article\",\"isPartOf\":{\"@id\":\"https:\/\/www.mundoagropecuario.cl\/new\/centro-de-informacion-lactea-entregara-datos-clave-a-productores\/\"},\"author\":{\"name\":\"mundo\",\"@id\":\"https:\/\/www.mundoagropecuario.cl\/new\/#\/schema\/person\/4e9f74a82a7dac260eb1c44b7eebeb18\"},\"headline\":\"Centro de Informaci\u00f3n L\u00e1ctea entregar\u00e1 datos clave a productores\",\"datePublished\":\"2025-09-12T13:07:38+00:00\",\"dateModified\":\"2025-10-01T21:27:30+00:00\",\"mainEntityOfPage\":{\"@id\":\"https:\/\/www.mundoagropecuario.cl\/new\/centro-de-informacion-lactea-entregara-datos-clave-a-productores\/\"},\"wordCount\":293,\"publisher\":{\"@id\":\"https:\/\/www.mundoagropecuario.cl\/new\/#organization\"},\"image\":{\"@id\":\"https:\/\/www.mundoagropecuario.cl\/new\/centro-de-informacion-lactea-entregara-datos-clave-a-productores\/#primaryimage\"},\"thumbnailUrl\":\"https:\/\/www.mundoagropecuario.cl\/new\/wp-content\/uploads\/2025\/09\/Aproleche23-scaled.jpg\",\"keywords\":[\"Agricultura\",\"Aproleche\",\"Centro de Informaci\u00f3n L\u00e1ctea\",\"Consorcio Lechero\",\"Cooprinsem\",\"Fedeleche\",\"Informaci\u00f3n L\u00e1ctea\",\"L\u00e1cteos\",\"Marcos Winkler.\",\"Mundo Agropecuario\",\"productores\"],\"articleSection\":[\"L\u00e1cteos\"],\"inLanguage\":\"es\"},{\"@type\":\"WebPage\",\"@id\":\"https:\/\/www.mundoagropecuario.cl\/new\/centro-de-informacion-lactea-entregara-datos-clave-a-productores\/\",\"url\":\"https:\/\/www.mundoagropecuario.cl\/new\/centro-de-informacion-lactea-entregara-datos-clave-a-productores\/\",\"name\":\"Centro de Informaci\u00f3n L\u00e1ctea entregar\u00e1 datos clave a productores - Mundoagropecuario\",\"isPartOf\":{\"@id\":\"https:\/\/www.mundoagropecuario.cl\/new\/#website\"},\"primaryImageOfPage\":{\"@id\":\"https:\/\/www.mundoagropecuario.cl\/new\/centro-de-informacion-lactea-entregara-datos-clave-a-productores\/#primaryimage\"},\"image\":{\"@id\":\"https:\/\/www.mundoagropecuario.cl\/new\/centro-de-informacion-lactea-entregara-datos-clave-a-productores\/#primaryimage\"},\"thumbnailUrl\":\"https:\/\/www.mundoagropecuario.cl\/new\/wp-content\/uploads\/2025\/09\/Aproleche23-scaled.jpg\",\"datePublished\":\"2025-09-12T13:07:38+00:00\",\"dateModified\":\"2025-10-01T21:27:30+00:00\",\"description\":\"Centro de Informaci\u00f3n L\u00e1ctea (CIL) surge gracias al trabajo conjunto de Fedeleche, Consorcio Lechero y Exporlac, con participaci\u00f3n de ODEPA.\",\"breadcrumb\":{\"@id\":\"https:\/\/www.mundoagropecuario.cl\/new\/centro-de-informacion-lactea-entregara-datos-clave-a-productores\/#breadcrumb\"},\"inLanguage\":\"es\",\"potentialAction\":[{\"@type\":\"ReadAction\",\"target\":[\"https:\/\/www.mundoagropecuario.cl\/new\/centro-de-informacion-lactea-entregara-datos-clave-a-productores\/\"]}]},{\"@type\":\"ImageObject\",\"inLanguage\":\"es\",\"@id\":\"https:\/\/www.mundoagropecuario.cl\/new\/centro-de-informacion-lactea-entregara-datos-clave-a-productores\/#primaryimage\",\"url\":\"https:\/\/www.mundoagropecuario.cl\/new\/wp-content\/uploads\/2025\/09\/Aproleche23-scaled.jpg\",\"contentUrl\":\"https:\/\/www.mundoagropecuario.cl\/new\/wp-content\/uploads\/2025\/09\/Aproleche23-scaled.jpg\",\"width\":633,\"height\":400},{\"@type\":\"BreadcrumbList\",\"@id\":\"https:\/\/www.mundoagropecuario.cl\/new\/centro-de-informacion-lactea-entregara-datos-clave-a-productores\/#breadcrumb\",\"itemListElement\":[{\"@type\":\"ListItem\",\"position\":1,\"name\":\"Portada\",\"item\":\"https:\/\/www.mundoagropecuario.cl\/new\/\"},{\"@type\":\"ListItem\",\"position\":2,\"name\":\"Centro de Informaci\u00f3n L\u00e1ctea entregar\u00e1 datos clave a productores\"}]},{\"@type\":\"WebSite\",\"@id\":\"https:\/\/www.mundoagropecuario.cl\/new\/#website\",\"url\":\"https:\/\/www.mundoagropecuario.cl\/new\/\",\"name\":\"Mundoagropecuario\",\"description\":\"Mundo Agropecuario\",\"publisher\":{\"@id\":\"https:\/\/www.mundoagropecuario.cl\/new\/#organization\"},\"potentialAction\":[{\"@type\":\"SearchAction\",\"target\":{\"@type\":\"EntryPoint\",\"urlTemplate\":\"https:\/\/www.mundoagropecuario.cl\/new\/?s={search_term_string}\"},\"query-input\":{\"@type\":\"PropertyValueSpecification\",\"valueRequired\":true,\"valueName\":\"search_term_string\"}}],\"inLanguage\":\"es\"},{\"@type\":\"Organization\",\"@id\":\"https:\/\/www.mundoagropecuario.cl\/new\/#organization\",\"name\":\"Revista de Agricultura\",\"url\":\"https:\/\/www.mundoagropecuario.cl\/new\/\",\"logo\":{\"@type\":\"ImageObject\",\"inLanguage\":\"es\",\"@id\":\"https:\/\/www.mundoagropecuario.cl\/new\/#\/schema\/logo\/image\/\",\"url\":\"https:\/\/www.mundoagropecuario.cl\/new\/wp-content\/uploads\/2020\/11\/PORTAL-1-1.png\",\"contentUrl\":\"https:\/\/www.mundoagropecuario.cl\/new\/wp-content\/uploads\/2020\/11\/PORTAL-1-1.png\",\"width\":1026,\"height\":100,\"caption\":\"Revista de Agricultura\"},\"image\":{\"@id\":\"https:\/\/www.mundoagropecuario.cl\/new\/#\/schema\/logo\/image\/\"},\"sameAs\":[\"https:\/\/www.facebook.com\/mundo.agropecuario.3\",\"https:\/\/x.com\/MundoAgropecuar\",\"https:\/\/www.linkedin.com\/in\/mundo-agropecuario-934009201\/\"]},{\"@type\":\"Person\",\"@id\":\"https:\/\/www.mundoagropecuario.cl\/new\/#\/schema\/person\/4e9f74a82a7dac260eb1c44b7eebeb18\",\"name\":\"mundo\",\"url\":\"https:\/\/www.mundoagropecuario.cl\/new\/author\/mundo\/\"}]}<\/script>\n<!-- \/ Yoast SEO plugin. -->","yoast_head_json":{"title":"Centro de Informaci\u00f3n L\u00e1ctea entregar\u00e1 datos clave a productores - Mundoagropecuario","description":"Centro de Informaci\u00f3n L\u00e1ctea (CIL) surge gracias al trabajo conjunto de Fedeleche, Consorcio Lechero y Exporlac, con participaci\u00f3n de ODEPA.","robots":{"index":"index","follow":"follow","max-snippet":"max-snippet:-1","max-image-preview":"max-image-preview:large","max-video-preview":"max-video-preview:-1"},"canonical":"https:\/\/www.mundoagropecuario.cl\/new\/centro-de-informacion-lactea-entregara-datos-clave-a-productores\/","og_locale":"es_ES","og_type":"article","og_title":"Centro de Informaci\u00f3n L\u00e1ctea entregar\u00e1 datos clave a productores - Mundoagropecuario","og_description":"Centro de Informaci\u00f3n L\u00e1ctea (CIL) surge gracias al trabajo conjunto de Fedeleche, Consorcio Lechero y Exporlac, con participaci\u00f3n de ODEPA.","og_url":"https:\/\/www.mundoagropecuario.cl\/new\/centro-de-informacion-lactea-entregara-datos-clave-a-productores\/","og_site_name":"Mundoagropecuario","article_publisher":"https:\/\/www.facebook.com\/mundo.agropecuario.3","article_published_time":"2025-09-12T13:07:38+00:00","article_modified_time":"2025-10-01T21:27:30+00:00","og_image":[{"width":633,"height":400,"url":"https:\/\/www.mundoagropecuario.cl\/new\/wp-content\/uploads\/2025\/09\/Aproleche23-scaled.jpg","type":"image\/jpeg"}],"author":"mundo","twitter_card":"summary_large_image","twitter_creator":"@MundoAgropecuar","twitter_site":"@MundoAgropecuar","twitter_misc":{"Escrito por":"mundo","Tiempo de lectura":"2 minutos"},"schema":{"@context":"https:\/\/schema.org","@graph":[{"@type":"Article","@id":"https:\/\/www.mundoagropecuario.cl\/new\/centro-de-informacion-lactea-entregara-datos-clave-a-productores\/#article","isPartOf":{"@id":"https:\/\/www.mundoagropecuario.cl\/new\/centro-de-informacion-lactea-entregara-datos-clave-a-productores\/"},"author":{"name":"mundo","@id":"https:\/\/www.mundoagropecuario.cl\/new\/#\/schema\/person\/4e9f74a82a7dac260eb1c44b7eebeb18"},"headline":"Centro de Informaci\u00f3n L\u00e1ctea entregar\u00e1 datos clave a productores","datePublished":"2025-09-12T13:07:38+00:00","dateModified":"2025-10-01T21:27:30+00:00","mainEntityOfPage":{"@id":"https:\/\/www.mundoagropecuario.cl\/new\/centro-de-informacion-lactea-entregara-datos-clave-a-productores\/"},"wordCount":293,"publisher":{"@id":"https:\/\/www.mundoagropecuario.cl\/new\/#organization"},"image":{"@id":"https:\/\/www.mundoagropecuario.cl\/new\/centro-de-informacion-lactea-entregara-datos-clave-a-productores\/#primaryimage"},"thumbnailUrl":"https:\/\/www.mundoagropecuario.cl\/new\/wp-content\/uploads\/2025\/09\/Aproleche23-scaled.jpg","keywords":["Agricultura","Aproleche","Centro de Informaci\u00f3n L\u00e1ctea","Consorcio Lechero","Cooprinsem","Fedeleche","Informaci\u00f3n L\u00e1ctea","L\u00e1cteos","Marcos Winkler.","Mundo Agropecuario","productores"],"articleSection":["L\u00e1cteos"],"inLanguage":"es"},{"@type":"WebPage","@id":"https:\/\/www.mundoagropecuario.cl\/new\/centro-de-informacion-lactea-entregara-datos-clave-a-productores\/","url":"https:\/\/www.mundoagropecuario.cl\/new\/centro-de-informacion-lactea-entregara-datos-clave-a-productores\/","name":"Centro de Informaci\u00f3n L\u00e1ctea entregar\u00e1 datos clave a productores - Mundoagropecuario","isPartOf":{"@id":"https:\/\/www.mundoagropecuario.cl\/new\/#website"},"primaryImageOfPage":{"@id":"https:\/\/www.mundoagropecuario.cl\/new\/centro-de-informacion-lactea-entregara-datos-clave-a-productores\/#primaryimage"},"image":{"@id":"https:\/\/www.mundoagropecuario.cl\/new\/centro-de-informacion-lactea-entregara-datos-clave-a-productores\/#primaryimage"},"thumbnailUrl":"https:\/\/www.mundoagropecuario.cl\/new\/wp-content\/uploads\/2025\/09\/Aproleche23-scaled.jpg","datePublished":"2025-09-12T13:07:38+00:00","dateModified":"2025-10-01T21:27:30+00:00","description":"Centro de Informaci\u00f3n L\u00e1ctea (CIL) surge gracias al trabajo conjunto de Fedeleche, Consorcio Lechero y Exporlac, con participaci\u00f3n de ODEPA.","breadcrumb":{"@id":"https:\/\/www.mundoagropecuario.cl\/new\/centro-de-informacion-lactea-entregara-datos-clave-a-productores\/#breadcrumb"},"inLanguage":"es","potentialAction":[{"@type":"ReadAction","target":["https:\/\/www.mundoagropecuario.cl\/new\/centro-de-informacion-lactea-entregara-datos-clave-a-productores\/"]}]},{"@type":"ImageObject","inLanguage":"es","@id":"https:\/\/www.mundoagropecuario.cl\/new\/centro-de-informacion-lactea-entregara-datos-clave-a-productores\/#primaryimage","url":"https:\/\/www.mundoagropecuario.cl\/new\/wp-content\/uploads\/2025\/09\/Aproleche23-scaled.jpg","contentUrl":"https:\/\/www.mundoagropecuario.cl\/new\/wp-content\/uploads\/2025\/09\/Aproleche23-scaled.jpg","width":633,"height":400},{"@type":"BreadcrumbList","@id":"https:\/\/www.mundoagropecuario.cl\/new\/centro-de-informacion-lactea-entregara-datos-clave-a-productores\/#breadcrumb","itemListElement":[{"@type":"ListItem","position":1,"name":"Portada","item":"https:\/\/www.mundoagropecuario.cl\/new\/"},{"@type":"ListItem","position":2,"name":"Centro de Informaci\u00f3n L\u00e1ctea entregar\u00e1 datos clave a productores"}]},{"@type":"WebSite","@id":"https:\/\/www.mundoagropecuario.cl\/new\/#website","url":"https:\/\/www.mundoagropecuario.cl\/new\/","name":"Mundoagropecuario","description":"Mundo Agropecuario","publisher":{"@id":"https:\/\/www.mundoagropecuario.cl\/new\/#organization"},"potentialAction":[{"@type":"SearchAction","target":{"@type":"EntryPoint","urlTemplate":"https:\/\/www.mundoagropecuario.cl\/new\/?s={search_term_string}"},"query-input":{"@type":"PropertyValueSpecification","valueRequired":true,"valueName":"search_term_string"}}],"inLanguage":"es"},{"@type":"Organization","@id":"https:\/\/www.mundoagropecuario.cl\/new\/#organization","name":"Revista de Agricultura","url":"https:\/\/www.mundoagropecuario.cl\/new\/","logo":{"@type":"ImageObject","inLanguage":"es","@id":"https:\/\/www.mundoagropecuario.cl\/new\/#\/schema\/logo\/image\/","url":"https:\/\/www.mundoagropecuario.cl\/new\/wp-content\/uploads\/2020\/11\/PORTAL-1-1.png","contentUrl":"https:\/\/www.mundoagropecuario.cl\/new\/wp-content\/uploads\/2020\/11\/PORTAL-1-1.png","width":1026,"height":100,"caption":"Revista de Agricultura"},"image":{"@id":"https:\/\/www.mundoagropecuario.cl\/new\/#\/schema\/logo\/image\/"},"sameAs":["https:\/\/www.facebook.com\/mundo.agropecuario.3","https:\/\/x.com\/MundoAgropecuar","https:\/\/www.linkedin.com\/in\/mundo-agropecuario-934009201\/"]},{"@type":"Person","@id":"https:\/\/www.mundoagropecuario.cl\/new\/#\/schema\/person\/4e9f74a82a7dac260eb1c44b7eebeb18","name":"mundo","url":"https:\/\/www.mundoagropecuario.cl\/new\/author\/mundo\/"}]}},"_links":{"self":[{"href":"https:\/\/www.mundoagropecuario.cl\/new\/wp-json\/wp\/v2\/posts\/27231","targetHints":{"allow":["GET"]}}],"collection":[{"href":"https:\/\/www.mundoagropecuario.cl\/new\/wp-json\/wp\/v2\/posts"}],"about":[{"href":"https:\/\/www.mundoagropecuario.cl\/new\/wp-json\/wp\/v2\/types\/post"}],"author":[{"embeddable":true,"href":"https:\/\/www.mundoagropecuario.cl\/new\/wp-json\/wp\/v2\/users\/2"}],"replies":[{"embeddable":true,"href":"https:\/\/www.mundoagropecuario.cl\/new\/wp-json\/wp\/v2\/comments?post=27231"}],"version-history":[{"count":1,"href":"https:\/\/www.mundoagropecuario.cl\/new\/wp-json\/wp\/v2\/posts\/27231\/revisions"}],"predecessor-version":[{"id":27234,"href":"https:\/\/www.mundoagropecuario.cl\/new\/wp-json\/wp\/v2\/posts\/27231\/revisions\/27234"}],"wp:featuredmedia":[{"embeddable":true,"href":"https:\/\/www.mundoagropecuario.cl\/new\/wp-json\/wp\/v2\/media\/27233"}],"wp:attachment":[{"href":"https:\/\/www.mundoagropecuario.cl\/new\/wp-json\/wp\/v2\/media?parent=27231"}],"wp:term":[{"taxonomy":"category","embeddable":true,"href":"https:\/\/www.mundoagropecuario.cl\/new\/wp-json\/wp\/v2\/categories?post=27231"},{"taxonomy":"post_tag","embeddable":true,"href":"https:\/\/www.mundoagropecuario.cl\/new\/wp-json\/wp\/v2\/tags?post=27231"}],"curies":[{"name":"wp","href":"https:\/\/api.w.org\/{rel}","templated":true}]}}