{"id":27215,"date":"2025-09-11T18:30:25","date_gmt":"2025-09-11T21:30:25","guid":{"rendered":"https:\/\/www.mundoagropecuario.cl\/new\/?p=27215"},"modified":"2025-10-01T18:27:56","modified_gmt":"2025-10-01T21:27:56","slug":"aproleche-osorno-en-encuentro-panamericano-de-jovenes-lecheros","status":"publish","type":"post","link":"https:\/\/www.mundoagropecuario.cl\/new\/aproleche-osorno-en-encuentro-panamericano-de-jovenes-lecheros\/","title":{"rendered":"Aproleche Osorno en Encuentro Panamericano de J\u00f3venes Lecheros"},"content":{"rendered":"<p>Recientemente, la Asociaci\u00f3n Gremial de Productores de Leche de Osorno (Aproleche), fue parte del 6\u00b0 Encuentro Panamericano de J\u00f3venes Lecheros, organizado por la Federaci\u00f3n Panamericana de Lecher\u00eda (FEPALE) y la Cooperativa de Productores de Leche Dos Pinos, en Costa Rica.<\/p>\n<p><a href=\"https:\/\/www.mundoagropecuario.cl\/new\/wp-content\/uploads\/2025\/09\/Aproleche3-scaled.jpg\"><img loading=\"lazy\" decoding=\"async\" class=\"alignleft wp-image-27216 \" src=\"https:\/\/www.mundoagropecuario.cl\/new\/wp-content\/uploads\/2025\/09\/Aproleche3-609x400.jpg\" alt=\"\" width=\"533\" height=\"379\" \/><\/a> La participaci\u00f3n de Aproleche Osorno fue liderada por una de sus directoras, Gabriela Serrano, quien estuvo acompa\u00f1ada de una delegaci\u00f3n de socios de la Asociaci\u00f3n Gremial. En esta instancia compartieron con j\u00f3venes de entre 18 y 35 a\u00f1os vinculados a la cadena l\u00e1ctea de distintos pa\u00edses del continente.<\/p>\n<p>Este encuentro combin\u00f3 conferencias, foros, visitas a predios, actividades culturales y sociales, generando un valioso intercambio de experiencias. Durante las jornadas, se abordaron tem\u00e1ticas claves para el futuro del sector, como el rol de los j\u00f3venes frente a los desaf\u00edos de la lecher\u00eda, el liderazgo de las nuevas generaciones, el cooperativismo como modelo de vida y desarrollo, adem\u00e1s de la incorporaci\u00f3n de sistemas de monitoreo digital en los sistemas productivos.<\/p>\n<p>En este contexto, Gabriela Serrano, directora de Aproleche Osorno, coment\u00f3 que &#8220;la participaci\u00f3n en este encuentro fue una experiencia enriquecedora, donde pudimos conocer realidades diversas de producci\u00f3n. Independiente del pa\u00eds, qued\u00f3 claro que los productos l\u00e1cteos y la carne son esenciales en la dieta panamericana, y que los productores nos adaptamos con innovaci\u00f3n y compromiso para entregar alimentos de calidad a las personas\u201d.<\/p>\n<p>Asimismo, agreg\u00f3 que &#8220;en Aproleche Osorno valoramos profundamente el rol de los j\u00f3venes en el futuro de la lecher\u00eda. Hemos creado instancias de capacitaci\u00f3n y visitas a terreno para acercarlos al rubro, pero a\u00fan debemos trabajar en difundir la importancia de la vida como productor, para que el relevo generacional ocurra de manera natural y con nuevas ideas, energ\u00eda y tecnolog\u00eda\u201d.<\/p>\n<p><a href=\"https:\/\/www.mundoagropecuario.cl\/new\/wp-content\/uploads\/2025\/09\/Aproleche2-scaled.jpg\"><img loading=\"lazy\" decoding=\"async\" class=\"alignright wp-image-27217 \" src=\"https:\/\/www.mundoagropecuario.cl\/new\/wp-content\/uploads\/2025\/09\/Aproleche2-654x400.jpg\" alt=\"\" width=\"529\" height=\"340\" \/><\/a>Tambi\u00e9n, Gabriela Serrano destac\u00f3 el valor de la red de cooperaci\u00f3n internacional. \u201cEstos encuentros permiten compartir experiencias, debatir sobre pr\u00e1cticas sustentables y generar una red de productores latinoamericanos comprometidos con alimentar a millones de personas. Desde la regi\u00f3n de Los Lagos, seguimos trabajando para fomentar el uso de pr\u00e1cticas agr\u00edcolas que produzcan m\u00e1s y mejores alimentos, con un impacto positivo en el medio ambiente\u201d.<\/p>\n<p>A su vez, sostuvo que \u201cCosta Rica nos mostr\u00f3 la fuerza del cooperativismo y de un modelo productivo adaptado a la diversidad de climas. Este tipo de experiencias refuerzan el valor del trabajo colectivo, y la necesidad de que las nuevas generaciones se integren para proyectar la lecher\u00eda con visi\u00f3n de futuro y sustentabilidad\u201d.<\/p>\n<p>De esta manera, Aproleche Osorno reafirm\u00f3 su compromiso con la formaci\u00f3n y proyecci\u00f3n de nuevas generaciones de productores lecheros, fortaleciendo la integraci\u00f3n y promoviendo la sustentabilidad del sector, en un escenario global cada vez m\u00e1s desafiante.<\/p>\n","protected":false},"excerpt":{"rendered":"<p>Durante las jornadas, se abordaron tem\u00e1ticas claves para el futuro del sector, como el rol de los j\u00f3venes frente a los desaf\u00edos de la lecher\u00eda<\/p>\n","protected":false},"author":2,"featured_media":27218,"comment_status":"closed","ping_status":"closed","sticky":false,"template":"","format":"standard","meta":{"footnotes":""},"categories":[1946],"tags":[2090,3127,2057,2126,1957,9961,9959,2058,9960,2052,2051,9958,4149],"class_list":["post-27215","post","type-post","status-publish","format-standard","has-post-thumbnail","hentry","category-lacteos","tag-agricultura","tag-agro","tag-aproleche","tag-aproleche-osorno","tag-consorcio-lechero","tag-cooperativa-de-productores","tag-en-costa-rica","tag-fedeleche","tag-federacion-panamericana-de-lecheria","tag-inia","tag-leche","tag-leche-dos-pinos","tag-mundo-agropecuario"],"yoast_head":"<!-- This site is optimized with the Yoast SEO plugin v26.6 - https:\/\/yoast.com\/wordpress\/plugins\/seo\/ -->\n<title>Aproleche Osorno en Encuentro Panamericano de J\u00f3venes Lecheros - Mundoagropecuario<\/title>\n<meta name=\"description\" content=\"En las jornadas se abordaron tem\u00e1ticas claves para el futuro del sector, como el rol de los j\u00f3venes frente a los desaf\u00edos de la lecher\u00eda\" \/>\n<meta name=\"robots\" content=\"index, follow, max-snippet:-1, max-image-preview:large, max-video-preview:-1\" \/>\n<link rel=\"canonical\" href=\"https:\/\/www.mundoagropecuario.cl\/new\/aproleche-osorno-en-encuentro-panamericano-de-jovenes-lecheros\/\" \/>\n<meta property=\"og:locale\" content=\"es_ES\" \/>\n<meta property=\"og:type\" content=\"article\" \/>\n<meta property=\"og:title\" content=\"Aproleche Osorno en Encuentro Panamericano de J\u00f3venes Lecheros - Mundoagropecuario\" \/>\n<meta property=\"og:description\" content=\"En las jornadas se abordaron tem\u00e1ticas claves para el futuro del sector, como el rol de los j\u00f3venes frente a los desaf\u00edos de la lecher\u00eda\" \/>\n<meta property=\"og:url\" content=\"https:\/\/www.mundoagropecuario.cl\/new\/aproleche-osorno-en-encuentro-panamericano-de-jovenes-lecheros\/\" \/>\n<meta property=\"og:site_name\" content=\"Mundoagropecuario\" \/>\n<meta property=\"article:publisher\" content=\"https:\/\/www.facebook.com\/mundo.agropecuario.3\" \/>\n<meta property=\"article:published_time\" content=\"2025-09-11T21:30:25+00:00\" \/>\n<meta property=\"article:modified_time\" content=\"2025-10-01T21:27:56+00:00\" \/>\n<meta property=\"og:image\" content=\"https:\/\/www.mundoagropecuario.cl\/new\/wp-content\/uploads\/2025\/09\/Aproleche1-scaled.jpg\" \/>\n\t<meta property=\"og:image:width\" content=\"622\" \/>\n\t<meta property=\"og:image:height\" content=\"400\" \/>\n\t<meta property=\"og:image:type\" content=\"image\/jpeg\" \/>\n<meta name=\"author\" content=\"mundo\" \/>\n<meta name=\"twitter:card\" content=\"summary_large_image\" \/>\n<meta name=\"twitter:creator\" content=\"@MundoAgropecuar\" \/>\n<meta name=\"twitter:site\" content=\"@MundoAgropecuar\" \/>\n<meta name=\"twitter:label1\" content=\"Escrito por\" \/>\n\t<meta name=\"twitter:data1\" content=\"mundo\" \/>\n\t<meta name=\"twitter:label2\" content=\"Tiempo de lectura\" \/>\n\t<meta name=\"twitter:data2\" content=\"3 minutos\" \/>\n<script type=\"application\/ld+json\" class=\"yoast-schema-graph\">{\"@context\":\"https:\/\/schema.org\",\"@graph\":[{\"@type\":\"Article\",\"@id\":\"https:\/\/www.mundoagropecuario.cl\/new\/aproleche-osorno-en-encuentro-panamericano-de-jovenes-lecheros\/#article\",\"isPartOf\":{\"@id\":\"https:\/\/www.mundoagropecuario.cl\/new\/aproleche-osorno-en-encuentro-panamericano-de-jovenes-lecheros\/\"},\"author\":{\"name\":\"mundo\",\"@id\":\"https:\/\/www.mundoagropecuario.cl\/new\/#\/schema\/person\/4e9f74a82a7dac260eb1c44b7eebeb18\"},\"headline\":\"Aproleche Osorno en Encuentro Panamericano de J\u00f3venes Lecheros\",\"datePublished\":\"2025-09-11T21:30:25+00:00\",\"dateModified\":\"2025-10-01T21:27:56+00:00\",\"mainEntityOfPage\":{\"@id\":\"https:\/\/www.mundoagropecuario.cl\/new\/aproleche-osorno-en-encuentro-panamericano-de-jovenes-lecheros\/\"},\"wordCount\":484,\"publisher\":{\"@id\":\"https:\/\/www.mundoagropecuario.cl\/new\/#organization\"},\"image\":{\"@id\":\"https:\/\/www.mundoagropecuario.cl\/new\/aproleche-osorno-en-encuentro-panamericano-de-jovenes-lecheros\/#primaryimage\"},\"thumbnailUrl\":\"https:\/\/www.mundoagropecuario.cl\/new\/wp-content\/uploads\/2025\/09\/Aproleche1-scaled.jpg\",\"keywords\":[\"Agricultura\",\"Agro\",\"Aproleche\",\"Aproleche Osorno\",\"Consorcio Lechero\",\"Cooperativa de Productores\",\"en Costa Rica.\",\"Fedeleche\",\"Federaci\u00f3n Panamericana de Lecher\u00eda\",\"INIA\",\"Leche\",\"Leche Dos Pinos\",\"Mundo Agropecuario\"],\"articleSection\":[\"L\u00e1cteos\"],\"inLanguage\":\"es\"},{\"@type\":\"WebPage\",\"@id\":\"https:\/\/www.mundoagropecuario.cl\/new\/aproleche-osorno-en-encuentro-panamericano-de-jovenes-lecheros\/\",\"url\":\"https:\/\/www.mundoagropecuario.cl\/new\/aproleche-osorno-en-encuentro-panamericano-de-jovenes-lecheros\/\",\"name\":\"Aproleche Osorno en Encuentro Panamericano de J\u00f3venes Lecheros - Mundoagropecuario\",\"isPartOf\":{\"@id\":\"https:\/\/www.mundoagropecuario.cl\/new\/#website\"},\"primaryImageOfPage\":{\"@id\":\"https:\/\/www.mundoagropecuario.cl\/new\/aproleche-osorno-en-encuentro-panamericano-de-jovenes-lecheros\/#primaryimage\"},\"image\":{\"@id\":\"https:\/\/www.mundoagropecuario.cl\/new\/aproleche-osorno-en-encuentro-panamericano-de-jovenes-lecheros\/#primaryimage\"},\"thumbnailUrl\":\"https:\/\/www.mundoagropecuario.cl\/new\/wp-content\/uploads\/2025\/09\/Aproleche1-scaled.jpg\",\"datePublished\":\"2025-09-11T21:30:25+00:00\",\"dateModified\":\"2025-10-01T21:27:56+00:00\",\"description\":\"En las jornadas se abordaron tem\u00e1ticas claves para el futuro del sector, como el rol de los j\u00f3venes frente a los desaf\u00edos de la lecher\u00eda\",\"breadcrumb\":{\"@id\":\"https:\/\/www.mundoagropecuario.cl\/new\/aproleche-osorno-en-encuentro-panamericano-de-jovenes-lecheros\/#breadcrumb\"},\"inLanguage\":\"es\",\"potentialAction\":[{\"@type\":\"ReadAction\",\"target\":[\"https:\/\/www.mundoagropecuario.cl\/new\/aproleche-osorno-en-encuentro-panamericano-de-jovenes-lecheros\/\"]}]},{\"@type\":\"ImageObject\",\"inLanguage\":\"es\",\"@id\":\"https:\/\/www.mundoagropecuario.cl\/new\/aproleche-osorno-en-encuentro-panamericano-de-jovenes-lecheros\/#primaryimage\",\"url\":\"https:\/\/www.mundoagropecuario.cl\/new\/wp-content\/uploads\/2025\/09\/Aproleche1-scaled.jpg\",\"contentUrl\":\"https:\/\/www.mundoagropecuario.cl\/new\/wp-content\/uploads\/2025\/09\/Aproleche1-scaled.jpg\",\"width\":622,\"height\":400},{\"@type\":\"BreadcrumbList\",\"@id\":\"https:\/\/www.mundoagropecuario.cl\/new\/aproleche-osorno-en-encuentro-panamericano-de-jovenes-lecheros\/#breadcrumb\",\"itemListElement\":[{\"@type\":\"ListItem\",\"position\":1,\"name\":\"Portada\",\"item\":\"https:\/\/www.mundoagropecuario.cl\/new\/\"},{\"@type\":\"ListItem\",\"position\":2,\"name\":\"Aproleche Osorno en Encuentro Panamericano de J\u00f3venes Lecheros\"}]},{\"@type\":\"WebSite\",\"@id\":\"https:\/\/www.mundoagropecuario.cl\/new\/#website\",\"url\":\"https:\/\/www.mundoagropecuario.cl\/new\/\",\"name\":\"Mundoagropecuario\",\"description\":\"Mundo Agropecuario\",\"publisher\":{\"@id\":\"https:\/\/www.mundoagropecuario.cl\/new\/#organization\"},\"potentialAction\":[{\"@type\":\"SearchAction\",\"target\":{\"@type\":\"EntryPoint\",\"urlTemplate\":\"https:\/\/www.mundoagropecuario.cl\/new\/?s={search_term_string}\"},\"query-input\":{\"@type\":\"PropertyValueSpecification\",\"valueRequired\":true,\"valueName\":\"search_term_string\"}}],\"inLanguage\":\"es\"},{\"@type\":\"Organization\",\"@id\":\"https:\/\/www.mundoagropecuario.cl\/new\/#organization\",\"name\":\"Revista de Agricultura\",\"url\":\"https:\/\/www.mundoagropecuario.cl\/new\/\",\"logo\":{\"@type\":\"ImageObject\",\"inLanguage\":\"es\",\"@id\":\"https:\/\/www.mundoagropecuario.cl\/new\/#\/schema\/logo\/image\/\",\"url\":\"https:\/\/www.mundoagropecuario.cl\/new\/wp-content\/uploads\/2020\/11\/PORTAL-1-1.png\",\"contentUrl\":\"https:\/\/www.mundoagropecuario.cl\/new\/wp-content\/uploads\/2020\/11\/PORTAL-1-1.png\",\"width\":1026,\"height\":100,\"caption\":\"Revista de Agricultura\"},\"image\":{\"@id\":\"https:\/\/www.mundoagropecuario.cl\/new\/#\/schema\/logo\/image\/\"},\"sameAs\":[\"https:\/\/www.facebook.com\/mundo.agropecuario.3\",\"https:\/\/x.com\/MundoAgropecuar\",\"https:\/\/www.linkedin.com\/in\/mundo-agropecuario-934009201\/\"]},{\"@type\":\"Person\",\"@id\":\"https:\/\/www.mundoagropecuario.cl\/new\/#\/schema\/person\/4e9f74a82a7dac260eb1c44b7eebeb18\",\"name\":\"mundo\",\"url\":\"https:\/\/www.mundoagropecuario.cl\/new\/author\/mundo\/\"}]}<\/script>\n<!-- \/ Yoast SEO plugin. -->","yoast_head_json":{"title":"Aproleche Osorno en Encuentro Panamericano de J\u00f3venes Lecheros - Mundoagropecuario","description":"En las jornadas se abordaron tem\u00e1ticas claves para el futuro del sector, como el rol de los j\u00f3venes frente a los desaf\u00edos de la lecher\u00eda","robots":{"index":"index","follow":"follow","max-snippet":"max-snippet:-1","max-image-preview":"max-image-preview:large","max-video-preview":"max-video-preview:-1"},"canonical":"https:\/\/www.mundoagropecuario.cl\/new\/aproleche-osorno-en-encuentro-panamericano-de-jovenes-lecheros\/","og_locale":"es_ES","og_type":"article","og_title":"Aproleche Osorno en Encuentro Panamericano de J\u00f3venes Lecheros - Mundoagropecuario","og_description":"En las jornadas se abordaron tem\u00e1ticas claves para el futuro del sector, como el rol de los j\u00f3venes frente a los desaf\u00edos de la lecher\u00eda","og_url":"https:\/\/www.mundoagropecuario.cl\/new\/aproleche-osorno-en-encuentro-panamericano-de-jovenes-lecheros\/","og_site_name":"Mundoagropecuario","article_publisher":"https:\/\/www.facebook.com\/mundo.agropecuario.3","article_published_time":"2025-09-11T21:30:25+00:00","article_modified_time":"2025-10-01T21:27:56+00:00","og_image":[{"width":622,"height":400,"url":"https:\/\/www.mundoagropecuario.cl\/new\/wp-content\/uploads\/2025\/09\/Aproleche1-scaled.jpg","type":"image\/jpeg"}],"author":"mundo","twitter_card":"summary_large_image","twitter_creator":"@MundoAgropecuar","twitter_site":"@MundoAgropecuar","twitter_misc":{"Escrito por":"mundo","Tiempo de lectura":"3 minutos"},"schema":{"@context":"https:\/\/schema.org","@graph":[{"@type":"Article","@id":"https:\/\/www.mundoagropecuario.cl\/new\/aproleche-osorno-en-encuentro-panamericano-de-jovenes-lecheros\/#article","isPartOf":{"@id":"https:\/\/www.mundoagropecuario.cl\/new\/aproleche-osorno-en-encuentro-panamericano-de-jovenes-lecheros\/"},"author":{"name":"mundo","@id":"https:\/\/www.mundoagropecuario.cl\/new\/#\/schema\/person\/4e9f74a82a7dac260eb1c44b7eebeb18"},"headline":"Aproleche Osorno en Encuentro Panamericano de J\u00f3venes Lecheros","datePublished":"2025-09-11T21:30:25+00:00","dateModified":"2025-10-01T21:27:56+00:00","mainEntityOfPage":{"@id":"https:\/\/www.mundoagropecuario.cl\/new\/aproleche-osorno-en-encuentro-panamericano-de-jovenes-lecheros\/"},"wordCount":484,"publisher":{"@id":"https:\/\/www.mundoagropecuario.cl\/new\/#organization"},"image":{"@id":"https:\/\/www.mundoagropecuario.cl\/new\/aproleche-osorno-en-encuentro-panamericano-de-jovenes-lecheros\/#primaryimage"},"thumbnailUrl":"https:\/\/www.mundoagropecuario.cl\/new\/wp-content\/uploads\/2025\/09\/Aproleche1-scaled.jpg","keywords":["Agricultura","Agro","Aproleche","Aproleche Osorno","Consorcio Lechero","Cooperativa de Productores","en Costa Rica.","Fedeleche","Federaci\u00f3n Panamericana de Lecher\u00eda","INIA","Leche","Leche Dos Pinos","Mundo Agropecuario"],"articleSection":["L\u00e1cteos"],"inLanguage":"es"},{"@type":"WebPage","@id":"https:\/\/www.mundoagropecuario.cl\/new\/aproleche-osorno-en-encuentro-panamericano-de-jovenes-lecheros\/","url":"https:\/\/www.mundoagropecuario.cl\/new\/aproleche-osorno-en-encuentro-panamericano-de-jovenes-lecheros\/","name":"Aproleche Osorno en Encuentro Panamericano de J\u00f3venes Lecheros - Mundoagropecuario","isPartOf":{"@id":"https:\/\/www.mundoagropecuario.cl\/new\/#website"},"primaryImageOfPage":{"@id":"https:\/\/www.mundoagropecuario.cl\/new\/aproleche-osorno-en-encuentro-panamericano-de-jovenes-lecheros\/#primaryimage"},"image":{"@id":"https:\/\/www.mundoagropecuario.cl\/new\/aproleche-osorno-en-encuentro-panamericano-de-jovenes-lecheros\/#primaryimage"},"thumbnailUrl":"https:\/\/www.mundoagropecuario.cl\/new\/wp-content\/uploads\/2025\/09\/Aproleche1-scaled.jpg","datePublished":"2025-09-11T21:30:25+00:00","dateModified":"2025-10-01T21:27:56+00:00","description":"En las jornadas se abordaron tem\u00e1ticas claves para el futuro del sector, como el rol de los j\u00f3venes frente a los desaf\u00edos de la lecher\u00eda","breadcrumb":{"@id":"https:\/\/www.mundoagropecuario.cl\/new\/aproleche-osorno-en-encuentro-panamericano-de-jovenes-lecheros\/#breadcrumb"},"inLanguage":"es","potentialAction":[{"@type":"ReadAction","target":["https:\/\/www.mundoagropecuario.cl\/new\/aproleche-osorno-en-encuentro-panamericano-de-jovenes-lecheros\/"]}]},{"@type":"ImageObject","inLanguage":"es","@id":"https:\/\/www.mundoagropecuario.cl\/new\/aproleche-osorno-en-encuentro-panamericano-de-jovenes-lecheros\/#primaryimage","url":"https:\/\/www.mundoagropecuario.cl\/new\/wp-content\/uploads\/2025\/09\/Aproleche1-scaled.jpg","contentUrl":"https:\/\/www.mundoagropecuario.cl\/new\/wp-content\/uploads\/2025\/09\/Aproleche1-scaled.jpg","width":622,"height":400},{"@type":"BreadcrumbList","@id":"https:\/\/www.mundoagropecuario.cl\/new\/aproleche-osorno-en-encuentro-panamericano-de-jovenes-lecheros\/#breadcrumb","itemListElement":[{"@type":"ListItem","position":1,"name":"Portada","item":"https:\/\/www.mundoagropecuario.cl\/new\/"},{"@type":"ListItem","position":2,"name":"Aproleche Osorno en Encuentro Panamericano de J\u00f3venes Lecheros"}]},{"@type":"WebSite","@id":"https:\/\/www.mundoagropecuario.cl\/new\/#website","url":"https:\/\/www.mundoagropecuario.cl\/new\/","name":"Mundoagropecuario","description":"Mundo Agropecuario","publisher":{"@id":"https:\/\/www.mundoagropecuario.cl\/new\/#organization"},"potentialAction":[{"@type":"SearchAction","target":{"@type":"EntryPoint","urlTemplate":"https:\/\/www.mundoagropecuario.cl\/new\/?s={search_term_string}"},"query-input":{"@type":"PropertyValueSpecification","valueRequired":true,"valueName":"search_term_string"}}],"inLanguage":"es"},{"@type":"Organization","@id":"https:\/\/www.mundoagropecuario.cl\/new\/#organization","name":"Revista de Agricultura","url":"https:\/\/www.mundoagropecuario.cl\/new\/","logo":{"@type":"ImageObject","inLanguage":"es","@id":"https:\/\/www.mundoagropecuario.cl\/new\/#\/schema\/logo\/image\/","url":"https:\/\/www.mundoagropecuario.cl\/new\/wp-content\/uploads\/2020\/11\/PORTAL-1-1.png","contentUrl":"https:\/\/www.mundoagropecuario.cl\/new\/wp-content\/uploads\/2020\/11\/PORTAL-1-1.png","width":1026,"height":100,"caption":"Revista de Agricultura"},"image":{"@id":"https:\/\/www.mundoagropecuario.cl\/new\/#\/schema\/logo\/image\/"},"sameAs":["https:\/\/www.facebook.com\/mundo.agropecuario.3","https:\/\/x.com\/MundoAgropecuar","https:\/\/www.linkedin.com\/in\/mundo-agropecuario-934009201\/"]},{"@type":"Person","@id":"https:\/\/www.mundoagropecuario.cl\/new\/#\/schema\/person\/4e9f74a82a7dac260eb1c44b7eebeb18","name":"mundo","url":"https:\/\/www.mundoagropecuario.cl\/new\/author\/mundo\/"}]}},"_links":{"self":[{"href":"https:\/\/www.mundoagropecuario.cl\/new\/wp-json\/wp\/v2\/posts\/27215","targetHints":{"allow":["GET"]}}],"collection":[{"href":"https:\/\/www.mundoagropecuario.cl\/new\/wp-json\/wp\/v2\/posts"}],"about":[{"href":"https:\/\/www.mundoagropecuario.cl\/new\/wp-json\/wp\/v2\/types\/post"}],"author":[{"embeddable":true,"href":"https:\/\/www.mundoagropecuario.cl\/new\/wp-json\/wp\/v2\/users\/2"}],"replies":[{"embeddable":true,"href":"https:\/\/www.mundoagropecuario.cl\/new\/wp-json\/wp\/v2\/comments?post=27215"}],"version-history":[{"count":1,"href":"https:\/\/www.mundoagropecuario.cl\/new\/wp-json\/wp\/v2\/posts\/27215\/revisions"}],"predecessor-version":[{"id":27219,"href":"https:\/\/www.mundoagropecuario.cl\/new\/wp-json\/wp\/v2\/posts\/27215\/revisions\/27219"}],"wp:featuredmedia":[{"embeddable":true,"href":"https:\/\/www.mundoagropecuario.cl\/new\/wp-json\/wp\/v2\/media\/27218"}],"wp:attachment":[{"href":"https:\/\/www.mundoagropecuario.cl\/new\/wp-json\/wp\/v2\/media?parent=27215"}],"wp:term":[{"taxonomy":"category","embeddable":true,"href":"https:\/\/www.mundoagropecuario.cl\/new\/wp-json\/wp\/v2\/categories?post=27215"},{"taxonomy":"post_tag","embeddable":true,"href":"https:\/\/www.mundoagropecuario.cl\/new\/wp-json\/wp\/v2\/tags?post=27215"}],"curies":[{"name":"wp","href":"https:\/\/api.w.org\/{rel}","templated":true}]}}