{"id":27210,"date":"2025-09-10T16:36:21","date_gmt":"2025-09-10T19:36:21","guid":{"rendered":"https:\/\/www.mundoagropecuario.cl\/new\/?p=27210"},"modified":"2025-09-26T11:03:53","modified_gmt":"2025-09-26T14:03:53","slug":"inia-entrega-claves-para-una-alimentacion-saludable-este-18-de-septiembre","status":"publish","type":"post","link":"https:\/\/www.mundoagropecuario.cl\/new\/inia-entrega-claves-para-una-alimentacion-saludable-este-18-de-septiembre\/","title":{"rendered":"INIA entrega claves para una alimentaci\u00f3n saludable este 18 de septiembre"},"content":{"rendered":"<p>Con la llegada de Fiestas Patrias, las celebraciones en torno a la comida y las tradiciones chilenas se intensifican. Para disfrutar de estas fechas sin excesos y cuidando la salud, la investigadora de INIA La Platina, Dra. Cristina Vergara, especialista en alimentos funcionales, comparte recomendaciones simples para mantener un equilibrio en estas celebraciones.<\/p>\n<p><a href=\"https:\/\/www.mundoagropecuario.cl\/new\/wp-content\/uploads\/2025\/09\/Investigadora-.jpg\"><img loading=\"lazy\" decoding=\"async\" class=\"wp-image-27211 size-large alignright\" src=\"https:\/\/www.mundoagropecuario.cl\/new\/wp-content\/uploads\/2025\/09\/Investigadora--313x400.jpg\" alt=\"\" width=\"313\" height=\"400\" srcset=\"https:\/\/www.mundoagropecuario.cl\/new\/wp-content\/uploads\/2025\/09\/Investigadora-.jpg 313w, https:\/\/www.mundoagropecuario.cl\/new\/wp-content\/uploads\/2025\/09\/Investigadora--104x133.jpg 104w\" sizes=\"auto, (max-width: 313px) 100vw, 313px\" \/><\/a>La clave est\u00e1 en disfrutar, siempre con equilibrio. No se trata de restringirse, sino de incorporar opciones que aporten salud y que permitan evitar sentirnos sobrecargados despu\u00e9s del 18, se\u00f1al\u00f3 la especialista en nutrici\u00f3n, quien subray\u00f3 que \u201cuno tiene que enterarse de lo que est\u00e1 consumiendo. Por eso la invitaci\u00f3n a leer la etiqueta es clave. Y educarse\u2026 elegir productos con ingredientes naturales y f\u00e1ciles de reconocer por los consumidores\u201d.<\/p>\n<p><strong>Tips para un 18 m\u00e1s saludable<\/strong><\/p>\n<p>Colores en el plato: incluir al menos cinco colores en cada comida (verde, rojo, morado, amarillo, blanco) permite acceder a distintos antioxidantes y nutrientes que ayudan a reducir el estr\u00e9s oxidativo y mejorar la salud general.<\/p>\n<p>Recordar hidratarse con agua: mantener un equilibrio en hidrataci\u00f3n y consumir agua para que el organismo se mantenga equilibrado.<\/p>\n<p>Moderaci\u00f3n en las carnes y frituras: acompa\u00f1ar las parrilladas con ensaladas frescas y hortalizas de temporada. \u201cSe puede disfrutar de las carnes, pero siempre equilibrando con vegetales y evitando el exceso de grasas saturadas\u201d, recalc\u00f3 Vergara.<\/p>\n<p>Variedad y equilibrio: no centrarse solo en un alimento. \u201cLa invitaci\u00f3n es a comer con diversidad, disfrutar los sabores t\u00edpicos del 18, pero sin olvidar que el equilibrio es lo que nos permitir\u00e1 pasar estas fechas sin culpa ni malestares posteriores\u201d, agreg\u00f3.<\/p>\n<p>Desde INIA La Platina, la Dra. Vergara destac\u00f3 adem\u00e1s que Chile cuenta con una gran riqueza en hortalizas y frutas, las que pueden ser protagonistas de estas celebraciones, entregando frescura y beneficios para la salud.<\/p>\n","protected":false},"excerpt":{"rendered":"<p>No se trata de restringirse, sino de incorporar opciones que aporten salud y que permitan evitar sentirnos sobrecargados despu\u00e9s del 18, se\u00f1al\u00f3 la especialista en nutrici\u00f3n,<\/p>\n","protected":false},"author":2,"featured_media":27212,"comment_status":"closed","ping_status":"closed","sticky":false,"template":"","format":"standard","meta":{"footnotes":""},"categories":[1945],"tags":[2090,3127,858,542,2405,2052,2525,9957,2035,4149],"class_list":["post-27210","post","type-post","status-publish","format-standard","has-post-thumbnail","hentry","category-agricultura","tag-agricultura","tag-agro","tag-alimentacion-saludable","tag-cambio-climatico","tag-fiestas-patrias","tag-inia","tag-inia-la-platina","tag-la-dra","tag-minagri","tag-mundo-agropecuario"],"yoast_head":"<!-- This site is optimized with the Yoast SEO plugin v26.6 - https:\/\/yoast.com\/wordpress\/plugins\/seo\/ -->\n<title>INIA entrega claves para una alimentaci\u00f3n saludable este 18 de septiembre - Mundoagropecuario<\/title>\n<meta name=\"description\" content=\"No se trata de restringirse, sino de incorporar opciones que aporten salud y que permitan evitar sentirnos sobrecargados despu\u00e9s del 18.\" \/>\n<meta name=\"robots\" content=\"index, follow, max-snippet:-1, max-image-preview:large, max-video-preview:-1\" \/>\n<link rel=\"canonical\" href=\"https:\/\/www.mundoagropecuario.cl\/new\/inia-entrega-claves-para-una-alimentacion-saludable-este-18-de-septiembre\/\" \/>\n<meta property=\"og:locale\" content=\"es_ES\" \/>\n<meta property=\"og:type\" content=\"article\" \/>\n<meta property=\"og:title\" content=\"INIA entrega claves para una alimentaci\u00f3n saludable este 18 de septiembre - Mundoagropecuario\" \/>\n<meta property=\"og:description\" content=\"No se trata de restringirse, sino de incorporar opciones que aporten salud y que permitan evitar sentirnos sobrecargados despu\u00e9s del 18.\" \/>\n<meta property=\"og:url\" content=\"https:\/\/www.mundoagropecuario.cl\/new\/inia-entrega-claves-para-una-alimentacion-saludable-este-18-de-septiembre\/\" \/>\n<meta property=\"og:site_name\" content=\"Mundoagropecuario\" \/>\n<meta property=\"article:publisher\" content=\"https:\/\/www.facebook.com\/mundo.agropecuario.3\" \/>\n<meta property=\"article:published_time\" content=\"2025-09-10T19:36:21+00:00\" \/>\n<meta property=\"article:modified_time\" content=\"2025-09-26T14:03:53+00:00\" \/>\n<meta property=\"og:image\" content=\"https:\/\/www.mundoagropecuario.cl\/new\/wp-content\/uploads\/2025\/09\/frutilla-3-scaled.png\" \/>\n\t<meta property=\"og:image:width\" content=\"681\" \/>\n\t<meta property=\"og:image:height\" content=\"400\" \/>\n\t<meta property=\"og:image:type\" content=\"image\/png\" \/>\n<meta name=\"author\" content=\"mundo\" \/>\n<meta name=\"twitter:card\" content=\"summary_large_image\" \/>\n<meta name=\"twitter:creator\" content=\"@MundoAgropecuar\" \/>\n<meta name=\"twitter:site\" content=\"@MundoAgropecuar\" \/>\n<meta name=\"twitter:label1\" content=\"Escrito por\" \/>\n\t<meta name=\"twitter:data1\" content=\"mundo\" \/>\n\t<meta name=\"twitter:label2\" content=\"Tiempo de lectura\" \/>\n\t<meta name=\"twitter:data2\" content=\"2 minutos\" \/>\n<script type=\"application\/ld+json\" class=\"yoast-schema-graph\">{\"@context\":\"https:\/\/schema.org\",\"@graph\":[{\"@type\":\"Article\",\"@id\":\"https:\/\/www.mundoagropecuario.cl\/new\/inia-entrega-claves-para-una-alimentacion-saludable-este-18-de-septiembre\/#article\",\"isPartOf\":{\"@id\":\"https:\/\/www.mundoagropecuario.cl\/new\/inia-entrega-claves-para-una-alimentacion-saludable-este-18-de-septiembre\/\"},\"author\":{\"name\":\"mundo\",\"@id\":\"https:\/\/www.mundoagropecuario.cl\/new\/#\/schema\/person\/4e9f74a82a7dac260eb1c44b7eebeb18\"},\"headline\":\"INIA entrega claves para una alimentaci\u00f3n saludable este 18 de septiembre\",\"datePublished\":\"2025-09-10T19:36:21+00:00\",\"dateModified\":\"2025-09-26T14:03:53+00:00\",\"mainEntityOfPage\":{\"@id\":\"https:\/\/www.mundoagropecuario.cl\/new\/inia-entrega-claves-para-una-alimentacion-saludable-este-18-de-septiembre\/\"},\"wordCount\":318,\"publisher\":{\"@id\":\"https:\/\/www.mundoagropecuario.cl\/new\/#organization\"},\"image\":{\"@id\":\"https:\/\/www.mundoagropecuario.cl\/new\/inia-entrega-claves-para-una-alimentacion-saludable-este-18-de-septiembre\/#primaryimage\"},\"thumbnailUrl\":\"https:\/\/www.mundoagropecuario.cl\/new\/wp-content\/uploads\/2025\/09\/frutilla-3-scaled.png\",\"keywords\":[\"Agricultura\",\"Agro\",\"alimentaci\u00f3n saludable\",\"Cambio clim\u00e1tico\",\"Fiestas Patrias\",\"INIA\",\"INIA La Platina\",\"la Dra\",\"Minagri\",\"Mundo Agropecuario\"],\"articleSection\":[\"Agricultura\"],\"inLanguage\":\"es\"},{\"@type\":\"WebPage\",\"@id\":\"https:\/\/www.mundoagropecuario.cl\/new\/inia-entrega-claves-para-una-alimentacion-saludable-este-18-de-septiembre\/\",\"url\":\"https:\/\/www.mundoagropecuario.cl\/new\/inia-entrega-claves-para-una-alimentacion-saludable-este-18-de-septiembre\/\",\"name\":\"INIA entrega claves para una alimentaci\u00f3n saludable este 18 de septiembre - Mundoagropecuario\",\"isPartOf\":{\"@id\":\"https:\/\/www.mundoagropecuario.cl\/new\/#website\"},\"primaryImageOfPage\":{\"@id\":\"https:\/\/www.mundoagropecuario.cl\/new\/inia-entrega-claves-para-una-alimentacion-saludable-este-18-de-septiembre\/#primaryimage\"},\"image\":{\"@id\":\"https:\/\/www.mundoagropecuario.cl\/new\/inia-entrega-claves-para-una-alimentacion-saludable-este-18-de-septiembre\/#primaryimage\"},\"thumbnailUrl\":\"https:\/\/www.mundoagropecuario.cl\/new\/wp-content\/uploads\/2025\/09\/frutilla-3-scaled.png\",\"datePublished\":\"2025-09-10T19:36:21+00:00\",\"dateModified\":\"2025-09-26T14:03:53+00:00\",\"description\":\"No se trata de restringirse, sino de incorporar opciones que aporten salud y que permitan evitar sentirnos sobrecargados despu\u00e9s del 18.\",\"breadcrumb\":{\"@id\":\"https:\/\/www.mundoagropecuario.cl\/new\/inia-entrega-claves-para-una-alimentacion-saludable-este-18-de-septiembre\/#breadcrumb\"},\"inLanguage\":\"es\",\"potentialAction\":[{\"@type\":\"ReadAction\",\"target\":[\"https:\/\/www.mundoagropecuario.cl\/new\/inia-entrega-claves-para-una-alimentacion-saludable-este-18-de-septiembre\/\"]}]},{\"@type\":\"ImageObject\",\"inLanguage\":\"es\",\"@id\":\"https:\/\/www.mundoagropecuario.cl\/new\/inia-entrega-claves-para-una-alimentacion-saludable-este-18-de-septiembre\/#primaryimage\",\"url\":\"https:\/\/www.mundoagropecuario.cl\/new\/wp-content\/uploads\/2025\/09\/frutilla-3-scaled.png\",\"contentUrl\":\"https:\/\/www.mundoagropecuario.cl\/new\/wp-content\/uploads\/2025\/09\/frutilla-3-scaled.png\",\"width\":681,\"height\":400},{\"@type\":\"BreadcrumbList\",\"@id\":\"https:\/\/www.mundoagropecuario.cl\/new\/inia-entrega-claves-para-una-alimentacion-saludable-este-18-de-septiembre\/#breadcrumb\",\"itemListElement\":[{\"@type\":\"ListItem\",\"position\":1,\"name\":\"Portada\",\"item\":\"https:\/\/www.mundoagropecuario.cl\/new\/\"},{\"@type\":\"ListItem\",\"position\":2,\"name\":\"INIA entrega claves para una alimentaci\u00f3n saludable este 18 de septiembre\"}]},{\"@type\":\"WebSite\",\"@id\":\"https:\/\/www.mundoagropecuario.cl\/new\/#website\",\"url\":\"https:\/\/www.mundoagropecuario.cl\/new\/\",\"name\":\"Mundoagropecuario\",\"description\":\"Mundo Agropecuario\",\"publisher\":{\"@id\":\"https:\/\/www.mundoagropecuario.cl\/new\/#organization\"},\"potentialAction\":[{\"@type\":\"SearchAction\",\"target\":{\"@type\":\"EntryPoint\",\"urlTemplate\":\"https:\/\/www.mundoagropecuario.cl\/new\/?s={search_term_string}\"},\"query-input\":{\"@type\":\"PropertyValueSpecification\",\"valueRequired\":true,\"valueName\":\"search_term_string\"}}],\"inLanguage\":\"es\"},{\"@type\":\"Organization\",\"@id\":\"https:\/\/www.mundoagropecuario.cl\/new\/#organization\",\"name\":\"Revista de Agricultura\",\"url\":\"https:\/\/www.mundoagropecuario.cl\/new\/\",\"logo\":{\"@type\":\"ImageObject\",\"inLanguage\":\"es\",\"@id\":\"https:\/\/www.mundoagropecuario.cl\/new\/#\/schema\/logo\/image\/\",\"url\":\"https:\/\/www.mundoagropecuario.cl\/new\/wp-content\/uploads\/2020\/11\/PORTAL-1-1.png\",\"contentUrl\":\"https:\/\/www.mundoagropecuario.cl\/new\/wp-content\/uploads\/2020\/11\/PORTAL-1-1.png\",\"width\":1026,\"height\":100,\"caption\":\"Revista de Agricultura\"},\"image\":{\"@id\":\"https:\/\/www.mundoagropecuario.cl\/new\/#\/schema\/logo\/image\/\"},\"sameAs\":[\"https:\/\/www.facebook.com\/mundo.agropecuario.3\",\"https:\/\/x.com\/MundoAgropecuar\",\"https:\/\/www.linkedin.com\/in\/mundo-agropecuario-934009201\/\"]},{\"@type\":\"Person\",\"@id\":\"https:\/\/www.mundoagropecuario.cl\/new\/#\/schema\/person\/4e9f74a82a7dac260eb1c44b7eebeb18\",\"name\":\"mundo\",\"url\":\"https:\/\/www.mundoagropecuario.cl\/new\/author\/mundo\/\"}]}<\/script>\n<!-- \/ Yoast SEO plugin. -->","yoast_head_json":{"title":"INIA entrega claves para una alimentaci\u00f3n saludable este 18 de septiembre - Mundoagropecuario","description":"No se trata de restringirse, sino de incorporar opciones que aporten salud y que permitan evitar sentirnos sobrecargados despu\u00e9s del 18.","robots":{"index":"index","follow":"follow","max-snippet":"max-snippet:-1","max-image-preview":"max-image-preview:large","max-video-preview":"max-video-preview:-1"},"canonical":"https:\/\/www.mundoagropecuario.cl\/new\/inia-entrega-claves-para-una-alimentacion-saludable-este-18-de-septiembre\/","og_locale":"es_ES","og_type":"article","og_title":"INIA entrega claves para una alimentaci\u00f3n saludable este 18 de septiembre - Mundoagropecuario","og_description":"No se trata de restringirse, sino de incorporar opciones que aporten salud y que permitan evitar sentirnos sobrecargados despu\u00e9s del 18.","og_url":"https:\/\/www.mundoagropecuario.cl\/new\/inia-entrega-claves-para-una-alimentacion-saludable-este-18-de-septiembre\/","og_site_name":"Mundoagropecuario","article_publisher":"https:\/\/www.facebook.com\/mundo.agropecuario.3","article_published_time":"2025-09-10T19:36:21+00:00","article_modified_time":"2025-09-26T14:03:53+00:00","og_image":[{"width":681,"height":400,"url":"https:\/\/www.mundoagropecuario.cl\/new\/wp-content\/uploads\/2025\/09\/frutilla-3-scaled.png","type":"image\/png"}],"author":"mundo","twitter_card":"summary_large_image","twitter_creator":"@MundoAgropecuar","twitter_site":"@MundoAgropecuar","twitter_misc":{"Escrito por":"mundo","Tiempo de lectura":"2 minutos"},"schema":{"@context":"https:\/\/schema.org","@graph":[{"@type":"Article","@id":"https:\/\/www.mundoagropecuario.cl\/new\/inia-entrega-claves-para-una-alimentacion-saludable-este-18-de-septiembre\/#article","isPartOf":{"@id":"https:\/\/www.mundoagropecuario.cl\/new\/inia-entrega-claves-para-una-alimentacion-saludable-este-18-de-septiembre\/"},"author":{"name":"mundo","@id":"https:\/\/www.mundoagropecuario.cl\/new\/#\/schema\/person\/4e9f74a82a7dac260eb1c44b7eebeb18"},"headline":"INIA entrega claves para una alimentaci\u00f3n saludable este 18 de septiembre","datePublished":"2025-09-10T19:36:21+00:00","dateModified":"2025-09-26T14:03:53+00:00","mainEntityOfPage":{"@id":"https:\/\/www.mundoagropecuario.cl\/new\/inia-entrega-claves-para-una-alimentacion-saludable-este-18-de-septiembre\/"},"wordCount":318,"publisher":{"@id":"https:\/\/www.mundoagropecuario.cl\/new\/#organization"},"image":{"@id":"https:\/\/www.mundoagropecuario.cl\/new\/inia-entrega-claves-para-una-alimentacion-saludable-este-18-de-septiembre\/#primaryimage"},"thumbnailUrl":"https:\/\/www.mundoagropecuario.cl\/new\/wp-content\/uploads\/2025\/09\/frutilla-3-scaled.png","keywords":["Agricultura","Agro","alimentaci\u00f3n saludable","Cambio clim\u00e1tico","Fiestas Patrias","INIA","INIA La Platina","la Dra","Minagri","Mundo Agropecuario"],"articleSection":["Agricultura"],"inLanguage":"es"},{"@type":"WebPage","@id":"https:\/\/www.mundoagropecuario.cl\/new\/inia-entrega-claves-para-una-alimentacion-saludable-este-18-de-septiembre\/","url":"https:\/\/www.mundoagropecuario.cl\/new\/inia-entrega-claves-para-una-alimentacion-saludable-este-18-de-septiembre\/","name":"INIA entrega claves para una alimentaci\u00f3n saludable este 18 de septiembre - Mundoagropecuario","isPartOf":{"@id":"https:\/\/www.mundoagropecuario.cl\/new\/#website"},"primaryImageOfPage":{"@id":"https:\/\/www.mundoagropecuario.cl\/new\/inia-entrega-claves-para-una-alimentacion-saludable-este-18-de-septiembre\/#primaryimage"},"image":{"@id":"https:\/\/www.mundoagropecuario.cl\/new\/inia-entrega-claves-para-una-alimentacion-saludable-este-18-de-septiembre\/#primaryimage"},"thumbnailUrl":"https:\/\/www.mundoagropecuario.cl\/new\/wp-content\/uploads\/2025\/09\/frutilla-3-scaled.png","datePublished":"2025-09-10T19:36:21+00:00","dateModified":"2025-09-26T14:03:53+00:00","description":"No se trata de restringirse, sino de incorporar opciones que aporten salud y que permitan evitar sentirnos sobrecargados despu\u00e9s del 18.","breadcrumb":{"@id":"https:\/\/www.mundoagropecuario.cl\/new\/inia-entrega-claves-para-una-alimentacion-saludable-este-18-de-septiembre\/#breadcrumb"},"inLanguage":"es","potentialAction":[{"@type":"ReadAction","target":["https:\/\/www.mundoagropecuario.cl\/new\/inia-entrega-claves-para-una-alimentacion-saludable-este-18-de-septiembre\/"]}]},{"@type":"ImageObject","inLanguage":"es","@id":"https:\/\/www.mundoagropecuario.cl\/new\/inia-entrega-claves-para-una-alimentacion-saludable-este-18-de-septiembre\/#primaryimage","url":"https:\/\/www.mundoagropecuario.cl\/new\/wp-content\/uploads\/2025\/09\/frutilla-3-scaled.png","contentUrl":"https:\/\/www.mundoagropecuario.cl\/new\/wp-content\/uploads\/2025\/09\/frutilla-3-scaled.png","width":681,"height":400},{"@type":"BreadcrumbList","@id":"https:\/\/www.mundoagropecuario.cl\/new\/inia-entrega-claves-para-una-alimentacion-saludable-este-18-de-septiembre\/#breadcrumb","itemListElement":[{"@type":"ListItem","position":1,"name":"Portada","item":"https:\/\/www.mundoagropecuario.cl\/new\/"},{"@type":"ListItem","position":2,"name":"INIA entrega claves para una alimentaci\u00f3n saludable este 18 de septiembre"}]},{"@type":"WebSite","@id":"https:\/\/www.mundoagropecuario.cl\/new\/#website","url":"https:\/\/www.mundoagropecuario.cl\/new\/","name":"Mundoagropecuario","description":"Mundo Agropecuario","publisher":{"@id":"https:\/\/www.mundoagropecuario.cl\/new\/#organization"},"potentialAction":[{"@type":"SearchAction","target":{"@type":"EntryPoint","urlTemplate":"https:\/\/www.mundoagropecuario.cl\/new\/?s={search_term_string}"},"query-input":{"@type":"PropertyValueSpecification","valueRequired":true,"valueName":"search_term_string"}}],"inLanguage":"es"},{"@type":"Organization","@id":"https:\/\/www.mundoagropecuario.cl\/new\/#organization","name":"Revista de Agricultura","url":"https:\/\/www.mundoagropecuario.cl\/new\/","logo":{"@type":"ImageObject","inLanguage":"es","@id":"https:\/\/www.mundoagropecuario.cl\/new\/#\/schema\/logo\/image\/","url":"https:\/\/www.mundoagropecuario.cl\/new\/wp-content\/uploads\/2020\/11\/PORTAL-1-1.png","contentUrl":"https:\/\/www.mundoagropecuario.cl\/new\/wp-content\/uploads\/2020\/11\/PORTAL-1-1.png","width":1026,"height":100,"caption":"Revista de Agricultura"},"image":{"@id":"https:\/\/www.mundoagropecuario.cl\/new\/#\/schema\/logo\/image\/"},"sameAs":["https:\/\/www.facebook.com\/mundo.agropecuario.3","https:\/\/x.com\/MundoAgropecuar","https:\/\/www.linkedin.com\/in\/mundo-agropecuario-934009201\/"]},{"@type":"Person","@id":"https:\/\/www.mundoagropecuario.cl\/new\/#\/schema\/person\/4e9f74a82a7dac260eb1c44b7eebeb18","name":"mundo","url":"https:\/\/www.mundoagropecuario.cl\/new\/author\/mundo\/"}]}},"_links":{"self":[{"href":"https:\/\/www.mundoagropecuario.cl\/new\/wp-json\/wp\/v2\/posts\/27210","targetHints":{"allow":["GET"]}}],"collection":[{"href":"https:\/\/www.mundoagropecuario.cl\/new\/wp-json\/wp\/v2\/posts"}],"about":[{"href":"https:\/\/www.mundoagropecuario.cl\/new\/wp-json\/wp\/v2\/types\/post"}],"author":[{"embeddable":true,"href":"https:\/\/www.mundoagropecuario.cl\/new\/wp-json\/wp\/v2\/users\/2"}],"replies":[{"embeddable":true,"href":"https:\/\/www.mundoagropecuario.cl\/new\/wp-json\/wp\/v2\/comments?post=27210"}],"version-history":[{"count":1,"href":"https:\/\/www.mundoagropecuario.cl\/new\/wp-json\/wp\/v2\/posts\/27210\/revisions"}],"predecessor-version":[{"id":27213,"href":"https:\/\/www.mundoagropecuario.cl\/new\/wp-json\/wp\/v2\/posts\/27210\/revisions\/27213"}],"wp:featuredmedia":[{"embeddable":true,"href":"https:\/\/www.mundoagropecuario.cl\/new\/wp-json\/wp\/v2\/media\/27212"}],"wp:attachment":[{"href":"https:\/\/www.mundoagropecuario.cl\/new\/wp-json\/wp\/v2\/media?parent=27210"}],"wp:term":[{"taxonomy":"category","embeddable":true,"href":"https:\/\/www.mundoagropecuario.cl\/new\/wp-json\/wp\/v2\/categories?post=27210"},{"taxonomy":"post_tag","embeddable":true,"href":"https:\/\/www.mundoagropecuario.cl\/new\/wp-json\/wp\/v2\/tags?post=27210"}],"curies":[{"name":"wp","href":"https:\/\/api.w.org\/{rel}","templated":true}]}}