{"id":27195,"date":"2025-09-08T13:37:04","date_gmt":"2025-09-08T16:37:04","guid":{"rendered":"https:\/\/www.mundoagropecuario.cl\/new\/?p=27195"},"modified":"2025-09-11T19:14:01","modified_gmt":"2025-09-11T22:14:01","slug":"crianceros-caprinos-de-tiltil-realizan-gira-tecnica-a-marchigue","status":"publish","type":"post","link":"https:\/\/www.mundoagropecuario.cl\/new\/crianceros-caprinos-de-tiltil-realizan-gira-tecnica-a-marchigue\/","title":{"rendered":"Crianceros caprinos de Tiltil realizan gira t\u00e9cnica a Marchig\u00fce"},"content":{"rendered":"<p>Los crianceros y crianceras que participan en el \u201cPrograma de Apoyo para Productores del Rubro Caprino de Tiltil\u201d \u2014que ejecutan la Corporaci\u00f3n Empresarial Pro Tiltil e INDAP\u2014 siguen recorriendo Chile para conocer experiencias innovadoras en elaboraci\u00f3n de quesos de cabra.<\/p>\n<p>Recientemente realizaron una gira por la comuna de Marchig\u00fce, Regi\u00f3n de O&#8217;Higgins, para aprender sobre los logros de dos interesantes emprendimientos.<\/p>\n<p><a href=\"https:\/\/www.mundoagropecuario.cl\/new\/wp-content\/uploads\/2025\/09\/Productores-Caprinos3-scaled.jpeg\"><img loading=\"lazy\" decoding=\"async\" class=\"wp-image-27196 alignleft\" src=\"https:\/\/www.mundoagropecuario.cl\/new\/wp-content\/uploads\/2025\/09\/Productores-Caprinos3-593x400.jpeg\" alt=\"\" width=\"519\" height=\"379\" \/><\/a>Primero, recorrieron la premiada empresa \u201cHerencia de Campo\u201d, que acaba de ser galardonada con el segundo lugar en el Concurso Queser\u00eda Chile, en las categor\u00edas Queso Tierno y Queso Fresco Prensado, y que en 2024 fue premiada tambi\u00e9n con el segundo lugar en el Concurso Nacional de Quesos en las categor\u00edas Cabra Joven y Cabra Maduro.<\/p>\n<p>All\u00ed fueron recibidos por su propietario Juan Fuentes Lizana, quien les ense\u00f1\u00f3 de qu\u00e9 manera la agregaci\u00f3n de valor en sus procesos \u2014que incluye orde\u00f1a propia\u2014 les ha permitido llegar a nuevos mercados y ampliar su oferta de productos, que hoy incluye queso maduro, fresco, semicurado y tiernos; dulce de leche y toffee, entre otros. Adem\u00e1s, cuentan con una sala de ventas y una cava de maduraci\u00f3n.<\/p>\n<p>Luego visitaron la empresa familiar &#8220;Encantos del Campo&#8221;, en el sector de Los Maitenes, que produce queso de cabra, manjar y calugas, de manera 100% artesana y natural.<\/p>\n<p>Este emprendimiento es encabezado por Karen Moreno Tobar, usuaria de INDAP, quien relat\u00f3 c\u00f3mo han mejorado el plantel de cabras y la producci\u00f3n lechera, y ampliaron su oferta de productos.<\/p>\n<p>A su vez, explic\u00f3 c\u00f3mo gracias al apoyo de INDAP han adquirido medicamentos para sus animales y construido instalaciones como un galp\u00f3n y corrales, adem\u00e1s de comprar una m\u00e1quina orde\u00f1adora.<\/p>\n<p>Cabe destacar que las visitas a ambas empresas contaron con el apoyo de INDAP O&#8217;Higgins y Prodesal Marchig\u00fce.<\/p>\n<p><a href=\"https:\/\/www.mundoagropecuario.cl\/new\/wp-content\/uploads\/2025\/09\/Produccion-Caprinos2-scaled.jpeg\"><img loading=\"lazy\" decoding=\"async\" class=\"alignright wp-image-27197 size-large\" src=\"https:\/\/www.mundoagropecuario.cl\/new\/wp-content\/uploads\/2025\/09\/Produccion-Caprinos2-370x400.jpeg\" alt=\"\" width=\"370\" height=\"400\" srcset=\"https:\/\/www.mundoagropecuario.cl\/new\/wp-content\/uploads\/2025\/09\/Produccion-Caprinos2-370x400.jpeg 370w, https:\/\/www.mundoagropecuario.cl\/new\/wp-content\/uploads\/2025\/09\/Produccion-Caprinos2-123x133.jpeg 123w, https:\/\/www.mundoagropecuario.cl\/new\/wp-content\/uploads\/2025\/09\/Produccion-Caprinos2-scaled.jpeg 371w\" sizes=\"auto, (max-width: 370px) 100vw, 370px\" \/><\/a>Claudia\u00a0Orellana, jefa de la Agencia de \u00c1rea Norte de INDAP Regi\u00f3n Metropolitana, destac\u00f3 la importancia de esta gira t\u00e9cnica, pues se\u00f1ala que esta permiti\u00f3 a los y las participantes del programa conocer \u201cla experiencia de productores que quiz\u00e1s partieron igual que ellos, y ver que es posible lograr nuevos objetivos y diversificar su producci\u00f3n. Es una suerte de espejo en el cual observarse\u201d.<\/p>\n<p>Adem\u00e1s, coment\u00f3 que pudieron observar c\u00f3mo con apoyos estatales, como los que entrega INDAP, o privados, se pueden realizar mejoras en los procesos y elaborar quesos artesanos de calidad.<\/p>\n<p>Por su parte Zadia Correa, gerente general de Pro Tiltil releva que el programa que est\u00e1n llevando a cabo Pro Tiltil e INDAP es un notable ejemplo de colaboraci\u00f3n p\u00fablico-privada.<\/p>\n<p>\u201cGracias al financiamiento y apoyo de nuestras nueve empresas socias e INDAP, estamos dando pasos importantes para agregar valor a los productos l\u00e1cteos caprinos de Tiltil, pues esta alianza ha permitido dictar capacitaciones, realizar giras t\u00e9cnicas, comprar equipamiento, prestar soporte t\u00e9cnico y \u2013 de manera muy relevante\u2014 que los emprendedores locales accedan a nuestra\u00a0Cocina Comunitaria.\u00a0 Esto \u00faltimo, permite que los y las emprendedoras locales elaboren productos con resoluci\u00f3n sanitaria\u201d.<\/p>\n","protected":false},"excerpt":{"rendered":"<p>Participantes de programa ejecutado por Pro Tiltil e INDAP conocieron dos exitosos emprendimientos de la zona, que han apostado por la producci\u00f3n de quesos artesanos y otros subproductos de gran calidad.<\/p>\n","protected":false},"author":2,"featured_media":27198,"comment_status":"closed","ping_status":"closed","sticky":false,"template":"","format":"standard","meta":{"footnotes":""},"categories":[1944],"tags":[2090,9953,1992,4149,2066,2132,2036,9954],"class_list":["post-27195","post","type-post","status-publish","format-standard","has-post-thumbnail","hentry","category-ganaderia","tag-agricultura","tag-crianceros-caprinos-de-tiltil","tag-indap","tag-mundo-agropecuario","tag-odepa","tag-region-de-ohiggins","tag-sag","tag-tecnica-a-marchigue"],"yoast_head":"<!-- This site is optimized with the Yoast SEO plugin v26.6 - https:\/\/yoast.com\/wordpress\/plugins\/seo\/ -->\n<title>Crianceros caprinos de Tiltil realizan gira t\u00e9cnica a Marchig\u00fce - Mundoagropecuario<\/title>\n<meta name=\"description\" content=\"Participantes de programa ejecutado por Pro Tiltil e INDAP conocieron dos exitosos emprendimientos de la zona.\" \/>\n<meta name=\"robots\" content=\"index, follow, max-snippet:-1, max-image-preview:large, max-video-preview:-1\" \/>\n<link rel=\"canonical\" href=\"https:\/\/www.mundoagropecuario.cl\/new\/crianceros-caprinos-de-tiltil-realizan-gira-tecnica-a-marchigue\/\" \/>\n<meta property=\"og:locale\" content=\"es_ES\" \/>\n<meta property=\"og:type\" content=\"article\" \/>\n<meta property=\"og:title\" content=\"Crianceros caprinos de Tiltil realizan gira t\u00e9cnica a Marchig\u00fce - Mundoagropecuario\" \/>\n<meta property=\"og:description\" content=\"Participantes de programa ejecutado por Pro Tiltil e INDAP conocieron dos exitosos emprendimientos de la zona.\" \/>\n<meta property=\"og:url\" content=\"https:\/\/www.mundoagropecuario.cl\/new\/crianceros-caprinos-de-tiltil-realizan-gira-tecnica-a-marchigue\/\" \/>\n<meta property=\"og:site_name\" content=\"Mundoagropecuario\" \/>\n<meta property=\"article:publisher\" content=\"https:\/\/www.facebook.com\/mundo.agropecuario.3\" \/>\n<meta property=\"article:published_time\" content=\"2025-09-08T16:37:04+00:00\" \/>\n<meta property=\"article:modified_time\" content=\"2025-09-11T22:14:01+00:00\" \/>\n<meta property=\"og:image\" content=\"https:\/\/www.mundoagropecuario.cl\/new\/wp-content\/uploads\/2025\/09\/Productores-Caprinos1-scaled.jpeg\" \/>\n\t<meta property=\"og:image:width\" content=\"686\" \/>\n\t<meta property=\"og:image:height\" content=\"400\" \/>\n\t<meta property=\"og:image:type\" content=\"image\/jpeg\" \/>\n<meta name=\"author\" content=\"mundo\" \/>\n<meta name=\"twitter:card\" content=\"summary_large_image\" \/>\n<meta name=\"twitter:creator\" content=\"@MundoAgropecuar\" \/>\n<meta name=\"twitter:site\" content=\"@MundoAgropecuar\" \/>\n<meta name=\"twitter:label1\" content=\"Escrito por\" \/>\n\t<meta name=\"twitter:data1\" content=\"mundo\" \/>\n\t<meta name=\"twitter:label2\" content=\"Tiempo de lectura\" \/>\n\t<meta name=\"twitter:data2\" content=\"3 minutos\" \/>\n<script type=\"application\/ld+json\" class=\"yoast-schema-graph\">{\"@context\":\"https:\/\/schema.org\",\"@graph\":[{\"@type\":\"Article\",\"@id\":\"https:\/\/www.mundoagropecuario.cl\/new\/crianceros-caprinos-de-tiltil-realizan-gira-tecnica-a-marchigue\/#article\",\"isPartOf\":{\"@id\":\"https:\/\/www.mundoagropecuario.cl\/new\/crianceros-caprinos-de-tiltil-realizan-gira-tecnica-a-marchigue\/\"},\"author\":{\"name\":\"mundo\",\"@id\":\"https:\/\/www.mundoagropecuario.cl\/new\/#\/schema\/person\/4e9f74a82a7dac260eb1c44b7eebeb18\"},\"headline\":\"Crianceros caprinos de Tiltil realizan gira t\u00e9cnica a Marchig\u00fce\",\"datePublished\":\"2025-09-08T16:37:04+00:00\",\"dateModified\":\"2025-09-11T22:14:01+00:00\",\"mainEntityOfPage\":{\"@id\":\"https:\/\/www.mundoagropecuario.cl\/new\/crianceros-caprinos-de-tiltil-realizan-gira-tecnica-a-marchigue\/\"},\"wordCount\":525,\"publisher\":{\"@id\":\"https:\/\/www.mundoagropecuario.cl\/new\/#organization\"},\"image\":{\"@id\":\"https:\/\/www.mundoagropecuario.cl\/new\/crianceros-caprinos-de-tiltil-realizan-gira-tecnica-a-marchigue\/#primaryimage\"},\"thumbnailUrl\":\"https:\/\/www.mundoagropecuario.cl\/new\/wp-content\/uploads\/2025\/09\/Productores-Caprinos1-scaled.jpeg\",\"keywords\":[\"Agricultura\",\"Crianceros caprinos de Tiltil\",\"Indap\",\"Mundo Agropecuario\",\"Odepa\",\"Regi\u00f3n de O'Higgins\",\"SAG\",\"t\u00e9cnica a Marchig\u00fce\"],\"articleSection\":[\"Ganader\u00eda\"],\"inLanguage\":\"es\"},{\"@type\":\"WebPage\",\"@id\":\"https:\/\/www.mundoagropecuario.cl\/new\/crianceros-caprinos-de-tiltil-realizan-gira-tecnica-a-marchigue\/\",\"url\":\"https:\/\/www.mundoagropecuario.cl\/new\/crianceros-caprinos-de-tiltil-realizan-gira-tecnica-a-marchigue\/\",\"name\":\"Crianceros caprinos de Tiltil realizan gira t\u00e9cnica a Marchig\u00fce - Mundoagropecuario\",\"isPartOf\":{\"@id\":\"https:\/\/www.mundoagropecuario.cl\/new\/#website\"},\"primaryImageOfPage\":{\"@id\":\"https:\/\/www.mundoagropecuario.cl\/new\/crianceros-caprinos-de-tiltil-realizan-gira-tecnica-a-marchigue\/#primaryimage\"},\"image\":{\"@id\":\"https:\/\/www.mundoagropecuario.cl\/new\/crianceros-caprinos-de-tiltil-realizan-gira-tecnica-a-marchigue\/#primaryimage\"},\"thumbnailUrl\":\"https:\/\/www.mundoagropecuario.cl\/new\/wp-content\/uploads\/2025\/09\/Productores-Caprinos1-scaled.jpeg\",\"datePublished\":\"2025-09-08T16:37:04+00:00\",\"dateModified\":\"2025-09-11T22:14:01+00:00\",\"description\":\"Participantes de programa ejecutado por Pro Tiltil e INDAP conocieron dos exitosos emprendimientos de la zona.\",\"breadcrumb\":{\"@id\":\"https:\/\/www.mundoagropecuario.cl\/new\/crianceros-caprinos-de-tiltil-realizan-gira-tecnica-a-marchigue\/#breadcrumb\"},\"inLanguage\":\"es\",\"potentialAction\":[{\"@type\":\"ReadAction\",\"target\":[\"https:\/\/www.mundoagropecuario.cl\/new\/crianceros-caprinos-de-tiltil-realizan-gira-tecnica-a-marchigue\/\"]}]},{\"@type\":\"ImageObject\",\"inLanguage\":\"es\",\"@id\":\"https:\/\/www.mundoagropecuario.cl\/new\/crianceros-caprinos-de-tiltil-realizan-gira-tecnica-a-marchigue\/#primaryimage\",\"url\":\"https:\/\/www.mundoagropecuario.cl\/new\/wp-content\/uploads\/2025\/09\/Productores-Caprinos1-scaled.jpeg\",\"contentUrl\":\"https:\/\/www.mundoagropecuario.cl\/new\/wp-content\/uploads\/2025\/09\/Productores-Caprinos1-scaled.jpeg\",\"width\":686,\"height\":400},{\"@type\":\"BreadcrumbList\",\"@id\":\"https:\/\/www.mundoagropecuario.cl\/new\/crianceros-caprinos-de-tiltil-realizan-gira-tecnica-a-marchigue\/#breadcrumb\",\"itemListElement\":[{\"@type\":\"ListItem\",\"position\":1,\"name\":\"Portada\",\"item\":\"https:\/\/www.mundoagropecuario.cl\/new\/\"},{\"@type\":\"ListItem\",\"position\":2,\"name\":\"Crianceros caprinos de Tiltil realizan gira t\u00e9cnica a Marchig\u00fce\"}]},{\"@type\":\"WebSite\",\"@id\":\"https:\/\/www.mundoagropecuario.cl\/new\/#website\",\"url\":\"https:\/\/www.mundoagropecuario.cl\/new\/\",\"name\":\"Mundoagropecuario\",\"description\":\"Mundo Agropecuario\",\"publisher\":{\"@id\":\"https:\/\/www.mundoagropecuario.cl\/new\/#organization\"},\"potentialAction\":[{\"@type\":\"SearchAction\",\"target\":{\"@type\":\"EntryPoint\",\"urlTemplate\":\"https:\/\/www.mundoagropecuario.cl\/new\/?s={search_term_string}\"},\"query-input\":{\"@type\":\"PropertyValueSpecification\",\"valueRequired\":true,\"valueName\":\"search_term_string\"}}],\"inLanguage\":\"es\"},{\"@type\":\"Organization\",\"@id\":\"https:\/\/www.mundoagropecuario.cl\/new\/#organization\",\"name\":\"Revista de Agricultura\",\"url\":\"https:\/\/www.mundoagropecuario.cl\/new\/\",\"logo\":{\"@type\":\"ImageObject\",\"inLanguage\":\"es\",\"@id\":\"https:\/\/www.mundoagropecuario.cl\/new\/#\/schema\/logo\/image\/\",\"url\":\"https:\/\/www.mundoagropecuario.cl\/new\/wp-content\/uploads\/2020\/11\/PORTAL-1-1.png\",\"contentUrl\":\"https:\/\/www.mundoagropecuario.cl\/new\/wp-content\/uploads\/2020\/11\/PORTAL-1-1.png\",\"width\":1026,\"height\":100,\"caption\":\"Revista de Agricultura\"},\"image\":{\"@id\":\"https:\/\/www.mundoagropecuario.cl\/new\/#\/schema\/logo\/image\/\"},\"sameAs\":[\"https:\/\/www.facebook.com\/mundo.agropecuario.3\",\"https:\/\/x.com\/MundoAgropecuar\",\"https:\/\/www.linkedin.com\/in\/mundo-agropecuario-934009201\/\"]},{\"@type\":\"Person\",\"@id\":\"https:\/\/www.mundoagropecuario.cl\/new\/#\/schema\/person\/4e9f74a82a7dac260eb1c44b7eebeb18\",\"name\":\"mundo\",\"url\":\"https:\/\/www.mundoagropecuario.cl\/new\/author\/mundo\/\"}]}<\/script>\n<!-- \/ Yoast SEO plugin. -->","yoast_head_json":{"title":"Crianceros caprinos de Tiltil realizan gira t\u00e9cnica a Marchig\u00fce - Mundoagropecuario","description":"Participantes de programa ejecutado por Pro Tiltil e INDAP conocieron dos exitosos emprendimientos de la zona.","robots":{"index":"index","follow":"follow","max-snippet":"max-snippet:-1","max-image-preview":"max-image-preview:large","max-video-preview":"max-video-preview:-1"},"canonical":"https:\/\/www.mundoagropecuario.cl\/new\/crianceros-caprinos-de-tiltil-realizan-gira-tecnica-a-marchigue\/","og_locale":"es_ES","og_type":"article","og_title":"Crianceros caprinos de Tiltil realizan gira t\u00e9cnica a Marchig\u00fce - Mundoagropecuario","og_description":"Participantes de programa ejecutado por Pro Tiltil e INDAP conocieron dos exitosos emprendimientos de la zona.","og_url":"https:\/\/www.mundoagropecuario.cl\/new\/crianceros-caprinos-de-tiltil-realizan-gira-tecnica-a-marchigue\/","og_site_name":"Mundoagropecuario","article_publisher":"https:\/\/www.facebook.com\/mundo.agropecuario.3","article_published_time":"2025-09-08T16:37:04+00:00","article_modified_time":"2025-09-11T22:14:01+00:00","og_image":[{"width":686,"height":400,"url":"https:\/\/www.mundoagropecuario.cl\/new\/wp-content\/uploads\/2025\/09\/Productores-Caprinos1-scaled.jpeg","type":"image\/jpeg"}],"author":"mundo","twitter_card":"summary_large_image","twitter_creator":"@MundoAgropecuar","twitter_site":"@MundoAgropecuar","twitter_misc":{"Escrito por":"mundo","Tiempo de lectura":"3 minutos"},"schema":{"@context":"https:\/\/schema.org","@graph":[{"@type":"Article","@id":"https:\/\/www.mundoagropecuario.cl\/new\/crianceros-caprinos-de-tiltil-realizan-gira-tecnica-a-marchigue\/#article","isPartOf":{"@id":"https:\/\/www.mundoagropecuario.cl\/new\/crianceros-caprinos-de-tiltil-realizan-gira-tecnica-a-marchigue\/"},"author":{"name":"mundo","@id":"https:\/\/www.mundoagropecuario.cl\/new\/#\/schema\/person\/4e9f74a82a7dac260eb1c44b7eebeb18"},"headline":"Crianceros caprinos de Tiltil realizan gira t\u00e9cnica a Marchig\u00fce","datePublished":"2025-09-08T16:37:04+00:00","dateModified":"2025-09-11T22:14:01+00:00","mainEntityOfPage":{"@id":"https:\/\/www.mundoagropecuario.cl\/new\/crianceros-caprinos-de-tiltil-realizan-gira-tecnica-a-marchigue\/"},"wordCount":525,"publisher":{"@id":"https:\/\/www.mundoagropecuario.cl\/new\/#organization"},"image":{"@id":"https:\/\/www.mundoagropecuario.cl\/new\/crianceros-caprinos-de-tiltil-realizan-gira-tecnica-a-marchigue\/#primaryimage"},"thumbnailUrl":"https:\/\/www.mundoagropecuario.cl\/new\/wp-content\/uploads\/2025\/09\/Productores-Caprinos1-scaled.jpeg","keywords":["Agricultura","Crianceros caprinos de Tiltil","Indap","Mundo Agropecuario","Odepa","Regi\u00f3n de O'Higgins","SAG","t\u00e9cnica a Marchig\u00fce"],"articleSection":["Ganader\u00eda"],"inLanguage":"es"},{"@type":"WebPage","@id":"https:\/\/www.mundoagropecuario.cl\/new\/crianceros-caprinos-de-tiltil-realizan-gira-tecnica-a-marchigue\/","url":"https:\/\/www.mundoagropecuario.cl\/new\/crianceros-caprinos-de-tiltil-realizan-gira-tecnica-a-marchigue\/","name":"Crianceros caprinos de Tiltil realizan gira t\u00e9cnica a Marchig\u00fce - Mundoagropecuario","isPartOf":{"@id":"https:\/\/www.mundoagropecuario.cl\/new\/#website"},"primaryImageOfPage":{"@id":"https:\/\/www.mundoagropecuario.cl\/new\/crianceros-caprinos-de-tiltil-realizan-gira-tecnica-a-marchigue\/#primaryimage"},"image":{"@id":"https:\/\/www.mundoagropecuario.cl\/new\/crianceros-caprinos-de-tiltil-realizan-gira-tecnica-a-marchigue\/#primaryimage"},"thumbnailUrl":"https:\/\/www.mundoagropecuario.cl\/new\/wp-content\/uploads\/2025\/09\/Productores-Caprinos1-scaled.jpeg","datePublished":"2025-09-08T16:37:04+00:00","dateModified":"2025-09-11T22:14:01+00:00","description":"Participantes de programa ejecutado por Pro Tiltil e INDAP conocieron dos exitosos emprendimientos de la zona.","breadcrumb":{"@id":"https:\/\/www.mundoagropecuario.cl\/new\/crianceros-caprinos-de-tiltil-realizan-gira-tecnica-a-marchigue\/#breadcrumb"},"inLanguage":"es","potentialAction":[{"@type":"ReadAction","target":["https:\/\/www.mundoagropecuario.cl\/new\/crianceros-caprinos-de-tiltil-realizan-gira-tecnica-a-marchigue\/"]}]},{"@type":"ImageObject","inLanguage":"es","@id":"https:\/\/www.mundoagropecuario.cl\/new\/crianceros-caprinos-de-tiltil-realizan-gira-tecnica-a-marchigue\/#primaryimage","url":"https:\/\/www.mundoagropecuario.cl\/new\/wp-content\/uploads\/2025\/09\/Productores-Caprinos1-scaled.jpeg","contentUrl":"https:\/\/www.mundoagropecuario.cl\/new\/wp-content\/uploads\/2025\/09\/Productores-Caprinos1-scaled.jpeg","width":686,"height":400},{"@type":"BreadcrumbList","@id":"https:\/\/www.mundoagropecuario.cl\/new\/crianceros-caprinos-de-tiltil-realizan-gira-tecnica-a-marchigue\/#breadcrumb","itemListElement":[{"@type":"ListItem","position":1,"name":"Portada","item":"https:\/\/www.mundoagropecuario.cl\/new\/"},{"@type":"ListItem","position":2,"name":"Crianceros caprinos de Tiltil realizan gira t\u00e9cnica a Marchig\u00fce"}]},{"@type":"WebSite","@id":"https:\/\/www.mundoagropecuario.cl\/new\/#website","url":"https:\/\/www.mundoagropecuario.cl\/new\/","name":"Mundoagropecuario","description":"Mundo Agropecuario","publisher":{"@id":"https:\/\/www.mundoagropecuario.cl\/new\/#organization"},"potentialAction":[{"@type":"SearchAction","target":{"@type":"EntryPoint","urlTemplate":"https:\/\/www.mundoagropecuario.cl\/new\/?s={search_term_string}"},"query-input":{"@type":"PropertyValueSpecification","valueRequired":true,"valueName":"search_term_string"}}],"inLanguage":"es"},{"@type":"Organization","@id":"https:\/\/www.mundoagropecuario.cl\/new\/#organization","name":"Revista de Agricultura","url":"https:\/\/www.mundoagropecuario.cl\/new\/","logo":{"@type":"ImageObject","inLanguage":"es","@id":"https:\/\/www.mundoagropecuario.cl\/new\/#\/schema\/logo\/image\/","url":"https:\/\/www.mundoagropecuario.cl\/new\/wp-content\/uploads\/2020\/11\/PORTAL-1-1.png","contentUrl":"https:\/\/www.mundoagropecuario.cl\/new\/wp-content\/uploads\/2020\/11\/PORTAL-1-1.png","width":1026,"height":100,"caption":"Revista de Agricultura"},"image":{"@id":"https:\/\/www.mundoagropecuario.cl\/new\/#\/schema\/logo\/image\/"},"sameAs":["https:\/\/www.facebook.com\/mundo.agropecuario.3","https:\/\/x.com\/MundoAgropecuar","https:\/\/www.linkedin.com\/in\/mundo-agropecuario-934009201\/"]},{"@type":"Person","@id":"https:\/\/www.mundoagropecuario.cl\/new\/#\/schema\/person\/4e9f74a82a7dac260eb1c44b7eebeb18","name":"mundo","url":"https:\/\/www.mundoagropecuario.cl\/new\/author\/mundo\/"}]}},"_links":{"self":[{"href":"https:\/\/www.mundoagropecuario.cl\/new\/wp-json\/wp\/v2\/posts\/27195","targetHints":{"allow":["GET"]}}],"collection":[{"href":"https:\/\/www.mundoagropecuario.cl\/new\/wp-json\/wp\/v2\/posts"}],"about":[{"href":"https:\/\/www.mundoagropecuario.cl\/new\/wp-json\/wp\/v2\/types\/post"}],"author":[{"embeddable":true,"href":"https:\/\/www.mundoagropecuario.cl\/new\/wp-json\/wp\/v2\/users\/2"}],"replies":[{"embeddable":true,"href":"https:\/\/www.mundoagropecuario.cl\/new\/wp-json\/wp\/v2\/comments?post=27195"}],"version-history":[{"count":1,"href":"https:\/\/www.mundoagropecuario.cl\/new\/wp-json\/wp\/v2\/posts\/27195\/revisions"}],"predecessor-version":[{"id":27199,"href":"https:\/\/www.mundoagropecuario.cl\/new\/wp-json\/wp\/v2\/posts\/27195\/revisions\/27199"}],"wp:featuredmedia":[{"embeddable":true,"href":"https:\/\/www.mundoagropecuario.cl\/new\/wp-json\/wp\/v2\/media\/27198"}],"wp:attachment":[{"href":"https:\/\/www.mundoagropecuario.cl\/new\/wp-json\/wp\/v2\/media?parent=27195"}],"wp:term":[{"taxonomy":"category","embeddable":true,"href":"https:\/\/www.mundoagropecuario.cl\/new\/wp-json\/wp\/v2\/categories?post=27195"},{"taxonomy":"post_tag","embeddable":true,"href":"https:\/\/www.mundoagropecuario.cl\/new\/wp-json\/wp\/v2\/tags?post=27195"}],"curies":[{"name":"wp","href":"https:\/\/api.w.org\/{rel}","templated":true}]}}