{"id":27191,"date":"2025-09-08T13:14:33","date_gmt":"2025-09-08T16:14:33","guid":{"rendered":"https:\/\/www.mundoagropecuario.cl\/new\/?p=27191"},"modified":"2025-09-11T19:13:36","modified_gmt":"2025-09-11T22:13:36","slug":"precio-al-productor-al-mes-de-junio-acumula-caida-de-13-frente-a-2024","status":"publish","type":"post","link":"https:\/\/www.mundoagropecuario.cl\/new\/precio-al-productor-al-mes-de-junio-acumula-caida-de-13-frente-a-2024\/","title":{"rendered":"Precio al productor al mes de junio acumula ca\u00edda de 1,3% frente a 2024"},"content":{"rendered":"<p>Los datos liberados por la Oficina de Estudios y Pol\u00edticas Agrarias (Odepa), muestran que, a nivel nacional &#8211; el precio real por litro pagado al productor de leche de enero a junio de 2025 present\u00f3 una baja acumulada del 1,3% (-$5,87), pasando de $461,03 a $455,17 por litro.<\/p>\n<p>En regiones, los precios en origen mostraron variaciones mixtas, con fluctuaciones que oscilaron entre un aumento de 7,72% a un retroceso de -13,14%.<\/p>\n<p>En el a\u00f1o m\u00f3vil, la variaci\u00f3n promedio marc\u00f3 una variaci\u00f3n negativa de 1,9% respecto del mismo periodo del ciclo anterior, al caer de $ 456,0 a $ 447,5 por litro de leche cruda.<\/p>\n<p>&nbsp;<\/p>\n<p><a href=\"https:\/\/www.mundoagropecuario.cl\/new\/wp-content\/uploads\/2025\/09\/Cuadro1.jpg\"><img loading=\"lazy\" decoding=\"async\" class=\"aligncenter wp-image-27192 size-full\" src=\"https:\/\/www.mundoagropecuario.cl\/new\/wp-content\/uploads\/2025\/09\/Cuadro1.jpg\" alt=\"\" width=\"618\" height=\"400\" srcset=\"https:\/\/www.mundoagropecuario.cl\/new\/wp-content\/uploads\/2025\/09\/Cuadro1.jpg 618w, https:\/\/www.mundoagropecuario.cl\/new\/wp-content\/uploads\/2025\/09\/Cuadro1-205x133.jpg 205w\" sizes=\"auto, (max-width: 618px) 100vw, 618px\" \/><\/a><\/p>\n<p><strong>Variaci\u00f3n Regional<\/strong><\/p>\n<p>En la regi\u00f3n de Los Lagos, el precio pagado al productor no registr\u00f3 variaci\u00f3n (0,0%) frente al mismo periodo del a\u00f1o anterior, situ\u00e1ndose en $464,8 por litro.<\/p>\n<p>En la regi\u00f3n de Los R\u00edos, el valor por litro se mantuvo por debajo del a\u00f1o anterior con una baja de 3,0%, con $13,14 menos, pasando de $445,31 a $432,17.<\/p>\n<p>En la regi\u00f3n de La Araucan\u00eda el precio al productor mostr\u00f3 una variaci\u00f3n negativa del 0,2%, lo que representa una ca\u00edda de $1,05 por litro, de $ 463,06 en 2024 a $ 462,01 en 2025.<\/p>\n<p>Para las regiones de \u00d1uble y Bio-Bio el precio a productor informado por Odepa registr\u00f3 un alza de 1,7% respecto al a\u00f1o anterior, con un aumento de $7,72 por litro, elev\u00e1ndose de $ 465,84 a $ 473,56 por litro.<\/p>\n<p>Finalmente, en la Regi\u00f3n Metropolitana el precio a productor report\u00f3 una ca\u00edda de 0,8%% frente al mismo lapso del a\u00f1o pasado, con un retroceso de $4,02 por litro, pasando de $493,15 a $489,13 por litro.<\/p>\n<p><a href=\"https:\/\/www.mundoagropecuario.cl\/new\/wp-content\/uploads\/2025\/09\/Cuadro2.jpg\"><img loading=\"lazy\" decoding=\"async\" class=\"aligncenter wp-image-27193 size-full\" src=\"https:\/\/www.mundoagropecuario.cl\/new\/wp-content\/uploads\/2025\/09\/Cuadro2.jpg\" alt=\"\" width=\"618\" height=\"400\" srcset=\"https:\/\/www.mundoagropecuario.cl\/new\/wp-content\/uploads\/2025\/09\/Cuadro2.jpg 618w, https:\/\/www.mundoagropecuario.cl\/new\/wp-content\/uploads\/2025\/09\/Cuadro2-205x133.jpg 205w\" sizes=\"auto, (max-width: 618px) 100vw, 618px\" \/><\/a><\/p>\n<p><strong>-\u00bfQu\u00e9 paso en junio?<\/strong><\/p>\n<p>El precio real por litro pagado al productor en junio de 2025 cay\u00f3 un 1,7% en comparaci\u00f3n con igual periodo del a\u00f1o anterior, equivalente a $8,04 por litro, pasando de $ 477,99 a $ 469,95 por litro.<\/p>\n<p>En el sexto mes del a\u00f1o, la regi\u00f3n de Los Lagos present\u00f3 una variaci\u00f3n a la baja de 0,6% respecto del mismo mes del a\u00f1o anterior, $2,94 por litro respecto del mismo lapso del a\u00f1o anterior, al pasar de $ 487,49 a $ 484,55 por litro.<\/p>\n<p>El precio promedio pagado al productor en la regi\u00f3n de Los R\u00edos, registra un retroceso de 3,6%, lo que supone $16,45 por litro menos, de $ 458,10 a $ 441,64 por litro.<\/p>\n<p>En la regi\u00f3n de La Araucan\u00eda, el precio promedio pagado a productor se movi\u00f3 a la baja un 0,2%, cayendo $0,99 por litro, de $ 484,23 a $ 483,24 por litro.<\/p>\n<p>El precio informado por Odepa para las regiones de \u00d1uble y Bio-Bio anot\u00f3 un alza de 0,6% en relaci\u00f3n con el a\u00f1o anterior, con un alza de $2,92 por litro, lo cual supone de $ 485,19 a $ 488,11 por litro.<\/p>\n<p>En la Regi\u00f3n Metropolitana, el precio promedio pagado a productor subi\u00f3 0,2%, lo que se traduce en un aumento de $1,20 por litro, pasando de $ 502,18 a $ 503,37 por litro.<\/p>\n<p>Fuente: FEDELECHE en base a informaci\u00f3n ODEPA<\/p>\n","protected":false},"excerpt":{"rendered":"<p>Este an\u00e1lisis de Fedeleche considera los precios a productores de las principales regiones lecheras, comparando los valores con el mismo per\u00edodo del a\u00f1o anterior.<\/p>\n","protected":false},"author":2,"featured_media":27032,"comment_status":"closed","ping_status":"closed","sticky":false,"template":"","format":"standard","meta":{"footnotes":""},"categories":[1946],"tags":[2090,2057,2058,2141,2051,2328,4149,9952],"class_list":["post-27191","post","type-post","status-publish","format-standard","has-post-thumbnail","hentry","category-lacteos","tag-agricultura","tag-aproleche","tag-fedeleche","tag-lacteos","tag-leche","tag-ministerio-de-agricultura","tag-mundo-agropecuario","tag-precio-al-productor"],"yoast_head":"<!-- This site is optimized with the Yoast SEO plugin v26.6 - https:\/\/yoast.com\/wordpress\/plugins\/seo\/ -->\n<title>Precio al productor al mes de junio acumula ca\u00edda de 1,3% frente a 2024 - Mundoagropecuario<\/title>\n<meta name=\"description\" content=\"Este an\u00e1lisis considera los precios a productores de las principales regiones lecheras, comparando los valores con el mismo per\u00edodo\" \/>\n<meta name=\"robots\" content=\"index, follow, max-snippet:-1, max-image-preview:large, max-video-preview:-1\" \/>\n<link rel=\"canonical\" href=\"https:\/\/www.mundoagropecuario.cl\/new\/precio-al-productor-al-mes-de-junio-acumula-caida-de-13-frente-a-2024\/\" \/>\n<meta property=\"og:locale\" content=\"es_ES\" \/>\n<meta property=\"og:type\" content=\"article\" \/>\n<meta property=\"og:title\" content=\"Precio al productor al mes de junio acumula ca\u00edda de 1,3% frente a 2024 - Mundoagropecuario\" \/>\n<meta property=\"og:description\" content=\"Este an\u00e1lisis considera los precios a productores de las principales regiones lecheras, comparando los valores con el mismo per\u00edodo\" \/>\n<meta property=\"og:url\" content=\"https:\/\/www.mundoagropecuario.cl\/new\/precio-al-productor-al-mes-de-junio-acumula-caida-de-13-frente-a-2024\/\" \/>\n<meta property=\"og:site_name\" content=\"Mundoagropecuario\" \/>\n<meta property=\"article:publisher\" content=\"https:\/\/www.facebook.com\/mundo.agropecuario.3\" \/>\n<meta property=\"article:published_time\" content=\"2025-09-08T16:14:33+00:00\" \/>\n<meta property=\"article:modified_time\" content=\"2025-09-11T22:13:36+00:00\" \/>\n<meta property=\"og:image\" content=\"https:\/\/www.mundoagropecuario.cl\/new\/wp-content\/uploads\/2025\/07\/Leche2-scaled.jpg\" \/>\n\t<meta property=\"og:image:width\" content=\"600\" \/>\n\t<meta property=\"og:image:height\" content=\"400\" \/>\n\t<meta property=\"og:image:type\" content=\"image\/jpeg\" \/>\n<meta name=\"author\" content=\"mundo\" \/>\n<meta name=\"twitter:card\" content=\"summary_large_image\" \/>\n<meta name=\"twitter:creator\" content=\"@MundoAgropecuar\" \/>\n<meta name=\"twitter:site\" content=\"@MundoAgropecuar\" \/>\n<meta name=\"twitter:label1\" content=\"Escrito por\" \/>\n\t<meta name=\"twitter:data1\" content=\"mundo\" \/>\n\t<meta name=\"twitter:label2\" content=\"Tiempo de lectura\" \/>\n\t<meta name=\"twitter:data2\" content=\"3 minutos\" \/>\n<script type=\"application\/ld+json\" class=\"yoast-schema-graph\">{\"@context\":\"https:\/\/schema.org\",\"@graph\":[{\"@type\":\"Article\",\"@id\":\"https:\/\/www.mundoagropecuario.cl\/new\/precio-al-productor-al-mes-de-junio-acumula-caida-de-13-frente-a-2024\/#article\",\"isPartOf\":{\"@id\":\"https:\/\/www.mundoagropecuario.cl\/new\/precio-al-productor-al-mes-de-junio-acumula-caida-de-13-frente-a-2024\/\"},\"author\":{\"name\":\"mundo\",\"@id\":\"https:\/\/www.mundoagropecuario.cl\/new\/#\/schema\/person\/4e9f74a82a7dac260eb1c44b7eebeb18\"},\"headline\":\"Precio al productor al mes de junio acumula ca\u00edda de 1,3% frente a 2024\",\"datePublished\":\"2025-09-08T16:14:33+00:00\",\"dateModified\":\"2025-09-11T22:13:36+00:00\",\"mainEntityOfPage\":{\"@id\":\"https:\/\/www.mundoagropecuario.cl\/new\/precio-al-productor-al-mes-de-junio-acumula-caida-de-13-frente-a-2024\/\"},\"wordCount\":483,\"publisher\":{\"@id\":\"https:\/\/www.mundoagropecuario.cl\/new\/#organization\"},\"image\":{\"@id\":\"https:\/\/www.mundoagropecuario.cl\/new\/precio-al-productor-al-mes-de-junio-acumula-caida-de-13-frente-a-2024\/#primaryimage\"},\"thumbnailUrl\":\"https:\/\/www.mundoagropecuario.cl\/new\/wp-content\/uploads\/2025\/07\/Leche2-scaled.jpg\",\"keywords\":[\"Agricultura\",\"Aproleche\",\"Fedeleche\",\"L\u00e1cteos\",\"Leche\",\"Ministerio de Agricultura\",\"Mundo Agropecuario\",\"Precio al productor\"],\"articleSection\":[\"L\u00e1cteos\"],\"inLanguage\":\"es\"},{\"@type\":\"WebPage\",\"@id\":\"https:\/\/www.mundoagropecuario.cl\/new\/precio-al-productor-al-mes-de-junio-acumula-caida-de-13-frente-a-2024\/\",\"url\":\"https:\/\/www.mundoagropecuario.cl\/new\/precio-al-productor-al-mes-de-junio-acumula-caida-de-13-frente-a-2024\/\",\"name\":\"Precio al productor al mes de junio acumula ca\u00edda de 1,3% frente a 2024 - Mundoagropecuario\",\"isPartOf\":{\"@id\":\"https:\/\/www.mundoagropecuario.cl\/new\/#website\"},\"primaryImageOfPage\":{\"@id\":\"https:\/\/www.mundoagropecuario.cl\/new\/precio-al-productor-al-mes-de-junio-acumula-caida-de-13-frente-a-2024\/#primaryimage\"},\"image\":{\"@id\":\"https:\/\/www.mundoagropecuario.cl\/new\/precio-al-productor-al-mes-de-junio-acumula-caida-de-13-frente-a-2024\/#primaryimage\"},\"thumbnailUrl\":\"https:\/\/www.mundoagropecuario.cl\/new\/wp-content\/uploads\/2025\/07\/Leche2-scaled.jpg\",\"datePublished\":\"2025-09-08T16:14:33+00:00\",\"dateModified\":\"2025-09-11T22:13:36+00:00\",\"description\":\"Este an\u00e1lisis considera los precios a productores de las principales regiones lecheras, comparando los valores con el mismo per\u00edodo\",\"breadcrumb\":{\"@id\":\"https:\/\/www.mundoagropecuario.cl\/new\/precio-al-productor-al-mes-de-junio-acumula-caida-de-13-frente-a-2024\/#breadcrumb\"},\"inLanguage\":\"es\",\"potentialAction\":[{\"@type\":\"ReadAction\",\"target\":[\"https:\/\/www.mundoagropecuario.cl\/new\/precio-al-productor-al-mes-de-junio-acumula-caida-de-13-frente-a-2024\/\"]}]},{\"@type\":\"ImageObject\",\"inLanguage\":\"es\",\"@id\":\"https:\/\/www.mundoagropecuario.cl\/new\/precio-al-productor-al-mes-de-junio-acumula-caida-de-13-frente-a-2024\/#primaryimage\",\"url\":\"https:\/\/www.mundoagropecuario.cl\/new\/wp-content\/uploads\/2025\/07\/Leche2-scaled.jpg\",\"contentUrl\":\"https:\/\/www.mundoagropecuario.cl\/new\/wp-content\/uploads\/2025\/07\/Leche2-scaled.jpg\",\"width\":600,\"height\":400},{\"@type\":\"BreadcrumbList\",\"@id\":\"https:\/\/www.mundoagropecuario.cl\/new\/precio-al-productor-al-mes-de-junio-acumula-caida-de-13-frente-a-2024\/#breadcrumb\",\"itemListElement\":[{\"@type\":\"ListItem\",\"position\":1,\"name\":\"Portada\",\"item\":\"https:\/\/www.mundoagropecuario.cl\/new\/\"},{\"@type\":\"ListItem\",\"position\":2,\"name\":\"Precio al productor al mes de junio acumula ca\u00edda de 1,3% frente a 2024\"}]},{\"@type\":\"WebSite\",\"@id\":\"https:\/\/www.mundoagropecuario.cl\/new\/#website\",\"url\":\"https:\/\/www.mundoagropecuario.cl\/new\/\",\"name\":\"Mundoagropecuario\",\"description\":\"Mundo Agropecuario\",\"publisher\":{\"@id\":\"https:\/\/www.mundoagropecuario.cl\/new\/#organization\"},\"potentialAction\":[{\"@type\":\"SearchAction\",\"target\":{\"@type\":\"EntryPoint\",\"urlTemplate\":\"https:\/\/www.mundoagropecuario.cl\/new\/?s={search_term_string}\"},\"query-input\":{\"@type\":\"PropertyValueSpecification\",\"valueRequired\":true,\"valueName\":\"search_term_string\"}}],\"inLanguage\":\"es\"},{\"@type\":\"Organization\",\"@id\":\"https:\/\/www.mundoagropecuario.cl\/new\/#organization\",\"name\":\"Revista de Agricultura\",\"url\":\"https:\/\/www.mundoagropecuario.cl\/new\/\",\"logo\":{\"@type\":\"ImageObject\",\"inLanguage\":\"es\",\"@id\":\"https:\/\/www.mundoagropecuario.cl\/new\/#\/schema\/logo\/image\/\",\"url\":\"https:\/\/www.mundoagropecuario.cl\/new\/wp-content\/uploads\/2020\/11\/PORTAL-1-1.png\",\"contentUrl\":\"https:\/\/www.mundoagropecuario.cl\/new\/wp-content\/uploads\/2020\/11\/PORTAL-1-1.png\",\"width\":1026,\"height\":100,\"caption\":\"Revista de Agricultura\"},\"image\":{\"@id\":\"https:\/\/www.mundoagropecuario.cl\/new\/#\/schema\/logo\/image\/\"},\"sameAs\":[\"https:\/\/www.facebook.com\/mundo.agropecuario.3\",\"https:\/\/x.com\/MundoAgropecuar\",\"https:\/\/www.linkedin.com\/in\/mundo-agropecuario-934009201\/\"]},{\"@type\":\"Person\",\"@id\":\"https:\/\/www.mundoagropecuario.cl\/new\/#\/schema\/person\/4e9f74a82a7dac260eb1c44b7eebeb18\",\"name\":\"mundo\",\"url\":\"https:\/\/www.mundoagropecuario.cl\/new\/author\/mundo\/\"}]}<\/script>\n<!-- \/ Yoast SEO plugin. -->","yoast_head_json":{"title":"Precio al productor al mes de junio acumula ca\u00edda de 1,3% frente a 2024 - Mundoagropecuario","description":"Este an\u00e1lisis considera los precios a productores de las principales regiones lecheras, comparando los valores con el mismo per\u00edodo","robots":{"index":"index","follow":"follow","max-snippet":"max-snippet:-1","max-image-preview":"max-image-preview:large","max-video-preview":"max-video-preview:-1"},"canonical":"https:\/\/www.mundoagropecuario.cl\/new\/precio-al-productor-al-mes-de-junio-acumula-caida-de-13-frente-a-2024\/","og_locale":"es_ES","og_type":"article","og_title":"Precio al productor al mes de junio acumula ca\u00edda de 1,3% frente a 2024 - Mundoagropecuario","og_description":"Este an\u00e1lisis considera los precios a productores de las principales regiones lecheras, comparando los valores con el mismo per\u00edodo","og_url":"https:\/\/www.mundoagropecuario.cl\/new\/precio-al-productor-al-mes-de-junio-acumula-caida-de-13-frente-a-2024\/","og_site_name":"Mundoagropecuario","article_publisher":"https:\/\/www.facebook.com\/mundo.agropecuario.3","article_published_time":"2025-09-08T16:14:33+00:00","article_modified_time":"2025-09-11T22:13:36+00:00","og_image":[{"width":600,"height":400,"url":"https:\/\/www.mundoagropecuario.cl\/new\/wp-content\/uploads\/2025\/07\/Leche2-scaled.jpg","type":"image\/jpeg"}],"author":"mundo","twitter_card":"summary_large_image","twitter_creator":"@MundoAgropecuar","twitter_site":"@MundoAgropecuar","twitter_misc":{"Escrito por":"mundo","Tiempo de lectura":"3 minutos"},"schema":{"@context":"https:\/\/schema.org","@graph":[{"@type":"Article","@id":"https:\/\/www.mundoagropecuario.cl\/new\/precio-al-productor-al-mes-de-junio-acumula-caida-de-13-frente-a-2024\/#article","isPartOf":{"@id":"https:\/\/www.mundoagropecuario.cl\/new\/precio-al-productor-al-mes-de-junio-acumula-caida-de-13-frente-a-2024\/"},"author":{"name":"mundo","@id":"https:\/\/www.mundoagropecuario.cl\/new\/#\/schema\/person\/4e9f74a82a7dac260eb1c44b7eebeb18"},"headline":"Precio al productor al mes de junio acumula ca\u00edda de 1,3% frente a 2024","datePublished":"2025-09-08T16:14:33+00:00","dateModified":"2025-09-11T22:13:36+00:00","mainEntityOfPage":{"@id":"https:\/\/www.mundoagropecuario.cl\/new\/precio-al-productor-al-mes-de-junio-acumula-caida-de-13-frente-a-2024\/"},"wordCount":483,"publisher":{"@id":"https:\/\/www.mundoagropecuario.cl\/new\/#organization"},"image":{"@id":"https:\/\/www.mundoagropecuario.cl\/new\/precio-al-productor-al-mes-de-junio-acumula-caida-de-13-frente-a-2024\/#primaryimage"},"thumbnailUrl":"https:\/\/www.mundoagropecuario.cl\/new\/wp-content\/uploads\/2025\/07\/Leche2-scaled.jpg","keywords":["Agricultura","Aproleche","Fedeleche","L\u00e1cteos","Leche","Ministerio de Agricultura","Mundo Agropecuario","Precio al productor"],"articleSection":["L\u00e1cteos"],"inLanguage":"es"},{"@type":"WebPage","@id":"https:\/\/www.mundoagropecuario.cl\/new\/precio-al-productor-al-mes-de-junio-acumula-caida-de-13-frente-a-2024\/","url":"https:\/\/www.mundoagropecuario.cl\/new\/precio-al-productor-al-mes-de-junio-acumula-caida-de-13-frente-a-2024\/","name":"Precio al productor al mes de junio acumula ca\u00edda de 1,3% frente a 2024 - Mundoagropecuario","isPartOf":{"@id":"https:\/\/www.mundoagropecuario.cl\/new\/#website"},"primaryImageOfPage":{"@id":"https:\/\/www.mundoagropecuario.cl\/new\/precio-al-productor-al-mes-de-junio-acumula-caida-de-13-frente-a-2024\/#primaryimage"},"image":{"@id":"https:\/\/www.mundoagropecuario.cl\/new\/precio-al-productor-al-mes-de-junio-acumula-caida-de-13-frente-a-2024\/#primaryimage"},"thumbnailUrl":"https:\/\/www.mundoagropecuario.cl\/new\/wp-content\/uploads\/2025\/07\/Leche2-scaled.jpg","datePublished":"2025-09-08T16:14:33+00:00","dateModified":"2025-09-11T22:13:36+00:00","description":"Este an\u00e1lisis considera los precios a productores de las principales regiones lecheras, comparando los valores con el mismo per\u00edodo","breadcrumb":{"@id":"https:\/\/www.mundoagropecuario.cl\/new\/precio-al-productor-al-mes-de-junio-acumula-caida-de-13-frente-a-2024\/#breadcrumb"},"inLanguage":"es","potentialAction":[{"@type":"ReadAction","target":["https:\/\/www.mundoagropecuario.cl\/new\/precio-al-productor-al-mes-de-junio-acumula-caida-de-13-frente-a-2024\/"]}]},{"@type":"ImageObject","inLanguage":"es","@id":"https:\/\/www.mundoagropecuario.cl\/new\/precio-al-productor-al-mes-de-junio-acumula-caida-de-13-frente-a-2024\/#primaryimage","url":"https:\/\/www.mundoagropecuario.cl\/new\/wp-content\/uploads\/2025\/07\/Leche2-scaled.jpg","contentUrl":"https:\/\/www.mundoagropecuario.cl\/new\/wp-content\/uploads\/2025\/07\/Leche2-scaled.jpg","width":600,"height":400},{"@type":"BreadcrumbList","@id":"https:\/\/www.mundoagropecuario.cl\/new\/precio-al-productor-al-mes-de-junio-acumula-caida-de-13-frente-a-2024\/#breadcrumb","itemListElement":[{"@type":"ListItem","position":1,"name":"Portada","item":"https:\/\/www.mundoagropecuario.cl\/new\/"},{"@type":"ListItem","position":2,"name":"Precio al productor al mes de junio acumula ca\u00edda de 1,3% frente a 2024"}]},{"@type":"WebSite","@id":"https:\/\/www.mundoagropecuario.cl\/new\/#website","url":"https:\/\/www.mundoagropecuario.cl\/new\/","name":"Mundoagropecuario","description":"Mundo Agropecuario","publisher":{"@id":"https:\/\/www.mundoagropecuario.cl\/new\/#organization"},"potentialAction":[{"@type":"SearchAction","target":{"@type":"EntryPoint","urlTemplate":"https:\/\/www.mundoagropecuario.cl\/new\/?s={search_term_string}"},"query-input":{"@type":"PropertyValueSpecification","valueRequired":true,"valueName":"search_term_string"}}],"inLanguage":"es"},{"@type":"Organization","@id":"https:\/\/www.mundoagropecuario.cl\/new\/#organization","name":"Revista de Agricultura","url":"https:\/\/www.mundoagropecuario.cl\/new\/","logo":{"@type":"ImageObject","inLanguage":"es","@id":"https:\/\/www.mundoagropecuario.cl\/new\/#\/schema\/logo\/image\/","url":"https:\/\/www.mundoagropecuario.cl\/new\/wp-content\/uploads\/2020\/11\/PORTAL-1-1.png","contentUrl":"https:\/\/www.mundoagropecuario.cl\/new\/wp-content\/uploads\/2020\/11\/PORTAL-1-1.png","width":1026,"height":100,"caption":"Revista de Agricultura"},"image":{"@id":"https:\/\/www.mundoagropecuario.cl\/new\/#\/schema\/logo\/image\/"},"sameAs":["https:\/\/www.facebook.com\/mundo.agropecuario.3","https:\/\/x.com\/MundoAgropecuar","https:\/\/www.linkedin.com\/in\/mundo-agropecuario-934009201\/"]},{"@type":"Person","@id":"https:\/\/www.mundoagropecuario.cl\/new\/#\/schema\/person\/4e9f74a82a7dac260eb1c44b7eebeb18","name":"mundo","url":"https:\/\/www.mundoagropecuario.cl\/new\/author\/mundo\/"}]}},"_links":{"self":[{"href":"https:\/\/www.mundoagropecuario.cl\/new\/wp-json\/wp\/v2\/posts\/27191","targetHints":{"allow":["GET"]}}],"collection":[{"href":"https:\/\/www.mundoagropecuario.cl\/new\/wp-json\/wp\/v2\/posts"}],"about":[{"href":"https:\/\/www.mundoagropecuario.cl\/new\/wp-json\/wp\/v2\/types\/post"}],"author":[{"embeddable":true,"href":"https:\/\/www.mundoagropecuario.cl\/new\/wp-json\/wp\/v2\/users\/2"}],"replies":[{"embeddable":true,"href":"https:\/\/www.mundoagropecuario.cl\/new\/wp-json\/wp\/v2\/comments?post=27191"}],"version-history":[{"count":1,"href":"https:\/\/www.mundoagropecuario.cl\/new\/wp-json\/wp\/v2\/posts\/27191\/revisions"}],"predecessor-version":[{"id":27194,"href":"https:\/\/www.mundoagropecuario.cl\/new\/wp-json\/wp\/v2\/posts\/27191\/revisions\/27194"}],"wp:featuredmedia":[{"embeddable":true,"href":"https:\/\/www.mundoagropecuario.cl\/new\/wp-json\/wp\/v2\/media\/27032"}],"wp:attachment":[{"href":"https:\/\/www.mundoagropecuario.cl\/new\/wp-json\/wp\/v2\/media?parent=27191"}],"wp:term":[{"taxonomy":"category","embeddable":true,"href":"https:\/\/www.mundoagropecuario.cl\/new\/wp-json\/wp\/v2\/categories?post=27191"},{"taxonomy":"post_tag","embeddable":true,"href":"https:\/\/www.mundoagropecuario.cl\/new\/wp-json\/wp\/v2\/tags?post=27191"}],"curies":[{"name":"wp","href":"https:\/\/api.w.org\/{rel}","templated":true}]}}