{"id":27169,"date":"2025-08-28T11:09:36","date_gmt":"2025-08-28T14:09:36","guid":{"rendered":"https:\/\/www.mundoagropecuario.cl\/new\/?p=27169"},"modified":"2025-09-08T13:39:03","modified_gmt":"2025-09-08T16:39:03","slug":"presidente-de-la-idf-industria-lactea-seguira-dominando-el-mercado","status":"publish","type":"post","link":"https:\/\/www.mundoagropecuario.cl\/new\/presidente-de-la-idf-industria-lactea-seguira-dominando-el-mercado\/","title":{"rendered":"Presidente de la IDF: Industria l\u00e1ctea seguir\u00e1 dominando el mercado"},"content":{"rendered":"<p>Gilles Froment, presidente mundial de la Federaci\u00f3n Internacional L\u00e1ctea (IDF en sus siglas en ingl\u00e9s), se prepara para visitar Chile en octubre. Lo har\u00e1 encabezando a la mayor organizaci\u00f3n de este rubro a nivel global, que agrupa al 70% de la cadena lechera global.<\/p>\n<p>Froment participar\u00e1 en un encuentro global del rubro que se realiza por primera vez en Sudam\u00e9rica y tendr\u00e1 su sede en Santiago.<\/p>\n<p>Si bien Froment se\u00f1ala que no es un experto en el panorama que vive la industria lechera chilena, visualiza que tanto a nivel local como global comparten desaf\u00edos similares en cuanto a la producci\u00f3n y sostenibilidad del sector.<\/p>\n<p><strong>Conflicto<\/strong><\/p>\n<p>Uno de los desaf\u00edos se relaciona con la irrupci\u00f3n de la industria vegetal o a base de plantas (plant based). En los \u00faltimos a\u00f1os, gremios lecheros han manifestado su molestia por publicitarse como &#8216;sustituto&#8217; de la leche. El caso que ha generado mayor debate \u2014y que actualmente se encuentra en la Corte Suprema\u2014 es la demanda que interpuso la Asociaci\u00f3n de Productores de Leche de la Regi\u00f3n de Los R\u00edos (Aproval) en contra del unicornio NotCo por &#8216;competencia desleal&#8217;, debido a la comercializaci\u00f3n de su producto estrella &#8216;Not Milk&#8217;.<\/p>\n<p><a href=\"https:\/\/www.mundoagropecuario.cl\/new\/wp-content\/uploads\/2023\/12\/leche-y-queso-scaled.jpeg\"><img loading=\"lazy\" decoding=\"async\" class=\"alignleft wp-image-24952 \" src=\"https:\/\/www.mundoagropecuario.cl\/new\/wp-content\/uploads\/2023\/12\/leche-y-queso-716x400.jpeg\" alt=\"\" width=\"550\" height=\"307\" srcset=\"https:\/\/www.mundoagropecuario.cl\/new\/wp-content\/uploads\/2023\/12\/leche-y-queso-scaled.jpeg 716w, https:\/\/www.mundoagropecuario.cl\/new\/wp-content\/uploads\/2023\/12\/leche-y-queso-238x133.jpeg 238w\" sizes=\"auto, (max-width: 550px) 100vw, 550px\" \/><\/a>En conversaci\u00f3n con &#8216;El Mercurio&#8217;, Froment se\u00f1al\u00f3 que para IDF &#8216;realmente no hay nada malo con esta industria. Lo \u00fanico con lo cual tengo un problema es cuando utilizan el t\u00e9rmino &#8216;leche&#8217;, porque para m\u00ed no son un producto l\u00e1cteo&#8217;.<\/p>\n<p>Froment, quien tambi\u00e9n tiene el cargo de vicepresidente s\u00e9nior de Relaciones Gubernamentales e Industriales en Lactalis Canad\u00e1, asegura que est\u00e1 consciente de que los consumidores est\u00e1n demandando este tipo de productos, sin embargo, sostuvo que no deben asociarse a productos derivados de la leche.<\/p>\n<p>&#8216;Condeno un poco el uso del t\u00e9rmino &#8216;leche&#8217; o l\u00e1cteo porque confunde al consumidor. Quiz\u00e1s no a todos, para ser honesto, pero algunos creer\u00e1n que cuando compran una bebida plant based est\u00e1n comprando algo que es equivalente a la leche, lo cual no es la realidad&#8217;, se\u00f1ala.<\/p>\n<p>Entreg\u00f3 como ejemplo un caso que ocurre en el mercado canadiense. &#8216;En Canad\u00e1 tenemos (en el mercado) un producto que es una mantequilla plant based, que es esencialmente una margarina. Pero lo presentan en el mismo envoltorio y lo ponen al lado de la mantequilla (&#8230;) En mi opini\u00f3n, es una manera de intentar enga\u00f1ar al consumidor. No digo que sea un mal producto, pero no es mantequilla&#8217;, sostuvo.<\/p>\n<p>&#8216;No hay preocupaci\u00f3n porque esta categor\u00eda est\u00e9 creciendo. Negocios son negocios. El consumidor es el rey y decidir\u00e1 lo que quiere. Pero el consumidor tiene que decidir en base a la informaci\u00f3n correcta. Ese es mi punto&#8217;, indica.<\/p>\n<p>Sobre el caso que envuelve a Aproval y NotCo por presuntas infracciones de competencia desleal, asegur\u00f3 que, si bien no conoce en detalle la disputa, a su juicio &#8216;puede ser injusto cuando llamas a un producto como algo que no es&#8217;.<\/p>\n<p>&#8216;Si me vendes un auto barato y le pones el logo de uno lujoso, y dices que s\u00ed es un auto de lujo, no es as\u00ed (&#8230;) Son dos autom\u00f3viles, ambos te llevan desde un punto A a un punto B, pero hay una gran diferencia entre ambos veh\u00edculos. En mi perspectiva, ocurre lo mismo cuando se habla de leche y los productos plant based&#8217;, dijo.<\/p>\n<p>De todos modos, Froment indic\u00f3 que en la industria l\u00e1ctea no prev\u00e9n que esta categor\u00eda de productos vegetales sea una amenaza a largo plazo. &#8216;(Esta industria) creci\u00f3 durante unos a\u00f1os. A\u00fan no es una gran parte del mercado y en los \u00faltimos dos a\u00f1os, vemos que se est\u00e1 estabilizando o va a la baja&#8217;, se\u00f1al\u00f3.<\/p>\n<p>&#8216;Personalmente, no veo que la industria plant based supere a la l\u00e1ctea mientras est\u00e9 vivo. Y espero vivir por varios a\u00f1os, pero no creo que lo haga. \u00bfVan a crecer? Es posible que se mantengan como un peque\u00f1o porcentaje dentro de la categor\u00eda general, y porque la demanda por la leche seguir\u00e1 creciendo&#8217;, afirm\u00f3.<\/p>\n<p>Por otra parte, Froment destaca que la elecci\u00f3n de Chile como sede del evento mundial de la industria l\u00e1ctea representa una oportunidad estrat\u00e9gica para impulsar la producci\u00f3n en la regi\u00f3n.<\/p>\n<p>La recepci\u00f3n de leche en Chile alcanz\u00f3 los 2.404 millones de litros en 2024, seg\u00fan un reporte del Consorcio Lechero local. La cifra implic\u00f3 un alza de 2,8% frente a los registros del a\u00f1o anterior.<\/p>\n<p><a href=\"https:\/\/www.mundoagropecuario.cl\/new\/wp-content\/uploads\/2023\/09\/leche-y-Vacaw-1-scaled-1-scaled.jpg\"><img loading=\"lazy\" decoding=\"async\" class=\"wp-image-24703 alignright\" src=\"https:\/\/www.mundoagropecuario.cl\/new\/wp-content\/uploads\/2023\/09\/leche-y-Vacaw-1-scaled-1-721x400.jpg\" alt=\"\" width=\"538\" height=\"371\" \/><\/a>Pese a este crecimiento, Chile se ubicar\u00eda lejos de los principales pa\u00edses del mundo en materia de producci\u00f3n, incluso del top 20, se\u00f1al\u00f3 Froment.<\/p>\n<p>Sin embargo, destac\u00f3 que &#8216;no tienes que ser (un productor) grande para ser un l\u00edder&#8217;. Enfatiz\u00f3 que Chile tiene el potencial de ser un modelo para sus pares de la regi\u00f3n. &#8216;Chile ha hecho avances muy significativos en la modernizaci\u00f3n de su industria lechera y adoptado un enfoque de sostenibilidad con el compromiso de todos los actores (&#8230;) Es un pa\u00eds comprometido con la innovaci\u00f3n, la sostenibilidad y la colaboraci\u00f3n internacional&#8217;.<\/p>\n<p>&#8216;Chile es un actor din\u00e1mico y en evoluci\u00f3n en una regi\u00f3n con un inmenso potencial, que puede convertirse en un proveedor global de productos l\u00e1cteos en el futuro. Tiene las tierras, el clima y el talento para hacerlo (&#8230;). La clave ser\u00e1 invertir en infraestructura, educaci\u00f3n y el marco de sostenibilidad que permitir\u00e1 que su potencial se materialice de forma responsable&#8217;, sostuvo Froment.<\/p>\n<p>Fuente: Econom\u00eda y Negocios<\/p>\n","protected":false},"excerpt":{"rendered":"<p>Pese a que el pa\u00eds no se encuentra entre los mayores productores globales, Froment cree que el sector l\u00e1cteo chileno tiene el potencial de ser l\u00edder en la regi\u00f3n.<\/p>\n","protected":false},"author":2,"featured_media":27170,"comment_status":"closed","ping_status":"closed","sticky":false,"template":"","format":"standard","meta":{"footnotes":""},"categories":[1946],"tags":[2090,9942,2058,9943,2068,2141,2035,2328],"class_list":["post-27169","post","type-post","status-publish","format-standard","has-post-thumbnail","hentry","category-lacteos","tag-agricultura","tag-aproval-y-notco","tag-fedeleche","tag-gilles-froment","tag-industria-lactea","tag-lacteos","tag-minagri","tag-ministerio-de-agricultura"],"yoast_head":"<!-- This site is optimized with the Yoast SEO plugin v26.6 - https:\/\/yoast.com\/wordpress\/plugins\/seo\/ -->\n<title>Presidente de la IDF: Industria l\u00e1ctea seguir\u00e1 dominando el mercado - Mundoagropecuario<\/title>\n<meta name=\"description\" content=\"Pese a que el pa\u00eds no se encuentra entre los mayores productores globales, Froment cree que el sector l\u00e1cteo chileno tiene el potencial\" \/>\n<meta name=\"robots\" content=\"index, follow, max-snippet:-1, max-image-preview:large, max-video-preview:-1\" \/>\n<link rel=\"canonical\" href=\"https:\/\/www.mundoagropecuario.cl\/new\/presidente-de-la-idf-industria-lactea-seguira-dominando-el-mercado\/\" \/>\n<meta property=\"og:locale\" content=\"es_ES\" \/>\n<meta property=\"og:type\" content=\"article\" \/>\n<meta property=\"og:title\" content=\"Presidente de la IDF: Industria l\u00e1ctea seguir\u00e1 dominando el mercado - Mundoagropecuario\" \/>\n<meta property=\"og:description\" content=\"Pese a que el pa\u00eds no se encuentra entre los mayores productores globales, Froment cree que el sector l\u00e1cteo chileno tiene el potencial\" \/>\n<meta property=\"og:url\" content=\"https:\/\/www.mundoagropecuario.cl\/new\/presidente-de-la-idf-industria-lactea-seguira-dominando-el-mercado\/\" \/>\n<meta property=\"og:site_name\" content=\"Mundoagropecuario\" \/>\n<meta property=\"article:publisher\" content=\"https:\/\/www.facebook.com\/mundo.agropecuario.3\" \/>\n<meta property=\"article:published_time\" content=\"2025-08-28T14:09:36+00:00\" \/>\n<meta property=\"article:modified_time\" content=\"2025-09-08T16:39:03+00:00\" \/>\n<meta property=\"og:image\" content=\"https:\/\/www.mundoagropecuario.cl\/new\/wp-content\/uploads\/2025\/08\/Lacteo-scaled.jpg\" \/>\n\t<meta property=\"og:image:width\" content=\"676\" \/>\n\t<meta property=\"og:image:height\" content=\"400\" \/>\n\t<meta property=\"og:image:type\" content=\"image\/jpeg\" \/>\n<meta name=\"author\" content=\"mundo\" \/>\n<meta name=\"twitter:card\" content=\"summary_large_image\" \/>\n<meta name=\"twitter:creator\" content=\"@MundoAgropecuar\" \/>\n<meta name=\"twitter:site\" content=\"@MundoAgropecuar\" \/>\n<meta name=\"twitter:label1\" content=\"Escrito por\" \/>\n\t<meta name=\"twitter:data1\" content=\"mundo\" \/>\n\t<meta name=\"twitter:label2\" content=\"Tiempo de lectura\" \/>\n\t<meta name=\"twitter:data2\" content=\"5 minutos\" \/>\n<script type=\"application\/ld+json\" class=\"yoast-schema-graph\">{\"@context\":\"https:\/\/schema.org\",\"@graph\":[{\"@type\":\"Article\",\"@id\":\"https:\/\/www.mundoagropecuario.cl\/new\/presidente-de-la-idf-industria-lactea-seguira-dominando-el-mercado\/#article\",\"isPartOf\":{\"@id\":\"https:\/\/www.mundoagropecuario.cl\/new\/presidente-de-la-idf-industria-lactea-seguira-dominando-el-mercado\/\"},\"author\":{\"name\":\"mundo\",\"@id\":\"https:\/\/www.mundoagropecuario.cl\/new\/#\/schema\/person\/4e9f74a82a7dac260eb1c44b7eebeb18\"},\"headline\":\"Presidente de la IDF: Industria l\u00e1ctea seguir\u00e1 dominando el mercado\",\"datePublished\":\"2025-08-28T14:09:36+00:00\",\"dateModified\":\"2025-09-08T16:39:03+00:00\",\"mainEntityOfPage\":{\"@id\":\"https:\/\/www.mundoagropecuario.cl\/new\/presidente-de-la-idf-industria-lactea-seguira-dominando-el-mercado\/\"},\"wordCount\":948,\"publisher\":{\"@id\":\"https:\/\/www.mundoagropecuario.cl\/new\/#organization\"},\"image\":{\"@id\":\"https:\/\/www.mundoagropecuario.cl\/new\/presidente-de-la-idf-industria-lactea-seguira-dominando-el-mercado\/#primaryimage\"},\"thumbnailUrl\":\"https:\/\/www.mundoagropecuario.cl\/new\/wp-content\/uploads\/2025\/08\/Lacteo-scaled.jpg\",\"keywords\":[\"Agricultura\",\"Aproval y NotCo\",\"Fedeleche\",\"Gilles Froment\",\"Industria l\u00e1ctea\",\"L\u00e1cteos\",\"Minagri\",\"Ministerio de Agricultura\"],\"articleSection\":[\"L\u00e1cteos\"],\"inLanguage\":\"es\"},{\"@type\":\"WebPage\",\"@id\":\"https:\/\/www.mundoagropecuario.cl\/new\/presidente-de-la-idf-industria-lactea-seguira-dominando-el-mercado\/\",\"url\":\"https:\/\/www.mundoagropecuario.cl\/new\/presidente-de-la-idf-industria-lactea-seguira-dominando-el-mercado\/\",\"name\":\"Presidente de la IDF: Industria l\u00e1ctea seguir\u00e1 dominando el mercado - Mundoagropecuario\",\"isPartOf\":{\"@id\":\"https:\/\/www.mundoagropecuario.cl\/new\/#website\"},\"primaryImageOfPage\":{\"@id\":\"https:\/\/www.mundoagropecuario.cl\/new\/presidente-de-la-idf-industria-lactea-seguira-dominando-el-mercado\/#primaryimage\"},\"image\":{\"@id\":\"https:\/\/www.mundoagropecuario.cl\/new\/presidente-de-la-idf-industria-lactea-seguira-dominando-el-mercado\/#primaryimage\"},\"thumbnailUrl\":\"https:\/\/www.mundoagropecuario.cl\/new\/wp-content\/uploads\/2025\/08\/Lacteo-scaled.jpg\",\"datePublished\":\"2025-08-28T14:09:36+00:00\",\"dateModified\":\"2025-09-08T16:39:03+00:00\",\"description\":\"Pese a que el pa\u00eds no se encuentra entre los mayores productores globales, Froment cree que el sector l\u00e1cteo chileno tiene el potencial\",\"breadcrumb\":{\"@id\":\"https:\/\/www.mundoagropecuario.cl\/new\/presidente-de-la-idf-industria-lactea-seguira-dominando-el-mercado\/#breadcrumb\"},\"inLanguage\":\"es\",\"potentialAction\":[{\"@type\":\"ReadAction\",\"target\":[\"https:\/\/www.mundoagropecuario.cl\/new\/presidente-de-la-idf-industria-lactea-seguira-dominando-el-mercado\/\"]}]},{\"@type\":\"ImageObject\",\"inLanguage\":\"es\",\"@id\":\"https:\/\/www.mundoagropecuario.cl\/new\/presidente-de-la-idf-industria-lactea-seguira-dominando-el-mercado\/#primaryimage\",\"url\":\"https:\/\/www.mundoagropecuario.cl\/new\/wp-content\/uploads\/2025\/08\/Lacteo-scaled.jpg\",\"contentUrl\":\"https:\/\/www.mundoagropecuario.cl\/new\/wp-content\/uploads\/2025\/08\/Lacteo-scaled.jpg\",\"width\":676,\"height\":400},{\"@type\":\"BreadcrumbList\",\"@id\":\"https:\/\/www.mundoagropecuario.cl\/new\/presidente-de-la-idf-industria-lactea-seguira-dominando-el-mercado\/#breadcrumb\",\"itemListElement\":[{\"@type\":\"ListItem\",\"position\":1,\"name\":\"Portada\",\"item\":\"https:\/\/www.mundoagropecuario.cl\/new\/\"},{\"@type\":\"ListItem\",\"position\":2,\"name\":\"Presidente de la IDF: Industria l\u00e1ctea seguir\u00e1 dominando el mercado\"}]},{\"@type\":\"WebSite\",\"@id\":\"https:\/\/www.mundoagropecuario.cl\/new\/#website\",\"url\":\"https:\/\/www.mundoagropecuario.cl\/new\/\",\"name\":\"Mundoagropecuario\",\"description\":\"Mundo Agropecuario\",\"publisher\":{\"@id\":\"https:\/\/www.mundoagropecuario.cl\/new\/#organization\"},\"potentialAction\":[{\"@type\":\"SearchAction\",\"target\":{\"@type\":\"EntryPoint\",\"urlTemplate\":\"https:\/\/www.mundoagropecuario.cl\/new\/?s={search_term_string}\"},\"query-input\":{\"@type\":\"PropertyValueSpecification\",\"valueRequired\":true,\"valueName\":\"search_term_string\"}}],\"inLanguage\":\"es\"},{\"@type\":\"Organization\",\"@id\":\"https:\/\/www.mundoagropecuario.cl\/new\/#organization\",\"name\":\"Revista de Agricultura\",\"url\":\"https:\/\/www.mundoagropecuario.cl\/new\/\",\"logo\":{\"@type\":\"ImageObject\",\"inLanguage\":\"es\",\"@id\":\"https:\/\/www.mundoagropecuario.cl\/new\/#\/schema\/logo\/image\/\",\"url\":\"https:\/\/www.mundoagropecuario.cl\/new\/wp-content\/uploads\/2020\/11\/PORTAL-1-1.png\",\"contentUrl\":\"https:\/\/www.mundoagropecuario.cl\/new\/wp-content\/uploads\/2020\/11\/PORTAL-1-1.png\",\"width\":1026,\"height\":100,\"caption\":\"Revista de Agricultura\"},\"image\":{\"@id\":\"https:\/\/www.mundoagropecuario.cl\/new\/#\/schema\/logo\/image\/\"},\"sameAs\":[\"https:\/\/www.facebook.com\/mundo.agropecuario.3\",\"https:\/\/x.com\/MundoAgropecuar\",\"https:\/\/www.linkedin.com\/in\/mundo-agropecuario-934009201\/\"]},{\"@type\":\"Person\",\"@id\":\"https:\/\/www.mundoagropecuario.cl\/new\/#\/schema\/person\/4e9f74a82a7dac260eb1c44b7eebeb18\",\"name\":\"mundo\",\"url\":\"https:\/\/www.mundoagropecuario.cl\/new\/author\/mundo\/\"}]}<\/script>\n<!-- \/ Yoast SEO plugin. -->","yoast_head_json":{"title":"Presidente de la IDF: Industria l\u00e1ctea seguir\u00e1 dominando el mercado - Mundoagropecuario","description":"Pese a que el pa\u00eds no se encuentra entre los mayores productores globales, Froment cree que el sector l\u00e1cteo chileno tiene el potencial","robots":{"index":"index","follow":"follow","max-snippet":"max-snippet:-1","max-image-preview":"max-image-preview:large","max-video-preview":"max-video-preview:-1"},"canonical":"https:\/\/www.mundoagropecuario.cl\/new\/presidente-de-la-idf-industria-lactea-seguira-dominando-el-mercado\/","og_locale":"es_ES","og_type":"article","og_title":"Presidente de la IDF: Industria l\u00e1ctea seguir\u00e1 dominando el mercado - Mundoagropecuario","og_description":"Pese a que el pa\u00eds no se encuentra entre los mayores productores globales, Froment cree que el sector l\u00e1cteo chileno tiene el potencial","og_url":"https:\/\/www.mundoagropecuario.cl\/new\/presidente-de-la-idf-industria-lactea-seguira-dominando-el-mercado\/","og_site_name":"Mundoagropecuario","article_publisher":"https:\/\/www.facebook.com\/mundo.agropecuario.3","article_published_time":"2025-08-28T14:09:36+00:00","article_modified_time":"2025-09-08T16:39:03+00:00","og_image":[{"width":676,"height":400,"url":"https:\/\/www.mundoagropecuario.cl\/new\/wp-content\/uploads\/2025\/08\/Lacteo-scaled.jpg","type":"image\/jpeg"}],"author":"mundo","twitter_card":"summary_large_image","twitter_creator":"@MundoAgropecuar","twitter_site":"@MundoAgropecuar","twitter_misc":{"Escrito por":"mundo","Tiempo de lectura":"5 minutos"},"schema":{"@context":"https:\/\/schema.org","@graph":[{"@type":"Article","@id":"https:\/\/www.mundoagropecuario.cl\/new\/presidente-de-la-idf-industria-lactea-seguira-dominando-el-mercado\/#article","isPartOf":{"@id":"https:\/\/www.mundoagropecuario.cl\/new\/presidente-de-la-idf-industria-lactea-seguira-dominando-el-mercado\/"},"author":{"name":"mundo","@id":"https:\/\/www.mundoagropecuario.cl\/new\/#\/schema\/person\/4e9f74a82a7dac260eb1c44b7eebeb18"},"headline":"Presidente de la IDF: Industria l\u00e1ctea seguir\u00e1 dominando el mercado","datePublished":"2025-08-28T14:09:36+00:00","dateModified":"2025-09-08T16:39:03+00:00","mainEntityOfPage":{"@id":"https:\/\/www.mundoagropecuario.cl\/new\/presidente-de-la-idf-industria-lactea-seguira-dominando-el-mercado\/"},"wordCount":948,"publisher":{"@id":"https:\/\/www.mundoagropecuario.cl\/new\/#organization"},"image":{"@id":"https:\/\/www.mundoagropecuario.cl\/new\/presidente-de-la-idf-industria-lactea-seguira-dominando-el-mercado\/#primaryimage"},"thumbnailUrl":"https:\/\/www.mundoagropecuario.cl\/new\/wp-content\/uploads\/2025\/08\/Lacteo-scaled.jpg","keywords":["Agricultura","Aproval y NotCo","Fedeleche","Gilles Froment","Industria l\u00e1ctea","L\u00e1cteos","Minagri","Ministerio de Agricultura"],"articleSection":["L\u00e1cteos"],"inLanguage":"es"},{"@type":"WebPage","@id":"https:\/\/www.mundoagropecuario.cl\/new\/presidente-de-la-idf-industria-lactea-seguira-dominando-el-mercado\/","url":"https:\/\/www.mundoagropecuario.cl\/new\/presidente-de-la-idf-industria-lactea-seguira-dominando-el-mercado\/","name":"Presidente de la IDF: Industria l\u00e1ctea seguir\u00e1 dominando el mercado - Mundoagropecuario","isPartOf":{"@id":"https:\/\/www.mundoagropecuario.cl\/new\/#website"},"primaryImageOfPage":{"@id":"https:\/\/www.mundoagropecuario.cl\/new\/presidente-de-la-idf-industria-lactea-seguira-dominando-el-mercado\/#primaryimage"},"image":{"@id":"https:\/\/www.mundoagropecuario.cl\/new\/presidente-de-la-idf-industria-lactea-seguira-dominando-el-mercado\/#primaryimage"},"thumbnailUrl":"https:\/\/www.mundoagropecuario.cl\/new\/wp-content\/uploads\/2025\/08\/Lacteo-scaled.jpg","datePublished":"2025-08-28T14:09:36+00:00","dateModified":"2025-09-08T16:39:03+00:00","description":"Pese a que el pa\u00eds no se encuentra entre los mayores productores globales, Froment cree que el sector l\u00e1cteo chileno tiene el potencial","breadcrumb":{"@id":"https:\/\/www.mundoagropecuario.cl\/new\/presidente-de-la-idf-industria-lactea-seguira-dominando-el-mercado\/#breadcrumb"},"inLanguage":"es","potentialAction":[{"@type":"ReadAction","target":["https:\/\/www.mundoagropecuario.cl\/new\/presidente-de-la-idf-industria-lactea-seguira-dominando-el-mercado\/"]}]},{"@type":"ImageObject","inLanguage":"es","@id":"https:\/\/www.mundoagropecuario.cl\/new\/presidente-de-la-idf-industria-lactea-seguira-dominando-el-mercado\/#primaryimage","url":"https:\/\/www.mundoagropecuario.cl\/new\/wp-content\/uploads\/2025\/08\/Lacteo-scaled.jpg","contentUrl":"https:\/\/www.mundoagropecuario.cl\/new\/wp-content\/uploads\/2025\/08\/Lacteo-scaled.jpg","width":676,"height":400},{"@type":"BreadcrumbList","@id":"https:\/\/www.mundoagropecuario.cl\/new\/presidente-de-la-idf-industria-lactea-seguira-dominando-el-mercado\/#breadcrumb","itemListElement":[{"@type":"ListItem","position":1,"name":"Portada","item":"https:\/\/www.mundoagropecuario.cl\/new\/"},{"@type":"ListItem","position":2,"name":"Presidente de la IDF: Industria l\u00e1ctea seguir\u00e1 dominando el mercado"}]},{"@type":"WebSite","@id":"https:\/\/www.mundoagropecuario.cl\/new\/#website","url":"https:\/\/www.mundoagropecuario.cl\/new\/","name":"Mundoagropecuario","description":"Mundo Agropecuario","publisher":{"@id":"https:\/\/www.mundoagropecuario.cl\/new\/#organization"},"potentialAction":[{"@type":"SearchAction","target":{"@type":"EntryPoint","urlTemplate":"https:\/\/www.mundoagropecuario.cl\/new\/?s={search_term_string}"},"query-input":{"@type":"PropertyValueSpecification","valueRequired":true,"valueName":"search_term_string"}}],"inLanguage":"es"},{"@type":"Organization","@id":"https:\/\/www.mundoagropecuario.cl\/new\/#organization","name":"Revista de Agricultura","url":"https:\/\/www.mundoagropecuario.cl\/new\/","logo":{"@type":"ImageObject","inLanguage":"es","@id":"https:\/\/www.mundoagropecuario.cl\/new\/#\/schema\/logo\/image\/","url":"https:\/\/www.mundoagropecuario.cl\/new\/wp-content\/uploads\/2020\/11\/PORTAL-1-1.png","contentUrl":"https:\/\/www.mundoagropecuario.cl\/new\/wp-content\/uploads\/2020\/11\/PORTAL-1-1.png","width":1026,"height":100,"caption":"Revista de Agricultura"},"image":{"@id":"https:\/\/www.mundoagropecuario.cl\/new\/#\/schema\/logo\/image\/"},"sameAs":["https:\/\/www.facebook.com\/mundo.agropecuario.3","https:\/\/x.com\/MundoAgropecuar","https:\/\/www.linkedin.com\/in\/mundo-agropecuario-934009201\/"]},{"@type":"Person","@id":"https:\/\/www.mundoagropecuario.cl\/new\/#\/schema\/person\/4e9f74a82a7dac260eb1c44b7eebeb18","name":"mundo","url":"https:\/\/www.mundoagropecuario.cl\/new\/author\/mundo\/"}]}},"_links":{"self":[{"href":"https:\/\/www.mundoagropecuario.cl\/new\/wp-json\/wp\/v2\/posts\/27169","targetHints":{"allow":["GET"]}}],"collection":[{"href":"https:\/\/www.mundoagropecuario.cl\/new\/wp-json\/wp\/v2\/posts"}],"about":[{"href":"https:\/\/www.mundoagropecuario.cl\/new\/wp-json\/wp\/v2\/types\/post"}],"author":[{"embeddable":true,"href":"https:\/\/www.mundoagropecuario.cl\/new\/wp-json\/wp\/v2\/users\/2"}],"replies":[{"embeddable":true,"href":"https:\/\/www.mundoagropecuario.cl\/new\/wp-json\/wp\/v2\/comments?post=27169"}],"version-history":[{"count":1,"href":"https:\/\/www.mundoagropecuario.cl\/new\/wp-json\/wp\/v2\/posts\/27169\/revisions"}],"predecessor-version":[{"id":27171,"href":"https:\/\/www.mundoagropecuario.cl\/new\/wp-json\/wp\/v2\/posts\/27169\/revisions\/27171"}],"wp:featuredmedia":[{"embeddable":true,"href":"https:\/\/www.mundoagropecuario.cl\/new\/wp-json\/wp\/v2\/media\/27170"}],"wp:attachment":[{"href":"https:\/\/www.mundoagropecuario.cl\/new\/wp-json\/wp\/v2\/media?parent=27169"}],"wp:term":[{"taxonomy":"category","embeddable":true,"href":"https:\/\/www.mundoagropecuario.cl\/new\/wp-json\/wp\/v2\/categories?post=27169"},{"taxonomy":"post_tag","embeddable":true,"href":"https:\/\/www.mundoagropecuario.cl\/new\/wp-json\/wp\/v2\/tags?post=27169"}],"curies":[{"name":"wp","href":"https:\/\/api.w.org\/{rel}","templated":true}]}}