{"id":27122,"date":"2025-07-29T12:14:38","date_gmt":"2025-07-29T15:14:38","guid":{"rendered":"https:\/\/www.mundoagropecuario.cl\/new\/?p=27122"},"modified":"2025-08-11T18:08:25","modified_gmt":"2025-08-11T21:08:25","slug":"fedeleche-pone-foco-en-promocion-del-consumo-proyeccion-y-sucesion-generacional","status":"publish","type":"post","link":"https:\/\/www.mundoagropecuario.cl\/new\/fedeleche-pone-foco-en-promocion-del-consumo-proyeccion-y-sucesion-generacional\/","title":{"rendered":"Fedeleche pone foco en promoci\u00f3n del consumo, proyecci\u00f3n y sucesi\u00f3n generacional"},"content":{"rendered":"<p>El pasado martes 22 de julio, la Federaci\u00f3n Nacional de Productores de Leche (Fedeleche) celebr\u00f3 una nueva reuni\u00f3n de directorio, instancia en la que se discutieron diversas estrategias orientadas al fortalecimiento del sector l\u00e1cteo. La jornada permiti\u00f3 revisar avances, proyecciones y pr\u00f3ximos hitos de relevancia local e internacional.<\/p>\n<p>La reuni\u00f3n cont\u00f3 con la participaci\u00f3n de todas las asociaciones que integran Fedeleche, cuya representaci\u00f3n gremial se extiende desde la Regi\u00f3n de Valpara\u00edso hasta la Regi\u00f3n de Los Lagos. Entre ellas destacan: Aproleche Centro, Aproleche Linares, Aproleche \u00d1uble, Aproleche Biob\u00edo, Aproleche Araucan\u00eda, Saval, Aproleche Osorno y Agrollanquihue.<\/p>\n<p>Esta cobertura permiti\u00f3 coordinar e impulsar iniciativas a nivel nacional que aborden los desaf\u00edos del sector lechero y aprovechar las oportunidades que ofrece la producci\u00f3n nacional.<\/p>\n<p><strong>Promoci\u00f3n del consumo\u00a0<\/strong><\/p>\n<p><a href=\"https:\/\/www.mundoagropecuario.cl\/new\/wp-content\/uploads\/2025\/07\/fedeleche1.jpg\"><img loading=\"lazy\" decoding=\"async\" class=\"alignleft wp-image-27125 \" src=\"https:\/\/www.mundoagropecuario.cl\/new\/wp-content\/uploads\/2025\/07\/fedeleche1.jpg\" alt=\"\" width=\"554\" height=\"301\" srcset=\"https:\/\/www.mundoagropecuario.cl\/new\/wp-content\/uploads\/2025\/07\/fedeleche1.jpg 700w, https:\/\/www.mundoagropecuario.cl\/new\/wp-content\/uploads\/2025\/07\/fedeleche1-245x133.jpg 245w\" sizes=\"auto, (max-width: 554px) 100vw, 554px\" \/><\/a>En la ocasi\u00f3n, se revisaron las actividades en curso de la campa\u00f1a \u201cYo Tomo Leche\u201d, liderada por Promolac, que ha desplegado una intensa agenda de promoci\u00f3n en supermercados, redes sociales, medios de comunicaci\u00f3n y actividades comunitarias como charlas educativas, talleres de cocina y torneos deportivos. La iniciativa en la que participan los productores, a trav\u00e9s de Fedeleche y las cooperativas l\u00e1cteas asociadas a Fenaleche, busca incentivar el consumo de productos l\u00e1cteos chilenos.<\/p>\n<p>Marcos Winkler, presidente de Fedeleche, valor\u00f3 los esfuerzos de los productores lecheros y las cooperativas l\u00e1cteas por fortalecer la demanda de los productos locales. \u201cComo gremio, valoramos profundamente el compromiso demostrado por los productores lecheros en cada rinc\u00f3n del pa\u00eds. La campa\u00f1a \u201cYo Tomo Leche\u201d refleja el esfuerzo del sector por acercar nuestros productos l\u00e1cteos a las familias en Chile y es una muestra clara de que cuando trabajamos juntos, logramos resultados destacados\u201d.<\/p>\n<p>El represente gremial subray\u00f3 que los productos l\u00e1cteos constituyen un pilar de la alimentaci\u00f3n en el pa\u00eds y si bien el consumo promedio es de 144 litros por persona al a\u00f1o, por debajo de los 180 litros recomendados por la FAO, esta brecha representa un escenario con potencial de crecimiento, especialmente mediante productos con valor agregado y funciones espec\u00edficas.<\/p>\n<p>En la reuni\u00f3n de los productores, se dio inicio a la discusi\u00f3n sobre la renovaci\u00f3n del directorio de Promolac, enfoc\u00e1ndose en ampliar la representatividad gremial con nuevos miembros, particularmente de las regiones del sur de Chile, reforzando as\u00ed la colaboraci\u00f3n en torno a la promoci\u00f3n de los l\u00e1cteos nacionales.<\/p>\n<p><strong>Cumbre Mundial de la Leche IDF 2025<\/strong><\/p>\n<p><a href=\"https:\/\/www.mundoagropecuario.cl\/new\/wp-content\/uploads\/2025\/07\/fedeleche2.jpg\"><img loading=\"lazy\" decoding=\"async\" class=\"alignright wp-image-27126 \" src=\"https:\/\/www.mundoagropecuario.cl\/new\/wp-content\/uploads\/2025\/07\/fedeleche2.jpg\" alt=\"\" width=\"593\" height=\"365\" \/><\/a>Otro de los temas destacados fue la revisi\u00f3n del estado organizativo de la pr\u00f3xima Cumbre Mundial de la Leche 2025, que se celebrar\u00e1 entre el 20 y 23 de octubre en Santiago. El evento de la IDF contar\u00e1 con 92 relatores y una robusta agenda de actividades cient\u00edficas, t\u00e9cnicas y sociales en diversas regiones del pa\u00eds y tours t\u00e9cnicos en Santiago, Valpara\u00edso, \u00d1uble, Biob\u00edo, Los R\u00edos y Los Lagos.<\/p>\n<p>\u201cLa organizaci\u00f3n de la Cumbre Mundial de la Leche IDF 2025 en Chile con la Federaci\u00f3n Internacional de Lecher\u00eda (IDF) y su cap\u00edtulo chileno, integrado por Odepa, el Consorcio Lechero y Fedeleche, es un hito hist\u00f3rico que nos llena de orgullo. Ser\u00e1 una vitrina para mostrar al mundo la calidad, sostenibilidad y profesionalismo de nuestra cadena l\u00e1ctea. Queremos que los productores se sientan parte de este evento, especialmente en la jornada del martes 21 de octubre, pensada especialmente para ellos\u201d, indic\u00f3 Winkler.<\/p>\n<p>Fedeleche inform\u00f3 que busca incentivar la participaci\u00f3n de los productores locales, con opci\u00f3n de asistir solo a algunos d\u00edas, pero especialmente durante el martes 21 de octubre, jornada que culminar\u00e1 con una cena exclusiva para ellos con tarifas especiales para socios.<\/p>\n<p>El presidente del gremio detall\u00f3 que se busca incentivar y promover una mayor visibilidad al sector l\u00e1cteo de nuestro pa\u00eds, \u201ccon la asistencia de productores al congreso internacional de la IDF en Santiago, generando un descuento exclusivo para ellos del 30% y que pueden ser revisados en la p\u00e1gina web del evento\u201d. www.idfwds2025.com.<\/p>\n<p><strong>Nuevas Generaciones<\/strong><\/p>\n<p><a href=\"https:\/\/www.mundoagropecuario.cl\/new\/wp-content\/uploads\/2025\/07\/fedeleche3.jpg\"><img loading=\"lazy\" decoding=\"async\" class=\"alignleft wp-image-27124 \" src=\"https:\/\/www.mundoagropecuario.cl\/new\/wp-content\/uploads\/2025\/07\/fedeleche3.jpg\" alt=\"\" width=\"525\" height=\"343\" \/><\/a>La reuni\u00f3n tambi\u00e9n abord\u00f3 el apoyo de Fedeleche al Sexto Encuentro Panamericano de J\u00f3venes Lecheros de la Federaci\u00f3n Panamericana de Lecher\u00eda (Fepale), que se celebrar\u00e1 en septiembre de 2025.<\/p>\n<p>Desde el gremio se hizo un llamado a las asociaciones para identificar y postular a j\u00f3venes productores interesados, destacando que estos espacios son fundamentales para fomentar la innovaci\u00f3n, el desarrollo y la colaboraci\u00f3n dentro del sector.<\/p>\n<p>\u201cEl Encuentro de J\u00f3venes Lecheros representa una oportunidad \u00fanica para que las nuevas generaciones se vinculen, aprendan y proyecten el futuro. Desde Fedeleche, seguiremos apoyando estas instancias que promueven la innovaci\u00f3n, el desarrollo y la colaboraci\u00f3n entre productores j\u00f3venes\u201d, dijo Winkler.<\/p>\n<p>\u201cNuestro desaf\u00edo sigue siendo fortalecer la producci\u00f3n nacional, con condiciones que permitan crecer de forma sostenible, y que se reconozca el valor de la leche chilena. Seguiremos trabajando con convicci\u00f3n para que el pa\u00eds consuma m\u00e1s leche, y para que nuestros productores tengan el respaldo que merecen\u201d, concluy\u00f3 el presidente de Fedeleche.<\/p>\n<p>Fuente: Fedeleche FG<\/p>\n","protected":false},"excerpt":{"rendered":"<p>Fedeleche avanza con una mirada estrat\u00e9gica, enfoc\u00e1ndose en fortalecer el consumo nacional, proyectar el desarrollo sostenible y asegurar la participaci\u00f3n activa de nuevas generaciones en la cadena lechera.<\/p>\n","protected":false},"author":2,"featured_media":24618,"comment_status":"closed","ping_status":"closed","sticky":false,"template":"","format":"standard","meta":{"footnotes":""},"categories":[1946],"tags":[2090,3127,2057,2058,9921,2124,1992,2052,4135,2051,4149],"class_list":["post-27122","post","type-post","status-publish","format-standard","has-post-thumbnail","hentry","category-lacteos","tag-agricultura","tag-agro","tag-aproleche","tag-fedeleche","tag-fedeleche-pone-foco-en-promocion-del-consumo","tag-fia","tag-indap","tag-inia","tag-lacteo","tag-leche","tag-mundo-agropecuario"],"yoast_head":"<!-- This site is optimized with the Yoast SEO plugin v26.6 - https:\/\/yoast.com\/wordpress\/plugins\/seo\/ -->\n<title>Fedeleche pone foco en promoci\u00f3n del consumo, proyecci\u00f3n y sucesi\u00f3n generacional - Mundoagropecuario<\/title>\n<meta name=\"description\" content=\"Fedeleche avanza con una mirada estrat\u00e9gica, enfoc\u00e1ndose en fortalecer el consumo nacional, proyectar el desarrollo sostenible.\" \/>\n<meta name=\"robots\" content=\"index, follow, max-snippet:-1, max-image-preview:large, max-video-preview:-1\" \/>\n<link rel=\"canonical\" href=\"https:\/\/www.mundoagropecuario.cl\/new\/fedeleche-pone-foco-en-promocion-del-consumo-proyeccion-y-sucesion-generacional\/\" \/>\n<meta property=\"og:locale\" content=\"es_ES\" \/>\n<meta property=\"og:type\" content=\"article\" \/>\n<meta property=\"og:title\" content=\"Fedeleche pone foco en promoci\u00f3n del consumo, proyecci\u00f3n y sucesi\u00f3n generacional - Mundoagropecuario\" \/>\n<meta property=\"og:description\" content=\"Fedeleche avanza con una mirada estrat\u00e9gica, enfoc\u00e1ndose en fortalecer el consumo nacional, proyectar el desarrollo sostenible.\" \/>\n<meta property=\"og:url\" content=\"https:\/\/www.mundoagropecuario.cl\/new\/fedeleche-pone-foco-en-promocion-del-consumo-proyeccion-y-sucesion-generacional\/\" \/>\n<meta property=\"og:site_name\" content=\"Mundoagropecuario\" \/>\n<meta property=\"article:publisher\" content=\"https:\/\/www.facebook.com\/mundo.agropecuario.3\" \/>\n<meta property=\"article:published_time\" content=\"2025-07-29T15:14:38+00:00\" \/>\n<meta property=\"article:modified_time\" content=\"2025-08-11T21:08:25+00:00\" \/>\n<meta property=\"og:image\" content=\"https:\/\/www.mundoagropecuario.cl\/new\/wp-content\/uploads\/2023\/08\/vaca-y-leche-1-scaled.jpg\" \/>\n\t<meta property=\"og:image:width\" content=\"720\" \/>\n\t<meta property=\"og:image:height\" content=\"391\" \/>\n\t<meta property=\"og:image:type\" content=\"image\/jpeg\" \/>\n<meta name=\"author\" content=\"mundo\" \/>\n<meta name=\"twitter:card\" content=\"summary_large_image\" \/>\n<meta name=\"twitter:creator\" content=\"@MundoAgropecuar\" \/>\n<meta name=\"twitter:site\" content=\"@MundoAgropecuar\" \/>\n<meta name=\"twitter:label1\" content=\"Escrito por\" \/>\n\t<meta name=\"twitter:data1\" content=\"mundo\" \/>\n\t<meta name=\"twitter:label2\" content=\"Tiempo de lectura\" \/>\n\t<meta name=\"twitter:data2\" content=\"5 minutos\" \/>\n<script type=\"application\/ld+json\" class=\"yoast-schema-graph\">{\"@context\":\"https:\/\/schema.org\",\"@graph\":[{\"@type\":\"Article\",\"@id\":\"https:\/\/www.mundoagropecuario.cl\/new\/fedeleche-pone-foco-en-promocion-del-consumo-proyeccion-y-sucesion-generacional\/#article\",\"isPartOf\":{\"@id\":\"https:\/\/www.mundoagropecuario.cl\/new\/fedeleche-pone-foco-en-promocion-del-consumo-proyeccion-y-sucesion-generacional\/\"},\"author\":{\"name\":\"mundo\",\"@id\":\"https:\/\/www.mundoagropecuario.cl\/new\/#\/schema\/person\/4e9f74a82a7dac260eb1c44b7eebeb18\"},\"headline\":\"Fedeleche pone foco en promoci\u00f3n del consumo, proyecci\u00f3n y sucesi\u00f3n generacional\",\"datePublished\":\"2025-07-29T15:14:38+00:00\",\"dateModified\":\"2025-08-11T21:08:25+00:00\",\"mainEntityOfPage\":{\"@id\":\"https:\/\/www.mundoagropecuario.cl\/new\/fedeleche-pone-foco-en-promocion-del-consumo-proyeccion-y-sucesion-generacional\/\"},\"wordCount\":872,\"publisher\":{\"@id\":\"https:\/\/www.mundoagropecuario.cl\/new\/#organization\"},\"image\":{\"@id\":\"https:\/\/www.mundoagropecuario.cl\/new\/fedeleche-pone-foco-en-promocion-del-consumo-proyeccion-y-sucesion-generacional\/#primaryimage\"},\"thumbnailUrl\":\"https:\/\/www.mundoagropecuario.cl\/new\/wp-content\/uploads\/2023\/08\/vaca-y-leche-1-scaled.jpg\",\"keywords\":[\"Agricultura\",\"Agro\",\"Aproleche\",\"Fedeleche\",\"Fedeleche pone foco en promoci\u00f3n del consumo\",\"FIA\",\"Indap\",\"INIA\",\"Lacteo\",\"Leche\",\"Mundo Agropecuario\"],\"articleSection\":[\"L\u00e1cteos\"],\"inLanguage\":\"es\"},{\"@type\":\"WebPage\",\"@id\":\"https:\/\/www.mundoagropecuario.cl\/new\/fedeleche-pone-foco-en-promocion-del-consumo-proyeccion-y-sucesion-generacional\/\",\"url\":\"https:\/\/www.mundoagropecuario.cl\/new\/fedeleche-pone-foco-en-promocion-del-consumo-proyeccion-y-sucesion-generacional\/\",\"name\":\"Fedeleche pone foco en promoci\u00f3n del consumo, proyecci\u00f3n y sucesi\u00f3n generacional - Mundoagropecuario\",\"isPartOf\":{\"@id\":\"https:\/\/www.mundoagropecuario.cl\/new\/#website\"},\"primaryImageOfPage\":{\"@id\":\"https:\/\/www.mundoagropecuario.cl\/new\/fedeleche-pone-foco-en-promocion-del-consumo-proyeccion-y-sucesion-generacional\/#primaryimage\"},\"image\":{\"@id\":\"https:\/\/www.mundoagropecuario.cl\/new\/fedeleche-pone-foco-en-promocion-del-consumo-proyeccion-y-sucesion-generacional\/#primaryimage\"},\"thumbnailUrl\":\"https:\/\/www.mundoagropecuario.cl\/new\/wp-content\/uploads\/2023\/08\/vaca-y-leche-1-scaled.jpg\",\"datePublished\":\"2025-07-29T15:14:38+00:00\",\"dateModified\":\"2025-08-11T21:08:25+00:00\",\"description\":\"Fedeleche avanza con una mirada estrat\u00e9gica, enfoc\u00e1ndose en fortalecer el consumo nacional, proyectar el desarrollo sostenible.\",\"breadcrumb\":{\"@id\":\"https:\/\/www.mundoagropecuario.cl\/new\/fedeleche-pone-foco-en-promocion-del-consumo-proyeccion-y-sucesion-generacional\/#breadcrumb\"},\"inLanguage\":\"es\",\"potentialAction\":[{\"@type\":\"ReadAction\",\"target\":[\"https:\/\/www.mundoagropecuario.cl\/new\/fedeleche-pone-foco-en-promocion-del-consumo-proyeccion-y-sucesion-generacional\/\"]}]},{\"@type\":\"ImageObject\",\"inLanguage\":\"es\",\"@id\":\"https:\/\/www.mundoagropecuario.cl\/new\/fedeleche-pone-foco-en-promocion-del-consumo-proyeccion-y-sucesion-generacional\/#primaryimage\",\"url\":\"https:\/\/www.mundoagropecuario.cl\/new\/wp-content\/uploads\/2023\/08\/vaca-y-leche-1-scaled.jpg\",\"contentUrl\":\"https:\/\/www.mundoagropecuario.cl\/new\/wp-content\/uploads\/2023\/08\/vaca-y-leche-1-scaled.jpg\",\"width\":720,\"height\":391},{\"@type\":\"BreadcrumbList\",\"@id\":\"https:\/\/www.mundoagropecuario.cl\/new\/fedeleche-pone-foco-en-promocion-del-consumo-proyeccion-y-sucesion-generacional\/#breadcrumb\",\"itemListElement\":[{\"@type\":\"ListItem\",\"position\":1,\"name\":\"Portada\",\"item\":\"https:\/\/www.mundoagropecuario.cl\/new\/\"},{\"@type\":\"ListItem\",\"position\":2,\"name\":\"Fedeleche pone foco en promoci\u00f3n del consumo, proyecci\u00f3n y sucesi\u00f3n generacional\"}]},{\"@type\":\"WebSite\",\"@id\":\"https:\/\/www.mundoagropecuario.cl\/new\/#website\",\"url\":\"https:\/\/www.mundoagropecuario.cl\/new\/\",\"name\":\"Mundoagropecuario\",\"description\":\"Mundo Agropecuario\",\"publisher\":{\"@id\":\"https:\/\/www.mundoagropecuario.cl\/new\/#organization\"},\"potentialAction\":[{\"@type\":\"SearchAction\",\"target\":{\"@type\":\"EntryPoint\",\"urlTemplate\":\"https:\/\/www.mundoagropecuario.cl\/new\/?s={search_term_string}\"},\"query-input\":{\"@type\":\"PropertyValueSpecification\",\"valueRequired\":true,\"valueName\":\"search_term_string\"}}],\"inLanguage\":\"es\"},{\"@type\":\"Organization\",\"@id\":\"https:\/\/www.mundoagropecuario.cl\/new\/#organization\",\"name\":\"Revista de Agricultura\",\"url\":\"https:\/\/www.mundoagropecuario.cl\/new\/\",\"logo\":{\"@type\":\"ImageObject\",\"inLanguage\":\"es\",\"@id\":\"https:\/\/www.mundoagropecuario.cl\/new\/#\/schema\/logo\/image\/\",\"url\":\"https:\/\/www.mundoagropecuario.cl\/new\/wp-content\/uploads\/2020\/11\/PORTAL-1-1.png\",\"contentUrl\":\"https:\/\/www.mundoagropecuario.cl\/new\/wp-content\/uploads\/2020\/11\/PORTAL-1-1.png\",\"width\":1026,\"height\":100,\"caption\":\"Revista de Agricultura\"},\"image\":{\"@id\":\"https:\/\/www.mundoagropecuario.cl\/new\/#\/schema\/logo\/image\/\"},\"sameAs\":[\"https:\/\/www.facebook.com\/mundo.agropecuario.3\",\"https:\/\/x.com\/MundoAgropecuar\",\"https:\/\/www.linkedin.com\/in\/mundo-agropecuario-934009201\/\"]},{\"@type\":\"Person\",\"@id\":\"https:\/\/www.mundoagropecuario.cl\/new\/#\/schema\/person\/4e9f74a82a7dac260eb1c44b7eebeb18\",\"name\":\"mundo\",\"url\":\"https:\/\/www.mundoagropecuario.cl\/new\/author\/mundo\/\"}]}<\/script>\n<!-- \/ Yoast SEO plugin. -->","yoast_head_json":{"title":"Fedeleche pone foco en promoci\u00f3n del consumo, proyecci\u00f3n y sucesi\u00f3n generacional - Mundoagropecuario","description":"Fedeleche avanza con una mirada estrat\u00e9gica, enfoc\u00e1ndose en fortalecer el consumo nacional, proyectar el desarrollo sostenible.","robots":{"index":"index","follow":"follow","max-snippet":"max-snippet:-1","max-image-preview":"max-image-preview:large","max-video-preview":"max-video-preview:-1"},"canonical":"https:\/\/www.mundoagropecuario.cl\/new\/fedeleche-pone-foco-en-promocion-del-consumo-proyeccion-y-sucesion-generacional\/","og_locale":"es_ES","og_type":"article","og_title":"Fedeleche pone foco en promoci\u00f3n del consumo, proyecci\u00f3n y sucesi\u00f3n generacional - Mundoagropecuario","og_description":"Fedeleche avanza con una mirada estrat\u00e9gica, enfoc\u00e1ndose en fortalecer el consumo nacional, proyectar el desarrollo sostenible.","og_url":"https:\/\/www.mundoagropecuario.cl\/new\/fedeleche-pone-foco-en-promocion-del-consumo-proyeccion-y-sucesion-generacional\/","og_site_name":"Mundoagropecuario","article_publisher":"https:\/\/www.facebook.com\/mundo.agropecuario.3","article_published_time":"2025-07-29T15:14:38+00:00","article_modified_time":"2025-08-11T21:08:25+00:00","og_image":[{"width":720,"height":391,"url":"https:\/\/www.mundoagropecuario.cl\/new\/wp-content\/uploads\/2023\/08\/vaca-y-leche-1-scaled.jpg","type":"image\/jpeg"}],"author":"mundo","twitter_card":"summary_large_image","twitter_creator":"@MundoAgropecuar","twitter_site":"@MundoAgropecuar","twitter_misc":{"Escrito por":"mundo","Tiempo de lectura":"5 minutos"},"schema":{"@context":"https:\/\/schema.org","@graph":[{"@type":"Article","@id":"https:\/\/www.mundoagropecuario.cl\/new\/fedeleche-pone-foco-en-promocion-del-consumo-proyeccion-y-sucesion-generacional\/#article","isPartOf":{"@id":"https:\/\/www.mundoagropecuario.cl\/new\/fedeleche-pone-foco-en-promocion-del-consumo-proyeccion-y-sucesion-generacional\/"},"author":{"name":"mundo","@id":"https:\/\/www.mundoagropecuario.cl\/new\/#\/schema\/person\/4e9f74a82a7dac260eb1c44b7eebeb18"},"headline":"Fedeleche pone foco en promoci\u00f3n del consumo, proyecci\u00f3n y sucesi\u00f3n generacional","datePublished":"2025-07-29T15:14:38+00:00","dateModified":"2025-08-11T21:08:25+00:00","mainEntityOfPage":{"@id":"https:\/\/www.mundoagropecuario.cl\/new\/fedeleche-pone-foco-en-promocion-del-consumo-proyeccion-y-sucesion-generacional\/"},"wordCount":872,"publisher":{"@id":"https:\/\/www.mundoagropecuario.cl\/new\/#organization"},"image":{"@id":"https:\/\/www.mundoagropecuario.cl\/new\/fedeleche-pone-foco-en-promocion-del-consumo-proyeccion-y-sucesion-generacional\/#primaryimage"},"thumbnailUrl":"https:\/\/www.mundoagropecuario.cl\/new\/wp-content\/uploads\/2023\/08\/vaca-y-leche-1-scaled.jpg","keywords":["Agricultura","Agro","Aproleche","Fedeleche","Fedeleche pone foco en promoci\u00f3n del consumo","FIA","Indap","INIA","Lacteo","Leche","Mundo Agropecuario"],"articleSection":["L\u00e1cteos"],"inLanguage":"es"},{"@type":"WebPage","@id":"https:\/\/www.mundoagropecuario.cl\/new\/fedeleche-pone-foco-en-promocion-del-consumo-proyeccion-y-sucesion-generacional\/","url":"https:\/\/www.mundoagropecuario.cl\/new\/fedeleche-pone-foco-en-promocion-del-consumo-proyeccion-y-sucesion-generacional\/","name":"Fedeleche pone foco en promoci\u00f3n del consumo, proyecci\u00f3n y sucesi\u00f3n generacional - Mundoagropecuario","isPartOf":{"@id":"https:\/\/www.mundoagropecuario.cl\/new\/#website"},"primaryImageOfPage":{"@id":"https:\/\/www.mundoagropecuario.cl\/new\/fedeleche-pone-foco-en-promocion-del-consumo-proyeccion-y-sucesion-generacional\/#primaryimage"},"image":{"@id":"https:\/\/www.mundoagropecuario.cl\/new\/fedeleche-pone-foco-en-promocion-del-consumo-proyeccion-y-sucesion-generacional\/#primaryimage"},"thumbnailUrl":"https:\/\/www.mundoagropecuario.cl\/new\/wp-content\/uploads\/2023\/08\/vaca-y-leche-1-scaled.jpg","datePublished":"2025-07-29T15:14:38+00:00","dateModified":"2025-08-11T21:08:25+00:00","description":"Fedeleche avanza con una mirada estrat\u00e9gica, enfoc\u00e1ndose en fortalecer el consumo nacional, proyectar el desarrollo sostenible.","breadcrumb":{"@id":"https:\/\/www.mundoagropecuario.cl\/new\/fedeleche-pone-foco-en-promocion-del-consumo-proyeccion-y-sucesion-generacional\/#breadcrumb"},"inLanguage":"es","potentialAction":[{"@type":"ReadAction","target":["https:\/\/www.mundoagropecuario.cl\/new\/fedeleche-pone-foco-en-promocion-del-consumo-proyeccion-y-sucesion-generacional\/"]}]},{"@type":"ImageObject","inLanguage":"es","@id":"https:\/\/www.mundoagropecuario.cl\/new\/fedeleche-pone-foco-en-promocion-del-consumo-proyeccion-y-sucesion-generacional\/#primaryimage","url":"https:\/\/www.mundoagropecuario.cl\/new\/wp-content\/uploads\/2023\/08\/vaca-y-leche-1-scaled.jpg","contentUrl":"https:\/\/www.mundoagropecuario.cl\/new\/wp-content\/uploads\/2023\/08\/vaca-y-leche-1-scaled.jpg","width":720,"height":391},{"@type":"BreadcrumbList","@id":"https:\/\/www.mundoagropecuario.cl\/new\/fedeleche-pone-foco-en-promocion-del-consumo-proyeccion-y-sucesion-generacional\/#breadcrumb","itemListElement":[{"@type":"ListItem","position":1,"name":"Portada","item":"https:\/\/www.mundoagropecuario.cl\/new\/"},{"@type":"ListItem","position":2,"name":"Fedeleche pone foco en promoci\u00f3n del consumo, proyecci\u00f3n y sucesi\u00f3n generacional"}]},{"@type":"WebSite","@id":"https:\/\/www.mundoagropecuario.cl\/new\/#website","url":"https:\/\/www.mundoagropecuario.cl\/new\/","name":"Mundoagropecuario","description":"Mundo Agropecuario","publisher":{"@id":"https:\/\/www.mundoagropecuario.cl\/new\/#organization"},"potentialAction":[{"@type":"SearchAction","target":{"@type":"EntryPoint","urlTemplate":"https:\/\/www.mundoagropecuario.cl\/new\/?s={search_term_string}"},"query-input":{"@type":"PropertyValueSpecification","valueRequired":true,"valueName":"search_term_string"}}],"inLanguage":"es"},{"@type":"Organization","@id":"https:\/\/www.mundoagropecuario.cl\/new\/#organization","name":"Revista de Agricultura","url":"https:\/\/www.mundoagropecuario.cl\/new\/","logo":{"@type":"ImageObject","inLanguage":"es","@id":"https:\/\/www.mundoagropecuario.cl\/new\/#\/schema\/logo\/image\/","url":"https:\/\/www.mundoagropecuario.cl\/new\/wp-content\/uploads\/2020\/11\/PORTAL-1-1.png","contentUrl":"https:\/\/www.mundoagropecuario.cl\/new\/wp-content\/uploads\/2020\/11\/PORTAL-1-1.png","width":1026,"height":100,"caption":"Revista de Agricultura"},"image":{"@id":"https:\/\/www.mundoagropecuario.cl\/new\/#\/schema\/logo\/image\/"},"sameAs":["https:\/\/www.facebook.com\/mundo.agropecuario.3","https:\/\/x.com\/MundoAgropecuar","https:\/\/www.linkedin.com\/in\/mundo-agropecuario-934009201\/"]},{"@type":"Person","@id":"https:\/\/www.mundoagropecuario.cl\/new\/#\/schema\/person\/4e9f74a82a7dac260eb1c44b7eebeb18","name":"mundo","url":"https:\/\/www.mundoagropecuario.cl\/new\/author\/mundo\/"}]}},"_links":{"self":[{"href":"https:\/\/www.mundoagropecuario.cl\/new\/wp-json\/wp\/v2\/posts\/27122","targetHints":{"allow":["GET"]}}],"collection":[{"href":"https:\/\/www.mundoagropecuario.cl\/new\/wp-json\/wp\/v2\/posts"}],"about":[{"href":"https:\/\/www.mundoagropecuario.cl\/new\/wp-json\/wp\/v2\/types\/post"}],"author":[{"embeddable":true,"href":"https:\/\/www.mundoagropecuario.cl\/new\/wp-json\/wp\/v2\/users\/2"}],"replies":[{"embeddable":true,"href":"https:\/\/www.mundoagropecuario.cl\/new\/wp-json\/wp\/v2\/comments?post=27122"}],"version-history":[{"count":1,"href":"https:\/\/www.mundoagropecuario.cl\/new\/wp-json\/wp\/v2\/posts\/27122\/revisions"}],"predecessor-version":[{"id":27127,"href":"https:\/\/www.mundoagropecuario.cl\/new\/wp-json\/wp\/v2\/posts\/27122\/revisions\/27127"}],"wp:featuredmedia":[{"embeddable":true,"href":"https:\/\/www.mundoagropecuario.cl\/new\/wp-json\/wp\/v2\/media\/24618"}],"wp:attachment":[{"href":"https:\/\/www.mundoagropecuario.cl\/new\/wp-json\/wp\/v2\/media?parent=27122"}],"wp:term":[{"taxonomy":"category","embeddable":true,"href":"https:\/\/www.mundoagropecuario.cl\/new\/wp-json\/wp\/v2\/categories?post=27122"},{"taxonomy":"post_tag","embeddable":true,"href":"https:\/\/www.mundoagropecuario.cl\/new\/wp-json\/wp\/v2\/tags?post=27122"}],"curies":[{"name":"wp","href":"https:\/\/api.w.org\/{rel}","templated":true}]}}