{"id":27109,"date":"2025-07-29T10:49:29","date_gmt":"2025-07-29T13:49:29","guid":{"rendered":"https:\/\/www.mundoagropecuario.cl\/new\/?p=27109"},"modified":"2025-08-21T14:11:23","modified_gmt":"2025-08-21T17:11:23","slug":"ip-adolfo-matthei-reforzo-habilidades-tecnicas-en-tractores-agricolas","status":"publish","type":"post","link":"https:\/\/www.mundoagropecuario.cl\/new\/ip-adolfo-matthei-reforzo-habilidades-tecnicas-en-tractores-agricolas\/","title":{"rendered":"IP Adolfo Matthei reforz\u00f3 habilidades t\u00e9cnicas en tractores agr\u00edcolas"},"content":{"rendered":"<p>Con una ceremonia de cierre y entrega de diplomas, concluy\u00f3 recientemente el Taller de Operaci\u00f3n de Tractores, instancia organizada por el Centro de Aprendizaje, Acompa\u00f1amiento y Desarrollo Estudiantil (CAADE) del Instituto Profesional Agrario Adolfo Matthei (IPAAM), y dirigida a estudiantes de las carreras de T\u00e9cnico Experto Agrario e Ingenier\u00eda de Ejecuci\u00f3n en Agronom\u00eda.<\/p>\n<p>Desarrollado entre el 6 de junio y el 25 de julio, este espacio formativo tuvo por objetivo nivelar competencias claves en el manejo seguro y eficiente de maquinaria agr\u00edcola, fortaleciendo as\u00ed la preparaci\u00f3n de los futuros profesionales del agro.<\/p>\n<p><a href=\"https:\/\/www.mundoagropecuario.cl\/new\/wp-content\/uploads\/2025\/07\/Mathei342-scaled.jpg\"><img loading=\"lazy\" decoding=\"async\" class=\"alignleft wp-image-27110 size-full\" src=\"https:\/\/www.mundoagropecuario.cl\/new\/wp-content\/uploads\/2025\/07\/Mathei342-scaled.jpg\" alt=\"\" width=\"568\" height=\"400\" srcset=\"https:\/\/www.mundoagropecuario.cl\/new\/wp-content\/uploads\/2025\/07\/Mathei342-scaled.jpg 568w, https:\/\/www.mundoagropecuario.cl\/new\/wp-content\/uploads\/2025\/07\/Mathei342-189x133.jpg 189w\" sizes=\"auto, (max-width: 568px) 100vw, 568px\" \/><\/a>El taller abord\u00f3 contenidos te\u00f3ricos y pr\u00e1cticos fundamentales, como el reconocimiento de las partes principales del motor del tractor, funcionamiento del sistema hidr\u00e1ulico y de tiro, normas de seguridad en la conducci\u00f3n, niveles del tractor, y el uso adecuado de frenos y embrague, entre otros aspectos.<\/p>\n<p>Estas actividades pr\u00e1cticas se realizaron en el Circuito de Conducci\u00f3n de la instituci\u00f3n acad\u00e9mica, permitiendo a los estudiantes aplicar los conocimientos adquiridos en un entorno controlado y pedag\u00f3gico.<\/p>\n<p>Durante la jornada de cierre, se entregaron diplomas a quienes participaron activamente, reconociendo su compromiso y disposici\u00f3n a fortalecer sus habilidades t\u00e9cnicas, en un \u00e1rea crucial para el desempe\u00f1o en terreno.<\/p>\n<p>Desde el Instituto Profesional Agrario Adolfo Matthei valoraron esta iniciativa como un aporte concreto al desarrollo profesional de sus estudiantes, apalancando herramientas necesarias para enfrentar los desaf\u00edos del sector agr\u00edcola, con mayor preparaci\u00f3n y seguridad.<\/p>\n<p>El alumno de la carrera de T\u00e9cnico Experto Agrario del IPAAM, Juan Bravo, sostuvo que este taller permiti\u00f3 adquirir nuevas habilidades y conocimientos para el correcto uso de este tipo de maquinarias. \u201cEn lo personal, manejo un tractor antiguo, pero ac\u00e1 aprendimos a manejar maquinaria m\u00e1s moderna, y actualmente los centros agr\u00edcolas exigen un mayor conocimiento de este tipo de veh\u00edculos, algo que este taller nos entreg\u00f3, cumpliendo con las expectativas, lo cual se complementa con los conocimientos adicionales que recibimos en el aula\u201d.<\/p>\n<p>Por \u00faltimo, Marco Rodr\u00edguez, Encargado de acompa\u00f1amiento y desarrollo estudiantil de Instituto Profesional Agrario Adolfo Matthei, recalc\u00f3 la entrega de experiencias pr\u00e1cticas para un buen desempe\u00f1o profesional de los futuros estudiantes. \u201cLa idea es fortalecer la experiencia en terreno de los alumnos, siendo 21 participantes en esta oportunidad, quienes en un total de ocho clases pudieron experimentar y conocer todo lo relacionado al manejo de tractores\u201d.<\/p>\n","protected":false},"excerpt":{"rendered":"<p>El taller abord\u00f3 contenidos te\u00f3ricos y pr\u00e1cticos fundamentales, como el reconocimiento de las partes principales del motor del tractor, funcionamiento del sistema hidr\u00e1ulico y de tiro, normas de seguridad en la conducci\u00f3n.<\/p>\n","protected":false},"author":2,"featured_media":27111,"comment_status":"closed","ping_status":"closed","sticky":false,"template":"","format":"standard","meta":{"footnotes":""},"categories":[1945],"tags":[4124,2090,1992,5377,9912,2035,2036,9913,9914],"class_list":["post-27109","post","type-post","status-publish","format-standard","has-post-thumbnail","hentry","category-agricultura","tag-agricola","tag-agricultura","tag-indap","tag-instituto-profesional-agrario-adolfo-matthei","tag-ip-adolfo-matthei","tag-minagri","tag-sag","tag-tecnicas-en-tractores-agricolas","tag-tecnico-experto-agrario-del-ipaam"],"yoast_head":"<!-- This site is optimized with the Yoast SEO plugin v26.6 - https:\/\/yoast.com\/wordpress\/plugins\/seo\/ -->\n<title>IP Adolfo Matthei reforz\u00f3 habilidades t\u00e9cnicas en tractores agr\u00edcolas - Mundoagropecuario<\/title>\n<meta name=\"description\" content=\"El taller abord\u00f3 contenidos te\u00f3ricos y pr\u00e1cticos fundamentales, como el reconocimiento de las partes principales del motor del tractor.\" \/>\n<meta name=\"robots\" content=\"index, follow, max-snippet:-1, max-image-preview:large, max-video-preview:-1\" \/>\n<link rel=\"canonical\" href=\"https:\/\/www.mundoagropecuario.cl\/new\/ip-adolfo-matthei-reforzo-habilidades-tecnicas-en-tractores-agricolas\/\" \/>\n<meta property=\"og:locale\" content=\"es_ES\" \/>\n<meta property=\"og:type\" content=\"article\" \/>\n<meta property=\"og:title\" content=\"IP Adolfo Matthei reforz\u00f3 habilidades t\u00e9cnicas en tractores agr\u00edcolas - Mundoagropecuario\" \/>\n<meta property=\"og:description\" content=\"El taller abord\u00f3 contenidos te\u00f3ricos y pr\u00e1cticos fundamentales, como el reconocimiento de las partes principales del motor del tractor.\" \/>\n<meta property=\"og:url\" content=\"https:\/\/www.mundoagropecuario.cl\/new\/ip-adolfo-matthei-reforzo-habilidades-tecnicas-en-tractores-agricolas\/\" \/>\n<meta property=\"og:site_name\" content=\"Mundoagropecuario\" \/>\n<meta property=\"article:publisher\" content=\"https:\/\/www.facebook.com\/mundo.agropecuario.3\" \/>\n<meta property=\"article:published_time\" content=\"2025-07-29T13:49:29+00:00\" \/>\n<meta property=\"article:modified_time\" content=\"2025-08-21T17:11:23+00:00\" \/>\n<meta property=\"og:image\" content=\"https:\/\/www.mundoagropecuario.cl\/new\/wp-content\/uploads\/2025\/07\/Mathei12-scaled.jpg\" \/>\n\t<meta property=\"og:image:width\" content=\"661\" \/>\n\t<meta property=\"og:image:height\" content=\"400\" \/>\n\t<meta property=\"og:image:type\" content=\"image\/jpeg\" \/>\n<meta name=\"author\" content=\"mundo\" \/>\n<meta name=\"twitter:card\" content=\"summary_large_image\" \/>\n<meta name=\"twitter:creator\" content=\"@MundoAgropecuar\" \/>\n<meta name=\"twitter:site\" content=\"@MundoAgropecuar\" \/>\n<meta name=\"twitter:label1\" content=\"Escrito por\" \/>\n\t<meta name=\"twitter:data1\" content=\"mundo\" \/>\n\t<meta name=\"twitter:label2\" content=\"Tiempo de lectura\" \/>\n\t<meta name=\"twitter:data2\" content=\"3 minutos\" \/>\n<script type=\"application\/ld+json\" class=\"yoast-schema-graph\">{\"@context\":\"https:\/\/schema.org\",\"@graph\":[{\"@type\":\"Article\",\"@id\":\"https:\/\/www.mundoagropecuario.cl\/new\/ip-adolfo-matthei-reforzo-habilidades-tecnicas-en-tractores-agricolas\/#article\",\"isPartOf\":{\"@id\":\"https:\/\/www.mundoagropecuario.cl\/new\/ip-adolfo-matthei-reforzo-habilidades-tecnicas-en-tractores-agricolas\/\"},\"author\":{\"name\":\"mundo\",\"@id\":\"https:\/\/www.mundoagropecuario.cl\/new\/#\/schema\/person\/4e9f74a82a7dac260eb1c44b7eebeb18\"},\"headline\":\"IP Adolfo Matthei reforz\u00f3 habilidades t\u00e9cnicas en tractores agr\u00edcolas\",\"datePublished\":\"2025-07-29T13:49:29+00:00\",\"dateModified\":\"2025-08-21T17:11:23+00:00\",\"mainEntityOfPage\":{\"@id\":\"https:\/\/www.mundoagropecuario.cl\/new\/ip-adolfo-matthei-reforzo-habilidades-tecnicas-en-tractores-agricolas\/\"},\"wordCount\":421,\"publisher\":{\"@id\":\"https:\/\/www.mundoagropecuario.cl\/new\/#organization\"},\"image\":{\"@id\":\"https:\/\/www.mundoagropecuario.cl\/new\/ip-adolfo-matthei-reforzo-habilidades-tecnicas-en-tractores-agricolas\/#primaryimage\"},\"thumbnailUrl\":\"https:\/\/www.mundoagropecuario.cl\/new\/wp-content\/uploads\/2025\/07\/Mathei12-scaled.jpg\",\"keywords\":[\"agricola\",\"Agricultura\",\"Indap\",\"Instituto Profesional Agrario Adolfo Matthei.\",\"IP Adolfo Matthei\",\"Minagri\",\"SAG\",\"t\u00e9cnicas en tractores agr\u00edcolas\",\"T\u00e9cnico Experto Agrario del IPAAM\"],\"articleSection\":[\"Agricultura\"],\"inLanguage\":\"es\"},{\"@type\":\"WebPage\",\"@id\":\"https:\/\/www.mundoagropecuario.cl\/new\/ip-adolfo-matthei-reforzo-habilidades-tecnicas-en-tractores-agricolas\/\",\"url\":\"https:\/\/www.mundoagropecuario.cl\/new\/ip-adolfo-matthei-reforzo-habilidades-tecnicas-en-tractores-agricolas\/\",\"name\":\"IP Adolfo Matthei reforz\u00f3 habilidades t\u00e9cnicas en tractores agr\u00edcolas - Mundoagropecuario\",\"isPartOf\":{\"@id\":\"https:\/\/www.mundoagropecuario.cl\/new\/#website\"},\"primaryImageOfPage\":{\"@id\":\"https:\/\/www.mundoagropecuario.cl\/new\/ip-adolfo-matthei-reforzo-habilidades-tecnicas-en-tractores-agricolas\/#primaryimage\"},\"image\":{\"@id\":\"https:\/\/www.mundoagropecuario.cl\/new\/ip-adolfo-matthei-reforzo-habilidades-tecnicas-en-tractores-agricolas\/#primaryimage\"},\"thumbnailUrl\":\"https:\/\/www.mundoagropecuario.cl\/new\/wp-content\/uploads\/2025\/07\/Mathei12-scaled.jpg\",\"datePublished\":\"2025-07-29T13:49:29+00:00\",\"dateModified\":\"2025-08-21T17:11:23+00:00\",\"description\":\"El taller abord\u00f3 contenidos te\u00f3ricos y pr\u00e1cticos fundamentales, como el reconocimiento de las partes principales del motor del tractor.\",\"breadcrumb\":{\"@id\":\"https:\/\/www.mundoagropecuario.cl\/new\/ip-adolfo-matthei-reforzo-habilidades-tecnicas-en-tractores-agricolas\/#breadcrumb\"},\"inLanguage\":\"es\",\"potentialAction\":[{\"@type\":\"ReadAction\",\"target\":[\"https:\/\/www.mundoagropecuario.cl\/new\/ip-adolfo-matthei-reforzo-habilidades-tecnicas-en-tractores-agricolas\/\"]}]},{\"@type\":\"ImageObject\",\"inLanguage\":\"es\",\"@id\":\"https:\/\/www.mundoagropecuario.cl\/new\/ip-adolfo-matthei-reforzo-habilidades-tecnicas-en-tractores-agricolas\/#primaryimage\",\"url\":\"https:\/\/www.mundoagropecuario.cl\/new\/wp-content\/uploads\/2025\/07\/Mathei12-scaled.jpg\",\"contentUrl\":\"https:\/\/www.mundoagropecuario.cl\/new\/wp-content\/uploads\/2025\/07\/Mathei12-scaled.jpg\",\"width\":661,\"height\":400},{\"@type\":\"BreadcrumbList\",\"@id\":\"https:\/\/www.mundoagropecuario.cl\/new\/ip-adolfo-matthei-reforzo-habilidades-tecnicas-en-tractores-agricolas\/#breadcrumb\",\"itemListElement\":[{\"@type\":\"ListItem\",\"position\":1,\"name\":\"Portada\",\"item\":\"https:\/\/www.mundoagropecuario.cl\/new\/\"},{\"@type\":\"ListItem\",\"position\":2,\"name\":\"IP Adolfo Matthei reforz\u00f3 habilidades t\u00e9cnicas en tractores agr\u00edcolas\"}]},{\"@type\":\"WebSite\",\"@id\":\"https:\/\/www.mundoagropecuario.cl\/new\/#website\",\"url\":\"https:\/\/www.mundoagropecuario.cl\/new\/\",\"name\":\"Mundoagropecuario\",\"description\":\"Mundo Agropecuario\",\"publisher\":{\"@id\":\"https:\/\/www.mundoagropecuario.cl\/new\/#organization\"},\"potentialAction\":[{\"@type\":\"SearchAction\",\"target\":{\"@type\":\"EntryPoint\",\"urlTemplate\":\"https:\/\/www.mundoagropecuario.cl\/new\/?s={search_term_string}\"},\"query-input\":{\"@type\":\"PropertyValueSpecification\",\"valueRequired\":true,\"valueName\":\"search_term_string\"}}],\"inLanguage\":\"es\"},{\"@type\":\"Organization\",\"@id\":\"https:\/\/www.mundoagropecuario.cl\/new\/#organization\",\"name\":\"Revista de Agricultura\",\"url\":\"https:\/\/www.mundoagropecuario.cl\/new\/\",\"logo\":{\"@type\":\"ImageObject\",\"inLanguage\":\"es\",\"@id\":\"https:\/\/www.mundoagropecuario.cl\/new\/#\/schema\/logo\/image\/\",\"url\":\"https:\/\/www.mundoagropecuario.cl\/new\/wp-content\/uploads\/2020\/11\/PORTAL-1-1.png\",\"contentUrl\":\"https:\/\/www.mundoagropecuario.cl\/new\/wp-content\/uploads\/2020\/11\/PORTAL-1-1.png\",\"width\":1026,\"height\":100,\"caption\":\"Revista de Agricultura\"},\"image\":{\"@id\":\"https:\/\/www.mundoagropecuario.cl\/new\/#\/schema\/logo\/image\/\"},\"sameAs\":[\"https:\/\/www.facebook.com\/mundo.agropecuario.3\",\"https:\/\/x.com\/MundoAgropecuar\",\"https:\/\/www.linkedin.com\/in\/mundo-agropecuario-934009201\/\"]},{\"@type\":\"Person\",\"@id\":\"https:\/\/www.mundoagropecuario.cl\/new\/#\/schema\/person\/4e9f74a82a7dac260eb1c44b7eebeb18\",\"name\":\"mundo\",\"url\":\"https:\/\/www.mundoagropecuario.cl\/new\/author\/mundo\/\"}]}<\/script>\n<!-- \/ Yoast SEO plugin. -->","yoast_head_json":{"title":"IP Adolfo Matthei reforz\u00f3 habilidades t\u00e9cnicas en tractores agr\u00edcolas - Mundoagropecuario","description":"El taller abord\u00f3 contenidos te\u00f3ricos y pr\u00e1cticos fundamentales, como el reconocimiento de las partes principales del motor del tractor.","robots":{"index":"index","follow":"follow","max-snippet":"max-snippet:-1","max-image-preview":"max-image-preview:large","max-video-preview":"max-video-preview:-1"},"canonical":"https:\/\/www.mundoagropecuario.cl\/new\/ip-adolfo-matthei-reforzo-habilidades-tecnicas-en-tractores-agricolas\/","og_locale":"es_ES","og_type":"article","og_title":"IP Adolfo Matthei reforz\u00f3 habilidades t\u00e9cnicas en tractores agr\u00edcolas - Mundoagropecuario","og_description":"El taller abord\u00f3 contenidos te\u00f3ricos y pr\u00e1cticos fundamentales, como el reconocimiento de las partes principales del motor del tractor.","og_url":"https:\/\/www.mundoagropecuario.cl\/new\/ip-adolfo-matthei-reforzo-habilidades-tecnicas-en-tractores-agricolas\/","og_site_name":"Mundoagropecuario","article_publisher":"https:\/\/www.facebook.com\/mundo.agropecuario.3","article_published_time":"2025-07-29T13:49:29+00:00","article_modified_time":"2025-08-21T17:11:23+00:00","og_image":[{"width":661,"height":400,"url":"https:\/\/www.mundoagropecuario.cl\/new\/wp-content\/uploads\/2025\/07\/Mathei12-scaled.jpg","type":"image\/jpeg"}],"author":"mundo","twitter_card":"summary_large_image","twitter_creator":"@MundoAgropecuar","twitter_site":"@MundoAgropecuar","twitter_misc":{"Escrito por":"mundo","Tiempo de lectura":"3 minutos"},"schema":{"@context":"https:\/\/schema.org","@graph":[{"@type":"Article","@id":"https:\/\/www.mundoagropecuario.cl\/new\/ip-adolfo-matthei-reforzo-habilidades-tecnicas-en-tractores-agricolas\/#article","isPartOf":{"@id":"https:\/\/www.mundoagropecuario.cl\/new\/ip-adolfo-matthei-reforzo-habilidades-tecnicas-en-tractores-agricolas\/"},"author":{"name":"mundo","@id":"https:\/\/www.mundoagropecuario.cl\/new\/#\/schema\/person\/4e9f74a82a7dac260eb1c44b7eebeb18"},"headline":"IP Adolfo Matthei reforz\u00f3 habilidades t\u00e9cnicas en tractores agr\u00edcolas","datePublished":"2025-07-29T13:49:29+00:00","dateModified":"2025-08-21T17:11:23+00:00","mainEntityOfPage":{"@id":"https:\/\/www.mundoagropecuario.cl\/new\/ip-adolfo-matthei-reforzo-habilidades-tecnicas-en-tractores-agricolas\/"},"wordCount":421,"publisher":{"@id":"https:\/\/www.mundoagropecuario.cl\/new\/#organization"},"image":{"@id":"https:\/\/www.mundoagropecuario.cl\/new\/ip-adolfo-matthei-reforzo-habilidades-tecnicas-en-tractores-agricolas\/#primaryimage"},"thumbnailUrl":"https:\/\/www.mundoagropecuario.cl\/new\/wp-content\/uploads\/2025\/07\/Mathei12-scaled.jpg","keywords":["agricola","Agricultura","Indap","Instituto Profesional Agrario Adolfo Matthei.","IP Adolfo Matthei","Minagri","SAG","t\u00e9cnicas en tractores agr\u00edcolas","T\u00e9cnico Experto Agrario del IPAAM"],"articleSection":["Agricultura"],"inLanguage":"es"},{"@type":"WebPage","@id":"https:\/\/www.mundoagropecuario.cl\/new\/ip-adolfo-matthei-reforzo-habilidades-tecnicas-en-tractores-agricolas\/","url":"https:\/\/www.mundoagropecuario.cl\/new\/ip-adolfo-matthei-reforzo-habilidades-tecnicas-en-tractores-agricolas\/","name":"IP Adolfo Matthei reforz\u00f3 habilidades t\u00e9cnicas en tractores agr\u00edcolas - Mundoagropecuario","isPartOf":{"@id":"https:\/\/www.mundoagropecuario.cl\/new\/#website"},"primaryImageOfPage":{"@id":"https:\/\/www.mundoagropecuario.cl\/new\/ip-adolfo-matthei-reforzo-habilidades-tecnicas-en-tractores-agricolas\/#primaryimage"},"image":{"@id":"https:\/\/www.mundoagropecuario.cl\/new\/ip-adolfo-matthei-reforzo-habilidades-tecnicas-en-tractores-agricolas\/#primaryimage"},"thumbnailUrl":"https:\/\/www.mundoagropecuario.cl\/new\/wp-content\/uploads\/2025\/07\/Mathei12-scaled.jpg","datePublished":"2025-07-29T13:49:29+00:00","dateModified":"2025-08-21T17:11:23+00:00","description":"El taller abord\u00f3 contenidos te\u00f3ricos y pr\u00e1cticos fundamentales, como el reconocimiento de las partes principales del motor del tractor.","breadcrumb":{"@id":"https:\/\/www.mundoagropecuario.cl\/new\/ip-adolfo-matthei-reforzo-habilidades-tecnicas-en-tractores-agricolas\/#breadcrumb"},"inLanguage":"es","potentialAction":[{"@type":"ReadAction","target":["https:\/\/www.mundoagropecuario.cl\/new\/ip-adolfo-matthei-reforzo-habilidades-tecnicas-en-tractores-agricolas\/"]}]},{"@type":"ImageObject","inLanguage":"es","@id":"https:\/\/www.mundoagropecuario.cl\/new\/ip-adolfo-matthei-reforzo-habilidades-tecnicas-en-tractores-agricolas\/#primaryimage","url":"https:\/\/www.mundoagropecuario.cl\/new\/wp-content\/uploads\/2025\/07\/Mathei12-scaled.jpg","contentUrl":"https:\/\/www.mundoagropecuario.cl\/new\/wp-content\/uploads\/2025\/07\/Mathei12-scaled.jpg","width":661,"height":400},{"@type":"BreadcrumbList","@id":"https:\/\/www.mundoagropecuario.cl\/new\/ip-adolfo-matthei-reforzo-habilidades-tecnicas-en-tractores-agricolas\/#breadcrumb","itemListElement":[{"@type":"ListItem","position":1,"name":"Portada","item":"https:\/\/www.mundoagropecuario.cl\/new\/"},{"@type":"ListItem","position":2,"name":"IP Adolfo Matthei reforz\u00f3 habilidades t\u00e9cnicas en tractores agr\u00edcolas"}]},{"@type":"WebSite","@id":"https:\/\/www.mundoagropecuario.cl\/new\/#website","url":"https:\/\/www.mundoagropecuario.cl\/new\/","name":"Mundoagropecuario","description":"Mundo Agropecuario","publisher":{"@id":"https:\/\/www.mundoagropecuario.cl\/new\/#organization"},"potentialAction":[{"@type":"SearchAction","target":{"@type":"EntryPoint","urlTemplate":"https:\/\/www.mundoagropecuario.cl\/new\/?s={search_term_string}"},"query-input":{"@type":"PropertyValueSpecification","valueRequired":true,"valueName":"search_term_string"}}],"inLanguage":"es"},{"@type":"Organization","@id":"https:\/\/www.mundoagropecuario.cl\/new\/#organization","name":"Revista de Agricultura","url":"https:\/\/www.mundoagropecuario.cl\/new\/","logo":{"@type":"ImageObject","inLanguage":"es","@id":"https:\/\/www.mundoagropecuario.cl\/new\/#\/schema\/logo\/image\/","url":"https:\/\/www.mundoagropecuario.cl\/new\/wp-content\/uploads\/2020\/11\/PORTAL-1-1.png","contentUrl":"https:\/\/www.mundoagropecuario.cl\/new\/wp-content\/uploads\/2020\/11\/PORTAL-1-1.png","width":1026,"height":100,"caption":"Revista de Agricultura"},"image":{"@id":"https:\/\/www.mundoagropecuario.cl\/new\/#\/schema\/logo\/image\/"},"sameAs":["https:\/\/www.facebook.com\/mundo.agropecuario.3","https:\/\/x.com\/MundoAgropecuar","https:\/\/www.linkedin.com\/in\/mundo-agropecuario-934009201\/"]},{"@type":"Person","@id":"https:\/\/www.mundoagropecuario.cl\/new\/#\/schema\/person\/4e9f74a82a7dac260eb1c44b7eebeb18","name":"mundo","url":"https:\/\/www.mundoagropecuario.cl\/new\/author\/mundo\/"}]}},"_links":{"self":[{"href":"https:\/\/www.mundoagropecuario.cl\/new\/wp-json\/wp\/v2\/posts\/27109","targetHints":{"allow":["GET"]}}],"collection":[{"href":"https:\/\/www.mundoagropecuario.cl\/new\/wp-json\/wp\/v2\/posts"}],"about":[{"href":"https:\/\/www.mundoagropecuario.cl\/new\/wp-json\/wp\/v2\/types\/post"}],"author":[{"embeddable":true,"href":"https:\/\/www.mundoagropecuario.cl\/new\/wp-json\/wp\/v2\/users\/2"}],"replies":[{"embeddable":true,"href":"https:\/\/www.mundoagropecuario.cl\/new\/wp-json\/wp\/v2\/comments?post=27109"}],"version-history":[{"count":1,"href":"https:\/\/www.mundoagropecuario.cl\/new\/wp-json\/wp\/v2\/posts\/27109\/revisions"}],"predecessor-version":[{"id":27112,"href":"https:\/\/www.mundoagropecuario.cl\/new\/wp-json\/wp\/v2\/posts\/27109\/revisions\/27112"}],"wp:featuredmedia":[{"embeddable":true,"href":"https:\/\/www.mundoagropecuario.cl\/new\/wp-json\/wp\/v2\/media\/27111"}],"wp:attachment":[{"href":"https:\/\/www.mundoagropecuario.cl\/new\/wp-json\/wp\/v2\/media?parent=27109"}],"wp:term":[{"taxonomy":"category","embeddable":true,"href":"https:\/\/www.mundoagropecuario.cl\/new\/wp-json\/wp\/v2\/categories?post=27109"},{"taxonomy":"post_tag","embeddable":true,"href":"https:\/\/www.mundoagropecuario.cl\/new\/wp-json\/wp\/v2\/tags?post=27109"}],"curies":[{"name":"wp","href":"https:\/\/api.w.org\/{rel}","templated":true}]}}