{"id":27103,"date":"2025-07-25T14:24:44","date_gmt":"2025-07-25T17:24:44","guid":{"rendered":"https:\/\/www.mundoagropecuario.cl\/new\/?p=27103"},"modified":"2025-08-05T18:08:29","modified_gmt":"2025-08-05T21:08:29","slug":"puerto-varas-albergara-congreso-de-patologia-de-invertebrados","status":"publish","type":"post","link":"https:\/\/www.mundoagropecuario.cl\/new\/puerto-varas-albergara-congreso-de-patologia-de-invertebrados\/","title":{"rendered":"Puerto Varas albergar\u00e1 congreso de patolog\u00eda de invertebrados"},"content":{"rendered":"<p>Luego de 20 a\u00f1os sin realizarse en Latinoam\u00e9rica, este evento se llevar\u00e1 a cabo entre el 3 al 7 de agosto en el sur de Chile, organizado por la Sociedad de Patolog\u00eda de Insectos (SIP) y el Instituto de Investigaciones Agropecuarias (INIA) como anfitri\u00f3n nacional, con el apoyo de la Universidad Austral de Chile.<\/p>\n<p>Por primera vez en m\u00e1s de dos d\u00e9cadas, el sur de Chile ser\u00e1 sede de un importante evento cient\u00edfico a nivel internacional: la Conferencia Anual de la Sociedad de Patolog\u00eda de Invertebrados (SIP) 2025, que se realizar\u00e1 del 3 al 7 de agosto en el Hotel Wyndham Pettra, en Puerto Varas.<\/p>\n<p>La organizaci\u00f3n local de esta actividad est\u00e1 a cargo del Instituto de Investigaciones Agropecuarias (INIA) con el apoyo de la Universidad Austral de Chile y reunir\u00e1 a unos 180 expertos en patolog\u00eda de invertebrados, microbiolog\u00eda y control biol\u00f3gico provenientes de diversas partes del mundo y la regi\u00f3n.<\/p>\n<p>El evento considera un Congreso Internacional de Patolog\u00eda de Invertebrados y Control Microbiano y la quincuag\u00e9simo s\u00e9ptima reuni\u00f3n anual de esta organizaci\u00f3n cient\u00edfica.<\/p>\n<p>Este encuentro es hist\u00f3rico, ya que la Sociedad de Patolog\u00eda de Invertebrados (SIP), una de las principales organizaciones cient\u00edficas a nivel mundial dedicadas al estudio de insectos, ar\u00e1cnidos, crust\u00e1ceos, moluscos y equinodermos como estrellas y erizos de mar, no hab\u00eda realizado una reuni\u00f3n similar en Latinoam\u00e9rica en m\u00e1s de veinte a\u00f1os.<\/p>\n<p>La especialista del INIA Carillanca, Dra. Patricia Navarro, quien encabeza a nivel nacional la organizaci\u00f3n de este congreso, destac\u00f3 su importancia porque \u201cadem\u00e1s ofrecer\u00e1 una oportunidad para intercambiar conocimientos sobre temas clave como el impacto del cambio clim\u00e1tico en la salud de especies marinas y terrestres, la lucha contra plagas y enfermedades de insectos y otros invertebrados, posiciona a Puerto Varas en el mapa cient\u00edfico internacional\u201d, indic\u00f3.<\/p>\n<p>\u201cEsta conferencia no s\u00f3lo ser\u00e1 un espacio acad\u00e9mico y cient\u00edfico, sino tambi\u00e9n un puente para fortalecer la cooperaci\u00f3n entre instituciones, investigadores, estudiantes y adem\u00e1s, Puerto Varas, con su belleza natural y su proximidad a zonas productivas clave para el sector agr\u00edcola y acu\u00edcola, ser\u00e1 el escenario perfecto para este encuentro que tambi\u00e9n puede abrir nuevas oportunidades para el desarrollo sustentable del sur de Chile\u201d, agreg\u00f3.<\/p>\n<p>El programa contempla una sesi\u00f3n plenaria dedicada a la acuicultura y los desaf\u00edos que enfrentan las especies marinas en Sudam\u00e9rica, adem\u00e1s de simposios sobre organismos entomopat\u00f3genos incluyendo hongos, nematodos, virus, microsporidios e invertebrados ben\u00e9ficos, entre otros temas que afectan tanto a cultivos como a ecosistemas naturales.<\/p>\n<p>Con la participaci\u00f3n de investigadores, acad\u00e9micos, profesionales, estudiantes y academia, este evento busca promover el avance cient\u00edfico y tecnol\u00f3gico en la regi\u00f3n, fomentando la colaboraci\u00f3n internacional para el desarrollo de soluciones sostenibles frente a los desaf\u00edos actuales en la salud y manejo de invertebrados.<\/p>\n","protected":false},"excerpt":{"rendered":"<p>Por primera vez en m\u00e1s de dos d\u00e9cadas, el sur de Chile ser\u00e1 sede de un importante evento cient\u00edfico a nivel internacional<\/p>\n","protected":false},"author":2,"featured_media":27104,"comment_status":"closed","ping_status":"closed","sticky":false,"template":"","format":"standard","meta":{"footnotes":""},"categories":[1945],"tags":[2090,876,9906,1992,2052,1993,9907,9908,1072],"class_list":["post-27103","post","type-post","status-publish","format-standard","has-post-thumbnail","hentry","category-agricultura","tag-agricultura","tag-conaf","tag-congreso-de-patologia-de-invertebrados","tag-indap","tag-inia","tag-inia-remehue","tag-invertebrados","tag-la-especialista-del-inia-carillanca","tag-universidad-austral-de-chile"],"yoast_head":"<!-- This site is optimized with the Yoast SEO plugin v26.6 - https:\/\/yoast.com\/wordpress\/plugins\/seo\/ -->\n<title>Puerto Varas albergar\u00e1 congreso de patolog\u00eda de invertebrados - Mundoagropecuario<\/title>\n<meta name=\"description\" content=\"Por primera vez en m\u00e1s de dos d\u00e9cadas, el sur de Chile ser\u00e1 sede de un importante evento cient\u00edfico a nivel internacional.\" \/>\n<meta name=\"robots\" content=\"index, follow, max-snippet:-1, max-image-preview:large, max-video-preview:-1\" \/>\n<link rel=\"canonical\" href=\"https:\/\/www.mundoagropecuario.cl\/new\/puerto-varas-albergara-congreso-de-patologia-de-invertebrados\/\" \/>\n<meta property=\"og:locale\" content=\"es_ES\" \/>\n<meta property=\"og:type\" content=\"article\" \/>\n<meta property=\"og:title\" content=\"Puerto Varas albergar\u00e1 congreso de patolog\u00eda de invertebrados - Mundoagropecuario\" \/>\n<meta property=\"og:description\" content=\"Por primera vez en m\u00e1s de dos d\u00e9cadas, el sur de Chile ser\u00e1 sede de un importante evento cient\u00edfico a nivel internacional.\" \/>\n<meta property=\"og:url\" content=\"https:\/\/www.mundoagropecuario.cl\/new\/puerto-varas-albergara-congreso-de-patologia-de-invertebrados\/\" \/>\n<meta property=\"og:site_name\" content=\"Mundoagropecuario\" \/>\n<meta property=\"article:publisher\" content=\"https:\/\/www.facebook.com\/mundo.agropecuario.3\" \/>\n<meta property=\"article:published_time\" content=\"2025-07-25T17:24:44+00:00\" \/>\n<meta property=\"article:modified_time\" content=\"2025-08-05T21:08:29+00:00\" \/>\n<meta property=\"og:image\" content=\"https:\/\/www.mundoagropecuario.cl\/new\/wp-content\/uploads\/2025\/07\/puerto-varas_-scaled.jpg\" \/>\n\t<meta property=\"og:image:width\" content=\"687\" \/>\n\t<meta property=\"og:image:height\" content=\"400\" \/>\n\t<meta property=\"og:image:type\" content=\"image\/jpeg\" \/>\n<meta name=\"author\" content=\"mundo\" \/>\n<meta name=\"twitter:card\" content=\"summary_large_image\" \/>\n<meta name=\"twitter:creator\" content=\"@MundoAgropecuar\" \/>\n<meta name=\"twitter:site\" content=\"@MundoAgropecuar\" \/>\n<meta name=\"twitter:label1\" content=\"Escrito por\" \/>\n\t<meta name=\"twitter:data1\" content=\"mundo\" \/>\n\t<meta name=\"twitter:label2\" content=\"Tiempo de lectura\" \/>\n\t<meta name=\"twitter:data2\" content=\"3 minutos\" \/>\n<script type=\"application\/ld+json\" class=\"yoast-schema-graph\">{\"@context\":\"https:\/\/schema.org\",\"@graph\":[{\"@type\":\"Article\",\"@id\":\"https:\/\/www.mundoagropecuario.cl\/new\/puerto-varas-albergara-congreso-de-patologia-de-invertebrados\/#article\",\"isPartOf\":{\"@id\":\"https:\/\/www.mundoagropecuario.cl\/new\/puerto-varas-albergara-congreso-de-patologia-de-invertebrados\/\"},\"author\":{\"name\":\"mundo\",\"@id\":\"https:\/\/www.mundoagropecuario.cl\/new\/#\/schema\/person\/4e9f74a82a7dac260eb1c44b7eebeb18\"},\"headline\":\"Puerto Varas albergar\u00e1 congreso de patolog\u00eda de invertebrados\",\"datePublished\":\"2025-07-25T17:24:44+00:00\",\"dateModified\":\"2025-08-05T21:08:29+00:00\",\"mainEntityOfPage\":{\"@id\":\"https:\/\/www.mundoagropecuario.cl\/new\/puerto-varas-albergara-congreso-de-patologia-de-invertebrados\/\"},\"wordCount\":505,\"publisher\":{\"@id\":\"https:\/\/www.mundoagropecuario.cl\/new\/#organization\"},\"image\":{\"@id\":\"https:\/\/www.mundoagropecuario.cl\/new\/puerto-varas-albergara-congreso-de-patologia-de-invertebrados\/#primaryimage\"},\"thumbnailUrl\":\"https:\/\/www.mundoagropecuario.cl\/new\/wp-content\/uploads\/2025\/07\/puerto-varas_-scaled.jpg\",\"keywords\":[\"Agricultura\",\"Conaf\",\"congreso de patolog\u00eda de invertebrados\",\"Indap\",\"INIA\",\"INIA Remehue\",\"invertebrados\",\"La especialista del INIA Carillanca\",\"Universidad Austral de Chile\"],\"articleSection\":[\"Agricultura\"],\"inLanguage\":\"es\"},{\"@type\":\"WebPage\",\"@id\":\"https:\/\/www.mundoagropecuario.cl\/new\/puerto-varas-albergara-congreso-de-patologia-de-invertebrados\/\",\"url\":\"https:\/\/www.mundoagropecuario.cl\/new\/puerto-varas-albergara-congreso-de-patologia-de-invertebrados\/\",\"name\":\"Puerto Varas albergar\u00e1 congreso de patolog\u00eda de invertebrados - Mundoagropecuario\",\"isPartOf\":{\"@id\":\"https:\/\/www.mundoagropecuario.cl\/new\/#website\"},\"primaryImageOfPage\":{\"@id\":\"https:\/\/www.mundoagropecuario.cl\/new\/puerto-varas-albergara-congreso-de-patologia-de-invertebrados\/#primaryimage\"},\"image\":{\"@id\":\"https:\/\/www.mundoagropecuario.cl\/new\/puerto-varas-albergara-congreso-de-patologia-de-invertebrados\/#primaryimage\"},\"thumbnailUrl\":\"https:\/\/www.mundoagropecuario.cl\/new\/wp-content\/uploads\/2025\/07\/puerto-varas_-scaled.jpg\",\"datePublished\":\"2025-07-25T17:24:44+00:00\",\"dateModified\":\"2025-08-05T21:08:29+00:00\",\"description\":\"Por primera vez en m\u00e1s de dos d\u00e9cadas, el sur de Chile ser\u00e1 sede de un importante evento cient\u00edfico a nivel internacional.\",\"breadcrumb\":{\"@id\":\"https:\/\/www.mundoagropecuario.cl\/new\/puerto-varas-albergara-congreso-de-patologia-de-invertebrados\/#breadcrumb\"},\"inLanguage\":\"es\",\"potentialAction\":[{\"@type\":\"ReadAction\",\"target\":[\"https:\/\/www.mundoagropecuario.cl\/new\/puerto-varas-albergara-congreso-de-patologia-de-invertebrados\/\"]}]},{\"@type\":\"ImageObject\",\"inLanguage\":\"es\",\"@id\":\"https:\/\/www.mundoagropecuario.cl\/new\/puerto-varas-albergara-congreso-de-patologia-de-invertebrados\/#primaryimage\",\"url\":\"https:\/\/www.mundoagropecuario.cl\/new\/wp-content\/uploads\/2025\/07\/puerto-varas_-scaled.jpg\",\"contentUrl\":\"https:\/\/www.mundoagropecuario.cl\/new\/wp-content\/uploads\/2025\/07\/puerto-varas_-scaled.jpg\",\"width\":687,\"height\":400},{\"@type\":\"BreadcrumbList\",\"@id\":\"https:\/\/www.mundoagropecuario.cl\/new\/puerto-varas-albergara-congreso-de-patologia-de-invertebrados\/#breadcrumb\",\"itemListElement\":[{\"@type\":\"ListItem\",\"position\":1,\"name\":\"Portada\",\"item\":\"https:\/\/www.mundoagropecuario.cl\/new\/\"},{\"@type\":\"ListItem\",\"position\":2,\"name\":\"Puerto Varas albergar\u00e1 congreso de patolog\u00eda de invertebrados\"}]},{\"@type\":\"WebSite\",\"@id\":\"https:\/\/www.mundoagropecuario.cl\/new\/#website\",\"url\":\"https:\/\/www.mundoagropecuario.cl\/new\/\",\"name\":\"Mundoagropecuario\",\"description\":\"Mundo Agropecuario\",\"publisher\":{\"@id\":\"https:\/\/www.mundoagropecuario.cl\/new\/#organization\"},\"potentialAction\":[{\"@type\":\"SearchAction\",\"target\":{\"@type\":\"EntryPoint\",\"urlTemplate\":\"https:\/\/www.mundoagropecuario.cl\/new\/?s={search_term_string}\"},\"query-input\":{\"@type\":\"PropertyValueSpecification\",\"valueRequired\":true,\"valueName\":\"search_term_string\"}}],\"inLanguage\":\"es\"},{\"@type\":\"Organization\",\"@id\":\"https:\/\/www.mundoagropecuario.cl\/new\/#organization\",\"name\":\"Revista de Agricultura\",\"url\":\"https:\/\/www.mundoagropecuario.cl\/new\/\",\"logo\":{\"@type\":\"ImageObject\",\"inLanguage\":\"es\",\"@id\":\"https:\/\/www.mundoagropecuario.cl\/new\/#\/schema\/logo\/image\/\",\"url\":\"https:\/\/www.mundoagropecuario.cl\/new\/wp-content\/uploads\/2020\/11\/PORTAL-1-1.png\",\"contentUrl\":\"https:\/\/www.mundoagropecuario.cl\/new\/wp-content\/uploads\/2020\/11\/PORTAL-1-1.png\",\"width\":1026,\"height\":100,\"caption\":\"Revista de Agricultura\"},\"image\":{\"@id\":\"https:\/\/www.mundoagropecuario.cl\/new\/#\/schema\/logo\/image\/\"},\"sameAs\":[\"https:\/\/www.facebook.com\/mundo.agropecuario.3\",\"https:\/\/x.com\/MundoAgropecuar\",\"https:\/\/www.linkedin.com\/in\/mundo-agropecuario-934009201\/\"]},{\"@type\":\"Person\",\"@id\":\"https:\/\/www.mundoagropecuario.cl\/new\/#\/schema\/person\/4e9f74a82a7dac260eb1c44b7eebeb18\",\"name\":\"mundo\",\"url\":\"https:\/\/www.mundoagropecuario.cl\/new\/author\/mundo\/\"}]}<\/script>\n<!-- \/ Yoast SEO plugin. -->","yoast_head_json":{"title":"Puerto Varas albergar\u00e1 congreso de patolog\u00eda de invertebrados - Mundoagropecuario","description":"Por primera vez en m\u00e1s de dos d\u00e9cadas, el sur de Chile ser\u00e1 sede de un importante evento cient\u00edfico a nivel internacional.","robots":{"index":"index","follow":"follow","max-snippet":"max-snippet:-1","max-image-preview":"max-image-preview:large","max-video-preview":"max-video-preview:-1"},"canonical":"https:\/\/www.mundoagropecuario.cl\/new\/puerto-varas-albergara-congreso-de-patologia-de-invertebrados\/","og_locale":"es_ES","og_type":"article","og_title":"Puerto Varas albergar\u00e1 congreso de patolog\u00eda de invertebrados - Mundoagropecuario","og_description":"Por primera vez en m\u00e1s de dos d\u00e9cadas, el sur de Chile ser\u00e1 sede de un importante evento cient\u00edfico a nivel internacional.","og_url":"https:\/\/www.mundoagropecuario.cl\/new\/puerto-varas-albergara-congreso-de-patologia-de-invertebrados\/","og_site_name":"Mundoagropecuario","article_publisher":"https:\/\/www.facebook.com\/mundo.agropecuario.3","article_published_time":"2025-07-25T17:24:44+00:00","article_modified_time":"2025-08-05T21:08:29+00:00","og_image":[{"width":687,"height":400,"url":"https:\/\/www.mundoagropecuario.cl\/new\/wp-content\/uploads\/2025\/07\/puerto-varas_-scaled.jpg","type":"image\/jpeg"}],"author":"mundo","twitter_card":"summary_large_image","twitter_creator":"@MundoAgropecuar","twitter_site":"@MundoAgropecuar","twitter_misc":{"Escrito por":"mundo","Tiempo de lectura":"3 minutos"},"schema":{"@context":"https:\/\/schema.org","@graph":[{"@type":"Article","@id":"https:\/\/www.mundoagropecuario.cl\/new\/puerto-varas-albergara-congreso-de-patologia-de-invertebrados\/#article","isPartOf":{"@id":"https:\/\/www.mundoagropecuario.cl\/new\/puerto-varas-albergara-congreso-de-patologia-de-invertebrados\/"},"author":{"name":"mundo","@id":"https:\/\/www.mundoagropecuario.cl\/new\/#\/schema\/person\/4e9f74a82a7dac260eb1c44b7eebeb18"},"headline":"Puerto Varas albergar\u00e1 congreso de patolog\u00eda de invertebrados","datePublished":"2025-07-25T17:24:44+00:00","dateModified":"2025-08-05T21:08:29+00:00","mainEntityOfPage":{"@id":"https:\/\/www.mundoagropecuario.cl\/new\/puerto-varas-albergara-congreso-de-patologia-de-invertebrados\/"},"wordCount":505,"publisher":{"@id":"https:\/\/www.mundoagropecuario.cl\/new\/#organization"},"image":{"@id":"https:\/\/www.mundoagropecuario.cl\/new\/puerto-varas-albergara-congreso-de-patologia-de-invertebrados\/#primaryimage"},"thumbnailUrl":"https:\/\/www.mundoagropecuario.cl\/new\/wp-content\/uploads\/2025\/07\/puerto-varas_-scaled.jpg","keywords":["Agricultura","Conaf","congreso de patolog\u00eda de invertebrados","Indap","INIA","INIA Remehue","invertebrados","La especialista del INIA Carillanca","Universidad Austral de Chile"],"articleSection":["Agricultura"],"inLanguage":"es"},{"@type":"WebPage","@id":"https:\/\/www.mundoagropecuario.cl\/new\/puerto-varas-albergara-congreso-de-patologia-de-invertebrados\/","url":"https:\/\/www.mundoagropecuario.cl\/new\/puerto-varas-albergara-congreso-de-patologia-de-invertebrados\/","name":"Puerto Varas albergar\u00e1 congreso de patolog\u00eda de invertebrados - Mundoagropecuario","isPartOf":{"@id":"https:\/\/www.mundoagropecuario.cl\/new\/#website"},"primaryImageOfPage":{"@id":"https:\/\/www.mundoagropecuario.cl\/new\/puerto-varas-albergara-congreso-de-patologia-de-invertebrados\/#primaryimage"},"image":{"@id":"https:\/\/www.mundoagropecuario.cl\/new\/puerto-varas-albergara-congreso-de-patologia-de-invertebrados\/#primaryimage"},"thumbnailUrl":"https:\/\/www.mundoagropecuario.cl\/new\/wp-content\/uploads\/2025\/07\/puerto-varas_-scaled.jpg","datePublished":"2025-07-25T17:24:44+00:00","dateModified":"2025-08-05T21:08:29+00:00","description":"Por primera vez en m\u00e1s de dos d\u00e9cadas, el sur de Chile ser\u00e1 sede de un importante evento cient\u00edfico a nivel internacional.","breadcrumb":{"@id":"https:\/\/www.mundoagropecuario.cl\/new\/puerto-varas-albergara-congreso-de-patologia-de-invertebrados\/#breadcrumb"},"inLanguage":"es","potentialAction":[{"@type":"ReadAction","target":["https:\/\/www.mundoagropecuario.cl\/new\/puerto-varas-albergara-congreso-de-patologia-de-invertebrados\/"]}]},{"@type":"ImageObject","inLanguage":"es","@id":"https:\/\/www.mundoagropecuario.cl\/new\/puerto-varas-albergara-congreso-de-patologia-de-invertebrados\/#primaryimage","url":"https:\/\/www.mundoagropecuario.cl\/new\/wp-content\/uploads\/2025\/07\/puerto-varas_-scaled.jpg","contentUrl":"https:\/\/www.mundoagropecuario.cl\/new\/wp-content\/uploads\/2025\/07\/puerto-varas_-scaled.jpg","width":687,"height":400},{"@type":"BreadcrumbList","@id":"https:\/\/www.mundoagropecuario.cl\/new\/puerto-varas-albergara-congreso-de-patologia-de-invertebrados\/#breadcrumb","itemListElement":[{"@type":"ListItem","position":1,"name":"Portada","item":"https:\/\/www.mundoagropecuario.cl\/new\/"},{"@type":"ListItem","position":2,"name":"Puerto Varas albergar\u00e1 congreso de patolog\u00eda de invertebrados"}]},{"@type":"WebSite","@id":"https:\/\/www.mundoagropecuario.cl\/new\/#website","url":"https:\/\/www.mundoagropecuario.cl\/new\/","name":"Mundoagropecuario","description":"Mundo Agropecuario","publisher":{"@id":"https:\/\/www.mundoagropecuario.cl\/new\/#organization"},"potentialAction":[{"@type":"SearchAction","target":{"@type":"EntryPoint","urlTemplate":"https:\/\/www.mundoagropecuario.cl\/new\/?s={search_term_string}"},"query-input":{"@type":"PropertyValueSpecification","valueRequired":true,"valueName":"search_term_string"}}],"inLanguage":"es"},{"@type":"Organization","@id":"https:\/\/www.mundoagropecuario.cl\/new\/#organization","name":"Revista de Agricultura","url":"https:\/\/www.mundoagropecuario.cl\/new\/","logo":{"@type":"ImageObject","inLanguage":"es","@id":"https:\/\/www.mundoagropecuario.cl\/new\/#\/schema\/logo\/image\/","url":"https:\/\/www.mundoagropecuario.cl\/new\/wp-content\/uploads\/2020\/11\/PORTAL-1-1.png","contentUrl":"https:\/\/www.mundoagropecuario.cl\/new\/wp-content\/uploads\/2020\/11\/PORTAL-1-1.png","width":1026,"height":100,"caption":"Revista de Agricultura"},"image":{"@id":"https:\/\/www.mundoagropecuario.cl\/new\/#\/schema\/logo\/image\/"},"sameAs":["https:\/\/www.facebook.com\/mundo.agropecuario.3","https:\/\/x.com\/MundoAgropecuar","https:\/\/www.linkedin.com\/in\/mundo-agropecuario-934009201\/"]},{"@type":"Person","@id":"https:\/\/www.mundoagropecuario.cl\/new\/#\/schema\/person\/4e9f74a82a7dac260eb1c44b7eebeb18","name":"mundo","url":"https:\/\/www.mundoagropecuario.cl\/new\/author\/mundo\/"}]}},"_links":{"self":[{"href":"https:\/\/www.mundoagropecuario.cl\/new\/wp-json\/wp\/v2\/posts\/27103","targetHints":{"allow":["GET"]}}],"collection":[{"href":"https:\/\/www.mundoagropecuario.cl\/new\/wp-json\/wp\/v2\/posts"}],"about":[{"href":"https:\/\/www.mundoagropecuario.cl\/new\/wp-json\/wp\/v2\/types\/post"}],"author":[{"embeddable":true,"href":"https:\/\/www.mundoagropecuario.cl\/new\/wp-json\/wp\/v2\/users\/2"}],"replies":[{"embeddable":true,"href":"https:\/\/www.mundoagropecuario.cl\/new\/wp-json\/wp\/v2\/comments?post=27103"}],"version-history":[{"count":1,"href":"https:\/\/www.mundoagropecuario.cl\/new\/wp-json\/wp\/v2\/posts\/27103\/revisions"}],"predecessor-version":[{"id":27105,"href":"https:\/\/www.mundoagropecuario.cl\/new\/wp-json\/wp\/v2\/posts\/27103\/revisions\/27105"}],"wp:featuredmedia":[{"embeddable":true,"href":"https:\/\/www.mundoagropecuario.cl\/new\/wp-json\/wp\/v2\/media\/27104"}],"wp:attachment":[{"href":"https:\/\/www.mundoagropecuario.cl\/new\/wp-json\/wp\/v2\/media?parent=27103"}],"wp:term":[{"taxonomy":"category","embeddable":true,"href":"https:\/\/www.mundoagropecuario.cl\/new\/wp-json\/wp\/v2\/categories?post=27103"},{"taxonomy":"post_tag","embeddable":true,"href":"https:\/\/www.mundoagropecuario.cl\/new\/wp-json\/wp\/v2\/tags?post=27103"}],"curies":[{"name":"wp","href":"https:\/\/api.w.org\/{rel}","templated":true}]}}